{"id":288,"date":"2009-12-09T23:48:40","date_gmt":"2009-12-09T22:48:40","guid":{"rendered":"http:\/\/blog.zeit.de\/kulturkampf\/?p=288"},"modified":"2009-12-09T23:50:23","modified_gmt":"2009-12-09T22:50:23","slug":"technikkritik-kritik","status":"publish","type":"post","link":"https:\/\/blog.zeit.de\/kulturkampf\/2009\/12\/09\/technikkritik-kritik\/","title":{"rendered":"F\u00fcnfzehn Jahre"},"content":{"rendered":"<p>Zugegeben, ich habe es sp\u00e4ter gesehen, als <a href=\"http:\/\/www.stefan-niggemeier.de\/blog\/kurz-verlinkt-44\/\">alle<\/a> <a href=\"http:\/\/www.spreeblick.com\/2009\/12\/09\/die-kritik-der-kritik-der-kritik-der-technik\/\">anderen<\/a>, finde <a href=\"http:\/\/online-merkur.de\/seiten\/lp200912adz.htm\">den Text von Kathrin Passig<\/a> wider den Kulturpessimismus im Allgemeinen und die Internetzweiflerei im Besonderen aber so interessant, dass ich ihn nat\u00fcrlich trotzdem weiterverbreiten m\u00f6chte. <\/p>\n<p>Zitat gef\u00e4llig? &#8222;Wer darauf besteht, zeitlebens an der in jungen Jahren gebildeten Vorstellung von der Welt festzuhalten, entwickelt das geistige \u00c4quivalent zu einer Dr\u00fcberk\u00e4mmer-Frisur: Was f\u00fcr einen selbst noch fast genau wie fr\u00fcher aussieht, sind f\u00fcr die Umstehenden drei \u00fcber die Glatze gelegte Haare.&#8220;<\/p>\n<p>Und noch eins, weil\u2019s so sch\u00f6n ist: &#8222;Es scheint derzeit etwa zehn bis f\u00fcnfzehn Jahre zu dauern, bis eine Neuerung die vorhersehbare Kritik hinter sich gebracht hat. Die seit 1992 existierende SMS wird mittlerweile nur noch von extrem schlechtgelaunten Leserbriefschreibern f\u00fcr den Untergang der Sprache verantwortlich gemacht.&#8220; <\/p>\n<p>Wir haben da also, was das Internet und seine Ausformungen angeht, noch ein paar Jahre Gemecker vor uns.<\/p>\n","protected":false},"excerpt":{"rendered":"<p>Zugegeben, ich habe es sp\u00e4ter gesehen, als alle anderen, finde den Text von Kathrin Passig wider den Kulturpessimismus im Allgemeinen und die Internetzweiflerei im Besonderen aber so interessant, dass ich ihn nat\u00fcrlich trotzdem weiterverbreiten m\u00f6chte. Zitat gef\u00e4llig? &#8222;Wer darauf besteht, zeitlebens an der in jungen Jahren gebildeten Vorstellung von der Welt festzuhalten, entwickelt das geistige [&hellip;]<\/p>\n","protected":false},"author":39,"featured_media":0,"comment_status":"open","ping_status":"closed","sticky":false,"template":"","format":"standard","meta":{"footnotes":""},"categories":[1],"tags":[82,1144,1143],"class_list":["post-288","post","type-post","status-publish","format-standard","hentry","category-allgemein","tag-internet","tag-kathrin-passig","tag-technikkritik"],"yoast_head":"<!-- This site is optimized with the Yoast SEO plugin v21.0 - https:\/\/yoast.com\/wordpress\/plugins\/seo\/ -->\n<title>F\u00fcnfzehn Jahre - Kulturkampf<\/title>\n<meta name=\"robots\" content=\"index, follow, max-snippet:-1, max-image-preview:large, max-video-preview:-1\" \/>\n<link rel=\"canonical\" href=\"https:\/\/blog.zeit.de\/kulturkampf\/2009\/12\/09\/technikkritik-kritik\/\" \/>\n<meta property=\"og:locale\" content=\"de_DE\" \/>\n<meta property=\"og:type\" content=\"article\" \/>\n<meta property=\"og:title\" content=\"F\u00fcnfzehn Jahre - Kulturkampf\" \/>\n<meta property=\"og:description\" content=\"Zugegeben, ich habe es sp\u00e4ter gesehen, als alle anderen, finde den Text von Kathrin Passig wider den Kulturpessimismus im Allgemeinen und die Internetzweiflerei im Besonderen aber so interessant, dass ich ihn nat\u00fcrlich trotzdem weiterverbreiten m\u00f6chte. Zitat gef\u00e4llig? &#8222;Wer darauf besteht, zeitlebens an der in jungen Jahren gebildeten Vorstellung von der Welt festzuhalten, entwickelt das geistige [&hellip;]\" \/>\n<meta property=\"og:url\" content=\"https:\/\/blog.zeit.de\/kulturkampf\/2009\/12\/09\/technikkritik-kritik\/\" \/>\n<meta property=\"og:site_name\" content=\"Kulturkampf\" \/>\n<meta property=\"article:published_time\" content=\"2009-12-09T22:48:40+00:00\" \/>\n<meta property=\"article:modified_time\" content=\"2009-12-09T22:50:23+00:00\" \/>\n<meta name=\"author\" content=\"Kai Biermann\" \/>\n<meta name=\"twitter:card\" content=\"summary_large_image\" \/>\n<meta name=\"twitter:label1\" content=\"Geschrieben von\" \/>\n\t<meta name=\"twitter:data1\" content=\"Kai Biermann\" \/>\n\t<meta name=\"twitter:label2\" content=\"Gesch\u00e4tzte Lesezeit\" \/>\n\t<meta name=\"twitter:data2\" content=\"1\u00a0Minute\" \/>\n<script type=\"application\/ld+json\" class=\"yoast-schema-graph\">{\"@context\":\"https:\/\/schema.org\",\"@graph\":[{\"@type\":\"WebPage\",\"@id\":\"https:\/\/blog.zeit.de\/kulturkampf\/2009\/12\/09\/technikkritik-kritik\/\",\"url\":\"https:\/\/blog.zeit.de\/kulturkampf\/2009\/12\/09\/technikkritik-kritik\/\",\"name\":\"F\u00fcnfzehn Jahre - Kulturkampf\",\"isPartOf\":{\"@id\":\"https:\/\/blog.zeit.de\/kulturkampf\/#website\"},\"datePublished\":\"2009-12-09T22:48:40+00:00\",\"dateModified\":\"2009-12-09T22:50:23+00:00\",\"author\":{\"@id\":\"https:\/\/blog.zeit.de\/kulturkampf\/#\/schema\/person\/a03c4af6b374e159b5f915165e667fc9\"},\"breadcrumb\":{\"@id\":\"https:\/\/blog.zeit.de\/kulturkampf\/2009\/12\/09\/technikkritik-kritik\/#breadcrumb\"},\"inLanguage\":\"de\",\"potentialAction\":[{\"@type\":\"ReadAction\",\"target\":[\"https:\/\/blog.zeit.de\/kulturkampf\/2009\/12\/09\/technikkritik-kritik\/\"]}]},{\"@type\":\"BreadcrumbList\",\"@id\":\"https:\/\/blog.zeit.de\/kulturkampf\/2009\/12\/09\/technikkritik-kritik\/#breadcrumb\",\"itemListElement\":[{\"@type\":\"ListItem\",\"position\":1,\"name\":\"Startseite\",\"item\":\"https:\/\/blog.zeit.de\/kulturkampf\/\"},{\"@type\":\"ListItem\",\"position\":2,\"name\":\"F\u00fcnfzehn Jahre\"}]},{\"@type\":\"WebSite\",\"@id\":\"https:\/\/blog.zeit.de\/kulturkampf\/#website\",\"url\":\"https:\/\/blog.zeit.de\/kulturkampf\/\",\"name\":\"Kulturkampf\",\"description\":\"Online und Offline - \u00fcber das Leben in zwei Welten\",\"potentialAction\":[{\"@type\":\"SearchAction\",\"target\":{\"@type\":\"EntryPoint\",\"urlTemplate\":\"https:\/\/blog.zeit.de\/kulturkampf\/?s={search_term_string}\"},\"query-input\":\"required name=search_term_string\"}],\"inLanguage\":\"de\"},{\"@type\":\"Person\",\"@id\":\"https:\/\/blog.zeit.de\/kulturkampf\/#\/schema\/person\/a03c4af6b374e159b5f915165e667fc9\",\"name\":\"Kai Biermann\",\"image\":{\"@type\":\"ImageObject\",\"inLanguage\":\"de\",\"@id\":\"https:\/\/blog.zeit.de\/kulturkampf\/#\/schema\/person\/image\/\",\"url\":\"https:\/\/secure.gravatar.com\/avatar\/780cd357e130092a8a6e17883fefa37ffa867f8f86af9e55f250c8cba7828979?s=96&d=mm&r=g\",\"contentUrl\":\"https:\/\/secure.gravatar.com\/avatar\/780cd357e130092a8a6e17883fefa37ffa867f8f86af9e55f250c8cba7828979?s=96&d=mm&r=g\",\"caption\":\"Kai Biermann\"},\"url\":\"https:\/\/blog.zeit.de\/kulturkampf\/author\/kai-biermann\/\"}]}<\/script>\n<!-- \/ Yoast SEO plugin. -->","yoast_head_json":{"title":"F\u00fcnfzehn Jahre - Kulturkampf","robots":{"index":"index","follow":"follow","max-snippet":"max-snippet:-1","max-image-preview":"max-image-preview:large","max-video-preview":"max-video-preview:-1"},"canonical":"https:\/\/blog.zeit.de\/kulturkampf\/2009\/12\/09\/technikkritik-kritik\/","og_locale":"de_DE","og_type":"article","og_title":"F\u00fcnfzehn Jahre - Kulturkampf","og_description":"Zugegeben, ich habe es sp\u00e4ter gesehen, als alle anderen, finde den Text von Kathrin Passig wider den Kulturpessimismus im Allgemeinen und die Internetzweiflerei im Besonderen aber so interessant, dass ich ihn nat\u00fcrlich trotzdem weiterverbreiten m\u00f6chte. Zitat gef\u00e4llig? &#8222;Wer darauf besteht, zeitlebens an der in jungen Jahren gebildeten Vorstellung von der Welt festzuhalten, entwickelt das geistige [&hellip;]","og_url":"https:\/\/blog.zeit.de\/kulturkampf\/2009\/12\/09\/technikkritik-kritik\/","og_site_name":"Kulturkampf","article_published_time":"2009-12-09T22:48:40+00:00","article_modified_time":"2009-12-09T22:50:23+00:00","author":"Kai Biermann","twitter_card":"summary_large_image","twitter_misc":{"Geschrieben von":"Kai Biermann","Gesch\u00e4tzte Lesezeit":"1\u00a0Minute"},"schema":{"@context":"https:\/\/schema.org","@graph":[{"@type":"WebPage","@id":"https:\/\/blog.zeit.de\/kulturkampf\/2009\/12\/09\/technikkritik-kritik\/","url":"https:\/\/blog.zeit.de\/kulturkampf\/2009\/12\/09\/technikkritik-kritik\/","name":"F\u00fcnfzehn Jahre - Kulturkampf","isPartOf":{"@id":"https:\/\/blog.zeit.de\/kulturkampf\/#website"},"datePublished":"2009-12-09T22:48:40+00:00","dateModified":"2009-12-09T22:50:23+00:00","author":{"@id":"https:\/\/blog.zeit.de\/kulturkampf\/#\/schema\/person\/a03c4af6b374e159b5f915165e667fc9"},"breadcrumb":{"@id":"https:\/\/blog.zeit.de\/kulturkampf\/2009\/12\/09\/technikkritik-kritik\/#breadcrumb"},"inLanguage":"de","potentialAction":[{"@type":"ReadAction","target":["https:\/\/blog.zeit.de\/kulturkampf\/2009\/12\/09\/technikkritik-kritik\/"]}]},{"@type":"BreadcrumbList","@id":"https:\/\/blog.zeit.de\/kulturkampf\/2009\/12\/09\/technikkritik-kritik\/#breadcrumb","itemListElement":[{"@type":"ListItem","position":1,"name":"Startseite","item":"https:\/\/blog.zeit.de\/kulturkampf\/"},{"@type":"ListItem","position":2,"name":"F\u00fcnfzehn Jahre"}]},{"@type":"WebSite","@id":"https:\/\/blog.zeit.de\/kulturkampf\/#website","url":"https:\/\/blog.zeit.de\/kulturkampf\/","name":"Kulturkampf","description":"Online und Offline - \u00fcber das Leben in zwei Welten","potentialAction":[{"@type":"SearchAction","target":{"@type":"EntryPoint","urlTemplate":"https:\/\/blog.zeit.de\/kulturkampf\/?s={search_term_string}"},"query-input":"required name=search_term_string"}],"inLanguage":"de"},{"@type":"Person","@id":"https:\/\/blog.zeit.de\/kulturkampf\/#\/schema\/person\/a03c4af6b374e159b5f915165e667fc9","name":"Kai Biermann","image":{"@type":"ImageObject","inLanguage":"de","@id":"https:\/\/blog.zeit.de\/kulturkampf\/#\/schema\/person\/image\/","url":"https:\/\/secure.gravatar.com\/avatar\/780cd357e130092a8a6e17883fefa37ffa867f8f86af9e55f250c8cba7828979?s=96&d=mm&r=g","contentUrl":"https:\/\/secure.gravatar.com\/avatar\/780cd357e130092a8a6e17883fefa37ffa867f8f86af9e55f250c8cba7828979?s=96&d=mm&r=g","caption":"Kai Biermann"},"url":"https:\/\/blog.zeit.de\/kulturkampf\/author\/kai-biermann\/"}]}},"jetpack_featured_media_url":"","_links":{"self":[{"href":"https:\/\/blog.zeit.de\/kulturkampf\/wp-json\/wp\/v2\/posts\/288","targetHints":{"allow":["GET"]}}],"collection":[{"href":"https:\/\/blog.zeit.de\/kulturkampf\/wp-json\/wp\/v2\/posts"}],"about":[{"href":"https:\/\/blog.zeit.de\/kulturkampf\/wp-json\/wp\/v2\/types\/post"}],"author":[{"embeddable":true,"href":"https:\/\/blog.zeit.de\/kulturkampf\/wp-json\/wp\/v2\/users\/39"}],"replies":[{"embeddable":true,"href":"https:\/\/blog.zeit.de\/kulturkampf\/wp-json\/wp\/v2\/comments?post=288"}],"version-history":[{"count":0,"href":"https:\/\/blog.zeit.de\/kulturkampf\/wp-json\/wp\/v2\/posts\/288\/revisions"}],"wp:attachment":[{"href":"https:\/\/blog.zeit.de\/kulturkampf\/wp-json\/wp\/v2\/media?parent=288"}],"wp:term":[{"taxonomy":"category","embeddable":true,"href":"https:\/\/blog.zeit.de\/kulturkampf\/wp-json\/wp\/v2\/categories?post=288"},{"taxonomy":"post_tag","embeddable":true,"href":"https:\/\/blog.zeit.de\/kulturkampf\/wp-json\/wp\/v2\/tags?post=288"}],"curies":[{"name":"wp","href":"https:\/\/api.w.org\/{rel}","templated":true}]}}