{"id":312,"date":"2009-12-28T11:32:25","date_gmt":"2009-12-28T10:32:25","guid":{"rendered":"http:\/\/blog.zeit.de\/kulturkampf\/?p=312"},"modified":"2009-12-28T11:32:25","modified_gmt":"2009-12-28T10:32:25","slug":"doepfner-gegen-informationsfreiheit","status":"publish","type":"post","link":"https:\/\/blog.zeit.de\/kulturkampf\/2009\/12\/28\/doepfner-gegen-informationsfreiheit\/","title":{"rendered":"D\u00f6pfner will \u00d6ffentlich-Rechtliche abschaffen"},"content":{"rendered":"<p>Mathias D\u00f6pfner hat also was gegen die iPhone-App von tagesschau.de und spannt daf\u00fcr <a href=\"http:\/\/www.welt.de\/die-welt\/kultur\/article5650211\/Bundesregierung-gegen-ARD-Dienst-fuer-das-iPhone.html\">seine Zeitungen und die Bundesregierung ein<\/a>. Verstehen kann ich das schon, Konkurrenz ist Mist, noch dazu gute. Verlogen ist die Debatte trotzdem.<\/p>\n<p>Denn was hei\u00dft es, wenn der Chef des Springer-Konzerns \u2013 der sich allein um den Shareholder Value sorgt und nicht um fundierte Informationen f\u00fcr eine kritische \u00d6ffentlichkeit \u2013 warnt, eine Tagesschau-App gef\u00e4hrde das neue Gesch\u00e4ftsmodell der Medien? Es hei\u00dft in der Konsequenz, dass Mathias D\u00f6pfner \u00f6ffentlich-rechtliche Angebote abschaffen will. Nicht nur im Netz, auch im Radio und im Fernsehen. Es hei\u00dft, dass er w\u00fcnscht, dass der Markt allein das Thema Information regeln solle und damit, zynisch gesagt, die Informationsfreiheit beschneidet.<\/p>\n<p>Das kann man fordern. Aber dann sollte man es bitte auch mit diesen Worten tun. Und nicht mit der Keule &#8222;tausende Arbeitspl\u00e4tze&#8220; kommen, die dadurch in der Verlagsbranche verloren gingen. Um die geht es bei dem Thema nicht. <\/p>\n<p>Europa hat sich als Erfahrung aus der Vergangenheit f\u00fcr einen Sonderweg entschieden und im 20. Jahrhundert durch Geb\u00fchren finanzierte \u00f6ffentlich-rechtliche Medien geschaffen. Sie gelten bis heute als der einzige Weg, Informationen so unabh\u00e4ngig wie m\u00f6glich von politischen und wirtschaftlichen Einfl\u00fcssen zu verbreiten.<\/p>\n<p>Gut m\u00f6glich jedoch, dass es bald einen weiteren Weg geben wird \u2013 dank des Internets und seiner technischen Vorraussetzungen. In Zukunft k\u00f6nnten auch verteilte Netzangebote diese weitgehende Unabh\u00e4ngigkeit garantieren. Wikipedia ist ein Beispiel daf\u00fcr. Viele Menschen, die an einer Sache arbeiten, k\u00f6nnen im Mittel ein ziemlich neutrales Ergebnis produzieren. Das ist, <a href=\"http:\/\/www.zeit.de\/digital\/internet\/2009-10\/wikipedia-streit-fefe\">wie die Debatten um Wikipedia zeigen<\/a>, nicht leicht, aber m\u00f6glich.<\/p>\n<p>In der Zukunft w\u00e4re es damit vorstellbar, den \u00f6ffentlich-rechtlichen Rundfunk zu beerdigen. Die Idee, sich irgendwo neutral informieren zu k\u00f6nnen, w\u00fcrde aber ganz bestimmt nicht sterben. Sie w\u00fcrde sich nur ein neues Werkzeug suchen. Wahrscheinlich ein kooperatives, das auf der M\u00f6glichkeit basiert, dass jeder mitmachen kann.<\/p>\n<p>Ob Mathias D\u00f6pfner diese Konsequenz seiner Forderung gef\u00e4llt? Ich bezweifle es. K\u00f6nnte ein solches Werkzeug doch noch viel m\u00e4chtiger werden, als der \u00f6ffentlich-rechtliche Rundfunk es jemals war. An D\u00f6pfners Stelle w\u00fcrde ich nicht zu sehr darauf dringen, ARD und ZDF klein zu machen. Andere Begehrlichkeiten k\u00f6nnten dadurch erst gro\u00df werden.<\/p>\n","protected":false},"excerpt":{"rendered":"<p>Mathias D\u00f6pfner hat also was gegen die iPhone-App von tagesschau.de und spannt daf\u00fcr seine Zeitungen und die Bundesregierung ein. Verstehen kann ich das schon, Konkurrenz ist Mist, noch dazu gute. Verlogen ist die Debatte trotzdem. Denn was hei\u00dft es, wenn der Chef des Springer-Konzerns \u2013 der sich allein um den Shareholder Value sorgt und nicht [&hellip;]<\/p>\n","protected":false},"author":39,"featured_media":0,"comment_status":"open","ping_status":"closed","sticky":false,"template":"","format":"standard","meta":{"footnotes":""},"categories":[1],"tags":[1154,1152,1155,1153,1156],"class_list":["post-312","post","type-post","status-publish","format-standard","hentry","category-allgemein","tag-apps","tag-dopfner","tag-offentlich-rechtlich","tag-springer","tag-wikipedia"],"yoast_head":"<!-- This site is optimized with the Yoast SEO plugin v21.0 - https:\/\/yoast.com\/wordpress\/plugins\/seo\/ -->\n<title>D\u00f6pfner will \u00d6ffentlich-Rechtliche abschaffen - Kulturkampf<\/title>\n<meta name=\"robots\" content=\"index, follow, max-snippet:-1, max-image-preview:large, max-video-preview:-1\" \/>\n<link rel=\"canonical\" href=\"https:\/\/blog.zeit.de\/kulturkampf\/2009\/12\/28\/doepfner-gegen-informationsfreiheit\/\" \/>\n<meta property=\"og:locale\" content=\"de_DE\" \/>\n<meta property=\"og:type\" content=\"article\" \/>\n<meta property=\"og:title\" content=\"D\u00f6pfner will \u00d6ffentlich-Rechtliche abschaffen - Kulturkampf\" \/>\n<meta property=\"og:description\" content=\"Mathias D\u00f6pfner hat also was gegen die iPhone-App von tagesschau.de und spannt daf\u00fcr seine Zeitungen und die Bundesregierung ein. Verstehen kann ich das schon, Konkurrenz ist Mist, noch dazu gute. Verlogen ist die Debatte trotzdem. Denn was hei\u00dft es, wenn der Chef des Springer-Konzerns \u2013 der sich allein um den Shareholder Value sorgt und nicht [&hellip;]\" \/>\n<meta property=\"og:url\" content=\"https:\/\/blog.zeit.de\/kulturkampf\/2009\/12\/28\/doepfner-gegen-informationsfreiheit\/\" \/>\n<meta property=\"og:site_name\" content=\"Kulturkampf\" \/>\n<meta property=\"article:published_time\" content=\"2009-12-28T10:32:25+00:00\" \/>\n<meta name=\"author\" content=\"Kai Biermann\" \/>\n<meta name=\"twitter:card\" content=\"summary_large_image\" \/>\n<meta name=\"twitter:label1\" content=\"Geschrieben von\" \/>\n\t<meta name=\"twitter:data1\" content=\"Kai Biermann\" \/>\n\t<meta name=\"twitter:label2\" content=\"Gesch\u00e4tzte Lesezeit\" \/>\n\t<meta name=\"twitter:data2\" content=\"2\u00a0Minuten\" \/>\n<script type=\"application\/ld+json\" class=\"yoast-schema-graph\">{\"@context\":\"https:\/\/schema.org\",\"@graph\":[{\"@type\":\"WebPage\",\"@id\":\"https:\/\/blog.zeit.de\/kulturkampf\/2009\/12\/28\/doepfner-gegen-informationsfreiheit\/\",\"url\":\"https:\/\/blog.zeit.de\/kulturkampf\/2009\/12\/28\/doepfner-gegen-informationsfreiheit\/\",\"name\":\"D\u00f6pfner will \u00d6ffentlich-Rechtliche abschaffen - Kulturkampf\",\"isPartOf\":{\"@id\":\"https:\/\/blog.zeit.de\/kulturkampf\/#website\"},\"datePublished\":\"2009-12-28T10:32:25+00:00\",\"dateModified\":\"2009-12-28T10:32:25+00:00\",\"author\":{\"@id\":\"https:\/\/blog.zeit.de\/kulturkampf\/#\/schema\/person\/a03c4af6b374e159b5f915165e667fc9\"},\"breadcrumb\":{\"@id\":\"https:\/\/blog.zeit.de\/kulturkampf\/2009\/12\/28\/doepfner-gegen-informationsfreiheit\/#breadcrumb\"},\"inLanguage\":\"de\",\"potentialAction\":[{\"@type\":\"ReadAction\",\"target\":[\"https:\/\/blog.zeit.de\/kulturkampf\/2009\/12\/28\/doepfner-gegen-informationsfreiheit\/\"]}]},{\"@type\":\"BreadcrumbList\",\"@id\":\"https:\/\/blog.zeit.de\/kulturkampf\/2009\/12\/28\/doepfner-gegen-informationsfreiheit\/#breadcrumb\",\"itemListElement\":[{\"@type\":\"ListItem\",\"position\":1,\"name\":\"Startseite\",\"item\":\"https:\/\/blog.zeit.de\/kulturkampf\/\"},{\"@type\":\"ListItem\",\"position\":2,\"name\":\"D\u00f6pfner will \u00d6ffentlich-Rechtliche abschaffen\"}]},{\"@type\":\"WebSite\",\"@id\":\"https:\/\/blog.zeit.de\/kulturkampf\/#website\",\"url\":\"https:\/\/blog.zeit.de\/kulturkampf\/\",\"name\":\"Kulturkampf\",\"description\":\"Online und Offline - \u00fcber das Leben in zwei Welten\",\"potentialAction\":[{\"@type\":\"SearchAction\",\"target\":{\"@type\":\"EntryPoint\",\"urlTemplate\":\"https:\/\/blog.zeit.de\/kulturkampf\/?s={search_term_string}\"},\"query-input\":\"required name=search_term_string\"}],\"inLanguage\":\"de\"},{\"@type\":\"Person\",\"@id\":\"https:\/\/blog.zeit.de\/kulturkampf\/#\/schema\/person\/a03c4af6b374e159b5f915165e667fc9\",\"name\":\"Kai Biermann\",\"image\":{\"@type\":\"ImageObject\",\"inLanguage\":\"de\",\"@id\":\"https:\/\/blog.zeit.de\/kulturkampf\/#\/schema\/person\/image\/\",\"url\":\"https:\/\/secure.gravatar.com\/avatar\/780cd357e130092a8a6e17883fefa37ffa867f8f86af9e55f250c8cba7828979?s=96&d=mm&r=g\",\"contentUrl\":\"https:\/\/secure.gravatar.com\/avatar\/780cd357e130092a8a6e17883fefa37ffa867f8f86af9e55f250c8cba7828979?s=96&d=mm&r=g\",\"caption\":\"Kai Biermann\"},\"url\":\"https:\/\/blog.zeit.de\/kulturkampf\/author\/kai-biermann\/\"}]}<\/script>\n<!-- \/ Yoast SEO plugin. -->","yoast_head_json":{"title":"D\u00f6pfner will \u00d6ffentlich-Rechtliche abschaffen - Kulturkampf","robots":{"index":"index","follow":"follow","max-snippet":"max-snippet:-1","max-image-preview":"max-image-preview:large","max-video-preview":"max-video-preview:-1"},"canonical":"https:\/\/blog.zeit.de\/kulturkampf\/2009\/12\/28\/doepfner-gegen-informationsfreiheit\/","og_locale":"de_DE","og_type":"article","og_title":"D\u00f6pfner will \u00d6ffentlich-Rechtliche abschaffen - Kulturkampf","og_description":"Mathias D\u00f6pfner hat also was gegen die iPhone-App von tagesschau.de und spannt daf\u00fcr seine Zeitungen und die Bundesregierung ein. Verstehen kann ich das schon, Konkurrenz ist Mist, noch dazu gute. Verlogen ist die Debatte trotzdem. Denn was hei\u00dft es, wenn der Chef des Springer-Konzerns \u2013 der sich allein um den Shareholder Value sorgt und nicht [&hellip;]","og_url":"https:\/\/blog.zeit.de\/kulturkampf\/2009\/12\/28\/doepfner-gegen-informationsfreiheit\/","og_site_name":"Kulturkampf","article_published_time":"2009-12-28T10:32:25+00:00","author":"Kai Biermann","twitter_card":"summary_large_image","twitter_misc":{"Geschrieben von":"Kai Biermann","Gesch\u00e4tzte Lesezeit":"2\u00a0Minuten"},"schema":{"@context":"https:\/\/schema.org","@graph":[{"@type":"WebPage","@id":"https:\/\/blog.zeit.de\/kulturkampf\/2009\/12\/28\/doepfner-gegen-informationsfreiheit\/","url":"https:\/\/blog.zeit.de\/kulturkampf\/2009\/12\/28\/doepfner-gegen-informationsfreiheit\/","name":"D\u00f6pfner will \u00d6ffentlich-Rechtliche abschaffen - Kulturkampf","isPartOf":{"@id":"https:\/\/blog.zeit.de\/kulturkampf\/#website"},"datePublished":"2009-12-28T10:32:25+00:00","dateModified":"2009-12-28T10:32:25+00:00","author":{"@id":"https:\/\/blog.zeit.de\/kulturkampf\/#\/schema\/person\/a03c4af6b374e159b5f915165e667fc9"},"breadcrumb":{"@id":"https:\/\/blog.zeit.de\/kulturkampf\/2009\/12\/28\/doepfner-gegen-informationsfreiheit\/#breadcrumb"},"inLanguage":"de","potentialAction":[{"@type":"ReadAction","target":["https:\/\/blog.zeit.de\/kulturkampf\/2009\/12\/28\/doepfner-gegen-informationsfreiheit\/"]}]},{"@type":"BreadcrumbList","@id":"https:\/\/blog.zeit.de\/kulturkampf\/2009\/12\/28\/doepfner-gegen-informationsfreiheit\/#breadcrumb","itemListElement":[{"@type":"ListItem","position":1,"name":"Startseite","item":"https:\/\/blog.zeit.de\/kulturkampf\/"},{"@type":"ListItem","position":2,"name":"D\u00f6pfner will \u00d6ffentlich-Rechtliche abschaffen"}]},{"@type":"WebSite","@id":"https:\/\/blog.zeit.de\/kulturkampf\/#website","url":"https:\/\/blog.zeit.de\/kulturkampf\/","name":"Kulturkampf","description":"Online und Offline - \u00fcber das Leben in zwei Welten","potentialAction":[{"@type":"SearchAction","target":{"@type":"EntryPoint","urlTemplate":"https:\/\/blog.zeit.de\/kulturkampf\/?s={search_term_string}"},"query-input":"required name=search_term_string"}],"inLanguage":"de"},{"@type":"Person","@id":"https:\/\/blog.zeit.de\/kulturkampf\/#\/schema\/person\/a03c4af6b374e159b5f915165e667fc9","name":"Kai Biermann","image":{"@type":"ImageObject","inLanguage":"de","@id":"https:\/\/blog.zeit.de\/kulturkampf\/#\/schema\/person\/image\/","url":"https:\/\/secure.gravatar.com\/avatar\/780cd357e130092a8a6e17883fefa37ffa867f8f86af9e55f250c8cba7828979?s=96&d=mm&r=g","contentUrl":"https:\/\/secure.gravatar.com\/avatar\/780cd357e130092a8a6e17883fefa37ffa867f8f86af9e55f250c8cba7828979?s=96&d=mm&r=g","caption":"Kai Biermann"},"url":"https:\/\/blog.zeit.de\/kulturkampf\/author\/kai-biermann\/"}]}},"jetpack_featured_media_url":"","_links":{"self":[{"href":"https:\/\/blog.zeit.de\/kulturkampf\/wp-json\/wp\/v2\/posts\/312","targetHints":{"allow":["GET"]}}],"collection":[{"href":"https:\/\/blog.zeit.de\/kulturkampf\/wp-json\/wp\/v2\/posts"}],"about":[{"href":"https:\/\/blog.zeit.de\/kulturkampf\/wp-json\/wp\/v2\/types\/post"}],"author":[{"embeddable":true,"href":"https:\/\/blog.zeit.de\/kulturkampf\/wp-json\/wp\/v2\/users\/39"}],"replies":[{"embeddable":true,"href":"https:\/\/blog.zeit.de\/kulturkampf\/wp-json\/wp\/v2\/comments?post=312"}],"version-history":[{"count":0,"href":"https:\/\/blog.zeit.de\/kulturkampf\/wp-json\/wp\/v2\/posts\/312\/revisions"}],"wp:attachment":[{"href":"https:\/\/blog.zeit.de\/kulturkampf\/wp-json\/wp\/v2\/media?parent=312"}],"wp:term":[{"taxonomy":"category","embeddable":true,"href":"https:\/\/blog.zeit.de\/kulturkampf\/wp-json\/wp\/v2\/categories?post=312"},{"taxonomy":"post_tag","embeddable":true,"href":"https:\/\/blog.zeit.de\/kulturkampf\/wp-json\/wp\/v2\/tags?post=312"}],"curies":[{"name":"wp","href":"https:\/\/api.w.org\/{rel}","templated":true}]}}