{"id":320,"date":"2010-01-08T17:01:16","date_gmt":"2010-01-08T16:01:16","guid":{"rendered":"http:\/\/blog.zeit.de\/kulturkampf\/?p=320"},"modified":"2010-01-08T17:17:22","modified_gmt":"2010-01-08T16:17:22","slug":"grune-wollen-downloads-erlauben","status":"publish","type":"post","link":"https:\/\/blog.zeit.de\/kulturkampf\/2010\/01\/08\/grune-wollen-downloads-erlauben\/","title":{"rendered":"Gr\u00fcne wollen Downloads erlauben"},"content":{"rendered":"<p>Die Gr\u00fcnen wollen den Tausch von Musikdateien legalisieren, jedenfalls bis zu einer bestimmten Grenze. <a href=\"http:\/\/www.n24.de\/news\/newsitem_5732396.html\">Das hat jetzt<\/a> der Hamburger Justizsenator und Gr\u00fcnen-Politiker Till Steffen bei der Konferenz der Justizminister von Bund und L\u00e4ndern vorgeschlagen.<\/p>\n<p>Schon fr\u00fcher sei der Austausch von Musik legal gewesen. Daf\u00fcr sei auf den Verkauf von Leerkassetten eine Abgabe erhoben worden. &#8222;Ich halte nichts davon, mit der Staatsanwaltschaft in die Kinderzimmer einzumarschieren&#8220;, sagte Steffen. Er schlug daher vor, eine Bagatellgrenze einf\u00fchren, unter der ein Dateientausch im Netz straffrei bleibe. Eine kommerzielle Nutzung von illegalen Kopien sowie ein gewerbliches Ausma\u00df der Aktivit\u00e4ten sollen indes auch weiter juristisch verfolgt werden k\u00f6nnen.<\/p>\n<p>Wenig verwunderlich: Die Musikindustrie <a href=\"http:\/\/www.focus.de\/digital\/internet\/illegale-downloads-gruene-wollen-musiktausch-teilweise-legalisieren_aid_468810.html\">lehnt diese Vorschl\u00e4ge ab<\/a>. \u201eDas ist etwa so, als ob jemand mit 3000 gestohlenen Singles aus einem Plattengesch\u00e4ft gehen w\u00fcrde\u201c, sagte Daniel Kn\u00f6ll, der Sprecher des Bundesverbands Musikindustrie.<\/p>\n<p>Zwei kurze Bemerkungen dazu.<\/p>\n<p>Wollen sich die Gr\u00fcnen da etwa mit einem Webthema profilieren? Immer zu! Die Netzgemeinde wird das freuen. Die Piratenpartei hat diese Themen nicht f\u00fcr sich gepachtet.<\/p>\n<p>Auf der anderen Seite: Die Meinung, dass das Kopieren von Kassetten etwas qualitativ anderes ist als das massenhafte Tauschen von Musik im Netz, hat sich in den K\u00f6pfen inzwischen ziemlich festgesetzt. Wer auch immer daran r\u00fctteln will und ganz gleich aus welchen Motiven \u2013 er droht zu scheitern.<\/p>\n<p>So muss jetzt eine Frau immerhin gut 2500 Euro an vier deutsche Musikkonzerne zahlen, wie ein K\u00f6lner Gericht urteilte. Und das, obwohl nicht sie selbst, sondern vermutlich ihre Kinder die fraglichen 964 Songs zum Herunterladen im Netz angeboten hatten.<\/p>\n<p>Das tut weh, verglichen mit den Prozessen in anderen L\u00e4ndern ist das aber immerhin noch verkraftbar. In den USA macht gerade <a href=\"http:\/\/www.wired.com\/threatlevel\/2010\/01\/riaa-verdict-is-unreasonable\/\" target=\"_blank\">ein Fall die Runde<\/a>, in dem ein Downloader zu einer Strafe von 675.000 Dollar verurteilt wurde. Er hatte gerade einmal 30 Songs zum Download angeboten.<\/p>\n","protected":false},"excerpt":{"rendered":"<p>Die Gr\u00fcnen wollen den Tausch von Musikdateien legalisieren, jedenfalls bis zu einer bestimmten Grenze. Das hat jetzt der Hamburger Justizsenator und Gr\u00fcnen-Politiker Till Steffen bei der Konferenz der Justizminister von Bund und L\u00e4ndern vorgeschlagen. Schon fr\u00fcher sei der Austausch von Musik legal gewesen. Daf\u00fcr sei auf den Verkauf von Leerkassetten eine Abgabe erhoben worden. &#8222;Ich [&hellip;]<\/p>\n","protected":false},"author":158,"featured_media":0,"comment_status":"open","ping_status":"closed","sticky":false,"template":"","format":"standard","meta":{"footnotes":""},"categories":[1],"tags":[908,1168,1170,1169],"class_list":["post-320","post","type-post","status-publish","format-standard","hentry","category-allgemein","tag-grune","tag-illegale-downloads","tag-kulturflaterate","tag-legalisieren"],"yoast_head":"<!-- This site is optimized with the Yoast SEO plugin v21.0 - https:\/\/yoast.com\/wordpress\/plugins\/seo\/ -->\n<title>Gr\u00fcne wollen Downloads erlauben - Kulturkampf<\/title>\n<meta name=\"robots\" content=\"index, follow, max-snippet:-1, max-image-preview:large, max-video-preview:-1\" \/>\n<link rel=\"canonical\" href=\"https:\/\/blog.zeit.de\/kulturkampf\/2010\/01\/08\/grune-wollen-downloads-erlauben\/\" \/>\n<meta property=\"og:locale\" content=\"de_DE\" \/>\n<meta property=\"og:type\" content=\"article\" \/>\n<meta property=\"og:title\" content=\"Gr\u00fcne wollen Downloads erlauben - Kulturkampf\" \/>\n<meta property=\"og:description\" content=\"Die Gr\u00fcnen wollen den Tausch von Musikdateien legalisieren, jedenfalls bis zu einer bestimmten Grenze. Das hat jetzt der Hamburger Justizsenator und Gr\u00fcnen-Politiker Till Steffen bei der Konferenz der Justizminister von Bund und L\u00e4ndern vorgeschlagen. Schon fr\u00fcher sei der Austausch von Musik legal gewesen. Daf\u00fcr sei auf den Verkauf von Leerkassetten eine Abgabe erhoben worden. &#8222;Ich [&hellip;]\" \/>\n<meta property=\"og:url\" content=\"https:\/\/blog.zeit.de\/kulturkampf\/2010\/01\/08\/grune-wollen-downloads-erlauben\/\" \/>\n<meta property=\"og:site_name\" content=\"Kulturkampf\" \/>\n<meta property=\"article:published_time\" content=\"2010-01-08T16:01:16+00:00\" \/>\n<meta property=\"article:modified_time\" content=\"2010-01-08T16:17:22+00:00\" \/>\n<meta name=\"author\" content=\"Tina Klopp\" \/>\n<meta name=\"twitter:card\" content=\"summary_large_image\" \/>\n<meta name=\"twitter:label1\" content=\"Geschrieben von\" \/>\n\t<meta name=\"twitter:data1\" content=\"Tina Klopp\" \/>\n\t<meta name=\"twitter:label2\" content=\"Gesch\u00e4tzte Lesezeit\" \/>\n\t<meta name=\"twitter:data2\" content=\"2\u00a0Minuten\" \/>\n<script type=\"application\/ld+json\" class=\"yoast-schema-graph\">{\"@context\":\"https:\/\/schema.org\",\"@graph\":[{\"@type\":\"WebPage\",\"@id\":\"https:\/\/blog.zeit.de\/kulturkampf\/2010\/01\/08\/grune-wollen-downloads-erlauben\/\",\"url\":\"https:\/\/blog.zeit.de\/kulturkampf\/2010\/01\/08\/grune-wollen-downloads-erlauben\/\",\"name\":\"Gr\u00fcne wollen Downloads erlauben - Kulturkampf\",\"isPartOf\":{\"@id\":\"https:\/\/blog.zeit.de\/kulturkampf\/#website\"},\"datePublished\":\"2010-01-08T16:01:16+00:00\",\"dateModified\":\"2010-01-08T16:17:22+00:00\",\"author\":{\"@id\":\"https:\/\/blog.zeit.de\/kulturkampf\/#\/schema\/person\/3623cf840315901e4a1345533eb3c961\"},\"breadcrumb\":{\"@id\":\"https:\/\/blog.zeit.de\/kulturkampf\/2010\/01\/08\/grune-wollen-downloads-erlauben\/#breadcrumb\"},\"inLanguage\":\"de\",\"potentialAction\":[{\"@type\":\"ReadAction\",\"target\":[\"https:\/\/blog.zeit.de\/kulturkampf\/2010\/01\/08\/grune-wollen-downloads-erlauben\/\"]}]},{\"@type\":\"BreadcrumbList\",\"@id\":\"https:\/\/blog.zeit.de\/kulturkampf\/2010\/01\/08\/grune-wollen-downloads-erlauben\/#breadcrumb\",\"itemListElement\":[{\"@type\":\"ListItem\",\"position\":1,\"name\":\"Startseite\",\"item\":\"https:\/\/blog.zeit.de\/kulturkampf\/\"},{\"@type\":\"ListItem\",\"position\":2,\"name\":\"Gr\u00fcne wollen Downloads erlauben\"}]},{\"@type\":\"WebSite\",\"@id\":\"https:\/\/blog.zeit.de\/kulturkampf\/#website\",\"url\":\"https:\/\/blog.zeit.de\/kulturkampf\/\",\"name\":\"Kulturkampf\",\"description\":\"Online und Offline - \u00fcber das Leben in zwei Welten\",\"potentialAction\":[{\"@type\":\"SearchAction\",\"target\":{\"@type\":\"EntryPoint\",\"urlTemplate\":\"https:\/\/blog.zeit.de\/kulturkampf\/?s={search_term_string}\"},\"query-input\":\"required name=search_term_string\"}],\"inLanguage\":\"de\"},{\"@type\":\"Person\",\"@id\":\"https:\/\/blog.zeit.de\/kulturkampf\/#\/schema\/person\/3623cf840315901e4a1345533eb3c961\",\"name\":\"Tina Klopp\",\"image\":{\"@type\":\"ImageObject\",\"inLanguage\":\"de\",\"@id\":\"https:\/\/blog.zeit.de\/kulturkampf\/#\/schema\/person\/image\/\",\"url\":\"https:\/\/secure.gravatar.com\/avatar\/56825d987293c9dbfb42a0f779cee190ae0a4876776b50ddea7e8aed94fef619?s=96&d=mm&r=g\",\"contentUrl\":\"https:\/\/secure.gravatar.com\/avatar\/56825d987293c9dbfb42a0f779cee190ae0a4876776b50ddea7e8aed94fef619?s=96&d=mm&r=g\",\"caption\":\"Tina Klopp\"},\"url\":\"https:\/\/blog.zeit.de\/kulturkampf\/author\/tina-klopp\/\"}]}<\/script>\n<!-- \/ Yoast SEO plugin. -->","yoast_head_json":{"title":"Gr\u00fcne wollen Downloads erlauben - Kulturkampf","robots":{"index":"index","follow":"follow","max-snippet":"max-snippet:-1","max-image-preview":"max-image-preview:large","max-video-preview":"max-video-preview:-1"},"canonical":"https:\/\/blog.zeit.de\/kulturkampf\/2010\/01\/08\/grune-wollen-downloads-erlauben\/","og_locale":"de_DE","og_type":"article","og_title":"Gr\u00fcne wollen Downloads erlauben - Kulturkampf","og_description":"Die Gr\u00fcnen wollen den Tausch von Musikdateien legalisieren, jedenfalls bis zu einer bestimmten Grenze. Das hat jetzt der Hamburger Justizsenator und Gr\u00fcnen-Politiker Till Steffen bei der Konferenz der Justizminister von Bund und L\u00e4ndern vorgeschlagen. Schon fr\u00fcher sei der Austausch von Musik legal gewesen. Daf\u00fcr sei auf den Verkauf von Leerkassetten eine Abgabe erhoben worden. &#8222;Ich [&hellip;]","og_url":"https:\/\/blog.zeit.de\/kulturkampf\/2010\/01\/08\/grune-wollen-downloads-erlauben\/","og_site_name":"Kulturkampf","article_published_time":"2010-01-08T16:01:16+00:00","article_modified_time":"2010-01-08T16:17:22+00:00","author":"Tina Klopp","twitter_card":"summary_large_image","twitter_misc":{"Geschrieben von":"Tina Klopp","Gesch\u00e4tzte Lesezeit":"2\u00a0Minuten"},"schema":{"@context":"https:\/\/schema.org","@graph":[{"@type":"WebPage","@id":"https:\/\/blog.zeit.de\/kulturkampf\/2010\/01\/08\/grune-wollen-downloads-erlauben\/","url":"https:\/\/blog.zeit.de\/kulturkampf\/2010\/01\/08\/grune-wollen-downloads-erlauben\/","name":"Gr\u00fcne wollen Downloads erlauben - Kulturkampf","isPartOf":{"@id":"https:\/\/blog.zeit.de\/kulturkampf\/#website"},"datePublished":"2010-01-08T16:01:16+00:00","dateModified":"2010-01-08T16:17:22+00:00","author":{"@id":"https:\/\/blog.zeit.de\/kulturkampf\/#\/schema\/person\/3623cf840315901e4a1345533eb3c961"},"breadcrumb":{"@id":"https:\/\/blog.zeit.de\/kulturkampf\/2010\/01\/08\/grune-wollen-downloads-erlauben\/#breadcrumb"},"inLanguage":"de","potentialAction":[{"@type":"ReadAction","target":["https:\/\/blog.zeit.de\/kulturkampf\/2010\/01\/08\/grune-wollen-downloads-erlauben\/"]}]},{"@type":"BreadcrumbList","@id":"https:\/\/blog.zeit.de\/kulturkampf\/2010\/01\/08\/grune-wollen-downloads-erlauben\/#breadcrumb","itemListElement":[{"@type":"ListItem","position":1,"name":"Startseite","item":"https:\/\/blog.zeit.de\/kulturkampf\/"},{"@type":"ListItem","position":2,"name":"Gr\u00fcne wollen Downloads erlauben"}]},{"@type":"WebSite","@id":"https:\/\/blog.zeit.de\/kulturkampf\/#website","url":"https:\/\/blog.zeit.de\/kulturkampf\/","name":"Kulturkampf","description":"Online und Offline - \u00fcber das Leben in zwei Welten","potentialAction":[{"@type":"SearchAction","target":{"@type":"EntryPoint","urlTemplate":"https:\/\/blog.zeit.de\/kulturkampf\/?s={search_term_string}"},"query-input":"required name=search_term_string"}],"inLanguage":"de"},{"@type":"Person","@id":"https:\/\/blog.zeit.de\/kulturkampf\/#\/schema\/person\/3623cf840315901e4a1345533eb3c961","name":"Tina Klopp","image":{"@type":"ImageObject","inLanguage":"de","@id":"https:\/\/blog.zeit.de\/kulturkampf\/#\/schema\/person\/image\/","url":"https:\/\/secure.gravatar.com\/avatar\/56825d987293c9dbfb42a0f779cee190ae0a4876776b50ddea7e8aed94fef619?s=96&d=mm&r=g","contentUrl":"https:\/\/secure.gravatar.com\/avatar\/56825d987293c9dbfb42a0f779cee190ae0a4876776b50ddea7e8aed94fef619?s=96&d=mm&r=g","caption":"Tina Klopp"},"url":"https:\/\/blog.zeit.de\/kulturkampf\/author\/tina-klopp\/"}]}},"jetpack_featured_media_url":"","_links":{"self":[{"href":"https:\/\/blog.zeit.de\/kulturkampf\/wp-json\/wp\/v2\/posts\/320","targetHints":{"allow":["GET"]}}],"collection":[{"href":"https:\/\/blog.zeit.de\/kulturkampf\/wp-json\/wp\/v2\/posts"}],"about":[{"href":"https:\/\/blog.zeit.de\/kulturkampf\/wp-json\/wp\/v2\/types\/post"}],"author":[{"embeddable":true,"href":"https:\/\/blog.zeit.de\/kulturkampf\/wp-json\/wp\/v2\/users\/158"}],"replies":[{"embeddable":true,"href":"https:\/\/blog.zeit.de\/kulturkampf\/wp-json\/wp\/v2\/comments?post=320"}],"version-history":[{"count":0,"href":"https:\/\/blog.zeit.de\/kulturkampf\/wp-json\/wp\/v2\/posts\/320\/revisions"}],"wp:attachment":[{"href":"https:\/\/blog.zeit.de\/kulturkampf\/wp-json\/wp\/v2\/media?parent=320"}],"wp:term":[{"taxonomy":"category","embeddable":true,"href":"https:\/\/blog.zeit.de\/kulturkampf\/wp-json\/wp\/v2\/categories?post=320"},{"taxonomy":"post_tag","embeddable":true,"href":"https:\/\/blog.zeit.de\/kulturkampf\/wp-json\/wp\/v2\/tags?post=320"}],"curies":[{"name":"wp","href":"https:\/\/api.w.org\/{rel}","templated":true}]}}