{"id":38,"date":"2009-09-21T16:07:00","date_gmt":"2009-09-21T14:07:00","guid":{"rendered":"http:\/\/blog.zeit.de\/kulturkampf\/?p=38"},"modified":"2009-09-21T16:07:00","modified_gmt":"2009-09-21T14:07:00","slug":"bundestag-de-offnet-unsere-daten","status":"publish","type":"post","link":"https:\/\/blog.zeit.de\/kulturkampf\/2009\/09\/21\/bundestag-de-offnet-unsere-daten\/","title":{"rendered":"Bundestag.de: \u00d6ffnet unsere Daten"},"content":{"rendered":"<p>Der Bundestag hat in diesem Sommer <a href=\"http:\/\/www.zeit.de\/online\/2009\/33\/bundestag-website-relaunch\" target=\"_self\">seine Webseiten modernisiert<\/a>. Alles sch\u00f6n und bunt. Leider strich man nur die Fassade an. So verpasste man die Chance, einen wichtigen Schritt nach vorne zu gehen und einen Zugriff auf die Datensch\u00e4tze unserer parlamentarischen Demokratie zu schaffen. Was gibt es nicht alles auf der Seite zu finden: Plenarprotokolle, Videoaufzeichnungen der Debatten, Tagesordnungen und vieles mehr. Leider teilweise nur schwer durchsuchbar und nur manuell auswertbar.<\/p>\n<p>Was man mit den Daten machen kann, zeigt beispielsweise ein Web-Angebot des ZDF: <a href=\"http:\/\/www.zdf.de\/ZDFmediathek\/content\/584336?inPopup=true\">Im Parlameter<\/a> finden sich zu verschiedenen Bundestags-Abstimmungen viele Visualisierungen mit aufbereiteten statistischen Daten. Nicht nur stehen dort die Namenslisten der Abgeordneten, die f\u00fcr einen Kriegseinsatz in Afghanistan stimmten. Man kann sich die Abstimmungs-Ergebnisse gleich genauer anschauen:  Wie viele weibliche Abgeordnete \u00fcber 40 stimmten daf\u00fcr oder wie viele m\u00e4nnliche Abgeordnete unter 50, die \u00fcberdurchschnittliche Nebeneink\u00fcnfte haben? Diese Daten liegen auch auf <a href=\"http:\/\/www.bundestag.de\">bundestag.de<\/a>. Theoretisch zumindest &#8211; Sie werden die Sch\u00e4tze aber nicht so leicht heben k\u00f6nnen. Im Falle des Parlameters werden die Daten h\u00e4ndisch vom ZDF, bzw. einem Dienstleister des ZDF, &#8222;veredelt&#8220;. Und dann visualisiert dargestellt.<\/p>\n<p>Theoretisch k\u00f6nnte das jeder machen. Alleine der Aufwand ist zu gro\u00df. Durch die Bereitstellung einer offenen Schnittstelle (Technischer Begriff: Open-API) zum Angebot von bundestag.de k\u00f6nnte jeder mit etwas Programmierkenntnissen dieselben Daten bergen. Und ganz neue Projekte und Visualisierungen daraus erschaffen. Und vielleicht Antworten auf viele Fragen finden: Welche Abgeordneten erhalten von welchen Lobbygruppen Nebeneink\u00fcnfte und ist ein Einfluss auf ihre T\u00e4tigkeit und Abstimmungsverhalten erkennbar? Wer ist der faulste Abgeordnete in einem bestimmten Ausschuss und wer am flei\u00dfigsten?  Vielleicht ist zuviel Transparenz nicht gewollt &#8211; vermutlich steht einer solchen \u00d6ffnung aber eher technische Unwissenheit im Wege.<\/p>\n<p>W\u00e4hrend andere Staaten die transparente und offene Regierung auf die Tagesordnung setzen, malen wir die Fassaden an. Es ist Zeit f\u00fcr die Zukunft: \u00d6ffnet unsere Daten und fangt bei bundestag.de an.<\/p>\n","protected":false},"excerpt":{"rendered":"<p>Der Bundestag hat in diesem Sommer seine Webseiten modernisiert. Alles sch\u00f6n und bunt. Leider strich man nur die Fassade an. So verpasste man die Chance, einen wichtigen Schritt nach vorne zu gehen und einen Zugriff auf die Datensch\u00e4tze unserer parlamentarischen Demokratie zu schaffen. Was gibt es nicht alles auf der Seite zu finden: Plenarprotokolle, Videoaufzeichnungen [&hellip;]<\/p>\n","protected":false},"author":143,"featured_media":0,"comment_status":"open","ping_status":"closed","sticky":false,"template":"","format":"standard","meta":{"footnotes":""},"categories":[1],"tags":[981,648,980],"class_list":["post-38","post","type-post","status-publish","format-standard","hentry","category-allgemein","tag-bundestag","tag-deutschland","tag-open-government"],"yoast_head":"<!-- This site is optimized with the Yoast SEO plugin v21.0 - https:\/\/yoast.com\/wordpress\/plugins\/seo\/ -->\n<title>Bundestag.de: \u00d6ffnet unsere Daten - Kulturkampf<\/title>\n<meta name=\"robots\" content=\"index, follow, max-snippet:-1, max-image-preview:large, max-video-preview:-1\" \/>\n<link rel=\"canonical\" href=\"https:\/\/blog.zeit.de\/kulturkampf\/2009\/09\/21\/bundestag-de-offnet-unsere-daten\/\" \/>\n<meta property=\"og:locale\" content=\"de_DE\" \/>\n<meta property=\"og:type\" content=\"article\" \/>\n<meta property=\"og:title\" content=\"Bundestag.de: \u00d6ffnet unsere Daten - Kulturkampf\" \/>\n<meta property=\"og:description\" content=\"Der Bundestag hat in diesem Sommer seine Webseiten modernisiert. Alles sch\u00f6n und bunt. Leider strich man nur die Fassade an. So verpasste man die Chance, einen wichtigen Schritt nach vorne zu gehen und einen Zugriff auf die Datensch\u00e4tze unserer parlamentarischen Demokratie zu schaffen. Was gibt es nicht alles auf der Seite zu finden: Plenarprotokolle, Videoaufzeichnungen [&hellip;]\" \/>\n<meta property=\"og:url\" content=\"https:\/\/blog.zeit.de\/kulturkampf\/2009\/09\/21\/bundestag-de-offnet-unsere-daten\/\" \/>\n<meta property=\"og:site_name\" content=\"Kulturkampf\" \/>\n<meta property=\"article:published_time\" content=\"2009-09-21T14:07:00+00:00\" \/>\n<meta name=\"author\" content=\"Markus Beckedahl\" \/>\n<meta name=\"twitter:card\" content=\"summary_large_image\" \/>\n<meta name=\"twitter:label1\" content=\"Geschrieben von\" \/>\n\t<meta name=\"twitter:data1\" content=\"Markus Beckedahl\" \/>\n\t<meta name=\"twitter:label2\" content=\"Gesch\u00e4tzte Lesezeit\" \/>\n\t<meta name=\"twitter:data2\" content=\"2\u00a0Minuten\" \/>\n<script type=\"application\/ld+json\" class=\"yoast-schema-graph\">{\"@context\":\"https:\/\/schema.org\",\"@graph\":[{\"@type\":\"WebPage\",\"@id\":\"https:\/\/blog.zeit.de\/kulturkampf\/2009\/09\/21\/bundestag-de-offnet-unsere-daten\/\",\"url\":\"https:\/\/blog.zeit.de\/kulturkampf\/2009\/09\/21\/bundestag-de-offnet-unsere-daten\/\",\"name\":\"Bundestag.de: \u00d6ffnet unsere Daten - Kulturkampf\",\"isPartOf\":{\"@id\":\"https:\/\/blog.zeit.de\/kulturkampf\/#website\"},\"datePublished\":\"2009-09-21T14:07:00+00:00\",\"dateModified\":\"2009-09-21T14:07:00+00:00\",\"author\":{\"@id\":\"https:\/\/blog.zeit.de\/kulturkampf\/#\/schema\/person\/f8fa2860d485193509ba4da8708f3e40\"},\"breadcrumb\":{\"@id\":\"https:\/\/blog.zeit.de\/kulturkampf\/2009\/09\/21\/bundestag-de-offnet-unsere-daten\/#breadcrumb\"},\"inLanguage\":\"de\",\"potentialAction\":[{\"@type\":\"ReadAction\",\"target\":[\"https:\/\/blog.zeit.de\/kulturkampf\/2009\/09\/21\/bundestag-de-offnet-unsere-daten\/\"]}]},{\"@type\":\"BreadcrumbList\",\"@id\":\"https:\/\/blog.zeit.de\/kulturkampf\/2009\/09\/21\/bundestag-de-offnet-unsere-daten\/#breadcrumb\",\"itemListElement\":[{\"@type\":\"ListItem\",\"position\":1,\"name\":\"Startseite\",\"item\":\"https:\/\/blog.zeit.de\/kulturkampf\/\"},{\"@type\":\"ListItem\",\"position\":2,\"name\":\"Bundestag.de: \u00d6ffnet unsere Daten\"}]},{\"@type\":\"WebSite\",\"@id\":\"https:\/\/blog.zeit.de\/kulturkampf\/#website\",\"url\":\"https:\/\/blog.zeit.de\/kulturkampf\/\",\"name\":\"Kulturkampf\",\"description\":\"Online und Offline - \u00fcber das Leben in zwei Welten\",\"potentialAction\":[{\"@type\":\"SearchAction\",\"target\":{\"@type\":\"EntryPoint\",\"urlTemplate\":\"https:\/\/blog.zeit.de\/kulturkampf\/?s={search_term_string}\"},\"query-input\":\"required name=search_term_string\"}],\"inLanguage\":\"de\"},{\"@type\":\"Person\",\"@id\":\"https:\/\/blog.zeit.de\/kulturkampf\/#\/schema\/person\/f8fa2860d485193509ba4da8708f3e40\",\"name\":\"Markus Beckedahl\",\"image\":{\"@type\":\"ImageObject\",\"inLanguage\":\"de\",\"@id\":\"https:\/\/blog.zeit.de\/kulturkampf\/#\/schema\/person\/image\/\",\"url\":\"https:\/\/secure.gravatar.com\/avatar\/bc181120cae002f9bb494c84fe1e20d8ac1c133d42b0a53cba55d3c9c33be057?s=96&d=mm&r=g\",\"contentUrl\":\"https:\/\/secure.gravatar.com\/avatar\/bc181120cae002f9bb494c84fe1e20d8ac1c133d42b0a53cba55d3c9c33be057?s=96&d=mm&r=g\",\"caption\":\"Markus Beckedahl\"},\"url\":\"https:\/\/blog.zeit.de\/kulturkampf\/author\/markus-beckedahl\/\"}]}<\/script>\n<!-- \/ Yoast SEO plugin. -->","yoast_head_json":{"title":"Bundestag.de: \u00d6ffnet unsere Daten - Kulturkampf","robots":{"index":"index","follow":"follow","max-snippet":"max-snippet:-1","max-image-preview":"max-image-preview:large","max-video-preview":"max-video-preview:-1"},"canonical":"https:\/\/blog.zeit.de\/kulturkampf\/2009\/09\/21\/bundestag-de-offnet-unsere-daten\/","og_locale":"de_DE","og_type":"article","og_title":"Bundestag.de: \u00d6ffnet unsere Daten - Kulturkampf","og_description":"Der Bundestag hat in diesem Sommer seine Webseiten modernisiert. Alles sch\u00f6n und bunt. Leider strich man nur die Fassade an. So verpasste man die Chance, einen wichtigen Schritt nach vorne zu gehen und einen Zugriff auf die Datensch\u00e4tze unserer parlamentarischen Demokratie zu schaffen. Was gibt es nicht alles auf der Seite zu finden: Plenarprotokolle, Videoaufzeichnungen [&hellip;]","og_url":"https:\/\/blog.zeit.de\/kulturkampf\/2009\/09\/21\/bundestag-de-offnet-unsere-daten\/","og_site_name":"Kulturkampf","article_published_time":"2009-09-21T14:07:00+00:00","author":"Markus Beckedahl","twitter_card":"summary_large_image","twitter_misc":{"Geschrieben von":"Markus Beckedahl","Gesch\u00e4tzte Lesezeit":"2\u00a0Minuten"},"schema":{"@context":"https:\/\/schema.org","@graph":[{"@type":"WebPage","@id":"https:\/\/blog.zeit.de\/kulturkampf\/2009\/09\/21\/bundestag-de-offnet-unsere-daten\/","url":"https:\/\/blog.zeit.de\/kulturkampf\/2009\/09\/21\/bundestag-de-offnet-unsere-daten\/","name":"Bundestag.de: \u00d6ffnet unsere Daten - Kulturkampf","isPartOf":{"@id":"https:\/\/blog.zeit.de\/kulturkampf\/#website"},"datePublished":"2009-09-21T14:07:00+00:00","dateModified":"2009-09-21T14:07:00+00:00","author":{"@id":"https:\/\/blog.zeit.de\/kulturkampf\/#\/schema\/person\/f8fa2860d485193509ba4da8708f3e40"},"breadcrumb":{"@id":"https:\/\/blog.zeit.de\/kulturkampf\/2009\/09\/21\/bundestag-de-offnet-unsere-daten\/#breadcrumb"},"inLanguage":"de","potentialAction":[{"@type":"ReadAction","target":["https:\/\/blog.zeit.de\/kulturkampf\/2009\/09\/21\/bundestag-de-offnet-unsere-daten\/"]}]},{"@type":"BreadcrumbList","@id":"https:\/\/blog.zeit.de\/kulturkampf\/2009\/09\/21\/bundestag-de-offnet-unsere-daten\/#breadcrumb","itemListElement":[{"@type":"ListItem","position":1,"name":"Startseite","item":"https:\/\/blog.zeit.de\/kulturkampf\/"},{"@type":"ListItem","position":2,"name":"Bundestag.de: \u00d6ffnet unsere Daten"}]},{"@type":"WebSite","@id":"https:\/\/blog.zeit.de\/kulturkampf\/#website","url":"https:\/\/blog.zeit.de\/kulturkampf\/","name":"Kulturkampf","description":"Online und Offline - \u00fcber das Leben in zwei Welten","potentialAction":[{"@type":"SearchAction","target":{"@type":"EntryPoint","urlTemplate":"https:\/\/blog.zeit.de\/kulturkampf\/?s={search_term_string}"},"query-input":"required name=search_term_string"}],"inLanguage":"de"},{"@type":"Person","@id":"https:\/\/blog.zeit.de\/kulturkampf\/#\/schema\/person\/f8fa2860d485193509ba4da8708f3e40","name":"Markus Beckedahl","image":{"@type":"ImageObject","inLanguage":"de","@id":"https:\/\/blog.zeit.de\/kulturkampf\/#\/schema\/person\/image\/","url":"https:\/\/secure.gravatar.com\/avatar\/bc181120cae002f9bb494c84fe1e20d8ac1c133d42b0a53cba55d3c9c33be057?s=96&d=mm&r=g","contentUrl":"https:\/\/secure.gravatar.com\/avatar\/bc181120cae002f9bb494c84fe1e20d8ac1c133d42b0a53cba55d3c9c33be057?s=96&d=mm&r=g","caption":"Markus Beckedahl"},"url":"https:\/\/blog.zeit.de\/kulturkampf\/author\/markus-beckedahl\/"}]}},"jetpack_featured_media_url":"","_links":{"self":[{"href":"https:\/\/blog.zeit.de\/kulturkampf\/wp-json\/wp\/v2\/posts\/38","targetHints":{"allow":["GET"]}}],"collection":[{"href":"https:\/\/blog.zeit.de\/kulturkampf\/wp-json\/wp\/v2\/posts"}],"about":[{"href":"https:\/\/blog.zeit.de\/kulturkampf\/wp-json\/wp\/v2\/types\/post"}],"author":[{"embeddable":true,"href":"https:\/\/blog.zeit.de\/kulturkampf\/wp-json\/wp\/v2\/users\/143"}],"replies":[{"embeddable":true,"href":"https:\/\/blog.zeit.de\/kulturkampf\/wp-json\/wp\/v2\/comments?post=38"}],"version-history":[{"count":0,"href":"https:\/\/blog.zeit.de\/kulturkampf\/wp-json\/wp\/v2\/posts\/38\/revisions"}],"wp:attachment":[{"href":"https:\/\/blog.zeit.de\/kulturkampf\/wp-json\/wp\/v2\/media?parent=38"}],"wp:term":[{"taxonomy":"category","embeddable":true,"href":"https:\/\/blog.zeit.de\/kulturkampf\/wp-json\/wp\/v2\/categories?post=38"},{"taxonomy":"post_tag","embeddable":true,"href":"https:\/\/blog.zeit.de\/kulturkampf\/wp-json\/wp\/v2\/tags?post=38"}],"curies":[{"name":"wp","href":"https:\/\/api.w.org\/{rel}","templated":true}]}}