{"id":451,"date":"2010-02-08T13:53:53","date_gmt":"2010-02-08T12:53:53","guid":{"rendered":"http:\/\/blog.zeit.de\/kulturkampf\/?p=451"},"modified":"2010-02-08T14:18:31","modified_gmt":"2010-02-08T13:18:31","slug":"online-medien-sind-die-tutensuppe","status":"publish","type":"post","link":"https:\/\/blog.zeit.de\/kulturkampf\/2010\/02\/08\/online-medien-sind-die-tutensuppe\/","title":{"rendered":"Online-Medien sind die T\u00fctensuppe"},"content":{"rendered":"<p>Das <a href=\"http:\/\/www.niemanlab.org\/2010\/02\/is-online-news-just-ramen-noodles-what-media-economics-research-can-teach-us-about-valuing-paid-content\/\" target=\"_self\">NiemanJournalismLab<\/a> der Havard Universit\u00e4t berichtet \u00fcber die Studie einer texanischen Medien\u00f6konomin namens <a href=\"http:\/\/journalism.utexas.edu\/faculty\/irischyi.html\" target=\"_blank\">Iris Chyi<\/a>, die eine interessante Feststellung gemacht hat: W\u00e4hrend die Menschen immer mehr Online-Medien konsumieren, bewerten sie diese neuen Medien dennoch weiterhin als schlechter als etwa gedruckte Zeitungen oder das Fernsehen. Obwohl sie also ihren Medienkonsum de facto immer mehr ins Netz verlagern, hei\u00dft das noch lange nicht, ziehen sie die traditionellen Formate eigentlich noch immer vor.<\/p>\n<p>Chyi erkl\u00e4rt das mit dem \u00f6konomischen Prinzip minderwertiger G\u00fcter (&#8222;inferior goods&#8220;): Wenn die Einkommen wachsen, kaufen die Konsumenten viele normale Waren, also zum Beispiel Steaks, und weniger minderwertige Waren, also zum Beispiel T\u00fctensuppen. Sinkt das Einkommen, verlagert sich ihre Pr\u00e4ferenz. Das ist die Chance f\u00fcr die T\u00fctensuppe. Die Nachfrage nach g\u00fcnstiger Nahrung steigt, obwohl das Steak den Menschen immer noch besser schmeckt.<\/p>\n<p>Man kann sich fragen, warum Onlinejournalismus als minderwertig, also als T\u00fctensuppe wahrgenommen wird. Eine von Chyis Thesen lautet, dass das Lesen auf dem Bildschirm weniger angenehm ist als das Bl\u00e4ttern in einer Zeitung. Eine weitere besagt, dass die Online-Medien noch optische Probleme haben, etwa mit h\u00e4sslichen, billig anmutenden Werbeanzeigen. Die dritte These w\u00e4re Wasser auf die M\u00fchlen der Bezahl-Dienst-Verfechter: Kostenlose G\u00fcter werden automatisch als minderwertig wahrgenommen. Das w\u00e4re dann sozusagen ein Teufelskreis.<\/p>\n<p>Chyi kommt aber zu dem Schluss, dass es zu diesem Thema noch kaum aussagekr\u00e4ftige Studien gibt. Auch das NiemansLab schlie\u00dft sich hier an: Es best\u00fcnde aktuell Forschungsbedarf auf diesem Gebiet.<\/p>\n<p>Der Test in der Praxis ist ja bereits im vollen Gange. Immer mehr Zeitungen stellen derzeit auf Bezahlinhalte um. Die spannende Frage lautet also, ob die Leser die Inhalte danach tats\u00e4chlich h\u00f6her bewerten als zuvor. Oder ob die Erkenntnis, dass es im Netz wie am Kiosk Steak UND T\u00fctensuppe gibt, nur einfach noch eine Weile braucht, um zu reifen.<\/p>\n","protected":false},"excerpt":{"rendered":"<p>Das NiemanJournalismLab der Havard Universit\u00e4t berichtet \u00fcber die Studie einer texanischen Medien\u00f6konomin namens Iris Chyi, die eine interessante Feststellung gemacht hat: W\u00e4hrend die Menschen immer mehr Online-Medien konsumieren, bewerten sie diese neuen Medien dennoch weiterhin als schlechter als etwa gedruckte Zeitungen oder das Fernsehen. Obwohl sie also ihren Medienkonsum de facto immer mehr ins Netz [&hellip;]<\/p>\n","protected":false},"author":158,"featured_media":0,"comment_status":"open","ping_status":"closed","sticky":false,"template":"","format":"standard","meta":{"footnotes":""},"categories":[1279],"tags":[1092,1093],"class_list":["post-451","post","type-post","status-publish","format-standard","hentry","category-medienzukunft","tag-journalismus","tag-onlinejournalismus"],"yoast_head":"<!-- This site is optimized with the Yoast SEO plugin v21.0 - https:\/\/yoast.com\/wordpress\/plugins\/seo\/ -->\n<title>Online-Medien sind die T\u00fctensuppe - Kulturkampf<\/title>\n<meta name=\"robots\" content=\"index, follow, max-snippet:-1, max-image-preview:large, max-video-preview:-1\" \/>\n<link rel=\"canonical\" href=\"https:\/\/blog.zeit.de\/kulturkampf\/2010\/02\/08\/online-medien-sind-die-tutensuppe\/\" \/>\n<meta property=\"og:locale\" content=\"de_DE\" \/>\n<meta property=\"og:type\" content=\"article\" \/>\n<meta property=\"og:title\" content=\"Online-Medien sind die T\u00fctensuppe - Kulturkampf\" \/>\n<meta property=\"og:description\" content=\"Das NiemanJournalismLab der Havard Universit\u00e4t berichtet \u00fcber die Studie einer texanischen Medien\u00f6konomin namens Iris Chyi, die eine interessante Feststellung gemacht hat: W\u00e4hrend die Menschen immer mehr Online-Medien konsumieren, bewerten sie diese neuen Medien dennoch weiterhin als schlechter als etwa gedruckte Zeitungen oder das Fernsehen. Obwohl sie also ihren Medienkonsum de facto immer mehr ins Netz [&hellip;]\" \/>\n<meta property=\"og:url\" content=\"https:\/\/blog.zeit.de\/kulturkampf\/2010\/02\/08\/online-medien-sind-die-tutensuppe\/\" \/>\n<meta property=\"og:site_name\" content=\"Kulturkampf\" \/>\n<meta property=\"article:published_time\" content=\"2010-02-08T12:53:53+00:00\" \/>\n<meta property=\"article:modified_time\" content=\"2010-02-08T13:18:31+00:00\" \/>\n<meta name=\"author\" content=\"Tina Klopp\" \/>\n<meta name=\"twitter:card\" content=\"summary_large_image\" \/>\n<meta name=\"twitter:label1\" content=\"Geschrieben von\" \/>\n\t<meta name=\"twitter:data1\" content=\"Tina Klopp\" \/>\n\t<meta name=\"twitter:label2\" content=\"Gesch\u00e4tzte Lesezeit\" \/>\n\t<meta name=\"twitter:data2\" content=\"2\u00a0Minuten\" \/>\n<script type=\"application\/ld+json\" class=\"yoast-schema-graph\">{\"@context\":\"https:\/\/schema.org\",\"@graph\":[{\"@type\":\"WebPage\",\"@id\":\"https:\/\/blog.zeit.de\/kulturkampf\/2010\/02\/08\/online-medien-sind-die-tutensuppe\/\",\"url\":\"https:\/\/blog.zeit.de\/kulturkampf\/2010\/02\/08\/online-medien-sind-die-tutensuppe\/\",\"name\":\"Online-Medien sind die T\u00fctensuppe - Kulturkampf\",\"isPartOf\":{\"@id\":\"https:\/\/blog.zeit.de\/kulturkampf\/#website\"},\"datePublished\":\"2010-02-08T12:53:53+00:00\",\"dateModified\":\"2010-02-08T13:18:31+00:00\",\"author\":{\"@id\":\"https:\/\/blog.zeit.de\/kulturkampf\/#\/schema\/person\/3623cf840315901e4a1345533eb3c961\"},\"breadcrumb\":{\"@id\":\"https:\/\/blog.zeit.de\/kulturkampf\/2010\/02\/08\/online-medien-sind-die-tutensuppe\/#breadcrumb\"},\"inLanguage\":\"de\",\"potentialAction\":[{\"@type\":\"ReadAction\",\"target\":[\"https:\/\/blog.zeit.de\/kulturkampf\/2010\/02\/08\/online-medien-sind-die-tutensuppe\/\"]}]},{\"@type\":\"BreadcrumbList\",\"@id\":\"https:\/\/blog.zeit.de\/kulturkampf\/2010\/02\/08\/online-medien-sind-die-tutensuppe\/#breadcrumb\",\"itemListElement\":[{\"@type\":\"ListItem\",\"position\":1,\"name\":\"Startseite\",\"item\":\"https:\/\/blog.zeit.de\/kulturkampf\/\"},{\"@type\":\"ListItem\",\"position\":2,\"name\":\"Online-Medien sind die T\u00fctensuppe\"}]},{\"@type\":\"WebSite\",\"@id\":\"https:\/\/blog.zeit.de\/kulturkampf\/#website\",\"url\":\"https:\/\/blog.zeit.de\/kulturkampf\/\",\"name\":\"Kulturkampf\",\"description\":\"Online und Offline - \u00fcber das Leben in zwei Welten\",\"potentialAction\":[{\"@type\":\"SearchAction\",\"target\":{\"@type\":\"EntryPoint\",\"urlTemplate\":\"https:\/\/blog.zeit.de\/kulturkampf\/?s={search_term_string}\"},\"query-input\":\"required name=search_term_string\"}],\"inLanguage\":\"de\"},{\"@type\":\"Person\",\"@id\":\"https:\/\/blog.zeit.de\/kulturkampf\/#\/schema\/person\/3623cf840315901e4a1345533eb3c961\",\"name\":\"Tina Klopp\",\"image\":{\"@type\":\"ImageObject\",\"inLanguage\":\"de\",\"@id\":\"https:\/\/blog.zeit.de\/kulturkampf\/#\/schema\/person\/image\/\",\"url\":\"https:\/\/secure.gravatar.com\/avatar\/56825d987293c9dbfb42a0f779cee190ae0a4876776b50ddea7e8aed94fef619?s=96&d=mm&r=g\",\"contentUrl\":\"https:\/\/secure.gravatar.com\/avatar\/56825d987293c9dbfb42a0f779cee190ae0a4876776b50ddea7e8aed94fef619?s=96&d=mm&r=g\",\"caption\":\"Tina Klopp\"},\"url\":\"https:\/\/blog.zeit.de\/kulturkampf\/author\/tina-klopp\/\"}]}<\/script>\n<!-- \/ Yoast SEO plugin. -->","yoast_head_json":{"title":"Online-Medien sind die T\u00fctensuppe - Kulturkampf","robots":{"index":"index","follow":"follow","max-snippet":"max-snippet:-1","max-image-preview":"max-image-preview:large","max-video-preview":"max-video-preview:-1"},"canonical":"https:\/\/blog.zeit.de\/kulturkampf\/2010\/02\/08\/online-medien-sind-die-tutensuppe\/","og_locale":"de_DE","og_type":"article","og_title":"Online-Medien sind die T\u00fctensuppe - Kulturkampf","og_description":"Das NiemanJournalismLab der Havard Universit\u00e4t berichtet \u00fcber die Studie einer texanischen Medien\u00f6konomin namens Iris Chyi, die eine interessante Feststellung gemacht hat: W\u00e4hrend die Menschen immer mehr Online-Medien konsumieren, bewerten sie diese neuen Medien dennoch weiterhin als schlechter als etwa gedruckte Zeitungen oder das Fernsehen. Obwohl sie also ihren Medienkonsum de facto immer mehr ins Netz [&hellip;]","og_url":"https:\/\/blog.zeit.de\/kulturkampf\/2010\/02\/08\/online-medien-sind-die-tutensuppe\/","og_site_name":"Kulturkampf","article_published_time":"2010-02-08T12:53:53+00:00","article_modified_time":"2010-02-08T13:18:31+00:00","author":"Tina Klopp","twitter_card":"summary_large_image","twitter_misc":{"Geschrieben von":"Tina Klopp","Gesch\u00e4tzte Lesezeit":"2\u00a0Minuten"},"schema":{"@context":"https:\/\/schema.org","@graph":[{"@type":"WebPage","@id":"https:\/\/blog.zeit.de\/kulturkampf\/2010\/02\/08\/online-medien-sind-die-tutensuppe\/","url":"https:\/\/blog.zeit.de\/kulturkampf\/2010\/02\/08\/online-medien-sind-die-tutensuppe\/","name":"Online-Medien sind die T\u00fctensuppe - Kulturkampf","isPartOf":{"@id":"https:\/\/blog.zeit.de\/kulturkampf\/#website"},"datePublished":"2010-02-08T12:53:53+00:00","dateModified":"2010-02-08T13:18:31+00:00","author":{"@id":"https:\/\/blog.zeit.de\/kulturkampf\/#\/schema\/person\/3623cf840315901e4a1345533eb3c961"},"breadcrumb":{"@id":"https:\/\/blog.zeit.de\/kulturkampf\/2010\/02\/08\/online-medien-sind-die-tutensuppe\/#breadcrumb"},"inLanguage":"de","potentialAction":[{"@type":"ReadAction","target":["https:\/\/blog.zeit.de\/kulturkampf\/2010\/02\/08\/online-medien-sind-die-tutensuppe\/"]}]},{"@type":"BreadcrumbList","@id":"https:\/\/blog.zeit.de\/kulturkampf\/2010\/02\/08\/online-medien-sind-die-tutensuppe\/#breadcrumb","itemListElement":[{"@type":"ListItem","position":1,"name":"Startseite","item":"https:\/\/blog.zeit.de\/kulturkampf\/"},{"@type":"ListItem","position":2,"name":"Online-Medien sind die T\u00fctensuppe"}]},{"@type":"WebSite","@id":"https:\/\/blog.zeit.de\/kulturkampf\/#website","url":"https:\/\/blog.zeit.de\/kulturkampf\/","name":"Kulturkampf","description":"Online und Offline - \u00fcber das Leben in zwei Welten","potentialAction":[{"@type":"SearchAction","target":{"@type":"EntryPoint","urlTemplate":"https:\/\/blog.zeit.de\/kulturkampf\/?s={search_term_string}"},"query-input":"required name=search_term_string"}],"inLanguage":"de"},{"@type":"Person","@id":"https:\/\/blog.zeit.de\/kulturkampf\/#\/schema\/person\/3623cf840315901e4a1345533eb3c961","name":"Tina Klopp","image":{"@type":"ImageObject","inLanguage":"de","@id":"https:\/\/blog.zeit.de\/kulturkampf\/#\/schema\/person\/image\/","url":"https:\/\/secure.gravatar.com\/avatar\/56825d987293c9dbfb42a0f779cee190ae0a4876776b50ddea7e8aed94fef619?s=96&d=mm&r=g","contentUrl":"https:\/\/secure.gravatar.com\/avatar\/56825d987293c9dbfb42a0f779cee190ae0a4876776b50ddea7e8aed94fef619?s=96&d=mm&r=g","caption":"Tina Klopp"},"url":"https:\/\/blog.zeit.de\/kulturkampf\/author\/tina-klopp\/"}]}},"jetpack_featured_media_url":"","_links":{"self":[{"href":"https:\/\/blog.zeit.de\/kulturkampf\/wp-json\/wp\/v2\/posts\/451","targetHints":{"allow":["GET"]}}],"collection":[{"href":"https:\/\/blog.zeit.de\/kulturkampf\/wp-json\/wp\/v2\/posts"}],"about":[{"href":"https:\/\/blog.zeit.de\/kulturkampf\/wp-json\/wp\/v2\/types\/post"}],"author":[{"embeddable":true,"href":"https:\/\/blog.zeit.de\/kulturkampf\/wp-json\/wp\/v2\/users\/158"}],"replies":[{"embeddable":true,"href":"https:\/\/blog.zeit.de\/kulturkampf\/wp-json\/wp\/v2\/comments?post=451"}],"version-history":[{"count":0,"href":"https:\/\/blog.zeit.de\/kulturkampf\/wp-json\/wp\/v2\/posts\/451\/revisions"}],"wp:attachment":[{"href":"https:\/\/blog.zeit.de\/kulturkampf\/wp-json\/wp\/v2\/media?parent=451"}],"wp:term":[{"taxonomy":"category","embeddable":true,"href":"https:\/\/blog.zeit.de\/kulturkampf\/wp-json\/wp\/v2\/categories?post=451"},{"taxonomy":"post_tag","embeddable":true,"href":"https:\/\/blog.zeit.de\/kulturkampf\/wp-json\/wp\/v2\/tags?post=451"}],"curies":[{"name":"wp","href":"https:\/\/api.w.org\/{rel}","templated":true}]}}