{"id":465,"date":"2010-02-11T18:14:20","date_gmt":"2010-02-11T17:14:20","guid":{"rendered":"http:\/\/blog.zeit.de\/kulturkampf\/?p=465"},"modified":"2010-02-11T18:27:41","modified_gmt":"2010-02-11T17:27:41","slug":"neuer-bbc-chef-fuhrt-social-media-pflicht-ein","status":"publish","type":"post","link":"https:\/\/blog.zeit.de\/kulturkampf\/2010\/02\/11\/neuer-bbc-chef-fuhrt-social-media-pflicht-ein\/","title":{"rendered":"Neuer BBC-Chef f\u00fchrt Social Media-Pflicht ein"},"content":{"rendered":"<p>BBC Journalisten sollen Social Media als prim\u00e4re Informationsquelle nutzen, sagt Peter Horrocks. In der Hauszeitung <em>Ariel<\/em> l\u00e4sst sich der neue BBC-Direktor mit den Worten zitieren: &#8222;Das ist nicht irgendeine Marotte von einem Technik-Enthusiasten. Ich f\u00fcrchte, man kann den Job nicht mehr machen, wenn man sich damit nicht auskennt.&#8220; Das w\u00e4re nicht &#8222;discretionary&#8220;, f\u00fcgt er hinzu,\u00a0 l\u00e4ge also nicht im eigenen Ermessen der Journalisten. F\u00fcr einen Briten relativ starke Worte.<\/p>\n<p>Fr\u00fcher hie\u00df es immer: Ein Sch\u00fcler ohne Bleistift, ist kein Sch\u00fcler. Heute lie\u00dfe sich sagen, ein Journalist ohne RSS-Feed, ist kein Journalist mehr. Fest steht zumindest, dass sich der Blick von Journalisten auf Informationen, die sie aus Quellen wie Twitter, Blogs oder Sozialen Netzwerken erreichen, grundlegend gewandelt hat. Anstatt aus Angst vor unsicheren Quellen die Finger davon zu lassen, versuchen sie Regeln zu entwickeln, um deren Mehrwert f\u00fcr sich nutzen zu k\u00f6nnen.<\/p>\n<p>Der Medienblog Mashable <a href=\"http:\/\/mashable.com\/2010\/02\/10\/bbc-social-media\/\" target=\"_self\">verweist in seinem Artikel zum Thema<\/a> auch auf Medienunternehmen wie Sky News, die ihren Newsroom bereits stark auf Twitter umgestellt h\u00e4tten. Und <a href=\"http:\/\/www.guardian.co.uk\/media\/pda\/2010\/feb\/10\/bbc-news-social-media\" target=\"_blank\">der Guardian schreibt<\/a>, dass f\u00fcr den Nachrichtensender CNN die Integration von Social Media ein wichtiger Schritt gewesen sei, um die eigenen Reportagen zu verbessern und n\u00e4her an die Quellen zu kommen, wie man bei der j\u00fcngsten Berichterstattung aus Haiti gesehen habe.<\/p>\n","protected":false},"excerpt":{"rendered":"<p>BBC Journalisten sollen Social Media als prim\u00e4re Informationsquelle nutzen, sagt Peter Horrocks. In der Hauszeitung Ariel l\u00e4sst sich der neue BBC-Direktor mit den Worten zitieren: &#8222;Das ist nicht irgendeine Marotte von einem Technik-Enthusiasten. Ich f\u00fcrchte, man kann den Job nicht mehr machen, wenn man sich damit nicht auskennt.&#8220; Das w\u00e4re nicht &#8222;discretionary&#8220;, f\u00fcgt er hinzu,\u00a0 [&hellip;]<\/p>\n","protected":false},"author":158,"featured_media":0,"comment_status":"open","ping_status":"closed","sticky":false,"template":"","format":"standard","meta":{"footnotes":""},"categories":[1279],"tags":[245,1093,1175],"class_list":["post-465","post","type-post","status-publish","format-standard","hentry","category-medienzukunft","tag-bbc","tag-onlinejournalismus","tag-social-network"],"yoast_head":"<!-- This site is optimized with the Yoast SEO plugin v21.0 - https:\/\/yoast.com\/wordpress\/plugins\/seo\/ -->\n<title>Neuer BBC-Chef f\u00fchrt Social Media-Pflicht ein - Kulturkampf<\/title>\n<meta name=\"robots\" content=\"index, follow, max-snippet:-1, max-image-preview:large, max-video-preview:-1\" \/>\n<link rel=\"canonical\" href=\"https:\/\/blog.zeit.de\/kulturkampf\/2010\/02\/11\/neuer-bbc-chef-fuhrt-social-media-pflicht-ein\/\" \/>\n<meta property=\"og:locale\" content=\"de_DE\" \/>\n<meta property=\"og:type\" content=\"article\" \/>\n<meta property=\"og:title\" content=\"Neuer BBC-Chef f\u00fchrt Social Media-Pflicht ein - Kulturkampf\" \/>\n<meta property=\"og:description\" content=\"BBC Journalisten sollen Social Media als prim\u00e4re Informationsquelle nutzen, sagt Peter Horrocks. In der Hauszeitung Ariel l\u00e4sst sich der neue BBC-Direktor mit den Worten zitieren: &#8222;Das ist nicht irgendeine Marotte von einem Technik-Enthusiasten. Ich f\u00fcrchte, man kann den Job nicht mehr machen, wenn man sich damit nicht auskennt.&#8220; Das w\u00e4re nicht &#8222;discretionary&#8220;, f\u00fcgt er hinzu,\u00a0 [&hellip;]\" \/>\n<meta property=\"og:url\" content=\"https:\/\/blog.zeit.de\/kulturkampf\/2010\/02\/11\/neuer-bbc-chef-fuhrt-social-media-pflicht-ein\/\" \/>\n<meta property=\"og:site_name\" content=\"Kulturkampf\" \/>\n<meta property=\"article:published_time\" content=\"2010-02-11T17:14:20+00:00\" \/>\n<meta property=\"article:modified_time\" content=\"2010-02-11T17:27:41+00:00\" \/>\n<meta name=\"author\" content=\"Tina Klopp\" \/>\n<meta name=\"twitter:card\" content=\"summary_large_image\" \/>\n<meta name=\"twitter:label1\" content=\"Geschrieben von\" \/>\n\t<meta name=\"twitter:data1\" content=\"Tina Klopp\" \/>\n\t<meta name=\"twitter:label2\" content=\"Gesch\u00e4tzte Lesezeit\" \/>\n\t<meta name=\"twitter:data2\" content=\"1\u00a0Minute\" \/>\n<script type=\"application\/ld+json\" class=\"yoast-schema-graph\">{\"@context\":\"https:\/\/schema.org\",\"@graph\":[{\"@type\":\"WebPage\",\"@id\":\"https:\/\/blog.zeit.de\/kulturkampf\/2010\/02\/11\/neuer-bbc-chef-fuhrt-social-media-pflicht-ein\/\",\"url\":\"https:\/\/blog.zeit.de\/kulturkampf\/2010\/02\/11\/neuer-bbc-chef-fuhrt-social-media-pflicht-ein\/\",\"name\":\"Neuer BBC-Chef f\u00fchrt Social Media-Pflicht ein - Kulturkampf\",\"isPartOf\":{\"@id\":\"https:\/\/blog.zeit.de\/kulturkampf\/#website\"},\"datePublished\":\"2010-02-11T17:14:20+00:00\",\"dateModified\":\"2010-02-11T17:27:41+00:00\",\"author\":{\"@id\":\"https:\/\/blog.zeit.de\/kulturkampf\/#\/schema\/person\/3623cf840315901e4a1345533eb3c961\"},\"breadcrumb\":{\"@id\":\"https:\/\/blog.zeit.de\/kulturkampf\/2010\/02\/11\/neuer-bbc-chef-fuhrt-social-media-pflicht-ein\/#breadcrumb\"},\"inLanguage\":\"de\",\"potentialAction\":[{\"@type\":\"ReadAction\",\"target\":[\"https:\/\/blog.zeit.de\/kulturkampf\/2010\/02\/11\/neuer-bbc-chef-fuhrt-social-media-pflicht-ein\/\"]}]},{\"@type\":\"BreadcrumbList\",\"@id\":\"https:\/\/blog.zeit.de\/kulturkampf\/2010\/02\/11\/neuer-bbc-chef-fuhrt-social-media-pflicht-ein\/#breadcrumb\",\"itemListElement\":[{\"@type\":\"ListItem\",\"position\":1,\"name\":\"Startseite\",\"item\":\"https:\/\/blog.zeit.de\/kulturkampf\/\"},{\"@type\":\"ListItem\",\"position\":2,\"name\":\"Neuer BBC-Chef f\u00fchrt Social Media-Pflicht ein\"}]},{\"@type\":\"WebSite\",\"@id\":\"https:\/\/blog.zeit.de\/kulturkampf\/#website\",\"url\":\"https:\/\/blog.zeit.de\/kulturkampf\/\",\"name\":\"Kulturkampf\",\"description\":\"Online und Offline - \u00fcber das Leben in zwei Welten\",\"potentialAction\":[{\"@type\":\"SearchAction\",\"target\":{\"@type\":\"EntryPoint\",\"urlTemplate\":\"https:\/\/blog.zeit.de\/kulturkampf\/?s={search_term_string}\"},\"query-input\":\"required name=search_term_string\"}],\"inLanguage\":\"de\"},{\"@type\":\"Person\",\"@id\":\"https:\/\/blog.zeit.de\/kulturkampf\/#\/schema\/person\/3623cf840315901e4a1345533eb3c961\",\"name\":\"Tina Klopp\",\"image\":{\"@type\":\"ImageObject\",\"inLanguage\":\"de\",\"@id\":\"https:\/\/blog.zeit.de\/kulturkampf\/#\/schema\/person\/image\/\",\"url\":\"https:\/\/secure.gravatar.com\/avatar\/56825d987293c9dbfb42a0f779cee190ae0a4876776b50ddea7e8aed94fef619?s=96&d=mm&r=g\",\"contentUrl\":\"https:\/\/secure.gravatar.com\/avatar\/56825d987293c9dbfb42a0f779cee190ae0a4876776b50ddea7e8aed94fef619?s=96&d=mm&r=g\",\"caption\":\"Tina Klopp\"},\"url\":\"https:\/\/blog.zeit.de\/kulturkampf\/author\/tina-klopp\/\"}]}<\/script>\n<!-- \/ Yoast SEO plugin. -->","yoast_head_json":{"title":"Neuer BBC-Chef f\u00fchrt Social Media-Pflicht ein - Kulturkampf","robots":{"index":"index","follow":"follow","max-snippet":"max-snippet:-1","max-image-preview":"max-image-preview:large","max-video-preview":"max-video-preview:-1"},"canonical":"https:\/\/blog.zeit.de\/kulturkampf\/2010\/02\/11\/neuer-bbc-chef-fuhrt-social-media-pflicht-ein\/","og_locale":"de_DE","og_type":"article","og_title":"Neuer BBC-Chef f\u00fchrt Social Media-Pflicht ein - Kulturkampf","og_description":"BBC Journalisten sollen Social Media als prim\u00e4re Informationsquelle nutzen, sagt Peter Horrocks. In der Hauszeitung Ariel l\u00e4sst sich der neue BBC-Direktor mit den Worten zitieren: &#8222;Das ist nicht irgendeine Marotte von einem Technik-Enthusiasten. Ich f\u00fcrchte, man kann den Job nicht mehr machen, wenn man sich damit nicht auskennt.&#8220; Das w\u00e4re nicht &#8222;discretionary&#8220;, f\u00fcgt er hinzu,\u00a0 [&hellip;]","og_url":"https:\/\/blog.zeit.de\/kulturkampf\/2010\/02\/11\/neuer-bbc-chef-fuhrt-social-media-pflicht-ein\/","og_site_name":"Kulturkampf","article_published_time":"2010-02-11T17:14:20+00:00","article_modified_time":"2010-02-11T17:27:41+00:00","author":"Tina Klopp","twitter_card":"summary_large_image","twitter_misc":{"Geschrieben von":"Tina Klopp","Gesch\u00e4tzte Lesezeit":"1\u00a0Minute"},"schema":{"@context":"https:\/\/schema.org","@graph":[{"@type":"WebPage","@id":"https:\/\/blog.zeit.de\/kulturkampf\/2010\/02\/11\/neuer-bbc-chef-fuhrt-social-media-pflicht-ein\/","url":"https:\/\/blog.zeit.de\/kulturkampf\/2010\/02\/11\/neuer-bbc-chef-fuhrt-social-media-pflicht-ein\/","name":"Neuer BBC-Chef f\u00fchrt Social Media-Pflicht ein - Kulturkampf","isPartOf":{"@id":"https:\/\/blog.zeit.de\/kulturkampf\/#website"},"datePublished":"2010-02-11T17:14:20+00:00","dateModified":"2010-02-11T17:27:41+00:00","author":{"@id":"https:\/\/blog.zeit.de\/kulturkampf\/#\/schema\/person\/3623cf840315901e4a1345533eb3c961"},"breadcrumb":{"@id":"https:\/\/blog.zeit.de\/kulturkampf\/2010\/02\/11\/neuer-bbc-chef-fuhrt-social-media-pflicht-ein\/#breadcrumb"},"inLanguage":"de","potentialAction":[{"@type":"ReadAction","target":["https:\/\/blog.zeit.de\/kulturkampf\/2010\/02\/11\/neuer-bbc-chef-fuhrt-social-media-pflicht-ein\/"]}]},{"@type":"BreadcrumbList","@id":"https:\/\/blog.zeit.de\/kulturkampf\/2010\/02\/11\/neuer-bbc-chef-fuhrt-social-media-pflicht-ein\/#breadcrumb","itemListElement":[{"@type":"ListItem","position":1,"name":"Startseite","item":"https:\/\/blog.zeit.de\/kulturkampf\/"},{"@type":"ListItem","position":2,"name":"Neuer BBC-Chef f\u00fchrt Social Media-Pflicht ein"}]},{"@type":"WebSite","@id":"https:\/\/blog.zeit.de\/kulturkampf\/#website","url":"https:\/\/blog.zeit.de\/kulturkampf\/","name":"Kulturkampf","description":"Online und Offline - \u00fcber das Leben in zwei Welten","potentialAction":[{"@type":"SearchAction","target":{"@type":"EntryPoint","urlTemplate":"https:\/\/blog.zeit.de\/kulturkampf\/?s={search_term_string}"},"query-input":"required name=search_term_string"}],"inLanguage":"de"},{"@type":"Person","@id":"https:\/\/blog.zeit.de\/kulturkampf\/#\/schema\/person\/3623cf840315901e4a1345533eb3c961","name":"Tina Klopp","image":{"@type":"ImageObject","inLanguage":"de","@id":"https:\/\/blog.zeit.de\/kulturkampf\/#\/schema\/person\/image\/","url":"https:\/\/secure.gravatar.com\/avatar\/56825d987293c9dbfb42a0f779cee190ae0a4876776b50ddea7e8aed94fef619?s=96&d=mm&r=g","contentUrl":"https:\/\/secure.gravatar.com\/avatar\/56825d987293c9dbfb42a0f779cee190ae0a4876776b50ddea7e8aed94fef619?s=96&d=mm&r=g","caption":"Tina Klopp"},"url":"https:\/\/blog.zeit.de\/kulturkampf\/author\/tina-klopp\/"}]}},"jetpack_featured_media_url":"","_links":{"self":[{"href":"https:\/\/blog.zeit.de\/kulturkampf\/wp-json\/wp\/v2\/posts\/465","targetHints":{"allow":["GET"]}}],"collection":[{"href":"https:\/\/blog.zeit.de\/kulturkampf\/wp-json\/wp\/v2\/posts"}],"about":[{"href":"https:\/\/blog.zeit.de\/kulturkampf\/wp-json\/wp\/v2\/types\/post"}],"author":[{"embeddable":true,"href":"https:\/\/blog.zeit.de\/kulturkampf\/wp-json\/wp\/v2\/users\/158"}],"replies":[{"embeddable":true,"href":"https:\/\/blog.zeit.de\/kulturkampf\/wp-json\/wp\/v2\/comments?post=465"}],"version-history":[{"count":0,"href":"https:\/\/blog.zeit.de\/kulturkampf\/wp-json\/wp\/v2\/posts\/465\/revisions"}],"wp:attachment":[{"href":"https:\/\/blog.zeit.de\/kulturkampf\/wp-json\/wp\/v2\/media?parent=465"}],"wp:term":[{"taxonomy":"category","embeddable":true,"href":"https:\/\/blog.zeit.de\/kulturkampf\/wp-json\/wp\/v2\/categories?post=465"},{"taxonomy":"post_tag","embeddable":true,"href":"https:\/\/blog.zeit.de\/kulturkampf\/wp-json\/wp\/v2\/tags?post=465"}],"curies":[{"name":"wp","href":"https:\/\/api.w.org\/{rel}","templated":true}]}}