{"id":470,"date":"2010-02-13T21:16:50","date_gmt":"2010-02-13T20:16:50","guid":{"rendered":"http:\/\/blog.zeit.de\/kulturkampf\/?p=470"},"modified":"2010-02-13T21:16:50","modified_gmt":"2010-02-13T20:16:50","slug":"island-der-datenfreihafen-wird-realer","status":"publish","type":"post","link":"https:\/\/blog.zeit.de\/kulturkampf\/2010\/02\/13\/island-der-datenfreihafen-wird-realer\/","title":{"rendered":"Island: Der Datenfreihafen wird realer"},"content":{"rendered":"<p>Ende Dezember hat das Transparenz-Projekt <a href=\"http:\/\/www.wikileaks.org\">Wikileaks<\/a> auf dem 26. Chaos Communication Congress eine Idee verk\u00fcndet, die man gemeinsam mit Aktivisten und Politikern aus Island entwickelt hatte: <a href=\"https:\/\/blog.zeit.de\/kulturkampf\/2009\/12\/28\/island-zum-datenfreihafen-machen\/\">Island zum Datenfreihafen machen.<\/a> Die Idee nimmt nun konkrete Z\u00fcge an. <\/p>\n<p>Eine &#8222;<a href=\"http:\/\/www.66degreesoffreedom.com\/?l=en&#038;p=intro\">Icelandic Modern Media Initiative<\/a>&#8220; wurde gegr\u00fcndet und 51 Abgeordnete wollen am 16. Februar einen Gesetzesentwurf ins Parlament einbringen. Ziel der Initiative ist es, die weltweit <a href=\"http:\/\/www.66degreesoffreedom.com\/?l=en&#038;p=FAQ\">besten Gesetze f\u00fcr Presse-, Meinungs- und Informationsfreiheit zu vereinen<\/a>. Der Zeitpunkt ist optimal, wie der britische <em>Guardian<\/em> von <a href=\"http:\/\/www.guardian.co.uk\/world\/2010\/feb\/12\/iceland-haven-freedom-speech-wikileaks\">einem isl\u00e4ndischen Abgeordneten erfahren hat<\/a>:<\/p>\n<blockquote><p>&#8222;It is a good project for political change,&#8220; said R\u00f3bert Marshall, a member of the ruling Social Democratic Alliance party. &#8222;We have been through a difficult period and this is an initiative that can unite the whole political scene.&#8220;<\/p><\/blockquote>\n<p>Die <a href=\"http:\/\/news.bbc.co.uk\/2\/hi\/technology\/8504972.stm\">BBC zitiert Wikileaks-Gr\u00fcnder Julian Assange<\/a>, der hoffnungsvoll ist, was die Chancen durch die isl\u00e4ndische Gesetzgebung angeht:<\/p>\n<blockquote><p>&#8222;If it then has these additional media and publishing law protections then it is likely to encourage the international press and internet start-ups to locate their services here,&#8220; Mr Assange said.<\/p><\/blockquote>\n<p>Der <a href=\"http:\/\/www.66degreesoffreedom.com\/?l=en&#038;p=timeline\">Zeitplan der Icelandic Modern Media Initiative<\/a> sieht vor, dass das Gesetz im Optimalfall eine Woche sp\u00e4ter beschlossen sein kann. Da kann man nur Gl\u00fcck w\u00fcnschen und auf die Entscheidung warten.<\/p>\n","protected":false},"excerpt":{"rendered":"<p>Ende Dezember hat das Transparenz-Projekt Wikileaks auf dem 26. Chaos Communication Congress eine Idee verk\u00fcndet, die man gemeinsam mit Aktivisten und Politikern aus Island entwickelt hatte: Island zum Datenfreihafen machen. Die Idee nimmt nun konkrete Z\u00fcge an. Eine &#8222;Icelandic Modern Media Initiative&#8220; wurde gegr\u00fcndet und 51 Abgeordnete wollen am 16. Februar einen Gesetzesentwurf ins Parlament [&hellip;]<\/p>\n","protected":false},"author":143,"featured_media":0,"comment_status":"open","ping_status":"closed","sticky":false,"template":"","format":"standard","meta":{"footnotes":""},"categories":[1279],"tags":[1151,1148],"class_list":["post-470","post","type-post","status-publish","format-standard","hentry","category-medienzukunft","tag-island","tag-wikileaks"],"yoast_head":"<!-- This site is optimized with the Yoast SEO plugin v21.0 - https:\/\/yoast.com\/wordpress\/plugins\/seo\/ -->\n<title>Island: Der Datenfreihafen wird realer - Kulturkampf<\/title>\n<meta name=\"robots\" content=\"index, follow, max-snippet:-1, max-image-preview:large, max-video-preview:-1\" \/>\n<link rel=\"canonical\" href=\"https:\/\/blog.zeit.de\/kulturkampf\/2010\/02\/13\/island-der-datenfreihafen-wird-realer\/\" \/>\n<meta property=\"og:locale\" content=\"de_DE\" \/>\n<meta property=\"og:type\" content=\"article\" \/>\n<meta property=\"og:title\" content=\"Island: Der Datenfreihafen wird realer - Kulturkampf\" \/>\n<meta property=\"og:description\" content=\"Ende Dezember hat das Transparenz-Projekt Wikileaks auf dem 26. Chaos Communication Congress eine Idee verk\u00fcndet, die man gemeinsam mit Aktivisten und Politikern aus Island entwickelt hatte: Island zum Datenfreihafen machen. Die Idee nimmt nun konkrete Z\u00fcge an. Eine &#8222;Icelandic Modern Media Initiative&#8220; wurde gegr\u00fcndet und 51 Abgeordnete wollen am 16. Februar einen Gesetzesentwurf ins Parlament [&hellip;]\" \/>\n<meta property=\"og:url\" content=\"https:\/\/blog.zeit.de\/kulturkampf\/2010\/02\/13\/island-der-datenfreihafen-wird-realer\/\" \/>\n<meta property=\"og:site_name\" content=\"Kulturkampf\" \/>\n<meta property=\"article:published_time\" content=\"2010-02-13T20:16:50+00:00\" \/>\n<meta name=\"author\" content=\"Markus Beckedahl\" \/>\n<meta name=\"twitter:card\" content=\"summary_large_image\" \/>\n<meta name=\"twitter:label1\" content=\"Geschrieben von\" \/>\n\t<meta name=\"twitter:data1\" content=\"Markus Beckedahl\" \/>\n\t<meta name=\"twitter:label2\" content=\"Gesch\u00e4tzte Lesezeit\" \/>\n\t<meta name=\"twitter:data2\" content=\"1\u00a0Minute\" \/>\n<script type=\"application\/ld+json\" class=\"yoast-schema-graph\">{\"@context\":\"https:\/\/schema.org\",\"@graph\":[{\"@type\":\"WebPage\",\"@id\":\"https:\/\/blog.zeit.de\/kulturkampf\/2010\/02\/13\/island-der-datenfreihafen-wird-realer\/\",\"url\":\"https:\/\/blog.zeit.de\/kulturkampf\/2010\/02\/13\/island-der-datenfreihafen-wird-realer\/\",\"name\":\"Island: Der Datenfreihafen wird realer - Kulturkampf\",\"isPartOf\":{\"@id\":\"https:\/\/blog.zeit.de\/kulturkampf\/#website\"},\"datePublished\":\"2010-02-13T20:16:50+00:00\",\"dateModified\":\"2010-02-13T20:16:50+00:00\",\"author\":{\"@id\":\"https:\/\/blog.zeit.de\/kulturkampf\/#\/schema\/person\/f8fa2860d485193509ba4da8708f3e40\"},\"breadcrumb\":{\"@id\":\"https:\/\/blog.zeit.de\/kulturkampf\/2010\/02\/13\/island-der-datenfreihafen-wird-realer\/#breadcrumb\"},\"inLanguage\":\"de\",\"potentialAction\":[{\"@type\":\"ReadAction\",\"target\":[\"https:\/\/blog.zeit.de\/kulturkampf\/2010\/02\/13\/island-der-datenfreihafen-wird-realer\/\"]}]},{\"@type\":\"BreadcrumbList\",\"@id\":\"https:\/\/blog.zeit.de\/kulturkampf\/2010\/02\/13\/island-der-datenfreihafen-wird-realer\/#breadcrumb\",\"itemListElement\":[{\"@type\":\"ListItem\",\"position\":1,\"name\":\"Startseite\",\"item\":\"https:\/\/blog.zeit.de\/kulturkampf\/\"},{\"@type\":\"ListItem\",\"position\":2,\"name\":\"Island: Der Datenfreihafen wird realer\"}]},{\"@type\":\"WebSite\",\"@id\":\"https:\/\/blog.zeit.de\/kulturkampf\/#website\",\"url\":\"https:\/\/blog.zeit.de\/kulturkampf\/\",\"name\":\"Kulturkampf\",\"description\":\"Online und Offline - \u00fcber das Leben in zwei Welten\",\"potentialAction\":[{\"@type\":\"SearchAction\",\"target\":{\"@type\":\"EntryPoint\",\"urlTemplate\":\"https:\/\/blog.zeit.de\/kulturkampf\/?s={search_term_string}\"},\"query-input\":\"required name=search_term_string\"}],\"inLanguage\":\"de\"},{\"@type\":\"Person\",\"@id\":\"https:\/\/blog.zeit.de\/kulturkampf\/#\/schema\/person\/f8fa2860d485193509ba4da8708f3e40\",\"name\":\"Markus Beckedahl\",\"image\":{\"@type\":\"ImageObject\",\"inLanguage\":\"de\",\"@id\":\"https:\/\/blog.zeit.de\/kulturkampf\/#\/schema\/person\/image\/\",\"url\":\"https:\/\/secure.gravatar.com\/avatar\/bc181120cae002f9bb494c84fe1e20d8ac1c133d42b0a53cba55d3c9c33be057?s=96&d=mm&r=g\",\"contentUrl\":\"https:\/\/secure.gravatar.com\/avatar\/bc181120cae002f9bb494c84fe1e20d8ac1c133d42b0a53cba55d3c9c33be057?s=96&d=mm&r=g\",\"caption\":\"Markus Beckedahl\"},\"url\":\"https:\/\/blog.zeit.de\/kulturkampf\/author\/markus-beckedahl\/\"}]}<\/script>\n<!-- \/ Yoast SEO plugin. -->","yoast_head_json":{"title":"Island: Der Datenfreihafen wird realer - Kulturkampf","robots":{"index":"index","follow":"follow","max-snippet":"max-snippet:-1","max-image-preview":"max-image-preview:large","max-video-preview":"max-video-preview:-1"},"canonical":"https:\/\/blog.zeit.de\/kulturkampf\/2010\/02\/13\/island-der-datenfreihafen-wird-realer\/","og_locale":"de_DE","og_type":"article","og_title":"Island: Der Datenfreihafen wird realer - Kulturkampf","og_description":"Ende Dezember hat das Transparenz-Projekt Wikileaks auf dem 26. Chaos Communication Congress eine Idee verk\u00fcndet, die man gemeinsam mit Aktivisten und Politikern aus Island entwickelt hatte: Island zum Datenfreihafen machen. Die Idee nimmt nun konkrete Z\u00fcge an. Eine &#8222;Icelandic Modern Media Initiative&#8220; wurde gegr\u00fcndet und 51 Abgeordnete wollen am 16. Februar einen Gesetzesentwurf ins Parlament [&hellip;]","og_url":"https:\/\/blog.zeit.de\/kulturkampf\/2010\/02\/13\/island-der-datenfreihafen-wird-realer\/","og_site_name":"Kulturkampf","article_published_time":"2010-02-13T20:16:50+00:00","author":"Markus Beckedahl","twitter_card":"summary_large_image","twitter_misc":{"Geschrieben von":"Markus Beckedahl","Gesch\u00e4tzte Lesezeit":"1\u00a0Minute"},"schema":{"@context":"https:\/\/schema.org","@graph":[{"@type":"WebPage","@id":"https:\/\/blog.zeit.de\/kulturkampf\/2010\/02\/13\/island-der-datenfreihafen-wird-realer\/","url":"https:\/\/blog.zeit.de\/kulturkampf\/2010\/02\/13\/island-der-datenfreihafen-wird-realer\/","name":"Island: Der Datenfreihafen wird realer - Kulturkampf","isPartOf":{"@id":"https:\/\/blog.zeit.de\/kulturkampf\/#website"},"datePublished":"2010-02-13T20:16:50+00:00","dateModified":"2010-02-13T20:16:50+00:00","author":{"@id":"https:\/\/blog.zeit.de\/kulturkampf\/#\/schema\/person\/f8fa2860d485193509ba4da8708f3e40"},"breadcrumb":{"@id":"https:\/\/blog.zeit.de\/kulturkampf\/2010\/02\/13\/island-der-datenfreihafen-wird-realer\/#breadcrumb"},"inLanguage":"de","potentialAction":[{"@type":"ReadAction","target":["https:\/\/blog.zeit.de\/kulturkampf\/2010\/02\/13\/island-der-datenfreihafen-wird-realer\/"]}]},{"@type":"BreadcrumbList","@id":"https:\/\/blog.zeit.de\/kulturkampf\/2010\/02\/13\/island-der-datenfreihafen-wird-realer\/#breadcrumb","itemListElement":[{"@type":"ListItem","position":1,"name":"Startseite","item":"https:\/\/blog.zeit.de\/kulturkampf\/"},{"@type":"ListItem","position":2,"name":"Island: Der Datenfreihafen wird realer"}]},{"@type":"WebSite","@id":"https:\/\/blog.zeit.de\/kulturkampf\/#website","url":"https:\/\/blog.zeit.de\/kulturkampf\/","name":"Kulturkampf","description":"Online und Offline - \u00fcber das Leben in zwei Welten","potentialAction":[{"@type":"SearchAction","target":{"@type":"EntryPoint","urlTemplate":"https:\/\/blog.zeit.de\/kulturkampf\/?s={search_term_string}"},"query-input":"required name=search_term_string"}],"inLanguage":"de"},{"@type":"Person","@id":"https:\/\/blog.zeit.de\/kulturkampf\/#\/schema\/person\/f8fa2860d485193509ba4da8708f3e40","name":"Markus Beckedahl","image":{"@type":"ImageObject","inLanguage":"de","@id":"https:\/\/blog.zeit.de\/kulturkampf\/#\/schema\/person\/image\/","url":"https:\/\/secure.gravatar.com\/avatar\/bc181120cae002f9bb494c84fe1e20d8ac1c133d42b0a53cba55d3c9c33be057?s=96&d=mm&r=g","contentUrl":"https:\/\/secure.gravatar.com\/avatar\/bc181120cae002f9bb494c84fe1e20d8ac1c133d42b0a53cba55d3c9c33be057?s=96&d=mm&r=g","caption":"Markus Beckedahl"},"url":"https:\/\/blog.zeit.de\/kulturkampf\/author\/markus-beckedahl\/"}]}},"jetpack_featured_media_url":"","_links":{"self":[{"href":"https:\/\/blog.zeit.de\/kulturkampf\/wp-json\/wp\/v2\/posts\/470","targetHints":{"allow":["GET"]}}],"collection":[{"href":"https:\/\/blog.zeit.de\/kulturkampf\/wp-json\/wp\/v2\/posts"}],"about":[{"href":"https:\/\/blog.zeit.de\/kulturkampf\/wp-json\/wp\/v2\/types\/post"}],"author":[{"embeddable":true,"href":"https:\/\/blog.zeit.de\/kulturkampf\/wp-json\/wp\/v2\/users\/143"}],"replies":[{"embeddable":true,"href":"https:\/\/blog.zeit.de\/kulturkampf\/wp-json\/wp\/v2\/comments?post=470"}],"version-history":[{"count":0,"href":"https:\/\/blog.zeit.de\/kulturkampf\/wp-json\/wp\/v2\/posts\/470\/revisions"}],"wp:attachment":[{"href":"https:\/\/blog.zeit.de\/kulturkampf\/wp-json\/wp\/v2\/media?parent=470"}],"wp:term":[{"taxonomy":"category","embeddable":true,"href":"https:\/\/blog.zeit.de\/kulturkampf\/wp-json\/wp\/v2\/categories?post=470"},{"taxonomy":"post_tag","embeddable":true,"href":"https:\/\/blog.zeit.de\/kulturkampf\/wp-json\/wp\/v2\/tags?post=470"}],"curies":[{"name":"wp","href":"https:\/\/api.w.org\/{rel}","templated":true}]}}