{"id":482,"date":"2010-02-28T02:10:37","date_gmt":"2010-02-28T01:10:37","guid":{"rendered":"http:\/\/blog.zeit.de\/kulturkampf\/?p=482"},"modified":"2010-03-10T12:57:57","modified_gmt":"2010-03-10T11:57:57","slug":"datenbrief-loeschantrag-wikipedia","status":"publish","type":"post","link":"https:\/\/blog.zeit.de\/kulturkampf\/2010\/02\/28\/datenbrief-loeschantrag-wikipedia\/","title":{"rendered":"Datenbrief? L\u00f6schen!"},"content":{"rendered":"<p>Da denkt sich ein netzverr\u00fcckter Hackerverein <a href=\"http:\/\/ccc.de\/datenbrief\">einen interessanten Weg<\/a> aus, um eines <a href=\"http:\/\/www.datenschutz.de\/\">der dr\u00e4ngendsten Probleme<\/a> der digitalen Welt l\u00f6sen zu helfen und was steht dann dar\u00fcber in dem kooperativen Netzprojekt \u00fcberhaupt? Eine ausf\u00fchrliche Erl\u00e4uterung?<\/p>\n<p><a href=\"http:\/\/de.wikipedia.org\/wiki\/Datenbrief\">Nicht wirklich<\/a>.<\/p>\n<blockquote><p>&#8222;Dieser Artikel wurde zur L\u00f6schung vorgeschlagen. Begr\u00fcndung: Anhaltende \u00f6ffentliche Rezeption nicht vorhanden oder zumindest nicht im Artikel dargestellt.&#8220; <\/p><\/blockquote>\n<p>Vielleicht \u00e4ndert sich das <a href=\"http:\/\/www.zeit.de\/digital\/datenschutz\/2010-02\/maiziere-datenbrief-datenschutz\">jetzt ja noch<\/a>.<\/p>\n<p><strong>Update:<\/strong> Ja, das hat sich ge\u00e4ndert. Der L\u00f6schvermerk ist weg, der Artikel ausgebaut. Danke.<\/p>\n","protected":false},"excerpt":{"rendered":"<p>Da denkt sich ein netzverr\u00fcckter Hackerverein einen interessanten Weg aus, um eines der dr\u00e4ngendsten Probleme der digitalen Welt l\u00f6sen zu helfen und was steht dann dar\u00fcber in dem kooperativen Netzprojekt \u00fcberhaupt? Eine ausf\u00fchrliche Erl\u00e4uterung? Nicht wirklich. &#8222;Dieser Artikel wurde zur L\u00f6schung vorgeschlagen. Begr\u00fcndung: Anhaltende \u00f6ffentliche Rezeption nicht vorhanden oder zumindest nicht im Artikel dargestellt.&#8220; Vielleicht [&hellip;]<\/p>\n","protected":false},"author":39,"featured_media":0,"comment_status":"open","ping_status":"closed","sticky":false,"template":"","format":"standard","meta":{"footnotes":""},"categories":[1269],"tags":[1337,1338,1339,1156],"class_list":["post-482","post","type-post","status-publish","format-standard","hentry","category-netzwerker","tag-ccc","tag-datenbrief","tag-loschdebatte","tag-wikipedia"],"yoast_head":"<!-- This site is optimized with the Yoast SEO plugin v21.0 - https:\/\/yoast.com\/wordpress\/plugins\/seo\/ -->\n<title>Datenbrief? L\u00f6schen! - Kulturkampf<\/title>\n<meta name=\"robots\" content=\"index, follow, max-snippet:-1, max-image-preview:large, max-video-preview:-1\" \/>\n<link rel=\"canonical\" href=\"https:\/\/blog.zeit.de\/kulturkampf\/2010\/02\/28\/datenbrief-loeschantrag-wikipedia\/\" \/>\n<meta property=\"og:locale\" content=\"de_DE\" \/>\n<meta property=\"og:type\" content=\"article\" \/>\n<meta property=\"og:title\" content=\"Datenbrief? L\u00f6schen! - Kulturkampf\" \/>\n<meta property=\"og:description\" content=\"Da denkt sich ein netzverr\u00fcckter Hackerverein einen interessanten Weg aus, um eines der dr\u00e4ngendsten Probleme der digitalen Welt l\u00f6sen zu helfen und was steht dann dar\u00fcber in dem kooperativen Netzprojekt \u00fcberhaupt? Eine ausf\u00fchrliche Erl\u00e4uterung? Nicht wirklich. &#8222;Dieser Artikel wurde zur L\u00f6schung vorgeschlagen. Begr\u00fcndung: Anhaltende \u00f6ffentliche Rezeption nicht vorhanden oder zumindest nicht im Artikel dargestellt.&#8220; Vielleicht [&hellip;]\" \/>\n<meta property=\"og:url\" content=\"https:\/\/blog.zeit.de\/kulturkampf\/2010\/02\/28\/datenbrief-loeschantrag-wikipedia\/\" \/>\n<meta property=\"og:site_name\" content=\"Kulturkampf\" \/>\n<meta property=\"article:published_time\" content=\"2010-02-28T01:10:37+00:00\" \/>\n<meta property=\"article:modified_time\" content=\"2010-03-10T11:57:57+00:00\" \/>\n<meta name=\"author\" content=\"Kai Biermann\" \/>\n<meta name=\"twitter:card\" content=\"summary_large_image\" \/>\n<meta name=\"twitter:label1\" content=\"Geschrieben von\" \/>\n\t<meta name=\"twitter:data1\" content=\"Kai Biermann\" \/>\n<script type=\"application\/ld+json\" class=\"yoast-schema-graph\">{\"@context\":\"https:\/\/schema.org\",\"@graph\":[{\"@type\":\"WebPage\",\"@id\":\"https:\/\/blog.zeit.de\/kulturkampf\/2010\/02\/28\/datenbrief-loeschantrag-wikipedia\/\",\"url\":\"https:\/\/blog.zeit.de\/kulturkampf\/2010\/02\/28\/datenbrief-loeschantrag-wikipedia\/\",\"name\":\"Datenbrief? L\u00f6schen! - Kulturkampf\",\"isPartOf\":{\"@id\":\"https:\/\/blog.zeit.de\/kulturkampf\/#website\"},\"datePublished\":\"2010-02-28T01:10:37+00:00\",\"dateModified\":\"2010-03-10T11:57:57+00:00\",\"author\":{\"@id\":\"https:\/\/blog.zeit.de\/kulturkampf\/#\/schema\/person\/a03c4af6b374e159b5f915165e667fc9\"},\"breadcrumb\":{\"@id\":\"https:\/\/blog.zeit.de\/kulturkampf\/2010\/02\/28\/datenbrief-loeschantrag-wikipedia\/#breadcrumb\"},\"inLanguage\":\"de\",\"potentialAction\":[{\"@type\":\"ReadAction\",\"target\":[\"https:\/\/blog.zeit.de\/kulturkampf\/2010\/02\/28\/datenbrief-loeschantrag-wikipedia\/\"]}]},{\"@type\":\"BreadcrumbList\",\"@id\":\"https:\/\/blog.zeit.de\/kulturkampf\/2010\/02\/28\/datenbrief-loeschantrag-wikipedia\/#breadcrumb\",\"itemListElement\":[{\"@type\":\"ListItem\",\"position\":1,\"name\":\"Startseite\",\"item\":\"https:\/\/blog.zeit.de\/kulturkampf\/\"},{\"@type\":\"ListItem\",\"position\":2,\"name\":\"Datenbrief? L\u00f6schen!\"}]},{\"@type\":\"WebSite\",\"@id\":\"https:\/\/blog.zeit.de\/kulturkampf\/#website\",\"url\":\"https:\/\/blog.zeit.de\/kulturkampf\/\",\"name\":\"Kulturkampf\",\"description\":\"Online und Offline - \u00fcber das Leben in zwei Welten\",\"potentialAction\":[{\"@type\":\"SearchAction\",\"target\":{\"@type\":\"EntryPoint\",\"urlTemplate\":\"https:\/\/blog.zeit.de\/kulturkampf\/?s={search_term_string}\"},\"query-input\":\"required name=search_term_string\"}],\"inLanguage\":\"de\"},{\"@type\":\"Person\",\"@id\":\"https:\/\/blog.zeit.de\/kulturkampf\/#\/schema\/person\/a03c4af6b374e159b5f915165e667fc9\",\"name\":\"Kai Biermann\",\"image\":{\"@type\":\"ImageObject\",\"inLanguage\":\"de\",\"@id\":\"https:\/\/blog.zeit.de\/kulturkampf\/#\/schema\/person\/image\/\",\"url\":\"https:\/\/secure.gravatar.com\/avatar\/780cd357e130092a8a6e17883fefa37ffa867f8f86af9e55f250c8cba7828979?s=96&d=mm&r=g\",\"contentUrl\":\"https:\/\/secure.gravatar.com\/avatar\/780cd357e130092a8a6e17883fefa37ffa867f8f86af9e55f250c8cba7828979?s=96&d=mm&r=g\",\"caption\":\"Kai Biermann\"},\"url\":\"https:\/\/blog.zeit.de\/kulturkampf\/author\/kai-biermann\/\"}]}<\/script>\n<!-- \/ Yoast SEO plugin. -->","yoast_head_json":{"title":"Datenbrief? L\u00f6schen! - Kulturkampf","robots":{"index":"index","follow":"follow","max-snippet":"max-snippet:-1","max-image-preview":"max-image-preview:large","max-video-preview":"max-video-preview:-1"},"canonical":"https:\/\/blog.zeit.de\/kulturkampf\/2010\/02\/28\/datenbrief-loeschantrag-wikipedia\/","og_locale":"de_DE","og_type":"article","og_title":"Datenbrief? L\u00f6schen! - Kulturkampf","og_description":"Da denkt sich ein netzverr\u00fcckter Hackerverein einen interessanten Weg aus, um eines der dr\u00e4ngendsten Probleme der digitalen Welt l\u00f6sen zu helfen und was steht dann dar\u00fcber in dem kooperativen Netzprojekt \u00fcberhaupt? Eine ausf\u00fchrliche Erl\u00e4uterung? Nicht wirklich. &#8222;Dieser Artikel wurde zur L\u00f6schung vorgeschlagen. Begr\u00fcndung: Anhaltende \u00f6ffentliche Rezeption nicht vorhanden oder zumindest nicht im Artikel dargestellt.&#8220; Vielleicht [&hellip;]","og_url":"https:\/\/blog.zeit.de\/kulturkampf\/2010\/02\/28\/datenbrief-loeschantrag-wikipedia\/","og_site_name":"Kulturkampf","article_published_time":"2010-02-28T01:10:37+00:00","article_modified_time":"2010-03-10T11:57:57+00:00","author":"Kai Biermann","twitter_card":"summary_large_image","twitter_misc":{"Geschrieben von":"Kai Biermann"},"schema":{"@context":"https:\/\/schema.org","@graph":[{"@type":"WebPage","@id":"https:\/\/blog.zeit.de\/kulturkampf\/2010\/02\/28\/datenbrief-loeschantrag-wikipedia\/","url":"https:\/\/blog.zeit.de\/kulturkampf\/2010\/02\/28\/datenbrief-loeschantrag-wikipedia\/","name":"Datenbrief? L\u00f6schen! - Kulturkampf","isPartOf":{"@id":"https:\/\/blog.zeit.de\/kulturkampf\/#website"},"datePublished":"2010-02-28T01:10:37+00:00","dateModified":"2010-03-10T11:57:57+00:00","author":{"@id":"https:\/\/blog.zeit.de\/kulturkampf\/#\/schema\/person\/a03c4af6b374e159b5f915165e667fc9"},"breadcrumb":{"@id":"https:\/\/blog.zeit.de\/kulturkampf\/2010\/02\/28\/datenbrief-loeschantrag-wikipedia\/#breadcrumb"},"inLanguage":"de","potentialAction":[{"@type":"ReadAction","target":["https:\/\/blog.zeit.de\/kulturkampf\/2010\/02\/28\/datenbrief-loeschantrag-wikipedia\/"]}]},{"@type":"BreadcrumbList","@id":"https:\/\/blog.zeit.de\/kulturkampf\/2010\/02\/28\/datenbrief-loeschantrag-wikipedia\/#breadcrumb","itemListElement":[{"@type":"ListItem","position":1,"name":"Startseite","item":"https:\/\/blog.zeit.de\/kulturkampf\/"},{"@type":"ListItem","position":2,"name":"Datenbrief? L\u00f6schen!"}]},{"@type":"WebSite","@id":"https:\/\/blog.zeit.de\/kulturkampf\/#website","url":"https:\/\/blog.zeit.de\/kulturkampf\/","name":"Kulturkampf","description":"Online und Offline - \u00fcber das Leben in zwei Welten","potentialAction":[{"@type":"SearchAction","target":{"@type":"EntryPoint","urlTemplate":"https:\/\/blog.zeit.de\/kulturkampf\/?s={search_term_string}"},"query-input":"required name=search_term_string"}],"inLanguage":"de"},{"@type":"Person","@id":"https:\/\/blog.zeit.de\/kulturkampf\/#\/schema\/person\/a03c4af6b374e159b5f915165e667fc9","name":"Kai Biermann","image":{"@type":"ImageObject","inLanguage":"de","@id":"https:\/\/blog.zeit.de\/kulturkampf\/#\/schema\/person\/image\/","url":"https:\/\/secure.gravatar.com\/avatar\/780cd357e130092a8a6e17883fefa37ffa867f8f86af9e55f250c8cba7828979?s=96&d=mm&r=g","contentUrl":"https:\/\/secure.gravatar.com\/avatar\/780cd357e130092a8a6e17883fefa37ffa867f8f86af9e55f250c8cba7828979?s=96&d=mm&r=g","caption":"Kai Biermann"},"url":"https:\/\/blog.zeit.de\/kulturkampf\/author\/kai-biermann\/"}]}},"jetpack_featured_media_url":"","_links":{"self":[{"href":"https:\/\/blog.zeit.de\/kulturkampf\/wp-json\/wp\/v2\/posts\/482","targetHints":{"allow":["GET"]}}],"collection":[{"href":"https:\/\/blog.zeit.de\/kulturkampf\/wp-json\/wp\/v2\/posts"}],"about":[{"href":"https:\/\/blog.zeit.de\/kulturkampf\/wp-json\/wp\/v2\/types\/post"}],"author":[{"embeddable":true,"href":"https:\/\/blog.zeit.de\/kulturkampf\/wp-json\/wp\/v2\/users\/39"}],"replies":[{"embeddable":true,"href":"https:\/\/blog.zeit.de\/kulturkampf\/wp-json\/wp\/v2\/comments?post=482"}],"version-history":[{"count":0,"href":"https:\/\/blog.zeit.de\/kulturkampf\/wp-json\/wp\/v2\/posts\/482\/revisions"}],"wp:attachment":[{"href":"https:\/\/blog.zeit.de\/kulturkampf\/wp-json\/wp\/v2\/media?parent=482"}],"wp:term":[{"taxonomy":"category","embeddable":true,"href":"https:\/\/blog.zeit.de\/kulturkampf\/wp-json\/wp\/v2\/categories?post=482"},{"taxonomy":"post_tag","embeddable":true,"href":"https:\/\/blog.zeit.de\/kulturkampf\/wp-json\/wp\/v2\/tags?post=482"}],"curies":[{"name":"wp","href":"https:\/\/api.w.org\/{rel}","templated":true}]}}