{"id":552,"date":"2010-03-16T11:38:11","date_gmt":"2010-03-16T10:38:11","guid":{"rendered":"http:\/\/blog.zeit.de\/kulturkampf\/?p=552"},"modified":"2010-03-16T12:25:11","modified_gmt":"2010-03-16T11:25:11","slug":"c-span-library","status":"publish","type":"post","link":"https:\/\/blog.zeit.de\/kulturkampf\/2010\/03\/16\/c-span-library\/","title":{"rendered":"Videoged\u00e4chtnis der US-Volksvertreter online"},"content":{"rendered":"<p>Seit 1979 sendet der amerikanische Fernsehsender C-Span aus dem Repr\u00e4sentantenhaus, 1986 kam auch der Senat hinzu. Rund um die Uhr gibt es dort Livemitschnitte von Sitzungen, Reden, Anh\u00f6rungen, Pressekonferenzen. Unmengen von Filmmaterial \u00fcber das Handeln der amerikanischen Regierung haben sich so in den Archiven des Senders gesammelt. Ab Mittwoch werden 160.000 Stunden davon <a href=\"http:\/\/www.c-spanvideo.org\/videoLibrary\/\">hier<\/a> jedem vollst\u00e4ndig zug\u00e4nglich sein.<\/p>\n<p>Alles, was seit 1987 \u00fcber den Sender ging, ist inzwischen digitalisiert und soll dann durchsuchbar sein.<\/p>\n<p>C-Span-Gr\u00fcnder <a href=\"http:\/\/en.wikipedia.org\/wiki\/Brian_Lamb\">Brian Lamb<\/a> sieht darin, wie er <a href=\"http:\/\/www.nytimes.com\/2010\/03\/16\/arts\/television\/16cspan.html\">der <em>New York Times<\/em> sagte<\/a>, einen simplen, aber weitreichenden Nutzen: &#8222;Man kann sehen, ob Politiker heute das Eine erz\u00e4hlen, vor 15 Jahren aber etwas ganz anderes gesagt haben.&#8220;<\/p>\n<p>Was nur konsequent ist, versteht sich der Sender, der eine Art Stiftung der amerikanischen Kabelanbieter ist, doch als Service f\u00fcr die \u00d6ffentlichkeit. Er soll staatliches Tun transparent machen. Das aktuelle Programm war schon l\u00e4nger live im Internet zu sehen, die \u00d6ffnung der Archive ist da nur der n\u00e4chste Schritt. Um das m\u00f6glich zu machen, hatte man 2007 die Copyright-Regeln des Senders <a href=\"http:\/\/www.c-span.org\/about\/press\/release.asp?code=video\">gelockert<\/a>. Seit dem sind Bilder jedes Ereignisses, das vom Kongress und von irgendeiner Regierungsbeh\u00f6rde gesponsert wurde, frei. Einzige Bedingung ist die Nennung der Quelle.<\/p>\n<p>Ganz so weit ist das deutsche <a href=\"http:\/\/www.bundestag.de\/bundestag\/parlamentsfernsehen\/index.jsp\">Parlamentsfernsehen<\/a> da noch nicht. Wer es verwenden will, muss sich <a href=\"http:\/\/www.bundestag.de\/presse\/video.html\">unter bestimmten Bedingungen<\/a> daf\u00fcr eine Genehmigung holen. Immerhin aber bietet sein Archiv Plenarsitzungen &#8222;ab dem 26. Oktober 1998&#8220;.<\/p>\n","protected":false},"excerpt":{"rendered":"<p>Seit 1979 sendet der amerikanische Fernsehsender C-Span aus dem Repr\u00e4sentantenhaus, 1986 kam auch der Senat hinzu. Rund um die Uhr gibt es dort Livemitschnitte von Sitzungen, Reden, Anh\u00f6rungen, Pressekonferenzen. Unmengen von Filmmaterial \u00fcber das Handeln der amerikanischen Regierung haben sich so in den Archiven des Senders gesammelt. Ab Mittwoch werden 160.000 Stunden davon hier jedem [&hellip;]<\/p>\n","protected":false},"author":39,"featured_media":0,"comment_status":"open","ping_status":"closed","sticky":false,"template":"","format":"standard","meta":{"footnotes":""},"categories":[1279],"tags":[1423,1424],"class_list":["post-552","post","type-post","status-publish","format-standard","hentry","category-medienzukunft","tag-c-span","tag-parlamentsfernsehen"],"yoast_head":"<!-- This site is optimized with the Yoast SEO plugin v21.0 - https:\/\/yoast.com\/wordpress\/plugins\/seo\/ -->\n<title>Videoged\u00e4chtnis der US-Volksvertreter online - Kulturkampf<\/title>\n<meta name=\"robots\" content=\"index, follow, max-snippet:-1, max-image-preview:large, max-video-preview:-1\" \/>\n<link rel=\"canonical\" href=\"https:\/\/blog.zeit.de\/kulturkampf\/2010\/03\/16\/c-span-library\/\" \/>\n<meta property=\"og:locale\" content=\"de_DE\" \/>\n<meta property=\"og:type\" content=\"article\" \/>\n<meta property=\"og:title\" content=\"Videoged\u00e4chtnis der US-Volksvertreter online - Kulturkampf\" \/>\n<meta property=\"og:description\" content=\"Seit 1979 sendet der amerikanische Fernsehsender C-Span aus dem Repr\u00e4sentantenhaus, 1986 kam auch der Senat hinzu. Rund um die Uhr gibt es dort Livemitschnitte von Sitzungen, Reden, Anh\u00f6rungen, Pressekonferenzen. Unmengen von Filmmaterial \u00fcber das Handeln der amerikanischen Regierung haben sich so in den Archiven des Senders gesammelt. Ab Mittwoch werden 160.000 Stunden davon hier jedem [&hellip;]\" \/>\n<meta property=\"og:url\" content=\"https:\/\/blog.zeit.de\/kulturkampf\/2010\/03\/16\/c-span-library\/\" \/>\n<meta property=\"og:site_name\" content=\"Kulturkampf\" \/>\n<meta property=\"article:published_time\" content=\"2010-03-16T10:38:11+00:00\" \/>\n<meta property=\"article:modified_time\" content=\"2010-03-16T11:25:11+00:00\" \/>\n<meta name=\"author\" content=\"Kai Biermann\" \/>\n<meta name=\"twitter:card\" content=\"summary_large_image\" \/>\n<meta name=\"twitter:label1\" content=\"Geschrieben von\" \/>\n\t<meta name=\"twitter:data1\" content=\"Kai Biermann\" \/>\n\t<meta name=\"twitter:label2\" content=\"Gesch\u00e4tzte Lesezeit\" \/>\n\t<meta name=\"twitter:data2\" content=\"1\u00a0Minute\" \/>\n<script type=\"application\/ld+json\" class=\"yoast-schema-graph\">{\"@context\":\"https:\/\/schema.org\",\"@graph\":[{\"@type\":\"WebPage\",\"@id\":\"https:\/\/blog.zeit.de\/kulturkampf\/2010\/03\/16\/c-span-library\/\",\"url\":\"https:\/\/blog.zeit.de\/kulturkampf\/2010\/03\/16\/c-span-library\/\",\"name\":\"Videoged\u00e4chtnis der US-Volksvertreter online - Kulturkampf\",\"isPartOf\":{\"@id\":\"https:\/\/blog.zeit.de\/kulturkampf\/#website\"},\"datePublished\":\"2010-03-16T10:38:11+00:00\",\"dateModified\":\"2010-03-16T11:25:11+00:00\",\"author\":{\"@id\":\"https:\/\/blog.zeit.de\/kulturkampf\/#\/schema\/person\/a03c4af6b374e159b5f915165e667fc9\"},\"breadcrumb\":{\"@id\":\"https:\/\/blog.zeit.de\/kulturkampf\/2010\/03\/16\/c-span-library\/#breadcrumb\"},\"inLanguage\":\"de\",\"potentialAction\":[{\"@type\":\"ReadAction\",\"target\":[\"https:\/\/blog.zeit.de\/kulturkampf\/2010\/03\/16\/c-span-library\/\"]}]},{\"@type\":\"BreadcrumbList\",\"@id\":\"https:\/\/blog.zeit.de\/kulturkampf\/2010\/03\/16\/c-span-library\/#breadcrumb\",\"itemListElement\":[{\"@type\":\"ListItem\",\"position\":1,\"name\":\"Startseite\",\"item\":\"https:\/\/blog.zeit.de\/kulturkampf\/\"},{\"@type\":\"ListItem\",\"position\":2,\"name\":\"Videoged\u00e4chtnis der US-Volksvertreter online\"}]},{\"@type\":\"WebSite\",\"@id\":\"https:\/\/blog.zeit.de\/kulturkampf\/#website\",\"url\":\"https:\/\/blog.zeit.de\/kulturkampf\/\",\"name\":\"Kulturkampf\",\"description\":\"Online und Offline - \u00fcber das Leben in zwei Welten\",\"potentialAction\":[{\"@type\":\"SearchAction\",\"target\":{\"@type\":\"EntryPoint\",\"urlTemplate\":\"https:\/\/blog.zeit.de\/kulturkampf\/?s={search_term_string}\"},\"query-input\":\"required name=search_term_string\"}],\"inLanguage\":\"de\"},{\"@type\":\"Person\",\"@id\":\"https:\/\/blog.zeit.de\/kulturkampf\/#\/schema\/person\/a03c4af6b374e159b5f915165e667fc9\",\"name\":\"Kai Biermann\",\"image\":{\"@type\":\"ImageObject\",\"inLanguage\":\"de\",\"@id\":\"https:\/\/blog.zeit.de\/kulturkampf\/#\/schema\/person\/image\/\",\"url\":\"https:\/\/secure.gravatar.com\/avatar\/780cd357e130092a8a6e17883fefa37ffa867f8f86af9e55f250c8cba7828979?s=96&d=mm&r=g\",\"contentUrl\":\"https:\/\/secure.gravatar.com\/avatar\/780cd357e130092a8a6e17883fefa37ffa867f8f86af9e55f250c8cba7828979?s=96&d=mm&r=g\",\"caption\":\"Kai Biermann\"},\"url\":\"https:\/\/blog.zeit.de\/kulturkampf\/author\/kai-biermann\/\"}]}<\/script>\n<!-- \/ Yoast SEO plugin. -->","yoast_head_json":{"title":"Videoged\u00e4chtnis der US-Volksvertreter online - Kulturkampf","robots":{"index":"index","follow":"follow","max-snippet":"max-snippet:-1","max-image-preview":"max-image-preview:large","max-video-preview":"max-video-preview:-1"},"canonical":"https:\/\/blog.zeit.de\/kulturkampf\/2010\/03\/16\/c-span-library\/","og_locale":"de_DE","og_type":"article","og_title":"Videoged\u00e4chtnis der US-Volksvertreter online - Kulturkampf","og_description":"Seit 1979 sendet der amerikanische Fernsehsender C-Span aus dem Repr\u00e4sentantenhaus, 1986 kam auch der Senat hinzu. Rund um die Uhr gibt es dort Livemitschnitte von Sitzungen, Reden, Anh\u00f6rungen, Pressekonferenzen. Unmengen von Filmmaterial \u00fcber das Handeln der amerikanischen Regierung haben sich so in den Archiven des Senders gesammelt. Ab Mittwoch werden 160.000 Stunden davon hier jedem [&hellip;]","og_url":"https:\/\/blog.zeit.de\/kulturkampf\/2010\/03\/16\/c-span-library\/","og_site_name":"Kulturkampf","article_published_time":"2010-03-16T10:38:11+00:00","article_modified_time":"2010-03-16T11:25:11+00:00","author":"Kai Biermann","twitter_card":"summary_large_image","twitter_misc":{"Geschrieben von":"Kai Biermann","Gesch\u00e4tzte Lesezeit":"1\u00a0Minute"},"schema":{"@context":"https:\/\/schema.org","@graph":[{"@type":"WebPage","@id":"https:\/\/blog.zeit.de\/kulturkampf\/2010\/03\/16\/c-span-library\/","url":"https:\/\/blog.zeit.de\/kulturkampf\/2010\/03\/16\/c-span-library\/","name":"Videoged\u00e4chtnis der US-Volksvertreter online - Kulturkampf","isPartOf":{"@id":"https:\/\/blog.zeit.de\/kulturkampf\/#website"},"datePublished":"2010-03-16T10:38:11+00:00","dateModified":"2010-03-16T11:25:11+00:00","author":{"@id":"https:\/\/blog.zeit.de\/kulturkampf\/#\/schema\/person\/a03c4af6b374e159b5f915165e667fc9"},"breadcrumb":{"@id":"https:\/\/blog.zeit.de\/kulturkampf\/2010\/03\/16\/c-span-library\/#breadcrumb"},"inLanguage":"de","potentialAction":[{"@type":"ReadAction","target":["https:\/\/blog.zeit.de\/kulturkampf\/2010\/03\/16\/c-span-library\/"]}]},{"@type":"BreadcrumbList","@id":"https:\/\/blog.zeit.de\/kulturkampf\/2010\/03\/16\/c-span-library\/#breadcrumb","itemListElement":[{"@type":"ListItem","position":1,"name":"Startseite","item":"https:\/\/blog.zeit.de\/kulturkampf\/"},{"@type":"ListItem","position":2,"name":"Videoged\u00e4chtnis der US-Volksvertreter online"}]},{"@type":"WebSite","@id":"https:\/\/blog.zeit.de\/kulturkampf\/#website","url":"https:\/\/blog.zeit.de\/kulturkampf\/","name":"Kulturkampf","description":"Online und Offline - \u00fcber das Leben in zwei Welten","potentialAction":[{"@type":"SearchAction","target":{"@type":"EntryPoint","urlTemplate":"https:\/\/blog.zeit.de\/kulturkampf\/?s={search_term_string}"},"query-input":"required name=search_term_string"}],"inLanguage":"de"},{"@type":"Person","@id":"https:\/\/blog.zeit.de\/kulturkampf\/#\/schema\/person\/a03c4af6b374e159b5f915165e667fc9","name":"Kai Biermann","image":{"@type":"ImageObject","inLanguage":"de","@id":"https:\/\/blog.zeit.de\/kulturkampf\/#\/schema\/person\/image\/","url":"https:\/\/secure.gravatar.com\/avatar\/780cd357e130092a8a6e17883fefa37ffa867f8f86af9e55f250c8cba7828979?s=96&d=mm&r=g","contentUrl":"https:\/\/secure.gravatar.com\/avatar\/780cd357e130092a8a6e17883fefa37ffa867f8f86af9e55f250c8cba7828979?s=96&d=mm&r=g","caption":"Kai Biermann"},"url":"https:\/\/blog.zeit.de\/kulturkampf\/author\/kai-biermann\/"}]}},"jetpack_featured_media_url":"","_links":{"self":[{"href":"https:\/\/blog.zeit.de\/kulturkampf\/wp-json\/wp\/v2\/posts\/552","targetHints":{"allow":["GET"]}}],"collection":[{"href":"https:\/\/blog.zeit.de\/kulturkampf\/wp-json\/wp\/v2\/posts"}],"about":[{"href":"https:\/\/blog.zeit.de\/kulturkampf\/wp-json\/wp\/v2\/types\/post"}],"author":[{"embeddable":true,"href":"https:\/\/blog.zeit.de\/kulturkampf\/wp-json\/wp\/v2\/users\/39"}],"replies":[{"embeddable":true,"href":"https:\/\/blog.zeit.de\/kulturkampf\/wp-json\/wp\/v2\/comments?post=552"}],"version-history":[{"count":0,"href":"https:\/\/blog.zeit.de\/kulturkampf\/wp-json\/wp\/v2\/posts\/552\/revisions"}],"wp:attachment":[{"href":"https:\/\/blog.zeit.de\/kulturkampf\/wp-json\/wp\/v2\/media?parent=552"}],"wp:term":[{"taxonomy":"category","embeddable":true,"href":"https:\/\/blog.zeit.de\/kulturkampf\/wp-json\/wp\/v2\/categories?post=552"},{"taxonomy":"post_tag","embeddable":true,"href":"https:\/\/blog.zeit.de\/kulturkampf\/wp-json\/wp\/v2\/tags?post=552"}],"curies":[{"name":"wp","href":"https:\/\/api.w.org\/{rel}","templated":true}]}}