{"id":588,"date":"2010-03-19T18:04:21","date_gmt":"2010-03-19T17:04:21","guid":{"rendered":"http:\/\/blog.zeit.de\/kulturkampf\/?p=588"},"modified":"2010-03-22T11:35:40","modified_gmt":"2010-03-22T10:35:40","slug":"unterstutzt-cryptome-und-wikileaks","status":"publish","type":"post","link":"https:\/\/blog.zeit.de\/kulturkampf\/2010\/03\/19\/unterstutzt-cryptome-und-wikileaks\/","title":{"rendered":"Unterst\u00fctzt Cryptome und Wikileaks!"},"content":{"rendered":"<p><em>Cryptome und Wikileaks m\u00fcssen von der deutschen Presse unterst\u00fctzt werden. Nicht nur ideell, sondern auch finanziell. Denn sie sind im Moment die letzten Garanten einer Presse- und Meinungsfreiheit.<\/em><\/p>\n<p>Zweierlei hat mir heute die enorme Bedeutung von <a href=\"http:\/\/cryptome.org\/\">Cryptome<\/a> und <a href=\"http:\/\/wikileaks.org\/\">Wikileaks<\/a> buchst\u00e4blich vor Augen gef\u00fchrt: Zum einen eine Video-Reportage \u00fcber die beiden Enth\u00fcllungsplattformen im Netz, die investigativen Journalisten das Leben erleichtern. Zum anderen die Erl\u00e4uterungen des Vorschlags f\u00fcr eine &#8222;Isl\u00e4ndische moderne Medieninitiative&#8220;, die seit kurzem <a href=\"http:\/\/immi.is\/?l=en&amp;p=vision\">online auf dem Server des isl\u00e4ndischen Parlaments auf Englisch verf\u00fcgbar<\/a> ist. Diese k\u00f6nnte darauf hinauslaufen, dass Wikileaks dauerhaft auf einer sicheren legislativen Grundlage aufbauen kann.<\/p>\n<p>Die Reportage erkl\u00e4rt, <a href=\"http:\/\/www.zeit.de\/online\/2009\/18\/wikileaks-sperrlisten\">warum Wikileaks einzigartig ist<\/a>. Zwar hat der New Yorker Architekt John Young mit<a href=\"http:\/\/cryptome.org\/\"> Cryptome<\/a> seit den neunziger Jahren wertvolle Pionierarbeit geleistet. Doch weil sein Server ausschlie\u00dflich amerikanischer Jurisdiktion unterworfen ist, ist er auch angreifbar. Au\u00dferdem ist es immer nur John Young, der die Dokumente ins Netz stellt. Das allerdings \u00e4u\u00dferst zuverl\u00e4ssig, wie auch die j\u00fcngste, schnell \u00fcberstandene <a href=\"http:\/\/futurezone.orf.at\/stories\/1640328\/\">Attacke vonMicrosoft auf Cryptome<\/a> gezeigt hat.<\/p>\n<p>Wikileaks hingegen ist nicht nur einfach eine Website, die von einem Engagierten gef\u00fchrt wird, sondern auch eine Technik, die es Whistleblowern beziehungsweise Informanten auf sehr effiziente und sichere Weise erlaubt, massenhaft Dokumente auf einen gesch\u00fctzten Server zu laden. Au\u00dferdem ist Wikileaks auf diversen Servern in der Welt verteilt und untersteht damit multipler Gesetzgebung.<\/p>\n<p>Umso mutiger ist es von Julian Assange und <a href=\"http:\/\/www.zeit.de\/digital\/internet\/2009-12\/wikileaks-daniel-schmitt\">Daniel Schmitt<\/a> sich als Gesicht von Wikileaks zu zeigen &#8211; denn sie k\u00f6nnten in belieben Staaten der Welt wegen Geheimnisverrat vor Gericht gebracht werden. Dass sie dabei nicht nur von den \u00fcblichen Verd\u00e4chtigen etwas zu bef\u00fcrchten haben, zeigte der j\u00fcngst ver\u00f6ffentlichte Bericht eines US-Milit\u00e4rgeheimdienstes (<a href=\"http:\/\/file.wikileaks.org\/file\/us-intel-wikileaks.pdf\">PDF<img decoding=\"async\" id=\"snap_com_shot_link_icon\" src=\"http:\/\/i.ixnp.com\/images\/v6.23\/t.gif\" alt=\"\" \/><\/a>), der analysiert hatte, wie angreifbar Wikileaks ist.\u00a0Hier die Reportage, die \u00fcbrigens auch John Young im Videointerview zeigt:<\/p>\n<p><object classid=\"clsid:d27cdb6e-ae6d-11cf-96b8-444553540000\" width=\"480\" height=\"280\" codebase=\"http:\/\/download.macromedia.com\/pub\/shockwave\/cabs\/flash\/swflash.cab#version=6,0,40,0\"><param name=\"allowFullScreen\" value=\"true\" \/><param name=\"allowScriptAccess\" value=\"always\" \/><param name=\"src\" value=\"http:\/\/www.youtube.com\/v\/4o2ZGk1djTU&amp;color1=0xb1b1b1&amp;color2=0xcfcfcf&amp;hl=en_US&amp;feature=player_embedded&amp;fs=1\" \/><param name=\"allowfullscreen\" value=\"true\" \/><\/object><\/p>\n<p>Der Bericht zeigt, wie wichtig diese beiden bislang einzigen einigerma\u00dfen sicheren alternativen Enth\u00fcllungsplattformen im Netz sind: F\u00fcr viele Menschen sind sie die einzige M\u00f6glichkeit, ungef\u00e4hrdet auf einen Missstand hinzuweisen. Wie Journalisten mit Wikileaks zusammenarbeiten k\u00f6nnen, zeigten in j\u00fcngster Zeit die\u00a0<a href=\"http:\/\/www.heise.de\/newsticker\/meldung\/LKW-Maut-Wikileaks-veroeffentlicht-geheime-Maut-Unterlagen-868208.html\">Enth\u00fcllungen\u00a0zur Maut<\/a>. Sie w\u00e4ren ohne die Kooperationsplattform Wikileaks in diesem gewaltigen Umfang nicht m\u00f6glich gewesen. Aber auch die Enth\u00fcllungen von Cryptome \u00fcber den Umgang von IT-Firmen mit Strafverfolgungsbeh\u00f6rden w\u00e4ren ohne Cryptome ungleich riskanter gewesen.<\/p>\n<p>Gerade in Deutschland sind Whistleblower <a href=\"http:\/\/mmm.verdi.de\/archiv\/2008\/06-07\/kolumne\/alarmpfiff\">gesetzlich nicht ausreichend gesch\u00fctzt<\/a>. Erst\u00a0im letzten Jahr ist schon <a href=\"http:\/\/www.heise.de\/jobs\/meldung\/Streit-um-Informantenschutz-fuer-Arbeitnehmer-213278.html\">im Vorfeld der Beratungen<\/a> eine\u00a0Gesetzesvorlage zum Schutz von Whistleblowern in Deutschland gescheitert. Diese gelten hier gerade im Arbeitgeberlager immer noch als &#8222;Nestbeschmutzer&#8220;, als Menschen, die andere Menschen &#8222;verpfeifen&#8220;. Nicht jedoch, wie die internationale Whistleblowerforschung zeigt, als verantwortungsbewusste Menschen, die keinen anderen Ausweg aus einem Notstand sehen, als sich an die \u00d6ffentlichkeit zu wenden, weil eine anderweitige Kl\u00e4rung aus gewichtigen Gr\u00fcnden nicht funktioniert.<\/p>\n<p>Hinzu kommt in Deutschland ein seit Jahrzehnten fehlender Arbeitnehmerdatenschutz. Das f\u00fchrt dazu, dass\u00a0Informanten in Unternehmen und Beh\u00f6rden kaum\u00a0noch in der Lage sind, sich vor Aufdeckung zu sch\u00fctzen. Denn es gibt nur noch wenige Arbeitspl\u00e4tze, die nicht auf\u00a0irgendeine Weise mit Kommunikations- und Informationstechnologien\u00a0verbunden sind, die wiederum Daten generieren,\u00a0die \u00fcber ihre Arbeit Auskunft geben k\u00f6nnen.<\/p>\n<p>Aber auch der Schutz von Journalisten ist in Deutschland unzureichend. Die\u00a0Rechte von Journalisten\u00a0und Redaktionen wurden in den letzten Jahren hinsichtlich des Zeugnisverweigerungsrechts\u00a0sowie Redaktionsgeheimnisses zunehmend ausgeh\u00f6hlt. Dazu z\u00e4hlt nach wie vor die\u00a0Speicherung von Telekommunikationsverbindungsdaten, da Journalisten vom Bundesverfassungsgericht in seinem j\u00fcngsten Urteil zur Vorratsdatenspeicherung nicht als besonders sch\u00fctzenswerte Berufsgruppe dargestellt wurde und k\u00fcnftig weiterhin damit rechnen m\u00fcssen, dass ihre zu Abrechnungszwecken gespeicherten Verbindungsdaten verwertbar bleiben. Zu den j\u00fcngsten Gesetzesinnovationen, die die Pressefreiheit aush\u00f6hlen z\u00e4hlt au\u00dferdem die Online-Durchsuchung.<\/p>\n<p>Umso erstaunlicher ist es eigentlich, dass deutsche Verleger und Journalistenverb\u00e4nde nicht schon l\u00e4ngst Wikileaks offiziell unterst\u00fctzen &#8211; zumal eine gesetzgeberische Initiative wie in Island in den Sternen steht. Wie vergleichsweise kleinklein die politischen Visionen hier sind, ist in den letzten Monaten an der Debatte um ein omin\u00f6ses Leistungsschutzrecht zu beobachten. Island jedenfalls hat als &#8211; relativ kleine Community &#8211; von der Wirtschaftskrise rasch gelernt und wagt den Angriff: Mehr Transparenz, mehr Offenheit sollen k\u00fcnftig Schutz bieten gegen allerlei Korruption und Manipulation.<\/p>\n<p><img decoding=\"async\" src=\"http:\/\/immi.is\/diagram_en_small.png\" alt=\"\" width=\"500\" \/><\/p>\n<p>Lernen will man von den Besten: Beispielsweise von den Schweden, deren Pressefreiheitsgesetz zahlreiche Nachrichtenagenturen und B\u00fcrgerrechtsorganisationen nach Stockholm lockt. Oder von den USA, deren strikte Auslegung der Meinungsfreiheit legend\u00e4r ist. Das Besondere ist auch: Island stellt seinen Vorschlag auch auf Englisch vor &#8211; und l\u00e4dt ausl\u00e4ndische Nichtregierungsorganisationen ein, ihn zu kommentieren. Das ist ungew\u00f6hnlich, aber dem Anliegen, eine zensurresistente Presse auf internationalem Niveau zu erm\u00f6glichen, nur angemessen.<\/p>\n<p>Diese Art von Weltl\u00e4ufigkeit w\u00fcnsche ich auch Deutschland. Die Enqu\u00eate-Kommission des Bundestags sollte sich auch damit befassen.\u00a0So lange sich Verlage und Journalisten jedoch nicht f\u00fcr ein massives Lobbying f\u00fcr die Pressefreiheit einsetzen wollen, sollten sie zumindest Wikileaks wie auch Cryptome nicht nur ideell, sondern auch monet\u00e4r unterst\u00fctzen. Sie sind f\u00fcr journalistische Arbeit unerl\u00e4sslich geworden. Weil sie letztlich die konsequentesten Garanten der Presse- und Meinungsfreiheit sind.<\/p>\n","protected":false},"excerpt":{"rendered":"<p>Cryptome und Wikileaks m\u00fcssen von der deutschen Presse unterst\u00fctzt werden. Nicht nur ideell, sondern auch finanziell. Denn sie sind im Moment die letzten Garanten einer Presse- und Meinungsfreiheit.<\/p>\n","protected":false},"author":218,"featured_media":0,"comment_status":"open","ping_status":"closed","sticky":false,"template":"","format":"standard","meta":{"footnotes":""},"categories":[1279],"tags":[1444,1390,1149,1443,1442,1148],"class_list":["post-588","post","type-post","status-publish","format-standard","hentry","category-medienzukunft","tag-cryptome","tag-enquete-kommission","tag-informationsfreiheit","tag-pressefreiheit","tag-whistleblower","tag-wikileaks"],"yoast_head":"<!-- This site is optimized with the Yoast SEO plugin v21.0 - https:\/\/yoast.com\/wordpress\/plugins\/seo\/ -->\n<title>Unterst\u00fctzt Cryptome und Wikileaks! - Kulturkampf<\/title>\n<meta name=\"robots\" content=\"index, follow, max-snippet:-1, max-image-preview:large, max-video-preview:-1\" \/>\n<link rel=\"canonical\" href=\"https:\/\/blog.zeit.de\/kulturkampf\/2010\/03\/19\/unterstutzt-cryptome-und-wikileaks\/\" \/>\n<meta property=\"og:locale\" content=\"de_DE\" \/>\n<meta property=\"og:type\" content=\"article\" \/>\n<meta property=\"og:title\" content=\"Unterst\u00fctzt Cryptome und Wikileaks! - Kulturkampf\" \/>\n<meta property=\"og:description\" content=\"Cryptome und Wikileaks m\u00fcssen von der deutschen Presse unterst\u00fctzt werden. Nicht nur ideell, sondern auch finanziell. Denn sie sind im Moment die letzten Garanten einer Presse- und Meinungsfreiheit.\" \/>\n<meta property=\"og:url\" content=\"https:\/\/blog.zeit.de\/kulturkampf\/2010\/03\/19\/unterstutzt-cryptome-und-wikileaks\/\" \/>\n<meta property=\"og:site_name\" content=\"Kulturkampf\" \/>\n<meta property=\"article:published_time\" content=\"2010-03-19T17:04:21+00:00\" \/>\n<meta property=\"article:modified_time\" content=\"2010-03-22T10:35:40+00:00\" \/>\n<meta property=\"og:image\" content=\"http:\/\/i.ixnp.com\/images\/v6.23\/t.gif\" \/>\n<meta name=\"author\" content=\"Christiane Schulzki-Haddouti\" \/>\n<meta name=\"twitter:card\" content=\"summary_large_image\" \/>\n<meta name=\"twitter:label1\" content=\"Geschrieben von\" \/>\n\t<meta name=\"twitter:data1\" content=\"Christiane Schulzki-Haddouti\" \/>\n\t<meta name=\"twitter:label2\" content=\"Gesch\u00e4tzte Lesezeit\" \/>\n\t<meta name=\"twitter:data2\" content=\"4\u00a0Minuten\" \/>\n<script type=\"application\/ld+json\" class=\"yoast-schema-graph\">{\"@context\":\"https:\/\/schema.org\",\"@graph\":[{\"@type\":\"WebPage\",\"@id\":\"https:\/\/blog.zeit.de\/kulturkampf\/2010\/03\/19\/unterstutzt-cryptome-und-wikileaks\/\",\"url\":\"https:\/\/blog.zeit.de\/kulturkampf\/2010\/03\/19\/unterstutzt-cryptome-und-wikileaks\/\",\"name\":\"Unterst\u00fctzt Cryptome und Wikileaks! - Kulturkampf\",\"isPartOf\":{\"@id\":\"https:\/\/blog.zeit.de\/kulturkampf\/#website\"},\"datePublished\":\"2010-03-19T17:04:21+00:00\",\"dateModified\":\"2010-03-22T10:35:40+00:00\",\"author\":{\"@id\":\"https:\/\/blog.zeit.de\/kulturkampf\/#\/schema\/person\/b4eb764366884539204225e2dbc5a5c6\"},\"breadcrumb\":{\"@id\":\"https:\/\/blog.zeit.de\/kulturkampf\/2010\/03\/19\/unterstutzt-cryptome-und-wikileaks\/#breadcrumb\"},\"inLanguage\":\"de\",\"potentialAction\":[{\"@type\":\"ReadAction\",\"target\":[\"https:\/\/blog.zeit.de\/kulturkampf\/2010\/03\/19\/unterstutzt-cryptome-und-wikileaks\/\"]}]},{\"@type\":\"BreadcrumbList\",\"@id\":\"https:\/\/blog.zeit.de\/kulturkampf\/2010\/03\/19\/unterstutzt-cryptome-und-wikileaks\/#breadcrumb\",\"itemListElement\":[{\"@type\":\"ListItem\",\"position\":1,\"name\":\"Startseite\",\"item\":\"https:\/\/blog.zeit.de\/kulturkampf\/\"},{\"@type\":\"ListItem\",\"position\":2,\"name\":\"Unterst\u00fctzt Cryptome und Wikileaks!\"}]},{\"@type\":\"WebSite\",\"@id\":\"https:\/\/blog.zeit.de\/kulturkampf\/#website\",\"url\":\"https:\/\/blog.zeit.de\/kulturkampf\/\",\"name\":\"Kulturkampf\",\"description\":\"Online und Offline - \u00fcber das Leben in zwei Welten\",\"potentialAction\":[{\"@type\":\"SearchAction\",\"target\":{\"@type\":\"EntryPoint\",\"urlTemplate\":\"https:\/\/blog.zeit.de\/kulturkampf\/?s={search_term_string}\"},\"query-input\":\"required name=search_term_string\"}],\"inLanguage\":\"de\"},{\"@type\":\"Person\",\"@id\":\"https:\/\/blog.zeit.de\/kulturkampf\/#\/schema\/person\/b4eb764366884539204225e2dbc5a5c6\",\"name\":\"Christiane Schulzki-Haddouti\",\"image\":{\"@type\":\"ImageObject\",\"inLanguage\":\"de\",\"@id\":\"https:\/\/blog.zeit.de\/kulturkampf\/#\/schema\/person\/image\/\",\"url\":\"https:\/\/secure.gravatar.com\/avatar\/600c9c5d86bdb9b02c616a1c35365d6bde8b38acbe5aab179c7a93897c727ef0?s=96&d=mm&r=g\",\"contentUrl\":\"https:\/\/secure.gravatar.com\/avatar\/600c9c5d86bdb9b02c616a1c35365d6bde8b38acbe5aab179c7a93897c727ef0?s=96&d=mm&r=g\",\"caption\":\"Christiane Schulzki-Haddouti\"},\"sameAs\":[\"http:\/\/blog.kooptech.de\/\"],\"url\":\"https:\/\/blog.zeit.de\/kulturkampf\/author\/christiane-schulzki-haddouti\/\"}]}<\/script>\n<!-- \/ Yoast SEO plugin. -->","yoast_head_json":{"title":"Unterst\u00fctzt Cryptome und Wikileaks! - Kulturkampf","robots":{"index":"index","follow":"follow","max-snippet":"max-snippet:-1","max-image-preview":"max-image-preview:large","max-video-preview":"max-video-preview:-1"},"canonical":"https:\/\/blog.zeit.de\/kulturkampf\/2010\/03\/19\/unterstutzt-cryptome-und-wikileaks\/","og_locale":"de_DE","og_type":"article","og_title":"Unterst\u00fctzt Cryptome und Wikileaks! - Kulturkampf","og_description":"Cryptome und Wikileaks m\u00fcssen von der deutschen Presse unterst\u00fctzt werden. Nicht nur ideell, sondern auch finanziell. Denn sie sind im Moment die letzten Garanten einer Presse- und Meinungsfreiheit.","og_url":"https:\/\/blog.zeit.de\/kulturkampf\/2010\/03\/19\/unterstutzt-cryptome-und-wikileaks\/","og_site_name":"Kulturkampf","article_published_time":"2010-03-19T17:04:21+00:00","article_modified_time":"2010-03-22T10:35:40+00:00","og_image":[{"url":"http:\/\/i.ixnp.com\/images\/v6.23\/t.gif"}],"author":"Christiane Schulzki-Haddouti","twitter_card":"summary_large_image","twitter_misc":{"Geschrieben von":"Christiane Schulzki-Haddouti","Gesch\u00e4tzte Lesezeit":"4\u00a0Minuten"},"schema":{"@context":"https:\/\/schema.org","@graph":[{"@type":"WebPage","@id":"https:\/\/blog.zeit.de\/kulturkampf\/2010\/03\/19\/unterstutzt-cryptome-und-wikileaks\/","url":"https:\/\/blog.zeit.de\/kulturkampf\/2010\/03\/19\/unterstutzt-cryptome-und-wikileaks\/","name":"Unterst\u00fctzt Cryptome und Wikileaks! - Kulturkampf","isPartOf":{"@id":"https:\/\/blog.zeit.de\/kulturkampf\/#website"},"datePublished":"2010-03-19T17:04:21+00:00","dateModified":"2010-03-22T10:35:40+00:00","author":{"@id":"https:\/\/blog.zeit.de\/kulturkampf\/#\/schema\/person\/b4eb764366884539204225e2dbc5a5c6"},"breadcrumb":{"@id":"https:\/\/blog.zeit.de\/kulturkampf\/2010\/03\/19\/unterstutzt-cryptome-und-wikileaks\/#breadcrumb"},"inLanguage":"de","potentialAction":[{"@type":"ReadAction","target":["https:\/\/blog.zeit.de\/kulturkampf\/2010\/03\/19\/unterstutzt-cryptome-und-wikileaks\/"]}]},{"@type":"BreadcrumbList","@id":"https:\/\/blog.zeit.de\/kulturkampf\/2010\/03\/19\/unterstutzt-cryptome-und-wikileaks\/#breadcrumb","itemListElement":[{"@type":"ListItem","position":1,"name":"Startseite","item":"https:\/\/blog.zeit.de\/kulturkampf\/"},{"@type":"ListItem","position":2,"name":"Unterst\u00fctzt Cryptome und Wikileaks!"}]},{"@type":"WebSite","@id":"https:\/\/blog.zeit.de\/kulturkampf\/#website","url":"https:\/\/blog.zeit.de\/kulturkampf\/","name":"Kulturkampf","description":"Online und Offline - \u00fcber das Leben in zwei Welten","potentialAction":[{"@type":"SearchAction","target":{"@type":"EntryPoint","urlTemplate":"https:\/\/blog.zeit.de\/kulturkampf\/?s={search_term_string}"},"query-input":"required name=search_term_string"}],"inLanguage":"de"},{"@type":"Person","@id":"https:\/\/blog.zeit.de\/kulturkampf\/#\/schema\/person\/b4eb764366884539204225e2dbc5a5c6","name":"Christiane Schulzki-Haddouti","image":{"@type":"ImageObject","inLanguage":"de","@id":"https:\/\/blog.zeit.de\/kulturkampf\/#\/schema\/person\/image\/","url":"https:\/\/secure.gravatar.com\/avatar\/600c9c5d86bdb9b02c616a1c35365d6bde8b38acbe5aab179c7a93897c727ef0?s=96&d=mm&r=g","contentUrl":"https:\/\/secure.gravatar.com\/avatar\/600c9c5d86bdb9b02c616a1c35365d6bde8b38acbe5aab179c7a93897c727ef0?s=96&d=mm&r=g","caption":"Christiane Schulzki-Haddouti"},"sameAs":["http:\/\/blog.kooptech.de\/"],"url":"https:\/\/blog.zeit.de\/kulturkampf\/author\/christiane-schulzki-haddouti\/"}]}},"jetpack_featured_media_url":"","_links":{"self":[{"href":"https:\/\/blog.zeit.de\/kulturkampf\/wp-json\/wp\/v2\/posts\/588","targetHints":{"allow":["GET"]}}],"collection":[{"href":"https:\/\/blog.zeit.de\/kulturkampf\/wp-json\/wp\/v2\/posts"}],"about":[{"href":"https:\/\/blog.zeit.de\/kulturkampf\/wp-json\/wp\/v2\/types\/post"}],"author":[{"embeddable":true,"href":"https:\/\/blog.zeit.de\/kulturkampf\/wp-json\/wp\/v2\/users\/218"}],"replies":[{"embeddable":true,"href":"https:\/\/blog.zeit.de\/kulturkampf\/wp-json\/wp\/v2\/comments?post=588"}],"version-history":[{"count":0,"href":"https:\/\/blog.zeit.de\/kulturkampf\/wp-json\/wp\/v2\/posts\/588\/revisions"}],"wp:attachment":[{"href":"https:\/\/blog.zeit.de\/kulturkampf\/wp-json\/wp\/v2\/media?parent=588"}],"wp:term":[{"taxonomy":"category","embeddable":true,"href":"https:\/\/blog.zeit.de\/kulturkampf\/wp-json\/wp\/v2\/categories?post=588"},{"taxonomy":"post_tag","embeddable":true,"href":"https:\/\/blog.zeit.de\/kulturkampf\/wp-json\/wp\/v2\/tags?post=588"}],"curies":[{"name":"wp","href":"https:\/\/api.w.org\/{rel}","templated":true}]}}