{"id":643,"date":"2010-04-13T22:41:49","date_gmt":"2010-04-13T20:41:49","guid":{"rendered":"http:\/\/blog.zeit.de\/kulturkampf\/?p=643"},"modified":"2010-04-13T22:41:49","modified_gmt":"2010-04-13T20:41:49","slug":"auf-der-suche-nach-den-dummsten-followern","status":"publish","type":"post","link":"https:\/\/blog.zeit.de\/kulturkampf\/2010\/04\/13\/auf-der-suche-nach-den-dummsten-followern\/","title":{"rendered":"Auf der Suche nach den d\u00fcmmsten Followern"},"content":{"rendered":"<p>Zwar glauben Wissenschaftler <a href=\"www.spiegel.de\/wissenschaft\/mensch\/0,1518,680956,00.html\" target=\"_blank\">inzwischen belegen<\/a> zu k\u00f6nnen, dass politisch rechts stehende Menschen durchschnittlich etwas unintelligenter sind als Linke. Die Frage aber, ob zum Beispiel die konservative Politikerin Sarah Palin oder der kanadische R&amp;B-S\u00e4nger Justin Bieber die d\u00fcmmeren Follower auf Twitter hat, blieb bis heute unbeantwortet.<\/p>\n<p>Nun ist auch diese Wissensl\u00fccke endlich geschlossen. Der Dienst &#8222;<a href=\"http:\/\/www.tomscott.com\/stupidfight\/\" target=\"_blank\">Stupid Fight<\/a>&#8220; gibt n\u00e4mlich vor, genau das beurteilen zu k\u00f6nnen: die Intelligenz oder Dummheit von Menschen, die bekannten Pers\u00f6nlichkeiten auf Twitter folgen (das Programm trifft diese Aussage nur im Vergleich, nicht generell). Das Resultat: Die Tweets der prominenten, amerikanischen Konservativen Sarah Palin werden \u00a0von den kl\u00fcgeren Lesern verfolgt als die des kanadischen R&amp;B-S\u00e4ngers. Ein bisschen geringer, aber immer noch vernichtend sieht ihr Vorsprung gegen\u00fcber \u00a0Lady Gaga aus. Und im Kampf der Technikgiganten m\u00fcssen sich die Bill Gates Follower leider bescheinigen lassen, etwas d\u00fcmmer zu sein als die von Google-Mann Eric Schmidt.<\/p>\n<p>Aber woran bemisst das Programm die Dummheit \u00fcberhaupt? Indem es die Nachrichten auswertet, die diese den Promis schicken, schreibt \u00a0Tom Scott, der Erfinder von <em>Stupid Fight <\/em><a href=\"http:\/\/www.tomscott.com\/stupidfight\/#ladygaga-vs-justinbieber\" target=\"_blank\">auf seiner Seite<\/a>. Rechtschreibfehler, fehlende Gro\u00df- und Kleinschreibung und ein \u00dcberma\u00df an Ausrufezeichen und Netzk\u00fcrzeln schlagen sich dabei besonders negativ auf die Beurteilung des Twitter-IQs nieder.<\/p>\n<p>Der Linguist Tom Scott glaubt zumindest, es gebe starke Indizien daf\u00fcr, dass die Masse der Menschen mit einem solchen Schreibverhalten d\u00fcmmer sein muss als der Teil der Menschen, der seine Worte etwas sorgsamer w\u00e4hlt, bevor er auf &#8222;Senden&#8220; dr\u00fcckt.<\/p>\n<p>F\u00fcr ein grobes, massenhaftes Urteil mag das sogar richtig sein. Aber ein bisschen plump kommt der Ansatz schon daher. So ist nicht jeder, der auf gro\u00dfschreibung verzichtet, gleich ein idiot. Oder???!<\/p>\n","protected":false},"excerpt":{"rendered":"<p>Zwar glauben Wissenschaftler inzwischen belegen zu k\u00f6nnen, dass politisch rechts stehende Menschen durchschnittlich etwas unintelligenter sind als Linke. Die Frage aber, ob zum Beispiel die konservative Politikerin Sarah Palin oder der kanadische R&amp;B-S\u00e4nger Justin Bieber die d\u00fcmmeren Follower auf Twitter hat, blieb bis heute unbeantwortet. Nun ist auch diese Wissensl\u00fccke endlich geschlossen. Der Dienst &#8222;Stupid [&hellip;]<\/p>\n","protected":false},"author":158,"featured_media":0,"comment_status":"open","ping_status":"closed","sticky":false,"template":"","format":"standard","meta":{"footnotes":""},"categories":[1279],"tags":[1938,1936,1937,560],"class_list":["post-643","post","type-post","status-publish","format-standard","hentry","category-medienzukunft","tag-medienkompetenz","tag-stupid-fight","tag-tom-scott","tag-twitter"],"yoast_head":"<!-- This site is optimized with the Yoast SEO plugin v21.0 - https:\/\/yoast.com\/wordpress\/plugins\/seo\/ -->\n<title>Auf der Suche nach den d\u00fcmmsten Followern - Kulturkampf<\/title>\n<meta name=\"robots\" content=\"index, follow, max-snippet:-1, max-image-preview:large, max-video-preview:-1\" \/>\n<link rel=\"canonical\" href=\"https:\/\/blog.zeit.de\/kulturkampf\/2010\/04\/13\/auf-der-suche-nach-den-dummsten-followern\/\" \/>\n<meta property=\"og:locale\" content=\"de_DE\" \/>\n<meta property=\"og:type\" content=\"article\" \/>\n<meta property=\"og:title\" content=\"Auf der Suche nach den d\u00fcmmsten Followern - Kulturkampf\" \/>\n<meta property=\"og:description\" content=\"Zwar glauben Wissenschaftler inzwischen belegen zu k\u00f6nnen, dass politisch rechts stehende Menschen durchschnittlich etwas unintelligenter sind als Linke. Die Frage aber, ob zum Beispiel die konservative Politikerin Sarah Palin oder der kanadische R&amp;B-S\u00e4nger Justin Bieber die d\u00fcmmeren Follower auf Twitter hat, blieb bis heute unbeantwortet. Nun ist auch diese Wissensl\u00fccke endlich geschlossen. Der Dienst &#8222;Stupid [&hellip;]\" \/>\n<meta property=\"og:url\" content=\"https:\/\/blog.zeit.de\/kulturkampf\/2010\/04\/13\/auf-der-suche-nach-den-dummsten-followern\/\" \/>\n<meta property=\"og:site_name\" content=\"Kulturkampf\" \/>\n<meta property=\"article:published_time\" content=\"2010-04-13T20:41:49+00:00\" \/>\n<meta name=\"author\" content=\"Tina Klopp\" \/>\n<meta name=\"twitter:card\" content=\"summary_large_image\" \/>\n<meta name=\"twitter:label1\" content=\"Geschrieben von\" \/>\n\t<meta name=\"twitter:data1\" content=\"Tina Klopp\" \/>\n\t<meta name=\"twitter:label2\" content=\"Gesch\u00e4tzte Lesezeit\" \/>\n\t<meta name=\"twitter:data2\" content=\"1\u00a0Minute\" \/>\n<script type=\"application\/ld+json\" class=\"yoast-schema-graph\">{\"@context\":\"https:\/\/schema.org\",\"@graph\":[{\"@type\":\"WebPage\",\"@id\":\"https:\/\/blog.zeit.de\/kulturkampf\/2010\/04\/13\/auf-der-suche-nach-den-dummsten-followern\/\",\"url\":\"https:\/\/blog.zeit.de\/kulturkampf\/2010\/04\/13\/auf-der-suche-nach-den-dummsten-followern\/\",\"name\":\"Auf der Suche nach den d\u00fcmmsten Followern - Kulturkampf\",\"isPartOf\":{\"@id\":\"https:\/\/blog.zeit.de\/kulturkampf\/#website\"},\"datePublished\":\"2010-04-13T20:41:49+00:00\",\"dateModified\":\"2010-04-13T20:41:49+00:00\",\"author\":{\"@id\":\"https:\/\/blog.zeit.de\/kulturkampf\/#\/schema\/person\/3623cf840315901e4a1345533eb3c961\"},\"breadcrumb\":{\"@id\":\"https:\/\/blog.zeit.de\/kulturkampf\/2010\/04\/13\/auf-der-suche-nach-den-dummsten-followern\/#breadcrumb\"},\"inLanguage\":\"de\",\"potentialAction\":[{\"@type\":\"ReadAction\",\"target\":[\"https:\/\/blog.zeit.de\/kulturkampf\/2010\/04\/13\/auf-der-suche-nach-den-dummsten-followern\/\"]}]},{\"@type\":\"BreadcrumbList\",\"@id\":\"https:\/\/blog.zeit.de\/kulturkampf\/2010\/04\/13\/auf-der-suche-nach-den-dummsten-followern\/#breadcrumb\",\"itemListElement\":[{\"@type\":\"ListItem\",\"position\":1,\"name\":\"Startseite\",\"item\":\"https:\/\/blog.zeit.de\/kulturkampf\/\"},{\"@type\":\"ListItem\",\"position\":2,\"name\":\"Auf der Suche nach den d\u00fcmmsten Followern\"}]},{\"@type\":\"WebSite\",\"@id\":\"https:\/\/blog.zeit.de\/kulturkampf\/#website\",\"url\":\"https:\/\/blog.zeit.de\/kulturkampf\/\",\"name\":\"Kulturkampf\",\"description\":\"Online und Offline - \u00fcber das Leben in zwei Welten\",\"potentialAction\":[{\"@type\":\"SearchAction\",\"target\":{\"@type\":\"EntryPoint\",\"urlTemplate\":\"https:\/\/blog.zeit.de\/kulturkampf\/?s={search_term_string}\"},\"query-input\":\"required name=search_term_string\"}],\"inLanguage\":\"de\"},{\"@type\":\"Person\",\"@id\":\"https:\/\/blog.zeit.de\/kulturkampf\/#\/schema\/person\/3623cf840315901e4a1345533eb3c961\",\"name\":\"Tina Klopp\",\"image\":{\"@type\":\"ImageObject\",\"inLanguage\":\"de\",\"@id\":\"https:\/\/blog.zeit.de\/kulturkampf\/#\/schema\/person\/image\/\",\"url\":\"https:\/\/secure.gravatar.com\/avatar\/56825d987293c9dbfb42a0f779cee190ae0a4876776b50ddea7e8aed94fef619?s=96&d=mm&r=g\",\"contentUrl\":\"https:\/\/secure.gravatar.com\/avatar\/56825d987293c9dbfb42a0f779cee190ae0a4876776b50ddea7e8aed94fef619?s=96&d=mm&r=g\",\"caption\":\"Tina Klopp\"},\"url\":\"https:\/\/blog.zeit.de\/kulturkampf\/author\/tina-klopp\/\"}]}<\/script>\n<!-- \/ Yoast SEO plugin. -->","yoast_head_json":{"title":"Auf der Suche nach den d\u00fcmmsten Followern - Kulturkampf","robots":{"index":"index","follow":"follow","max-snippet":"max-snippet:-1","max-image-preview":"max-image-preview:large","max-video-preview":"max-video-preview:-1"},"canonical":"https:\/\/blog.zeit.de\/kulturkampf\/2010\/04\/13\/auf-der-suche-nach-den-dummsten-followern\/","og_locale":"de_DE","og_type":"article","og_title":"Auf der Suche nach den d\u00fcmmsten Followern - Kulturkampf","og_description":"Zwar glauben Wissenschaftler inzwischen belegen zu k\u00f6nnen, dass politisch rechts stehende Menschen durchschnittlich etwas unintelligenter sind als Linke. Die Frage aber, ob zum Beispiel die konservative Politikerin Sarah Palin oder der kanadische R&amp;B-S\u00e4nger Justin Bieber die d\u00fcmmeren Follower auf Twitter hat, blieb bis heute unbeantwortet. Nun ist auch diese Wissensl\u00fccke endlich geschlossen. Der Dienst &#8222;Stupid [&hellip;]","og_url":"https:\/\/blog.zeit.de\/kulturkampf\/2010\/04\/13\/auf-der-suche-nach-den-dummsten-followern\/","og_site_name":"Kulturkampf","article_published_time":"2010-04-13T20:41:49+00:00","author":"Tina Klopp","twitter_card":"summary_large_image","twitter_misc":{"Geschrieben von":"Tina Klopp","Gesch\u00e4tzte Lesezeit":"1\u00a0Minute"},"schema":{"@context":"https:\/\/schema.org","@graph":[{"@type":"WebPage","@id":"https:\/\/blog.zeit.de\/kulturkampf\/2010\/04\/13\/auf-der-suche-nach-den-dummsten-followern\/","url":"https:\/\/blog.zeit.de\/kulturkampf\/2010\/04\/13\/auf-der-suche-nach-den-dummsten-followern\/","name":"Auf der Suche nach den d\u00fcmmsten Followern - Kulturkampf","isPartOf":{"@id":"https:\/\/blog.zeit.de\/kulturkampf\/#website"},"datePublished":"2010-04-13T20:41:49+00:00","dateModified":"2010-04-13T20:41:49+00:00","author":{"@id":"https:\/\/blog.zeit.de\/kulturkampf\/#\/schema\/person\/3623cf840315901e4a1345533eb3c961"},"breadcrumb":{"@id":"https:\/\/blog.zeit.de\/kulturkampf\/2010\/04\/13\/auf-der-suche-nach-den-dummsten-followern\/#breadcrumb"},"inLanguage":"de","potentialAction":[{"@type":"ReadAction","target":["https:\/\/blog.zeit.de\/kulturkampf\/2010\/04\/13\/auf-der-suche-nach-den-dummsten-followern\/"]}]},{"@type":"BreadcrumbList","@id":"https:\/\/blog.zeit.de\/kulturkampf\/2010\/04\/13\/auf-der-suche-nach-den-dummsten-followern\/#breadcrumb","itemListElement":[{"@type":"ListItem","position":1,"name":"Startseite","item":"https:\/\/blog.zeit.de\/kulturkampf\/"},{"@type":"ListItem","position":2,"name":"Auf der Suche nach den d\u00fcmmsten Followern"}]},{"@type":"WebSite","@id":"https:\/\/blog.zeit.de\/kulturkampf\/#website","url":"https:\/\/blog.zeit.de\/kulturkampf\/","name":"Kulturkampf","description":"Online und Offline - \u00fcber das Leben in zwei Welten","potentialAction":[{"@type":"SearchAction","target":{"@type":"EntryPoint","urlTemplate":"https:\/\/blog.zeit.de\/kulturkampf\/?s={search_term_string}"},"query-input":"required name=search_term_string"}],"inLanguage":"de"},{"@type":"Person","@id":"https:\/\/blog.zeit.de\/kulturkampf\/#\/schema\/person\/3623cf840315901e4a1345533eb3c961","name":"Tina Klopp","image":{"@type":"ImageObject","inLanguage":"de","@id":"https:\/\/blog.zeit.de\/kulturkampf\/#\/schema\/person\/image\/","url":"https:\/\/secure.gravatar.com\/avatar\/56825d987293c9dbfb42a0f779cee190ae0a4876776b50ddea7e8aed94fef619?s=96&d=mm&r=g","contentUrl":"https:\/\/secure.gravatar.com\/avatar\/56825d987293c9dbfb42a0f779cee190ae0a4876776b50ddea7e8aed94fef619?s=96&d=mm&r=g","caption":"Tina Klopp"},"url":"https:\/\/blog.zeit.de\/kulturkampf\/author\/tina-klopp\/"}]}},"jetpack_featured_media_url":"","_links":{"self":[{"href":"https:\/\/blog.zeit.de\/kulturkampf\/wp-json\/wp\/v2\/posts\/643","targetHints":{"allow":["GET"]}}],"collection":[{"href":"https:\/\/blog.zeit.de\/kulturkampf\/wp-json\/wp\/v2\/posts"}],"about":[{"href":"https:\/\/blog.zeit.de\/kulturkampf\/wp-json\/wp\/v2\/types\/post"}],"author":[{"embeddable":true,"href":"https:\/\/blog.zeit.de\/kulturkampf\/wp-json\/wp\/v2\/users\/158"}],"replies":[{"embeddable":true,"href":"https:\/\/blog.zeit.de\/kulturkampf\/wp-json\/wp\/v2\/comments?post=643"}],"version-history":[{"count":0,"href":"https:\/\/blog.zeit.de\/kulturkampf\/wp-json\/wp\/v2\/posts\/643\/revisions"}],"wp:attachment":[{"href":"https:\/\/blog.zeit.de\/kulturkampf\/wp-json\/wp\/v2\/media?parent=643"}],"wp:term":[{"taxonomy":"category","embeddable":true,"href":"https:\/\/blog.zeit.de\/kulturkampf\/wp-json\/wp\/v2\/categories?post=643"},{"taxonomy":"post_tag","embeddable":true,"href":"https:\/\/blog.zeit.de\/kulturkampf\/wp-json\/wp\/v2\/tags?post=643"}],"curies":[{"name":"wp","href":"https:\/\/api.w.org\/{rel}","templated":true}]}}