{"id":657,"date":"2010-04-28T07:36:23","date_gmt":"2010-04-28T05:36:23","guid":{"rendered":"http:\/\/blog.zeit.de\/kulturkampf\/?p=657"},"modified":"2010-04-28T07:36:23","modified_gmt":"2010-04-28T05:36:23","slug":"sozial-ist-nicht-gleich-doof","status":"publish","type":"post","link":"https:\/\/blog.zeit.de\/kulturkampf\/2010\/04\/28\/sozial-ist-nicht-gleich-doof\/","title":{"rendered":"Sozial ist nicht gleich doof"},"content":{"rendered":"<p>Glaubt man den <a href=\"http:\/\/www.zeit.de\/digital\/internet\/2010-03\/markus-reiter-dumm-3.0\" target=\"_self\">Kulturpessimisten<\/a>, dann ist man in sozialen Netzwerken immer nur so klug wie seine kl\u00fcgsten Freunde. Was bedeuten w\u00fcrde, dass wir bald alle ziemlich d\u00e4mlich werden. Hat Facebook doch immerhin seine Verlinkungsm\u00f6glichkeiten <a href=\"http:\/\/www.zeit.de\/digital\/internet\/2010-04\/facebook-browser-history-button\" target=\"_blank\">nun auch auf andere Seiten im Netz ausgeweitet<\/a>.<\/p>\n<p>Wer nur noch liest, was ihm seine Freunde empfehlen, so die These, wer also nur noch auf festgetrampelten Pfaden durchs Netz stromert, und nur CDs kauft, die ihm Amazon empfiehlt, der lebt ein Leben frei von Zuf\u00e4llen. Und der wird auch den Zeitungsartikel auf Seite 17 nicht mehr lesen, auf den er vorher nur gesto\u00dfen ist, weil er zuf\u00e4llig neben der Plattenrezension stand, die ihn urspr\u00fcnglich interessierte. Diese Fokussierung k\u00f6nnte <a href=\"http:\/\/www.zeit.de\/digital\/internet\/2009-11\/gebuehren-online-journalismus\" target=\"_blank\">weitreichende Folgen<\/a> f\u00fcr das Leseverhalten aller eifrigen Netzwerk-Nutzer haben, glauben die Pessimisten. Jeder Fernseh-Zapper w\u00e4re demnach weltoffener als ein Mensch, der seinen morgendlichen Medienkonsum im Netz, genauer gesagt, bei Facebook startet.<\/p>\n<p>Doch kann man dieser These auch getrost widersprechen. Zum Beispiel mit einer Studie des amerikanischen Marktforschsunternehmens Edelmann, derzufolge\u00a0<a href=\"http:\/\/adage.com\/article?article_id=141972\" target=\"_blank\">Menschen im Netz<\/a> ihren Freunden immer weniger vertrauen. In seinem j\u00fcngsten &#8222;Trust Barometer&#8220; hat Edelmann nur noch magere Zustimmungsraten zu der Aussage gefunden: &#8222;Ich vertraue meinen Freunden als glaubw\u00fcrdige Quelle f\u00fcr Informationen \u00fcber ein Unternehmen&#8220;. Die Zustimmung sank von 45 Prozent im Jahr 2008 auf nurmehr 25 Prozent. Zwar ging es in der Frage um Unternehmen. Aber wenn ich nicht glaube, dass meine Freunde die richtige Biermarke m\u00f6gen, wie sollte ich dann erst ihren Urteilen \u00fcber guten Journalismus vertrauen?<\/p>\n","protected":false},"excerpt":{"rendered":"<p>Glaubt man den Kulturpessimisten, dann ist man in sozialen Netzwerken immer nur so klug wie seine kl\u00fcgsten Freunde. Was bedeuten w\u00fcrde, dass wir bald alle ziemlich d\u00e4mlich werden. Hat Facebook doch immerhin seine Verlinkungsm\u00f6glichkeiten nun auch auf andere Seiten im Netz ausgeweitet. Wer nur noch liest, was ihm seine Freunde empfehlen, so die These, wer [&hellip;]<\/p>\n","protected":false},"author":158,"featured_media":0,"comment_status":"open","ping_status":"closed","sticky":false,"template":"","format":"standard","meta":{"footnotes":""},"categories":[1269],"tags":[2021,305,2020,2019],"class_list":["post-657","post","type-post","status-publish","format-standard","hentry","category-netzwerker","tag-empfehlungen","tag-facebook","tag-freunde","tag-vertrauen"],"yoast_head":"<!-- This site is optimized with the Yoast SEO plugin v21.0 - https:\/\/yoast.com\/wordpress\/plugins\/seo\/ -->\n<title>Sozial ist nicht gleich doof - Kulturkampf<\/title>\n<meta name=\"robots\" content=\"index, follow, max-snippet:-1, max-image-preview:large, max-video-preview:-1\" \/>\n<link rel=\"canonical\" href=\"https:\/\/blog.zeit.de\/kulturkampf\/2010\/04\/28\/sozial-ist-nicht-gleich-doof\/\" \/>\n<meta property=\"og:locale\" content=\"de_DE\" \/>\n<meta property=\"og:type\" content=\"article\" \/>\n<meta property=\"og:title\" content=\"Sozial ist nicht gleich doof - Kulturkampf\" \/>\n<meta property=\"og:description\" content=\"Glaubt man den Kulturpessimisten, dann ist man in sozialen Netzwerken immer nur so klug wie seine kl\u00fcgsten Freunde. Was bedeuten w\u00fcrde, dass wir bald alle ziemlich d\u00e4mlich werden. Hat Facebook doch immerhin seine Verlinkungsm\u00f6glichkeiten nun auch auf andere Seiten im Netz ausgeweitet. Wer nur noch liest, was ihm seine Freunde empfehlen, so die These, wer [&hellip;]\" \/>\n<meta property=\"og:url\" content=\"https:\/\/blog.zeit.de\/kulturkampf\/2010\/04\/28\/sozial-ist-nicht-gleich-doof\/\" \/>\n<meta property=\"og:site_name\" content=\"Kulturkampf\" \/>\n<meta property=\"article:published_time\" content=\"2010-04-28T05:36:23+00:00\" \/>\n<meta name=\"author\" content=\"Tina Klopp\" \/>\n<meta name=\"twitter:card\" content=\"summary_large_image\" \/>\n<meta name=\"twitter:label1\" content=\"Geschrieben von\" \/>\n\t<meta name=\"twitter:data1\" content=\"Tina Klopp\" \/>\n\t<meta name=\"twitter:label2\" content=\"Gesch\u00e4tzte Lesezeit\" \/>\n\t<meta name=\"twitter:data2\" content=\"1\u00a0Minute\" \/>\n<script type=\"application\/ld+json\" class=\"yoast-schema-graph\">{\"@context\":\"https:\/\/schema.org\",\"@graph\":[{\"@type\":\"WebPage\",\"@id\":\"https:\/\/blog.zeit.de\/kulturkampf\/2010\/04\/28\/sozial-ist-nicht-gleich-doof\/\",\"url\":\"https:\/\/blog.zeit.de\/kulturkampf\/2010\/04\/28\/sozial-ist-nicht-gleich-doof\/\",\"name\":\"Sozial ist nicht gleich doof - Kulturkampf\",\"isPartOf\":{\"@id\":\"https:\/\/blog.zeit.de\/kulturkampf\/#website\"},\"datePublished\":\"2010-04-28T05:36:23+00:00\",\"dateModified\":\"2010-04-28T05:36:23+00:00\",\"author\":{\"@id\":\"https:\/\/blog.zeit.de\/kulturkampf\/#\/schema\/person\/3623cf840315901e4a1345533eb3c961\"},\"breadcrumb\":{\"@id\":\"https:\/\/blog.zeit.de\/kulturkampf\/2010\/04\/28\/sozial-ist-nicht-gleich-doof\/#breadcrumb\"},\"inLanguage\":\"de\",\"potentialAction\":[{\"@type\":\"ReadAction\",\"target\":[\"https:\/\/blog.zeit.de\/kulturkampf\/2010\/04\/28\/sozial-ist-nicht-gleich-doof\/\"]}]},{\"@type\":\"BreadcrumbList\",\"@id\":\"https:\/\/blog.zeit.de\/kulturkampf\/2010\/04\/28\/sozial-ist-nicht-gleich-doof\/#breadcrumb\",\"itemListElement\":[{\"@type\":\"ListItem\",\"position\":1,\"name\":\"Startseite\",\"item\":\"https:\/\/blog.zeit.de\/kulturkampf\/\"},{\"@type\":\"ListItem\",\"position\":2,\"name\":\"Sozial ist nicht gleich doof\"}]},{\"@type\":\"WebSite\",\"@id\":\"https:\/\/blog.zeit.de\/kulturkampf\/#website\",\"url\":\"https:\/\/blog.zeit.de\/kulturkampf\/\",\"name\":\"Kulturkampf\",\"description\":\"Online und Offline - \u00fcber das Leben in zwei Welten\",\"potentialAction\":[{\"@type\":\"SearchAction\",\"target\":{\"@type\":\"EntryPoint\",\"urlTemplate\":\"https:\/\/blog.zeit.de\/kulturkampf\/?s={search_term_string}\"},\"query-input\":\"required name=search_term_string\"}],\"inLanguage\":\"de\"},{\"@type\":\"Person\",\"@id\":\"https:\/\/blog.zeit.de\/kulturkampf\/#\/schema\/person\/3623cf840315901e4a1345533eb3c961\",\"name\":\"Tina Klopp\",\"image\":{\"@type\":\"ImageObject\",\"inLanguage\":\"de\",\"@id\":\"https:\/\/blog.zeit.de\/kulturkampf\/#\/schema\/person\/image\/\",\"url\":\"https:\/\/secure.gravatar.com\/avatar\/56825d987293c9dbfb42a0f779cee190ae0a4876776b50ddea7e8aed94fef619?s=96&d=mm&r=g\",\"contentUrl\":\"https:\/\/secure.gravatar.com\/avatar\/56825d987293c9dbfb42a0f779cee190ae0a4876776b50ddea7e8aed94fef619?s=96&d=mm&r=g\",\"caption\":\"Tina Klopp\"},\"url\":\"https:\/\/blog.zeit.de\/kulturkampf\/author\/tina-klopp\/\"}]}<\/script>\n<!-- \/ Yoast SEO plugin. -->","yoast_head_json":{"title":"Sozial ist nicht gleich doof - Kulturkampf","robots":{"index":"index","follow":"follow","max-snippet":"max-snippet:-1","max-image-preview":"max-image-preview:large","max-video-preview":"max-video-preview:-1"},"canonical":"https:\/\/blog.zeit.de\/kulturkampf\/2010\/04\/28\/sozial-ist-nicht-gleich-doof\/","og_locale":"de_DE","og_type":"article","og_title":"Sozial ist nicht gleich doof - Kulturkampf","og_description":"Glaubt man den Kulturpessimisten, dann ist man in sozialen Netzwerken immer nur so klug wie seine kl\u00fcgsten Freunde. Was bedeuten w\u00fcrde, dass wir bald alle ziemlich d\u00e4mlich werden. Hat Facebook doch immerhin seine Verlinkungsm\u00f6glichkeiten nun auch auf andere Seiten im Netz ausgeweitet. Wer nur noch liest, was ihm seine Freunde empfehlen, so die These, wer [&hellip;]","og_url":"https:\/\/blog.zeit.de\/kulturkampf\/2010\/04\/28\/sozial-ist-nicht-gleich-doof\/","og_site_name":"Kulturkampf","article_published_time":"2010-04-28T05:36:23+00:00","author":"Tina Klopp","twitter_card":"summary_large_image","twitter_misc":{"Geschrieben von":"Tina Klopp","Gesch\u00e4tzte Lesezeit":"1\u00a0Minute"},"schema":{"@context":"https:\/\/schema.org","@graph":[{"@type":"WebPage","@id":"https:\/\/blog.zeit.de\/kulturkampf\/2010\/04\/28\/sozial-ist-nicht-gleich-doof\/","url":"https:\/\/blog.zeit.de\/kulturkampf\/2010\/04\/28\/sozial-ist-nicht-gleich-doof\/","name":"Sozial ist nicht gleich doof - Kulturkampf","isPartOf":{"@id":"https:\/\/blog.zeit.de\/kulturkampf\/#website"},"datePublished":"2010-04-28T05:36:23+00:00","dateModified":"2010-04-28T05:36:23+00:00","author":{"@id":"https:\/\/blog.zeit.de\/kulturkampf\/#\/schema\/person\/3623cf840315901e4a1345533eb3c961"},"breadcrumb":{"@id":"https:\/\/blog.zeit.de\/kulturkampf\/2010\/04\/28\/sozial-ist-nicht-gleich-doof\/#breadcrumb"},"inLanguage":"de","potentialAction":[{"@type":"ReadAction","target":["https:\/\/blog.zeit.de\/kulturkampf\/2010\/04\/28\/sozial-ist-nicht-gleich-doof\/"]}]},{"@type":"BreadcrumbList","@id":"https:\/\/blog.zeit.de\/kulturkampf\/2010\/04\/28\/sozial-ist-nicht-gleich-doof\/#breadcrumb","itemListElement":[{"@type":"ListItem","position":1,"name":"Startseite","item":"https:\/\/blog.zeit.de\/kulturkampf\/"},{"@type":"ListItem","position":2,"name":"Sozial ist nicht gleich doof"}]},{"@type":"WebSite","@id":"https:\/\/blog.zeit.de\/kulturkampf\/#website","url":"https:\/\/blog.zeit.de\/kulturkampf\/","name":"Kulturkampf","description":"Online und Offline - \u00fcber das Leben in zwei Welten","potentialAction":[{"@type":"SearchAction","target":{"@type":"EntryPoint","urlTemplate":"https:\/\/blog.zeit.de\/kulturkampf\/?s={search_term_string}"},"query-input":"required name=search_term_string"}],"inLanguage":"de"},{"@type":"Person","@id":"https:\/\/blog.zeit.de\/kulturkampf\/#\/schema\/person\/3623cf840315901e4a1345533eb3c961","name":"Tina Klopp","image":{"@type":"ImageObject","inLanguage":"de","@id":"https:\/\/blog.zeit.de\/kulturkampf\/#\/schema\/person\/image\/","url":"https:\/\/secure.gravatar.com\/avatar\/56825d987293c9dbfb42a0f779cee190ae0a4876776b50ddea7e8aed94fef619?s=96&d=mm&r=g","contentUrl":"https:\/\/secure.gravatar.com\/avatar\/56825d987293c9dbfb42a0f779cee190ae0a4876776b50ddea7e8aed94fef619?s=96&d=mm&r=g","caption":"Tina Klopp"},"url":"https:\/\/blog.zeit.de\/kulturkampf\/author\/tina-klopp\/"}]}},"jetpack_featured_media_url":"","_links":{"self":[{"href":"https:\/\/blog.zeit.de\/kulturkampf\/wp-json\/wp\/v2\/posts\/657","targetHints":{"allow":["GET"]}}],"collection":[{"href":"https:\/\/blog.zeit.de\/kulturkampf\/wp-json\/wp\/v2\/posts"}],"about":[{"href":"https:\/\/blog.zeit.de\/kulturkampf\/wp-json\/wp\/v2\/types\/post"}],"author":[{"embeddable":true,"href":"https:\/\/blog.zeit.de\/kulturkampf\/wp-json\/wp\/v2\/users\/158"}],"replies":[{"embeddable":true,"href":"https:\/\/blog.zeit.de\/kulturkampf\/wp-json\/wp\/v2\/comments?post=657"}],"version-history":[{"count":0,"href":"https:\/\/blog.zeit.de\/kulturkampf\/wp-json\/wp\/v2\/posts\/657\/revisions"}],"wp:attachment":[{"href":"https:\/\/blog.zeit.de\/kulturkampf\/wp-json\/wp\/v2\/media?parent=657"}],"wp:term":[{"taxonomy":"category","embeddable":true,"href":"https:\/\/blog.zeit.de\/kulturkampf\/wp-json\/wp\/v2\/categories?post=657"},{"taxonomy":"post_tag","embeddable":true,"href":"https:\/\/blog.zeit.de\/kulturkampf\/wp-json\/wp\/v2\/tags?post=657"}],"curies":[{"name":"wp","href":"https:\/\/api.w.org\/{rel}","templated":true}]}}