{"id":681,"date":"2010-04-30T20:22:03","date_gmt":"2010-04-30T18:22:03","guid":{"rendered":"http:\/\/blog.zeit.de\/kulturkampf\/?p=681"},"modified":"2010-04-30T20:48:01","modified_gmt":"2010-04-30T18:48:01","slug":"google-expertenkreis-netzpolitik","status":"publish","type":"post","link":"https:\/\/blog.zeit.de\/kulturkampf\/2010\/04\/30\/google-expertenkreis-netzpolitik\/","title":{"rendered":"Netzpolitik ist mehr als ein einfaches Entweder-Oder"},"content":{"rendered":"<p>Die Enqu\u00eate-Kommission &#8222;Internet und digitale Gesellschaft&#8220; wird sich in wenigen Tagen zum ersten Mal treffen, um sich mit Fragen der Netzpolitik zu befassen. Welchen besseren Zeitpunkt gibt es, sich nun mit ein paar Fragen zur Netzpolitik an die Usergemeinde zu wenden, dachte sich ein illustrer <a href=\"http:\/\/sites.google.com\/site\/igcollaboratory\/home\/expertenliste\">Expertenkreis<\/a>, den Google Deutschland vor kurzem zusammengerufen hat.<\/p>\n<p>F\u00fcr den Anfang hat der Expertenkreis namens &#8222;Internet &amp; Gesellschaft Collaboratories&#8220;\u00a0nun eine <a href=\"http:\/\/sites.google.com\/site\/igcollaboratory\/home\/umfrage-zu-internet-gesellschaft-und-innovationskultur\">Umfrage<\/a> erarbeitet, um &#8222;ein Meinungsbild zum Themenfeld Internet,\u00a0Gesellschaft und Innovationskultur in Deutschland&#8220; zu erstellen.\u00a0Mit Hilfe dieses Meinungsbilds wollen die Experten &#8222;Grundlagen einer Innovationskultur der Informations- und Wissensgesellschaft&#8220; erarbeiten.<\/p>\n<p>Ich h\u00e4tte diese Umfrage sehr gerne ausgef\u00fcllt. Nur: Bei jedem Thema musste man sich im Entweder-Oder-Modus, also 0 ODER 1 entscheiden. Zum Beispiel:<\/p>\n<ul>\n<li><label for=\"group_0_1\">Das Internet besteht aus verschiedenen nationalen und kulturellen R\u00e4umen, die jeweils eigene soziale, rechtliche und technische Regelungssysteme ben\u00f6tigen.<\/label><\/li>\n<\/ul>\n<p>ODER<\/p>\n<ul>\n<li><label for=\"group_0_2\">Das Internet ist ein globaler Raum und bedarf deshalb eines \u00fcbergreifenden sozialen, rechtlichen und technischen Regelungssystems.<\/label><\/li>\n<\/ul>\n<p>Diese Frage l\u00e4sst sich doch gar nicht so oder so entscheiden: Es braucht globale Strukturen wie die ICANN oder die IETF, es haben sich aber bedingt durch kulturelle und rechtliche Unterschiede auch viele nationalen Regelungen entwickelt, mit denen man umgehen muss.<\/p>\n<p>Eine weitere Frage &#8211; und das selbe Dilemma:<\/p>\n<ul>\n<li><label for=\"group_47_1\">Es ist Aufgabe des B\u00fcrgers, seine Privatsph\u00e4re im Internet zu sch\u00fctzen.<\/label><\/li>\n<\/ul>\n<p>ODER<\/p>\n<ul>\n<li><label for=\"group_47_2\">Es ist die Aufgabe des Staates, die Privatsph\u00e4re der B\u00fcrger auch im Internet zu sch\u00fctzen.<\/label><\/li>\n<\/ul>\n<p>Ja nat\u00fcrlich muss der B\u00fcrger darauf achten, mit seinen Daten im Netz sparsam umzugehen. Aber es gibt auch Unternehmen wie etwa <a href=\"http:\/\/www.eff.org\/deeplinks\/2010\/04\/facebook-timeline\/\">Facebook<\/a> oder <a href=\"http:\/\/www.tagesschau.de\/inland\/google252.html\">Google<\/a>, die in der Vergangenheit immer wieder bewiesen haben, dass sie mit den Nutzerrechten nicht sehr sensibel umgehen. Da ist dann der einzelne B\u00fcrger \u00fcberfordert &#8211; und die Politik gefragt.<\/p>\n<p>\u00c4hnlich auch die folgenden Behauptungen:<\/p>\n<ul>\n<li><label for=\"group_55_1\">Um Sicherheit gew\u00e4hrleisten und Straftaten verfolgen zu k\u00f6nnen, muss alles Handeln im Internet Personen oder Organisationen zurechenbar sein.<\/label><\/li>\n<\/ul>\n<p>ODER<\/p>\n<ul>\n<li><label for=\"group_55_2\">Anonyme Nutzung ist ein notwendiges, unverzichtbares und sch\u00fctzenswertes Grundprinzip des Internets.<\/label><\/li>\n<\/ul>\n<p>Ja nat\u00fcrlich m\u00fcssen Straftaten auch im Netz verfolgbar sein &#8211; und das sind sie heute auch schon und der Polizei stehen hierf\u00fcr viele Instrumente zur Verf\u00fcgung. Andererseits muss man die M\u00f6glichkeit haben, sich im Netz anonym zu bewegen &#8211; und auch diese gibt es heute zum Beispiel mit AN.ON. Man muss sie nur nutzen wollen.<\/p>\n<p>Und auch diese Gegen\u00fcberstellung hat es in sich:<\/p>\n<ul>\n<li> <label for=\"group_59_1\">Die derzeitigen Regelungen zum sogenannten geistigen Eigentum (z.B. Urheberrecht und verwandte Schutzrechte) sind Grundlagen f\u00fcr Innovationen, indem sie die wirtschaftliche Basis f\u00fcr Kreative und Wissensarbeiter schaffen.<\/label><\/li>\n<\/ul>\n<p>ODER<\/p>\n<ul>\n<li><label for=\"group_59_2\">Die derzeitigen Regelungen zum sogenannten geistigen Eigentum verhindern Innovation, da sie den Zugang zu Wissen begrenzen.<\/label><\/li>\n<\/ul>\n<p>Open Access ist jetzt schon m\u00f6glich, auch die Verwendung von Creative-Commons-Lizenzen. Was fehlt, sind jedoch mehr Freir\u00e4ume im Sinne des angels\u00e4chsischen &#8222;Fair Use&#8220; &#8211; und eine <a href=\"http:\/\/www.telemedicus.info\/article\/1727-Wissenschaftler-stellen-Urheberrechtsmodell-fuer-Europa-vor.html\">Harmonisierung des kontinentaleurop\u00e4ischen und des angels\u00e4chsischen Rechts<\/a>.<\/p>\n<p>So wichtig die Issues sind, die hier aufgeworfen sind, so schlecht ist die Fragestellung. Wahrscheinlich w\u00e4re es besser gewesen, man h\u00e4tte die Nutzer gebeten, die einzelnen Punkte ihrer Wichtigkeit nach auf einer Skala zu bewerten. So aber habe zumindest ich gro\u00dfe Schwierigkeiten damit, die Umfrage richtig auszuf\u00fcllen. Netzpolitik l\u00e4sst sich eben nicht mit 1 oder 0 beschreiben.<\/p>\n","protected":false},"excerpt":{"rendered":"<p>Entweder-Oder-Fragen f\u00fcr Netzpolitik-Issues machen wenig Sinn.<\/p>\n","protected":false},"author":218,"featured_media":0,"comment_status":"open","ping_status":"closed","sticky":false,"template":"","format":"standard","meta":{"footnotes":""},"categories":[1279],"tags":[1390,1585,1188,2042,2043,82,983,2044],"class_list":["post-681","post","type-post","status-publish","format-standard","hentry","category-medienzukunft","tag-enquete-kommission","tag-gesellschaft","tag-google","tag-innovation","tag-innovationsmanagement","tag-internet","tag-netzpolitik","tag-umfrage"],"yoast_head":"<!-- This site is optimized with the Yoast SEO plugin v21.0 - https:\/\/yoast.com\/wordpress\/plugins\/seo\/ -->\n<title>Netzpolitik ist mehr als ein einfaches Entweder-Oder - Kulturkampf<\/title>\n<meta name=\"robots\" content=\"index, follow, max-snippet:-1, max-image-preview:large, max-video-preview:-1\" \/>\n<link rel=\"canonical\" href=\"https:\/\/blog.zeit.de\/kulturkampf\/2010\/04\/30\/google-expertenkreis-netzpolitik\/\" \/>\n<meta property=\"og:locale\" content=\"de_DE\" \/>\n<meta property=\"og:type\" content=\"article\" \/>\n<meta property=\"og:title\" content=\"Netzpolitik ist mehr als ein einfaches Entweder-Oder - Kulturkampf\" \/>\n<meta property=\"og:description\" content=\"Entweder-Oder-Fragen f\u00fcr Netzpolitik-Issues machen wenig Sinn.\" \/>\n<meta property=\"og:url\" content=\"https:\/\/blog.zeit.de\/kulturkampf\/2010\/04\/30\/google-expertenkreis-netzpolitik\/\" \/>\n<meta property=\"og:site_name\" content=\"Kulturkampf\" \/>\n<meta property=\"article:published_time\" content=\"2010-04-30T18:22:03+00:00\" \/>\n<meta property=\"article:modified_time\" content=\"2010-04-30T18:48:01+00:00\" \/>\n<meta name=\"author\" content=\"Christiane Schulzki-Haddouti\" \/>\n<meta name=\"twitter:card\" content=\"summary_large_image\" \/>\n<meta name=\"twitter:label1\" content=\"Geschrieben von\" \/>\n\t<meta name=\"twitter:data1\" content=\"Christiane Schulzki-Haddouti\" \/>\n\t<meta name=\"twitter:label2\" content=\"Gesch\u00e4tzte Lesezeit\" \/>\n\t<meta name=\"twitter:data2\" content=\"3\u00a0Minuten\" \/>\n<script type=\"application\/ld+json\" class=\"yoast-schema-graph\">{\"@context\":\"https:\/\/schema.org\",\"@graph\":[{\"@type\":\"WebPage\",\"@id\":\"https:\/\/blog.zeit.de\/kulturkampf\/2010\/04\/30\/google-expertenkreis-netzpolitik\/\",\"url\":\"https:\/\/blog.zeit.de\/kulturkampf\/2010\/04\/30\/google-expertenkreis-netzpolitik\/\",\"name\":\"Netzpolitik ist mehr als ein einfaches Entweder-Oder - Kulturkampf\",\"isPartOf\":{\"@id\":\"https:\/\/blog.zeit.de\/kulturkampf\/#website\"},\"datePublished\":\"2010-04-30T18:22:03+00:00\",\"dateModified\":\"2010-04-30T18:48:01+00:00\",\"author\":{\"@id\":\"https:\/\/blog.zeit.de\/kulturkampf\/#\/schema\/person\/b4eb764366884539204225e2dbc5a5c6\"},\"breadcrumb\":{\"@id\":\"https:\/\/blog.zeit.de\/kulturkampf\/2010\/04\/30\/google-expertenkreis-netzpolitik\/#breadcrumb\"},\"inLanguage\":\"de\",\"potentialAction\":[{\"@type\":\"ReadAction\",\"target\":[\"https:\/\/blog.zeit.de\/kulturkampf\/2010\/04\/30\/google-expertenkreis-netzpolitik\/\"]}]},{\"@type\":\"BreadcrumbList\",\"@id\":\"https:\/\/blog.zeit.de\/kulturkampf\/2010\/04\/30\/google-expertenkreis-netzpolitik\/#breadcrumb\",\"itemListElement\":[{\"@type\":\"ListItem\",\"position\":1,\"name\":\"Startseite\",\"item\":\"https:\/\/blog.zeit.de\/kulturkampf\/\"},{\"@type\":\"ListItem\",\"position\":2,\"name\":\"Netzpolitik ist mehr als ein einfaches Entweder-Oder\"}]},{\"@type\":\"WebSite\",\"@id\":\"https:\/\/blog.zeit.de\/kulturkampf\/#website\",\"url\":\"https:\/\/blog.zeit.de\/kulturkampf\/\",\"name\":\"Kulturkampf\",\"description\":\"Online und Offline - \u00fcber das Leben in zwei Welten\",\"potentialAction\":[{\"@type\":\"SearchAction\",\"target\":{\"@type\":\"EntryPoint\",\"urlTemplate\":\"https:\/\/blog.zeit.de\/kulturkampf\/?s={search_term_string}\"},\"query-input\":\"required name=search_term_string\"}],\"inLanguage\":\"de\"},{\"@type\":\"Person\",\"@id\":\"https:\/\/blog.zeit.de\/kulturkampf\/#\/schema\/person\/b4eb764366884539204225e2dbc5a5c6\",\"name\":\"Christiane Schulzki-Haddouti\",\"image\":{\"@type\":\"ImageObject\",\"inLanguage\":\"de\",\"@id\":\"https:\/\/blog.zeit.de\/kulturkampf\/#\/schema\/person\/image\/\",\"url\":\"https:\/\/secure.gravatar.com\/avatar\/600c9c5d86bdb9b02c616a1c35365d6bde8b38acbe5aab179c7a93897c727ef0?s=96&d=mm&r=g\",\"contentUrl\":\"https:\/\/secure.gravatar.com\/avatar\/600c9c5d86bdb9b02c616a1c35365d6bde8b38acbe5aab179c7a93897c727ef0?s=96&d=mm&r=g\",\"caption\":\"Christiane Schulzki-Haddouti\"},\"sameAs\":[\"http:\/\/blog.kooptech.de\/\"],\"url\":\"https:\/\/blog.zeit.de\/kulturkampf\/author\/christiane-schulzki-haddouti\/\"}]}<\/script>\n<!-- \/ Yoast SEO plugin. -->","yoast_head_json":{"title":"Netzpolitik ist mehr als ein einfaches Entweder-Oder - Kulturkampf","robots":{"index":"index","follow":"follow","max-snippet":"max-snippet:-1","max-image-preview":"max-image-preview:large","max-video-preview":"max-video-preview:-1"},"canonical":"https:\/\/blog.zeit.de\/kulturkampf\/2010\/04\/30\/google-expertenkreis-netzpolitik\/","og_locale":"de_DE","og_type":"article","og_title":"Netzpolitik ist mehr als ein einfaches Entweder-Oder - Kulturkampf","og_description":"Entweder-Oder-Fragen f\u00fcr Netzpolitik-Issues machen wenig Sinn.","og_url":"https:\/\/blog.zeit.de\/kulturkampf\/2010\/04\/30\/google-expertenkreis-netzpolitik\/","og_site_name":"Kulturkampf","article_published_time":"2010-04-30T18:22:03+00:00","article_modified_time":"2010-04-30T18:48:01+00:00","author":"Christiane Schulzki-Haddouti","twitter_card":"summary_large_image","twitter_misc":{"Geschrieben von":"Christiane Schulzki-Haddouti","Gesch\u00e4tzte Lesezeit":"3\u00a0Minuten"},"schema":{"@context":"https:\/\/schema.org","@graph":[{"@type":"WebPage","@id":"https:\/\/blog.zeit.de\/kulturkampf\/2010\/04\/30\/google-expertenkreis-netzpolitik\/","url":"https:\/\/blog.zeit.de\/kulturkampf\/2010\/04\/30\/google-expertenkreis-netzpolitik\/","name":"Netzpolitik ist mehr als ein einfaches Entweder-Oder - Kulturkampf","isPartOf":{"@id":"https:\/\/blog.zeit.de\/kulturkampf\/#website"},"datePublished":"2010-04-30T18:22:03+00:00","dateModified":"2010-04-30T18:48:01+00:00","author":{"@id":"https:\/\/blog.zeit.de\/kulturkampf\/#\/schema\/person\/b4eb764366884539204225e2dbc5a5c6"},"breadcrumb":{"@id":"https:\/\/blog.zeit.de\/kulturkampf\/2010\/04\/30\/google-expertenkreis-netzpolitik\/#breadcrumb"},"inLanguage":"de","potentialAction":[{"@type":"ReadAction","target":["https:\/\/blog.zeit.de\/kulturkampf\/2010\/04\/30\/google-expertenkreis-netzpolitik\/"]}]},{"@type":"BreadcrumbList","@id":"https:\/\/blog.zeit.de\/kulturkampf\/2010\/04\/30\/google-expertenkreis-netzpolitik\/#breadcrumb","itemListElement":[{"@type":"ListItem","position":1,"name":"Startseite","item":"https:\/\/blog.zeit.de\/kulturkampf\/"},{"@type":"ListItem","position":2,"name":"Netzpolitik ist mehr als ein einfaches Entweder-Oder"}]},{"@type":"WebSite","@id":"https:\/\/blog.zeit.de\/kulturkampf\/#website","url":"https:\/\/blog.zeit.de\/kulturkampf\/","name":"Kulturkampf","description":"Online und Offline - \u00fcber das Leben in zwei Welten","potentialAction":[{"@type":"SearchAction","target":{"@type":"EntryPoint","urlTemplate":"https:\/\/blog.zeit.de\/kulturkampf\/?s={search_term_string}"},"query-input":"required name=search_term_string"}],"inLanguage":"de"},{"@type":"Person","@id":"https:\/\/blog.zeit.de\/kulturkampf\/#\/schema\/person\/b4eb764366884539204225e2dbc5a5c6","name":"Christiane Schulzki-Haddouti","image":{"@type":"ImageObject","inLanguage":"de","@id":"https:\/\/blog.zeit.de\/kulturkampf\/#\/schema\/person\/image\/","url":"https:\/\/secure.gravatar.com\/avatar\/600c9c5d86bdb9b02c616a1c35365d6bde8b38acbe5aab179c7a93897c727ef0?s=96&d=mm&r=g","contentUrl":"https:\/\/secure.gravatar.com\/avatar\/600c9c5d86bdb9b02c616a1c35365d6bde8b38acbe5aab179c7a93897c727ef0?s=96&d=mm&r=g","caption":"Christiane Schulzki-Haddouti"},"sameAs":["http:\/\/blog.kooptech.de\/"],"url":"https:\/\/blog.zeit.de\/kulturkampf\/author\/christiane-schulzki-haddouti\/"}]}},"jetpack_featured_media_url":"","_links":{"self":[{"href":"https:\/\/blog.zeit.de\/kulturkampf\/wp-json\/wp\/v2\/posts\/681","targetHints":{"allow":["GET"]}}],"collection":[{"href":"https:\/\/blog.zeit.de\/kulturkampf\/wp-json\/wp\/v2\/posts"}],"about":[{"href":"https:\/\/blog.zeit.de\/kulturkampf\/wp-json\/wp\/v2\/types\/post"}],"author":[{"embeddable":true,"href":"https:\/\/blog.zeit.de\/kulturkampf\/wp-json\/wp\/v2\/users\/218"}],"replies":[{"embeddable":true,"href":"https:\/\/blog.zeit.de\/kulturkampf\/wp-json\/wp\/v2\/comments?post=681"}],"version-history":[{"count":0,"href":"https:\/\/blog.zeit.de\/kulturkampf\/wp-json\/wp\/v2\/posts\/681\/revisions"}],"wp:attachment":[{"href":"https:\/\/blog.zeit.de\/kulturkampf\/wp-json\/wp\/v2\/media?parent=681"}],"wp:term":[{"taxonomy":"category","embeddable":true,"href":"https:\/\/blog.zeit.de\/kulturkampf\/wp-json\/wp\/v2\/categories?post=681"},{"taxonomy":"post_tag","embeddable":true,"href":"https:\/\/blog.zeit.de\/kulturkampf\/wp-json\/wp\/v2\/tags?post=681"}],"curies":[{"name":"wp","href":"https:\/\/api.w.org\/{rel}","templated":true}]}}