{"id":838,"date":"2010-06-14T14:34:45","date_gmt":"2010-06-14T12:34:45","guid":{"rendered":"http:\/\/blog.zeit.de\/kulturkampf\/?p=838"},"modified":"2010-06-14T14:34:45","modified_gmt":"2010-06-14T12:34:45","slug":"netzneutralitaet","status":"publish","type":"post","link":"https:\/\/blog.zeit.de\/kulturkampf\/2010\/06\/14\/netzneutralitaet\/","title":{"rendered":"Netzneutralit\u00e4t als Schutz vor Massenverdummung"},"content":{"rendered":"<p>Die Internet-Enquettekommission des Bundestages hat in ihrer ersten Sitzung <a href=\"http:\/\/www.bundestag.de\/dokumente\/textarchiv\/2010\/30091915_kw24_pa_enquete\/index.html\">\u00fcber Netzneutralit\u00e4t debattiert<\/a>. Der beste Beitrag in der im Bundestagsfernsehen \u00fcbertragenen Debatte kam von dem K\u00fcnstler und Datenschutzaktivisten padeluun. Der n\u00e4mlich erinnerte an eine Zeit, in der es zu einer Hausdurchsuchung f\u00fchren konnte, wenn man ein Modem <a href=\"http:\/\/www.padeluun.de\/TEXTE\/20jahregesamtwerk.html\">ohne Postzulassungszeichen (die billiger und besser waren als offizielle),<\/a> besa\u00df und es anschloss. Und er sagte, dass er sich nicht nur ein Netz w\u00fcnscht, in dem es Anbieter und Kunden gibt, also gro\u00dfe Telkommunikationsfirmen und &#8222;Endkunden&#8220;, die konsumieren und bezahlen. Sondern eines, in dem jeder nicht nur empfangen, sondern auch senden k\u00f6nne. Netzneutralit\u00e4t sei f\u00fcr ihn, dass jeder einen Dienst aufbauen k\u00f6nne, der das wolle. Nur so trage das Internet dazu bei, &#8222;dass wir geistig weiterkommen&#8220;. Zitat: &#8222;Es gibt ein gro\u00dfes Interesse daran, Menschen nur als Konsumenten zu betrachten und aus dem Internet eine Art Fernsehen zu machen, um die Deppen zu bespa\u00dfen.&#8220; Seine Idee von Netzneutralit\u00e4t fasste er dann noch in zwei kurze Worte: &#8222;<a href=\"http:\/\/de.wikipedia.org\/wiki\/Bildschirmtext\">Kein BTX.<\/a>&#8222;<\/p>\n<p>Irgendwie kam der Gedanke aber nicht an. Denn vor allem wurde dar\u00fcber geredet, ob der Staat \u00fcberhaupt etwas tun m\u00fcsse bei der Netzneutralit\u00e4t und ob nicht a) der Markt alles selbst regele oder b) bestehende Normen beispielsweise im Telekommunikationsgesetz nicht l\u00e4ngst gen\u00fcgten. Wer keinen dieser beiden Punkte erw\u00e4hnte, wies zumindest darauf hin, dass es ja erst einmal eine klare Definition von Netzneutralit\u00e4t brauche, damit man weiterdiskutieren k\u00f6nne. Das kann also dauern.<\/p>\n","protected":false},"excerpt":{"rendered":"<p>Die Internet-Enquettekommission des Bundestages hat in ihrer ersten Sitzung \u00fcber Netzneutralit\u00e4t debattiert. Der beste Beitrag in der im Bundestagsfernsehen \u00fcbertragenen Debatte kam von dem K\u00fcnstler und Datenschutzaktivisten padeluun. Der n\u00e4mlich erinnerte an eine Zeit, in der es zu einer Hausdurchsuchung f\u00fchren konnte, wenn man ein Modem ohne Postzulassungszeichen (die billiger und besser waren als offizielle), [&hellip;]<\/p>\n","protected":false},"author":39,"featured_media":0,"comment_status":"open","ping_status":"closed","sticky":false,"template":"","format":"standard","meta":{"footnotes":""},"categories":[1269],"tags":[2252,2253,2251],"class_list":["post-838","post","type-post","status-publish","format-standard","hentry","category-netzwerker","tag-btx","tag-eidg","tag-netzneutralitat"],"yoast_head":"<!-- This site is optimized with the Yoast SEO plugin v21.0 - https:\/\/yoast.com\/wordpress\/plugins\/seo\/ -->\n<title>Netzneutralit\u00e4t als Schutz vor Massenverdummung - Kulturkampf<\/title>\n<meta name=\"robots\" content=\"index, follow, max-snippet:-1, max-image-preview:large, max-video-preview:-1\" \/>\n<link rel=\"canonical\" href=\"https:\/\/blog.zeit.de\/kulturkampf\/2010\/06\/14\/netzneutralitaet\/\" \/>\n<meta property=\"og:locale\" content=\"de_DE\" \/>\n<meta property=\"og:type\" content=\"article\" \/>\n<meta property=\"og:title\" content=\"Netzneutralit\u00e4t als Schutz vor Massenverdummung - Kulturkampf\" \/>\n<meta property=\"og:description\" content=\"Die Internet-Enquettekommission des Bundestages hat in ihrer ersten Sitzung \u00fcber Netzneutralit\u00e4t debattiert. Der beste Beitrag in der im Bundestagsfernsehen \u00fcbertragenen Debatte kam von dem K\u00fcnstler und Datenschutzaktivisten padeluun. Der n\u00e4mlich erinnerte an eine Zeit, in der es zu einer Hausdurchsuchung f\u00fchren konnte, wenn man ein Modem ohne Postzulassungszeichen (die billiger und besser waren als offizielle), [&hellip;]\" \/>\n<meta property=\"og:url\" content=\"https:\/\/blog.zeit.de\/kulturkampf\/2010\/06\/14\/netzneutralitaet\/\" \/>\n<meta property=\"og:site_name\" content=\"Kulturkampf\" \/>\n<meta property=\"article:published_time\" content=\"2010-06-14T12:34:45+00:00\" \/>\n<meta name=\"author\" content=\"Kai Biermann\" \/>\n<meta name=\"twitter:card\" content=\"summary_large_image\" \/>\n<meta name=\"twitter:label1\" content=\"Geschrieben von\" \/>\n\t<meta name=\"twitter:data1\" content=\"Kai Biermann\" \/>\n\t<meta name=\"twitter:label2\" content=\"Gesch\u00e4tzte Lesezeit\" \/>\n\t<meta name=\"twitter:data2\" content=\"1\u00a0Minute\" \/>\n<script type=\"application\/ld+json\" class=\"yoast-schema-graph\">{\"@context\":\"https:\/\/schema.org\",\"@graph\":[{\"@type\":\"WebPage\",\"@id\":\"https:\/\/blog.zeit.de\/kulturkampf\/2010\/06\/14\/netzneutralitaet\/\",\"url\":\"https:\/\/blog.zeit.de\/kulturkampf\/2010\/06\/14\/netzneutralitaet\/\",\"name\":\"Netzneutralit\u00e4t als Schutz vor Massenverdummung - Kulturkampf\",\"isPartOf\":{\"@id\":\"https:\/\/blog.zeit.de\/kulturkampf\/#website\"},\"datePublished\":\"2010-06-14T12:34:45+00:00\",\"dateModified\":\"2010-06-14T12:34:45+00:00\",\"author\":{\"@id\":\"https:\/\/blog.zeit.de\/kulturkampf\/#\/schema\/person\/a03c4af6b374e159b5f915165e667fc9\"},\"breadcrumb\":{\"@id\":\"https:\/\/blog.zeit.de\/kulturkampf\/2010\/06\/14\/netzneutralitaet\/#breadcrumb\"},\"inLanguage\":\"de\",\"potentialAction\":[{\"@type\":\"ReadAction\",\"target\":[\"https:\/\/blog.zeit.de\/kulturkampf\/2010\/06\/14\/netzneutralitaet\/\"]}]},{\"@type\":\"BreadcrumbList\",\"@id\":\"https:\/\/blog.zeit.de\/kulturkampf\/2010\/06\/14\/netzneutralitaet\/#breadcrumb\",\"itemListElement\":[{\"@type\":\"ListItem\",\"position\":1,\"name\":\"Startseite\",\"item\":\"https:\/\/blog.zeit.de\/kulturkampf\/\"},{\"@type\":\"ListItem\",\"position\":2,\"name\":\"Netzneutralit\u00e4t als Schutz vor Massenverdummung\"}]},{\"@type\":\"WebSite\",\"@id\":\"https:\/\/blog.zeit.de\/kulturkampf\/#website\",\"url\":\"https:\/\/blog.zeit.de\/kulturkampf\/\",\"name\":\"Kulturkampf\",\"description\":\"Online und Offline - \u00fcber das Leben in zwei Welten\",\"potentialAction\":[{\"@type\":\"SearchAction\",\"target\":{\"@type\":\"EntryPoint\",\"urlTemplate\":\"https:\/\/blog.zeit.de\/kulturkampf\/?s={search_term_string}\"},\"query-input\":\"required name=search_term_string\"}],\"inLanguage\":\"de\"},{\"@type\":\"Person\",\"@id\":\"https:\/\/blog.zeit.de\/kulturkampf\/#\/schema\/person\/a03c4af6b374e159b5f915165e667fc9\",\"name\":\"Kai Biermann\",\"image\":{\"@type\":\"ImageObject\",\"inLanguage\":\"de\",\"@id\":\"https:\/\/blog.zeit.de\/kulturkampf\/#\/schema\/person\/image\/\",\"url\":\"https:\/\/secure.gravatar.com\/avatar\/780cd357e130092a8a6e17883fefa37ffa867f8f86af9e55f250c8cba7828979?s=96&d=mm&r=g\",\"contentUrl\":\"https:\/\/secure.gravatar.com\/avatar\/780cd357e130092a8a6e17883fefa37ffa867f8f86af9e55f250c8cba7828979?s=96&d=mm&r=g\",\"caption\":\"Kai Biermann\"},\"url\":\"https:\/\/blog.zeit.de\/kulturkampf\/author\/kai-biermann\/\"}]}<\/script>\n<!-- \/ Yoast SEO plugin. -->","yoast_head_json":{"title":"Netzneutralit\u00e4t als Schutz vor Massenverdummung - Kulturkampf","robots":{"index":"index","follow":"follow","max-snippet":"max-snippet:-1","max-image-preview":"max-image-preview:large","max-video-preview":"max-video-preview:-1"},"canonical":"https:\/\/blog.zeit.de\/kulturkampf\/2010\/06\/14\/netzneutralitaet\/","og_locale":"de_DE","og_type":"article","og_title":"Netzneutralit\u00e4t als Schutz vor Massenverdummung - Kulturkampf","og_description":"Die Internet-Enquettekommission des Bundestages hat in ihrer ersten Sitzung \u00fcber Netzneutralit\u00e4t debattiert. Der beste Beitrag in der im Bundestagsfernsehen \u00fcbertragenen Debatte kam von dem K\u00fcnstler und Datenschutzaktivisten padeluun. Der n\u00e4mlich erinnerte an eine Zeit, in der es zu einer Hausdurchsuchung f\u00fchren konnte, wenn man ein Modem ohne Postzulassungszeichen (die billiger und besser waren als offizielle), [&hellip;]","og_url":"https:\/\/blog.zeit.de\/kulturkampf\/2010\/06\/14\/netzneutralitaet\/","og_site_name":"Kulturkampf","article_published_time":"2010-06-14T12:34:45+00:00","author":"Kai Biermann","twitter_card":"summary_large_image","twitter_misc":{"Geschrieben von":"Kai Biermann","Gesch\u00e4tzte Lesezeit":"1\u00a0Minute"},"schema":{"@context":"https:\/\/schema.org","@graph":[{"@type":"WebPage","@id":"https:\/\/blog.zeit.de\/kulturkampf\/2010\/06\/14\/netzneutralitaet\/","url":"https:\/\/blog.zeit.de\/kulturkampf\/2010\/06\/14\/netzneutralitaet\/","name":"Netzneutralit\u00e4t als Schutz vor Massenverdummung - Kulturkampf","isPartOf":{"@id":"https:\/\/blog.zeit.de\/kulturkampf\/#website"},"datePublished":"2010-06-14T12:34:45+00:00","dateModified":"2010-06-14T12:34:45+00:00","author":{"@id":"https:\/\/blog.zeit.de\/kulturkampf\/#\/schema\/person\/a03c4af6b374e159b5f915165e667fc9"},"breadcrumb":{"@id":"https:\/\/blog.zeit.de\/kulturkampf\/2010\/06\/14\/netzneutralitaet\/#breadcrumb"},"inLanguage":"de","potentialAction":[{"@type":"ReadAction","target":["https:\/\/blog.zeit.de\/kulturkampf\/2010\/06\/14\/netzneutralitaet\/"]}]},{"@type":"BreadcrumbList","@id":"https:\/\/blog.zeit.de\/kulturkampf\/2010\/06\/14\/netzneutralitaet\/#breadcrumb","itemListElement":[{"@type":"ListItem","position":1,"name":"Startseite","item":"https:\/\/blog.zeit.de\/kulturkampf\/"},{"@type":"ListItem","position":2,"name":"Netzneutralit\u00e4t als Schutz vor Massenverdummung"}]},{"@type":"WebSite","@id":"https:\/\/blog.zeit.de\/kulturkampf\/#website","url":"https:\/\/blog.zeit.de\/kulturkampf\/","name":"Kulturkampf","description":"Online und Offline - \u00fcber das Leben in zwei Welten","potentialAction":[{"@type":"SearchAction","target":{"@type":"EntryPoint","urlTemplate":"https:\/\/blog.zeit.de\/kulturkampf\/?s={search_term_string}"},"query-input":"required name=search_term_string"}],"inLanguage":"de"},{"@type":"Person","@id":"https:\/\/blog.zeit.de\/kulturkampf\/#\/schema\/person\/a03c4af6b374e159b5f915165e667fc9","name":"Kai Biermann","image":{"@type":"ImageObject","inLanguage":"de","@id":"https:\/\/blog.zeit.de\/kulturkampf\/#\/schema\/person\/image\/","url":"https:\/\/secure.gravatar.com\/avatar\/780cd357e130092a8a6e17883fefa37ffa867f8f86af9e55f250c8cba7828979?s=96&d=mm&r=g","contentUrl":"https:\/\/secure.gravatar.com\/avatar\/780cd357e130092a8a6e17883fefa37ffa867f8f86af9e55f250c8cba7828979?s=96&d=mm&r=g","caption":"Kai Biermann"},"url":"https:\/\/blog.zeit.de\/kulturkampf\/author\/kai-biermann\/"}]}},"jetpack_featured_media_url":"","_links":{"self":[{"href":"https:\/\/blog.zeit.de\/kulturkampf\/wp-json\/wp\/v2\/posts\/838","targetHints":{"allow":["GET"]}}],"collection":[{"href":"https:\/\/blog.zeit.de\/kulturkampf\/wp-json\/wp\/v2\/posts"}],"about":[{"href":"https:\/\/blog.zeit.de\/kulturkampf\/wp-json\/wp\/v2\/types\/post"}],"author":[{"embeddable":true,"href":"https:\/\/blog.zeit.de\/kulturkampf\/wp-json\/wp\/v2\/users\/39"}],"replies":[{"embeddable":true,"href":"https:\/\/blog.zeit.de\/kulturkampf\/wp-json\/wp\/v2\/comments?post=838"}],"version-history":[{"count":0,"href":"https:\/\/blog.zeit.de\/kulturkampf\/wp-json\/wp\/v2\/posts\/838\/revisions"}],"wp:attachment":[{"href":"https:\/\/blog.zeit.de\/kulturkampf\/wp-json\/wp\/v2\/media?parent=838"}],"wp:term":[{"taxonomy":"category","embeddable":true,"href":"https:\/\/blog.zeit.de\/kulturkampf\/wp-json\/wp\/v2\/categories?post=838"},{"taxonomy":"post_tag","embeddable":true,"href":"https:\/\/blog.zeit.de\/kulturkampf\/wp-json\/wp\/v2\/tags?post=838"}],"curies":[{"name":"wp","href":"https:\/\/api.w.org\/{rel}","templated":true}]}}