{"id":1035,"date":"2011-11-04T15:06:53","date_gmt":"2011-11-04T14:06:53","guid":{"rendered":"http:\/\/blog.zeit.de\/ladurnerulrich\/?p=1035"},"modified":"2011-11-04T16:26:05","modified_gmt":"2011-11-04T15:26:05","slug":"die-perversion-einer-guten-idee","status":"publish","type":"post","link":"https:\/\/blog.zeit.de\/ladurnerulrich\/2011\/11\/04\/die-perversion-einer-guten-idee\/","title":{"rendered":"Die Perversion einer guten Idee"},"content":{"rendered":"<p><em>War der Libyen-Krieg eine humanit\u00e4re Intervention? Dar\u00fcber und \u00fcber den Einsatz als solchen wird <a href=\"http:\/\/www.zeit.de\/politik\/ausland\/2011-09\/Interventionen-Debatte\">in unserer Redaktion<\/a> und unter <a href=\"http:\/\/www.zeit.de\/2011\/44\/Libyen-Intervention#comments\">unserer Leserschaft<\/a> heftig gestritten. Gestern <a href=\"http:\/\/www.zeit.de\/politik\/ausland\/2011-11\/libyen-krieg-gerechtigkeit-replik\">schrieb Jochen Bittner<\/a>: Mit der Libyen-Intervention der Nato wurde schlimmere Gewalt verhindert. Hier antwortet nun Ulrich Ladurner. Er hat aus allen Kriegen mit westlicher Beteiligung seit 1992 (Bosnien, Kosovo, Mazedonien, Afghanistan, Irak, Libyen) als Reporter berichtet.<\/em><\/p>\n<p>Die internationale Gemeinschaft ist dazu verpflichtet, Menschenrechte zu sch\u00fctzen \u2013 wo auch immer. Das ist eine sch\u00f6ne, noble Idee. Sie ist bereits in der Charta der Vereinten Nationen festgehalten, wenn auch etwas schwammig. 2005 wurde diese Idee unter der Formel <em>Responsibility to Protect<\/em> weiter konkretisiert. Seitdem reden wir von &#8222;Schutzverantwortung&#8220;. Diese Idee war die Grundlage f\u00fcr die Intervention der Nato in Libyen. Die Resolution des Sicherheitsrates 1973 beruft sich auf diese Schutzverantwortung. Mit anderen Worten: Die Libyen-Intervention der Nato gilt unter ihren Bef\u00fcrwortern als lupenreine &#8222;humanit\u00e4re Intervention&#8220;.<\/p>\n<p>Doch leider ist das Gegenteil der Fall: Diese Intervention ist in Wahrheit die Perversion einer guten Idee.<\/p>\n<p>Es ist auffallend, wie Kriegsbef\u00fcrworter sich darum bem\u00fchen, <a href=\"http:\/\/www.zeit.de\/politik\/ausland\/2011-11\/libyen-krieg-gerechtigkeit-replik\/\">alle Schattenseiten dieses Krieges anzusprechen<\/a>. Die Menschenrechtskrieger wollen offensichtlich auch im Krieg noch korrekt sein und listen alles penibel auf. Die Nato hat die Resolution 1973 eigenm\u00e4chtig ausgelegt? Ja, gewiss, aber es war f\u00fcr einen guten Zweck! Die Nato hat sich von Beginn an zur Luftwaffe der Rebellen gemacht? Ja, aber der Zweck war wichtig! Die Rebellen haben sich der Kriegsverbrechen schuldig gemacht? Ja, aber diese Barbarei wird \u00fcberstrahlt vom hellen Licht unseres Zwecks! Gadhafi ist von einem Mob gelyncht worden unter kr\u00e4ftiger Mithilfe der Nato? Ja, aber der Zweck! Es war f\u00fcr einen guten Zweck! Und so geht es weiter.<\/p>\n<p>Die Bef\u00fcrworter des Krieges kehren all den Schmutz nicht unter den Teppich, sie sammeln ihn. Das ist schlimmer. Sie stellen die Barbarei aus und erkl\u00e4ren sie im Lichte des Fortschritts f\u00fcr unerheblich. Auf diese Weise werden die Menschenrechte herabgew\u00fcrdigt.<\/p>\n<p>Man kann dem Krieg in Libyen zustimmen, nur humanit\u00e4r sollte man ihn nicht nennen \u2013 zum Wohle der Menschenrechte. Die Schutzverantwortung bleibt eine gute, noble Idee. Die Intervention in Libyen beweist aber, dass sie Gefahr l\u00e4uft, zur Ideologie zu verkommen. Denn das Kennzeichen aller gef\u00e4hrlichen Ideologien ist eben dies: Der Zweck heiligt die Mittel.<\/p>\n<p>Der Dichter Robert Gernhardt hat ein paar sch\u00f6ne Zeilen daf\u00fcr gefunden:<\/p>\n<p><em>Mein liebes Kind, wir wollen Dich befreien,<\/em><br \/>\n<em>Das hei\u00dft: Wir m\u00fcssen dich zuvor beschie\u00dfen.<\/em><br \/>\n<em>Wenn Du das so verstehst: Als das Begie\u00dfen<\/em><br \/>\n<em>des Pfl\u00e4nzchens Freiheit, wirst du uns verzeihen<\/em><\/p>\n","protected":false},"excerpt":{"rendered":"<p>War der Libyen-Krieg eine humanit\u00e4re Intervention? Dar\u00fcber und \u00fcber den Einsatz als solchen wird in unserer Redaktion und unter unserer Leserschaft heftig gestritten. Gestern schrieb Jochen Bittner: Mit der Libyen-Intervention der Nato wurde schlimmere Gewalt verhindert. Hier antwortet nun Ulrich Ladurner. Er hat aus allen Kriegen mit westlicher Beteiligung seit 1992 (Bosnien, Kosovo, Mazedonien, Afghanistan, [&hellip;]<\/p>\n","protected":false},"author":87,"featured_media":0,"comment_status":"open","ping_status":"open","sticky":false,"template":"","format":"standard","meta":{"_jetpack_memberships_contains_paid_content":false,"footnotes":""},"categories":[1,1205,10700,170],"tags":[],"class_list":["post-1035","post","type-post","status-publish","format-standard","hentry","category-allgemein","category-krieg","category-libyen","category-menschenrechte"],"yoast_head":"<!-- This site is optimized with the Yoast SEO plugin v21.0 - https:\/\/yoast.com\/wordpress\/plugins\/seo\/ -->\n<title>Die Perversion einer guten Idee - Unterwegs in Europa<\/title>\n<meta name=\"robots\" content=\"index, follow, max-snippet:-1, max-image-preview:large, max-video-preview:-1\" \/>\n<link rel=\"canonical\" href=\"https:\/\/blog.zeit.de\/ladurnerulrich\/2011\/11\/04\/die-perversion-einer-guten-idee\/\" \/>\n<meta property=\"og:locale\" content=\"de_DE\" \/>\n<meta property=\"og:type\" content=\"article\" \/>\n<meta property=\"og:title\" content=\"Die Perversion einer guten Idee - Unterwegs in Europa\" \/>\n<meta property=\"og:description\" content=\"War der Libyen-Krieg eine humanit\u00e4re Intervention? Dar\u00fcber und \u00fcber den Einsatz als solchen wird in unserer Redaktion und unter unserer Leserschaft heftig gestritten. Gestern schrieb Jochen Bittner: Mit der Libyen-Intervention der Nato wurde schlimmere Gewalt verhindert. Hier antwortet nun Ulrich Ladurner. Er hat aus allen Kriegen mit westlicher Beteiligung seit 1992 (Bosnien, Kosovo, Mazedonien, Afghanistan, [&hellip;]\" \/>\n<meta property=\"og:url\" content=\"https:\/\/blog.zeit.de\/ladurnerulrich\/2011\/11\/04\/die-perversion-einer-guten-idee\/\" \/>\n<meta property=\"og:site_name\" content=\"Unterwegs in Europa\" \/>\n<meta property=\"article:published_time\" content=\"2011-11-04T14:06:53+00:00\" \/>\n<meta property=\"article:modified_time\" content=\"2011-11-04T15:26:05+00:00\" \/>\n<meta name=\"author\" content=\"Ulrich Ladurner\" \/>\n<meta name=\"twitter:label1\" content=\"Geschrieben von\" \/>\n\t<meta name=\"twitter:data1\" content=\"Ulrich Ladurner\" \/>\n\t<meta name=\"twitter:label2\" content=\"Gesch\u00e4tzte Lesezeit\" \/>\n\t<meta name=\"twitter:data2\" content=\"2\u00a0Minuten\" \/>\n<script type=\"application\/ld+json\" class=\"yoast-schema-graph\">{\"@context\":\"https:\/\/schema.org\",\"@graph\":[{\"@type\":\"WebPage\",\"@id\":\"https:\/\/blog.zeit.de\/ladurnerulrich\/2011\/11\/04\/die-perversion-einer-guten-idee\/\",\"url\":\"https:\/\/blog.zeit.de\/ladurnerulrich\/2011\/11\/04\/die-perversion-einer-guten-idee\/\",\"name\":\"Die Perversion einer guten Idee - Unterwegs in Europa\",\"isPartOf\":{\"@id\":\"https:\/\/blog.zeit.de\/ladurnerulrich\/#website\"},\"datePublished\":\"2011-11-04T14:06:53+00:00\",\"dateModified\":\"2011-11-04T15:26:05+00:00\",\"author\":{\"@id\":\"https:\/\/blog.zeit.de\/ladurnerulrich\/#\/schema\/person\/41f9ab2ef02a3e3602daf321c07007f6\"},\"breadcrumb\":{\"@id\":\"https:\/\/blog.zeit.de\/ladurnerulrich\/2011\/11\/04\/die-perversion-einer-guten-idee\/#breadcrumb\"},\"inLanguage\":\"de\",\"potentialAction\":[{\"@type\":\"ReadAction\",\"target\":[\"https:\/\/blog.zeit.de\/ladurnerulrich\/2011\/11\/04\/die-perversion-einer-guten-idee\/\"]}]},{\"@type\":\"BreadcrumbList\",\"@id\":\"https:\/\/blog.zeit.de\/ladurnerulrich\/2011\/11\/04\/die-perversion-einer-guten-idee\/#breadcrumb\",\"itemListElement\":[{\"@type\":\"ListItem\",\"position\":1,\"name\":\"Startseite\",\"item\":\"https:\/\/blog.zeit.de\/ladurnerulrich\/\"},{\"@type\":\"ListItem\",\"position\":2,\"name\":\"Die Perversion einer guten Idee\"}]},{\"@type\":\"WebSite\",\"@id\":\"https:\/\/blog.zeit.de\/ladurnerulrich\/#website\",\"url\":\"https:\/\/blog.zeit.de\/ladurnerulrich\/\",\"name\":\"Unterwegs in Europa\",\"description\":\"Ladurners Blog f\u00fcr Einblicke in un\u00fcbersichtliche Landschaften\",\"potentialAction\":[{\"@type\":\"SearchAction\",\"target\":{\"@type\":\"EntryPoint\",\"urlTemplate\":\"https:\/\/blog.zeit.de\/ladurnerulrich\/?s={search_term_string}\"},\"query-input\":\"required name=search_term_string\"}],\"inLanguage\":\"de\"},{\"@type\":\"Person\",\"@id\":\"https:\/\/blog.zeit.de\/ladurnerulrich\/#\/schema\/person\/41f9ab2ef02a3e3602daf321c07007f6\",\"name\":\"Ulrich Ladurner\",\"image\":{\"@type\":\"ImageObject\",\"inLanguage\":\"de\",\"@id\":\"https:\/\/blog.zeit.de\/ladurnerulrich\/#\/schema\/person\/image\/\",\"url\":\"https:\/\/secure.gravatar.com\/avatar\/d01052e766579414676df807ab6fd98f6598a3bceab8af45b2984cba94333280?s=96&d=mm&r=g\",\"contentUrl\":\"https:\/\/secure.gravatar.com\/avatar\/d01052e766579414676df807ab6fd98f6598a3bceab8af45b2984cba94333280?s=96&d=mm&r=g\",\"caption\":\"Ulrich Ladurner\"},\"description\":\"lebt seit 1999 in Hamburg. Seitdem staunt er dar\u00fcber, was man in dieser Stadt erleben kann. Weil das mit dem Wundern nicht aufh\u00f6rt, gibt es diese Kolumne.\",\"sameAs\":[\"http:\/\/www.zeit.de\"],\"url\":\"https:\/\/blog.zeit.de\/ladurnerulrich\/author\/ulli-ladurner\/\"}]}<\/script>\n<!-- \/ Yoast SEO plugin. -->","yoast_head_json":{"title":"Die Perversion einer guten Idee - Unterwegs in Europa","robots":{"index":"index","follow":"follow","max-snippet":"max-snippet:-1","max-image-preview":"max-image-preview:large","max-video-preview":"max-video-preview:-1"},"canonical":"https:\/\/blog.zeit.de\/ladurnerulrich\/2011\/11\/04\/die-perversion-einer-guten-idee\/","og_locale":"de_DE","og_type":"article","og_title":"Die Perversion einer guten Idee - Unterwegs in Europa","og_description":"War der Libyen-Krieg eine humanit\u00e4re Intervention? Dar\u00fcber und \u00fcber den Einsatz als solchen wird in unserer Redaktion und unter unserer Leserschaft heftig gestritten. Gestern schrieb Jochen Bittner: Mit der Libyen-Intervention der Nato wurde schlimmere Gewalt verhindert. Hier antwortet nun Ulrich Ladurner. Er hat aus allen Kriegen mit westlicher Beteiligung seit 1992 (Bosnien, Kosovo, Mazedonien, Afghanistan, [&hellip;]","og_url":"https:\/\/blog.zeit.de\/ladurnerulrich\/2011\/11\/04\/die-perversion-einer-guten-idee\/","og_site_name":"Unterwegs in Europa","article_published_time":"2011-11-04T14:06:53+00:00","article_modified_time":"2011-11-04T15:26:05+00:00","author":"Ulrich Ladurner","twitter_misc":{"Geschrieben von":"Ulrich Ladurner","Gesch\u00e4tzte Lesezeit":"2\u00a0Minuten"},"schema":{"@context":"https:\/\/schema.org","@graph":[{"@type":"WebPage","@id":"https:\/\/blog.zeit.de\/ladurnerulrich\/2011\/11\/04\/die-perversion-einer-guten-idee\/","url":"https:\/\/blog.zeit.de\/ladurnerulrich\/2011\/11\/04\/die-perversion-einer-guten-idee\/","name":"Die Perversion einer guten Idee - Unterwegs in Europa","isPartOf":{"@id":"https:\/\/blog.zeit.de\/ladurnerulrich\/#website"},"datePublished":"2011-11-04T14:06:53+00:00","dateModified":"2011-11-04T15:26:05+00:00","author":{"@id":"https:\/\/blog.zeit.de\/ladurnerulrich\/#\/schema\/person\/41f9ab2ef02a3e3602daf321c07007f6"},"breadcrumb":{"@id":"https:\/\/blog.zeit.de\/ladurnerulrich\/2011\/11\/04\/die-perversion-einer-guten-idee\/#breadcrumb"},"inLanguage":"de","potentialAction":[{"@type":"ReadAction","target":["https:\/\/blog.zeit.de\/ladurnerulrich\/2011\/11\/04\/die-perversion-einer-guten-idee\/"]}]},{"@type":"BreadcrumbList","@id":"https:\/\/blog.zeit.de\/ladurnerulrich\/2011\/11\/04\/die-perversion-einer-guten-idee\/#breadcrumb","itemListElement":[{"@type":"ListItem","position":1,"name":"Startseite","item":"https:\/\/blog.zeit.de\/ladurnerulrich\/"},{"@type":"ListItem","position":2,"name":"Die Perversion einer guten Idee"}]},{"@type":"WebSite","@id":"https:\/\/blog.zeit.de\/ladurnerulrich\/#website","url":"https:\/\/blog.zeit.de\/ladurnerulrich\/","name":"Unterwegs in Europa","description":"Ladurners Blog f\u00fcr Einblicke in un\u00fcbersichtliche Landschaften","potentialAction":[{"@type":"SearchAction","target":{"@type":"EntryPoint","urlTemplate":"https:\/\/blog.zeit.de\/ladurnerulrich\/?s={search_term_string}"},"query-input":"required name=search_term_string"}],"inLanguage":"de"},{"@type":"Person","@id":"https:\/\/blog.zeit.de\/ladurnerulrich\/#\/schema\/person\/41f9ab2ef02a3e3602daf321c07007f6","name":"Ulrich Ladurner","image":{"@type":"ImageObject","inLanguage":"de","@id":"https:\/\/blog.zeit.de\/ladurnerulrich\/#\/schema\/person\/image\/","url":"https:\/\/secure.gravatar.com\/avatar\/d01052e766579414676df807ab6fd98f6598a3bceab8af45b2984cba94333280?s=96&d=mm&r=g","contentUrl":"https:\/\/secure.gravatar.com\/avatar\/d01052e766579414676df807ab6fd98f6598a3bceab8af45b2984cba94333280?s=96&d=mm&r=g","caption":"Ulrich Ladurner"},"description":"lebt seit 1999 in Hamburg. Seitdem staunt er dar\u00fcber, was man in dieser Stadt erleben kann. Weil das mit dem Wundern nicht aufh\u00f6rt, gibt es diese Kolumne.","sameAs":["http:\/\/www.zeit.de"],"url":"https:\/\/blog.zeit.de\/ladurnerulrich\/author\/ulli-ladurner\/"}]}},"jetpack_featured_media_url":"","jetpack_sharing_enabled":true,"_links":{"self":[{"href":"https:\/\/blog.zeit.de\/ladurnerulrich\/wp-json\/wp\/v2\/posts\/1035","targetHints":{"allow":["GET"]}}],"collection":[{"href":"https:\/\/blog.zeit.de\/ladurnerulrich\/wp-json\/wp\/v2\/posts"}],"about":[{"href":"https:\/\/blog.zeit.de\/ladurnerulrich\/wp-json\/wp\/v2\/types\/post"}],"author":[{"embeddable":true,"href":"https:\/\/blog.zeit.de\/ladurnerulrich\/wp-json\/wp\/v2\/users\/87"}],"replies":[{"embeddable":true,"href":"https:\/\/blog.zeit.de\/ladurnerulrich\/wp-json\/wp\/v2\/comments?post=1035"}],"version-history":[{"count":13,"href":"https:\/\/blog.zeit.de\/ladurnerulrich\/wp-json\/wp\/v2\/posts\/1035\/revisions"}],"predecessor-version":[{"id":1047,"href":"https:\/\/blog.zeit.de\/ladurnerulrich\/wp-json\/wp\/v2\/posts\/1035\/revisions\/1047"}],"wp:attachment":[{"href":"https:\/\/blog.zeit.de\/ladurnerulrich\/wp-json\/wp\/v2\/media?parent=1035"}],"wp:term":[{"taxonomy":"category","embeddable":true,"href":"https:\/\/blog.zeit.de\/ladurnerulrich\/wp-json\/wp\/v2\/categories?post=1035"},{"taxonomy":"post_tag","embeddable":true,"href":"https:\/\/blog.zeit.de\/ladurnerulrich\/wp-json\/wp\/v2\/tags?post=1035"}],"curies":[{"name":"wp","href":"https:\/\/api.w.org\/{rel}","templated":true}]}}