{"id":1057,"date":"2012-01-27T16:15:11","date_gmt":"2012-01-27T15:15:11","guid":{"rendered":"http:\/\/blog.zeit.de\/ladurnerulrich\/?p=1057"},"modified":"2012-01-27T16:15:11","modified_gmt":"2012-01-27T15:15:11","slug":"der-libyen-krieg-ist-noch-nicht-zu-ende","status":"publish","type":"post","link":"https:\/\/blog.zeit.de\/ladurnerulrich\/2012\/01\/27\/der-libyen-krieg-ist-noch-nicht-zu-ende\/","title":{"rendered":"Der Libyen-Krieg ist noch nicht zu Ende"},"content":{"rendered":"<div>\n<h1><span class=\"Apple-style-span\" style=\"font-size: 13px;font-weight: normal\">Ein Krieg ist noch lange nicht zu Ende, wenn ein Diktator st\u00fcrzt. Das zeigt sich in Libyen. Anh\u00e4nger des alten Regimes haben die\u00a0<a href=\"http:\/\/www.zeit.de\/politik\/ausland\/2012-01\/libyen-bani-walid\">W\u00fcstenstadt Bani Walid erobert<\/a>. Im Kampf um diese Stadt werden Panzer und Flugzeuge eingesetzt. Aus Tripolis eilen K\u00e4mpfer in die W\u00fcste. Man f\u00fchlt sich an den Sommer des vergangenen Jahres erinnert. Damals str\u00f6mten Aufst\u00e4ndische mal hierhin, mal dorthin \u2013 immer auf der Jagd nach Diktator Muammar al-Gaddafi. Schlie\u00dflich wurden sie seiner habhaft und lynchten ihn. Das sollte der Endpunkt des Krieges sein.<\/span><\/h1>\n<\/div>\n<p>Doch vielleicht war es erst der Beginn einer neuen Runde. Vor wenigen Tagen\u00a0<a href=\"http:\/\/www.zeit.de\/politik\/ausland\/2012-01\/libyen-demonstration-amtssitz\">st\u00fcrmte in Bengasi eine aufgebrachte Menge das Geb\u00e4ude des \u00dcbergangsrates<\/a>. Der Vorsitzende des Rates Abdel Jalil sagte: &#8222;Wir haben nur zwei sehr bittere Optionen. Entweder begegnen wir dieser Gewalt mit harter Hand. Das w\u00fcrde zu einer milit\u00e4rischen Konfrontation f\u00fchren, die wir nicht wollen. Oder wir trennen uns, und es wird zu einem B\u00fcrgerkrieg kommen!&#8220;<\/p>\n<p>Nun, das muss alles nicht so kommen. Die Libyer m\u00fcssen erst einmal eine neue Balance herstellen. Nach mehr als vierzig Jahren Diktatur ist das nur allzu verst\u00e4ndlich.<\/p>\n<p>Doch was ist, wenn Jalils &#8222;Optionen&#8220; tats\u00e4chlich eintreten? Wen wird die Nato im Falle eines ausbrechenden B\u00fcrgerkrieges bombardieren? Keine der Parteien? Das w\u00e4re klug.<\/p>\n<p>Und wenn es zu Massakern unter Zivilisten kommt? Sollte dann das Argument der &#8222;humanit\u00e4ren Intervention&#8220; nicht gelten? Wahrscheinlich nicht. Denn das Risiko in einen komplexen, langwierigen Konflikt mit un\u00fcbersichtlichen Fronten hineingezogen zu werden, ist zu gro\u00df. Die selbst ernannten Krieger f\u00fcr die Menschenrechte, wie der franz\u00f6sische Pr\u00e4sident Nicolas Sarkozy und der britische Premier David Cameron, werden sich sehr schnell als kaltschn\u00e4uzige Realpolitiker erweisen.<\/p>\n<p>Doch sollte Libyen wirklich in einen B\u00fcrgerkrieg versinken, dann wird Zusehen keine Option sein. Denn Libyen liegt in unmittelbarer Nachbarschaft Europas \u2013 es ist nur wenige Kilometer von Italien entfernt. Und k\u00f6nnte man an der nordafrikanischen K\u00fcste einen\u00a0<a href=\"http:\/\/www.zeit.de\/politik\/ausland\/2012-01\/piraten-somalia-europa\">zerfallenen Staat nach dem Beispiel von Somalia<\/a>\u00a0tolerieren? Nein, das w\u00e4re nicht m\u00f6glich.<\/p>\n<p>Also m\u00fcsste es zu einem Engagement in Libyen kommen, und es wird auch ein milit\u00e4risches sein. Das w\u00e4re dann die bittere Sp\u00e4tfolge eines Krieges, den der Westen so leichtfertig vom Zaun gebrochen hat.<\/p>\n<p>Wie gesagt: Es muss nicht so kommen. Und hoffentlich kommt es so auch nicht. Doch es kann. Und das allein sollte gen\u00fcgen, um das n\u00e4chste Mal etwas l\u00e4nger nachzudenken, bevor man interveniert \u2013 zu welchem Zweck auch immer.<\/p>\n","protected":false},"excerpt":{"rendered":"<p>Ein Krieg ist noch lange nicht zu Ende, wenn ein Diktator st\u00fcrzt. Das zeigt sich in Libyen. Anh\u00e4nger des alten Regimes haben die\u00a0W\u00fcstenstadt Bani Walid erobert. Im Kampf um diese Stadt werden Panzer und Flugzeuge eingesetzt. Aus Tripolis eilen K\u00e4mpfer in die W\u00fcste. Man f\u00fchlt sich an den Sommer des vergangenen Jahres erinnert. Damals str\u00f6mten [&hellip;]<\/p>\n","protected":false},"author":87,"featured_media":0,"comment_status":"open","ping_status":"open","sticky":false,"template":"","format":"standard","meta":{"_jetpack_memberships_contains_paid_content":false,"footnotes":""},"categories":[1],"tags":[],"class_list":["post-1057","post","type-post","status-publish","format-standard","hentry","category-allgemein"],"yoast_head":"<!-- This site is optimized with the Yoast SEO plugin v21.0 - https:\/\/yoast.com\/wordpress\/plugins\/seo\/ -->\n<title>Der Libyen-Krieg ist noch nicht zu Ende - Unterwegs in Europa<\/title>\n<meta name=\"robots\" content=\"index, follow, max-snippet:-1, max-image-preview:large, max-video-preview:-1\" \/>\n<link rel=\"canonical\" href=\"https:\/\/blog.zeit.de\/ladurnerulrich\/2012\/01\/27\/der-libyen-krieg-ist-noch-nicht-zu-ende\/\" \/>\n<meta property=\"og:locale\" content=\"de_DE\" \/>\n<meta property=\"og:type\" content=\"article\" \/>\n<meta property=\"og:title\" content=\"Der Libyen-Krieg ist noch nicht zu Ende - Unterwegs in Europa\" \/>\n<meta property=\"og:description\" content=\"Ein Krieg ist noch lange nicht zu Ende, wenn ein Diktator st\u00fcrzt. Das zeigt sich in Libyen. Anh\u00e4nger des alten Regimes haben die\u00a0W\u00fcstenstadt Bani Walid erobert. Im Kampf um diese Stadt werden Panzer und Flugzeuge eingesetzt. Aus Tripolis eilen K\u00e4mpfer in die W\u00fcste. Man f\u00fchlt sich an den Sommer des vergangenen Jahres erinnert. Damals str\u00f6mten [&hellip;]\" \/>\n<meta property=\"og:url\" content=\"https:\/\/blog.zeit.de\/ladurnerulrich\/2012\/01\/27\/der-libyen-krieg-ist-noch-nicht-zu-ende\/\" \/>\n<meta property=\"og:site_name\" content=\"Unterwegs in Europa\" \/>\n<meta property=\"article:published_time\" content=\"2012-01-27T15:15:11+00:00\" \/>\n<meta name=\"author\" content=\"Ulrich Ladurner\" \/>\n<meta name=\"twitter:label1\" content=\"Geschrieben von\" \/>\n\t<meta name=\"twitter:data1\" content=\"Ulrich Ladurner\" \/>\n\t<meta name=\"twitter:label2\" content=\"Gesch\u00e4tzte Lesezeit\" \/>\n\t<meta name=\"twitter:data2\" content=\"2\u00a0Minuten\" \/>\n<script type=\"application\/ld+json\" class=\"yoast-schema-graph\">{\"@context\":\"https:\/\/schema.org\",\"@graph\":[{\"@type\":\"WebPage\",\"@id\":\"https:\/\/blog.zeit.de\/ladurnerulrich\/2012\/01\/27\/der-libyen-krieg-ist-noch-nicht-zu-ende\/\",\"url\":\"https:\/\/blog.zeit.de\/ladurnerulrich\/2012\/01\/27\/der-libyen-krieg-ist-noch-nicht-zu-ende\/\",\"name\":\"Der Libyen-Krieg ist noch nicht zu Ende - Unterwegs in Europa\",\"isPartOf\":{\"@id\":\"https:\/\/blog.zeit.de\/ladurnerulrich\/#website\"},\"datePublished\":\"2012-01-27T15:15:11+00:00\",\"dateModified\":\"2012-01-27T15:15:11+00:00\",\"author\":{\"@id\":\"https:\/\/blog.zeit.de\/ladurnerulrich\/#\/schema\/person\/41f9ab2ef02a3e3602daf321c07007f6\"},\"breadcrumb\":{\"@id\":\"https:\/\/blog.zeit.de\/ladurnerulrich\/2012\/01\/27\/der-libyen-krieg-ist-noch-nicht-zu-ende\/#breadcrumb\"},\"inLanguage\":\"de\",\"potentialAction\":[{\"@type\":\"ReadAction\",\"target\":[\"https:\/\/blog.zeit.de\/ladurnerulrich\/2012\/01\/27\/der-libyen-krieg-ist-noch-nicht-zu-ende\/\"]}]},{\"@type\":\"BreadcrumbList\",\"@id\":\"https:\/\/blog.zeit.de\/ladurnerulrich\/2012\/01\/27\/der-libyen-krieg-ist-noch-nicht-zu-ende\/#breadcrumb\",\"itemListElement\":[{\"@type\":\"ListItem\",\"position\":1,\"name\":\"Startseite\",\"item\":\"https:\/\/blog.zeit.de\/ladurnerulrich\/\"},{\"@type\":\"ListItem\",\"position\":2,\"name\":\"Der Libyen-Krieg ist noch nicht zu Ende\"}]},{\"@type\":\"WebSite\",\"@id\":\"https:\/\/blog.zeit.de\/ladurnerulrich\/#website\",\"url\":\"https:\/\/blog.zeit.de\/ladurnerulrich\/\",\"name\":\"Unterwegs in Europa\",\"description\":\"Ladurners Blog f\u00fcr Einblicke in un\u00fcbersichtliche Landschaften\",\"potentialAction\":[{\"@type\":\"SearchAction\",\"target\":{\"@type\":\"EntryPoint\",\"urlTemplate\":\"https:\/\/blog.zeit.de\/ladurnerulrich\/?s={search_term_string}\"},\"query-input\":\"required name=search_term_string\"}],\"inLanguage\":\"de\"},{\"@type\":\"Person\",\"@id\":\"https:\/\/blog.zeit.de\/ladurnerulrich\/#\/schema\/person\/41f9ab2ef02a3e3602daf321c07007f6\",\"name\":\"Ulrich Ladurner\",\"image\":{\"@type\":\"ImageObject\",\"inLanguage\":\"de\",\"@id\":\"https:\/\/blog.zeit.de\/ladurnerulrich\/#\/schema\/person\/image\/\",\"url\":\"https:\/\/secure.gravatar.com\/avatar\/d01052e766579414676df807ab6fd98f6598a3bceab8af45b2984cba94333280?s=96&d=mm&r=g\",\"contentUrl\":\"https:\/\/secure.gravatar.com\/avatar\/d01052e766579414676df807ab6fd98f6598a3bceab8af45b2984cba94333280?s=96&d=mm&r=g\",\"caption\":\"Ulrich Ladurner\"},\"description\":\"lebt seit 1999 in Hamburg. Seitdem staunt er dar\u00fcber, was man in dieser Stadt erleben kann. Weil das mit dem Wundern nicht aufh\u00f6rt, gibt es diese Kolumne.\",\"sameAs\":[\"http:\/\/www.zeit.de\"],\"url\":\"https:\/\/blog.zeit.de\/ladurnerulrich\/author\/ulli-ladurner\/\"}]}<\/script>\n<!-- \/ Yoast SEO plugin. -->","yoast_head_json":{"title":"Der Libyen-Krieg ist noch nicht zu Ende - Unterwegs in Europa","robots":{"index":"index","follow":"follow","max-snippet":"max-snippet:-1","max-image-preview":"max-image-preview:large","max-video-preview":"max-video-preview:-1"},"canonical":"https:\/\/blog.zeit.de\/ladurnerulrich\/2012\/01\/27\/der-libyen-krieg-ist-noch-nicht-zu-ende\/","og_locale":"de_DE","og_type":"article","og_title":"Der Libyen-Krieg ist noch nicht zu Ende - Unterwegs in Europa","og_description":"Ein Krieg ist noch lange nicht zu Ende, wenn ein Diktator st\u00fcrzt. Das zeigt sich in Libyen. Anh\u00e4nger des alten Regimes haben die\u00a0W\u00fcstenstadt Bani Walid erobert. Im Kampf um diese Stadt werden Panzer und Flugzeuge eingesetzt. Aus Tripolis eilen K\u00e4mpfer in die W\u00fcste. Man f\u00fchlt sich an den Sommer des vergangenen Jahres erinnert. Damals str\u00f6mten [&hellip;]","og_url":"https:\/\/blog.zeit.de\/ladurnerulrich\/2012\/01\/27\/der-libyen-krieg-ist-noch-nicht-zu-ende\/","og_site_name":"Unterwegs in Europa","article_published_time":"2012-01-27T15:15:11+00:00","author":"Ulrich Ladurner","twitter_misc":{"Geschrieben von":"Ulrich Ladurner","Gesch\u00e4tzte Lesezeit":"2\u00a0Minuten"},"schema":{"@context":"https:\/\/schema.org","@graph":[{"@type":"WebPage","@id":"https:\/\/blog.zeit.de\/ladurnerulrich\/2012\/01\/27\/der-libyen-krieg-ist-noch-nicht-zu-ende\/","url":"https:\/\/blog.zeit.de\/ladurnerulrich\/2012\/01\/27\/der-libyen-krieg-ist-noch-nicht-zu-ende\/","name":"Der Libyen-Krieg ist noch nicht zu Ende - Unterwegs in Europa","isPartOf":{"@id":"https:\/\/blog.zeit.de\/ladurnerulrich\/#website"},"datePublished":"2012-01-27T15:15:11+00:00","dateModified":"2012-01-27T15:15:11+00:00","author":{"@id":"https:\/\/blog.zeit.de\/ladurnerulrich\/#\/schema\/person\/41f9ab2ef02a3e3602daf321c07007f6"},"breadcrumb":{"@id":"https:\/\/blog.zeit.de\/ladurnerulrich\/2012\/01\/27\/der-libyen-krieg-ist-noch-nicht-zu-ende\/#breadcrumb"},"inLanguage":"de","potentialAction":[{"@type":"ReadAction","target":["https:\/\/blog.zeit.de\/ladurnerulrich\/2012\/01\/27\/der-libyen-krieg-ist-noch-nicht-zu-ende\/"]}]},{"@type":"BreadcrumbList","@id":"https:\/\/blog.zeit.de\/ladurnerulrich\/2012\/01\/27\/der-libyen-krieg-ist-noch-nicht-zu-ende\/#breadcrumb","itemListElement":[{"@type":"ListItem","position":1,"name":"Startseite","item":"https:\/\/blog.zeit.de\/ladurnerulrich\/"},{"@type":"ListItem","position":2,"name":"Der Libyen-Krieg ist noch nicht zu Ende"}]},{"@type":"WebSite","@id":"https:\/\/blog.zeit.de\/ladurnerulrich\/#website","url":"https:\/\/blog.zeit.de\/ladurnerulrich\/","name":"Unterwegs in Europa","description":"Ladurners Blog f\u00fcr Einblicke in un\u00fcbersichtliche Landschaften","potentialAction":[{"@type":"SearchAction","target":{"@type":"EntryPoint","urlTemplate":"https:\/\/blog.zeit.de\/ladurnerulrich\/?s={search_term_string}"},"query-input":"required name=search_term_string"}],"inLanguage":"de"},{"@type":"Person","@id":"https:\/\/blog.zeit.de\/ladurnerulrich\/#\/schema\/person\/41f9ab2ef02a3e3602daf321c07007f6","name":"Ulrich Ladurner","image":{"@type":"ImageObject","inLanguage":"de","@id":"https:\/\/blog.zeit.de\/ladurnerulrich\/#\/schema\/person\/image\/","url":"https:\/\/secure.gravatar.com\/avatar\/d01052e766579414676df807ab6fd98f6598a3bceab8af45b2984cba94333280?s=96&d=mm&r=g","contentUrl":"https:\/\/secure.gravatar.com\/avatar\/d01052e766579414676df807ab6fd98f6598a3bceab8af45b2984cba94333280?s=96&d=mm&r=g","caption":"Ulrich Ladurner"},"description":"lebt seit 1999 in Hamburg. Seitdem staunt er dar\u00fcber, was man in dieser Stadt erleben kann. Weil das mit dem Wundern nicht aufh\u00f6rt, gibt es diese Kolumne.","sameAs":["http:\/\/www.zeit.de"],"url":"https:\/\/blog.zeit.de\/ladurnerulrich\/author\/ulli-ladurner\/"}]}},"jetpack_featured_media_url":"","jetpack_sharing_enabled":true,"_links":{"self":[{"href":"https:\/\/blog.zeit.de\/ladurnerulrich\/wp-json\/wp\/v2\/posts\/1057","targetHints":{"allow":["GET"]}}],"collection":[{"href":"https:\/\/blog.zeit.de\/ladurnerulrich\/wp-json\/wp\/v2\/posts"}],"about":[{"href":"https:\/\/blog.zeit.de\/ladurnerulrich\/wp-json\/wp\/v2\/types\/post"}],"author":[{"embeddable":true,"href":"https:\/\/blog.zeit.de\/ladurnerulrich\/wp-json\/wp\/v2\/users\/87"}],"replies":[{"embeddable":true,"href":"https:\/\/blog.zeit.de\/ladurnerulrich\/wp-json\/wp\/v2\/comments?post=1057"}],"version-history":[{"count":1,"href":"https:\/\/blog.zeit.de\/ladurnerulrich\/wp-json\/wp\/v2\/posts\/1057\/revisions"}],"predecessor-version":[{"id":1058,"href":"https:\/\/blog.zeit.de\/ladurnerulrich\/wp-json\/wp\/v2\/posts\/1057\/revisions\/1058"}],"wp:attachment":[{"href":"https:\/\/blog.zeit.de\/ladurnerulrich\/wp-json\/wp\/v2\/media?parent=1057"}],"wp:term":[{"taxonomy":"category","embeddable":true,"href":"https:\/\/blog.zeit.de\/ladurnerulrich\/wp-json\/wp\/v2\/categories?post=1057"},{"taxonomy":"post_tag","embeddable":true,"href":"https:\/\/blog.zeit.de\/ladurnerulrich\/wp-json\/wp\/v2\/tags?post=1057"}],"curies":[{"name":"wp","href":"https:\/\/api.w.org\/{rel}","templated":true}]}}