{"id":1070,"date":"2012-04-12T22:29:20","date_gmt":"2012-04-12T20:29:20","guid":{"rendered":"http:\/\/blog.zeit.de\/ladurnerulrich\/?p=1070"},"modified":"2012-04-12T22:29:20","modified_gmt":"2012-04-12T20:29:20","slug":"wer-kommt-nach-2014","status":"publish","type":"post","link":"https:\/\/blog.zeit.de\/ladurnerulrich\/2012\/04\/12\/wer-kommt-nach-2014\/","title":{"rendered":"Wer kommt nach 2014?"},"content":{"rendered":"<p>Die Nato will aus Afghanistan ihre Truppen bis 2014 abgezogen haben. Die interessante Frage ist: WER kommt danach? Denn sicher wird Afghanistan nicht in Ruhe gelassen werden, daf\u00fcr ist seine strategische Lage zu bedeutend. Afghanistan liegt an der Grenze zu den \u00f6lreichen zentralasiatischen Staaten. Und der Energiehunger der Welt w\u00e4chst -besonders der Chinas und Indiens.<\/p>\n<p>Also WER kommt nach der Nato nach Afghanistan?<\/p>\n<p>Zum Beispiel die Inder.<\/p>\n<p>Die afghanische Regierung hat im Herbst des vergangenen Jahres dem indischen Stahlriesen <a href=\"http:\/\/www.bloomberg.com\/news\/2011-11-28\/afghanistan-awards-most-hajigak-iron-ore-mining-rights-to-indian-group.html\">Hajigak<\/a>\u00a0Lizenzen zur Ausbeutung von Eisenerzminen erteilt. Die indische Regierung hat bei der Zustande kommen dieses Abkommens einen wichtige Rolle gespielt. Warum? Hier die Begr\u00fcndung<\/p>\n<blockquote><p>&#8222;India\u2019s government backed the group (Hajikag), led by state-owned\u00a0Steel Authority of India Ltd. (SAIL)and\u00a0NMDCLtd<a title=\"Get Quote\" href=\"http:\/\/www.bloomberg.com\/quote\/NMDC:IN\">. (<\/a>NMDC<a title=\"Get Quote\" href=\"http:\/\/www.bloomberg.com\/quote\/NMDC:IN\">)<\/a>, <strong>to widen the country\u2019s strategic presence in Afghanistan, which Prime Minister\u00a0Manmohan Singh\u00a0has said is essential for Indian security<\/strong>.&#8220;<\/p><\/blockquote>\n","protected":false},"excerpt":{"rendered":"<p>Die Nato will aus Afghanistan ihre Truppen bis 2014 abgezogen haben. Die interessante Frage ist: WER kommt danach? Denn sicher wird Afghanistan nicht in Ruhe gelassen werden, daf\u00fcr ist seine strategische Lage zu bedeutend. Afghanistan liegt an der Grenze zu den \u00f6lreichen zentralasiatischen Staaten. Und der Energiehunger der Welt w\u00e4chst -besonders der Chinas und Indiens. [&hellip;]<\/p>\n","protected":false},"author":87,"featured_media":0,"comment_status":"open","ping_status":"open","sticky":false,"template":"","format":"standard","meta":{"_jetpack_memberships_contains_paid_content":false,"footnotes":""},"categories":[1],"tags":[],"class_list":["post-1070","post","type-post","status-publish","format-standard","hentry","category-allgemein"],"yoast_head":"<!-- This site is optimized with the Yoast SEO plugin v21.0 - https:\/\/yoast.com\/wordpress\/plugins\/seo\/ -->\n<title>Wer kommt nach 2014? - Unterwegs in Europa<\/title>\n<meta name=\"robots\" content=\"index, follow, max-snippet:-1, max-image-preview:large, max-video-preview:-1\" \/>\n<link rel=\"canonical\" href=\"https:\/\/blog.zeit.de\/ladurnerulrich\/2012\/04\/12\/wer-kommt-nach-2014\/\" \/>\n<meta property=\"og:locale\" content=\"de_DE\" \/>\n<meta property=\"og:type\" content=\"article\" \/>\n<meta property=\"og:title\" content=\"Wer kommt nach 2014? - Unterwegs in Europa\" \/>\n<meta property=\"og:description\" content=\"Die Nato will aus Afghanistan ihre Truppen bis 2014 abgezogen haben. Die interessante Frage ist: WER kommt danach? Denn sicher wird Afghanistan nicht in Ruhe gelassen werden, daf\u00fcr ist seine strategische Lage zu bedeutend. Afghanistan liegt an der Grenze zu den \u00f6lreichen zentralasiatischen Staaten. Und der Energiehunger der Welt w\u00e4chst -besonders der Chinas und Indiens. [&hellip;]\" \/>\n<meta property=\"og:url\" content=\"https:\/\/blog.zeit.de\/ladurnerulrich\/2012\/04\/12\/wer-kommt-nach-2014\/\" \/>\n<meta property=\"og:site_name\" content=\"Unterwegs in Europa\" \/>\n<meta property=\"article:published_time\" content=\"2012-04-12T20:29:20+00:00\" \/>\n<meta name=\"author\" content=\"Ulrich Ladurner\" \/>\n<meta name=\"twitter:label1\" content=\"Geschrieben von\" \/>\n\t<meta name=\"twitter:data1\" content=\"Ulrich Ladurner\" \/>\n\t<meta name=\"twitter:label2\" content=\"Gesch\u00e4tzte Lesezeit\" \/>\n\t<meta name=\"twitter:data2\" content=\"1\u00a0Minute\" \/>\n<script type=\"application\/ld+json\" class=\"yoast-schema-graph\">{\"@context\":\"https:\/\/schema.org\",\"@graph\":[{\"@type\":\"WebPage\",\"@id\":\"https:\/\/blog.zeit.de\/ladurnerulrich\/2012\/04\/12\/wer-kommt-nach-2014\/\",\"url\":\"https:\/\/blog.zeit.de\/ladurnerulrich\/2012\/04\/12\/wer-kommt-nach-2014\/\",\"name\":\"Wer kommt nach 2014? - Unterwegs in Europa\",\"isPartOf\":{\"@id\":\"https:\/\/blog.zeit.de\/ladurnerulrich\/#website\"},\"datePublished\":\"2012-04-12T20:29:20+00:00\",\"dateModified\":\"2012-04-12T20:29:20+00:00\",\"author\":{\"@id\":\"https:\/\/blog.zeit.de\/ladurnerulrich\/#\/schema\/person\/41f9ab2ef02a3e3602daf321c07007f6\"},\"breadcrumb\":{\"@id\":\"https:\/\/blog.zeit.de\/ladurnerulrich\/2012\/04\/12\/wer-kommt-nach-2014\/#breadcrumb\"},\"inLanguage\":\"de\",\"potentialAction\":[{\"@type\":\"ReadAction\",\"target\":[\"https:\/\/blog.zeit.de\/ladurnerulrich\/2012\/04\/12\/wer-kommt-nach-2014\/\"]}]},{\"@type\":\"BreadcrumbList\",\"@id\":\"https:\/\/blog.zeit.de\/ladurnerulrich\/2012\/04\/12\/wer-kommt-nach-2014\/#breadcrumb\",\"itemListElement\":[{\"@type\":\"ListItem\",\"position\":1,\"name\":\"Startseite\",\"item\":\"https:\/\/blog.zeit.de\/ladurnerulrich\/\"},{\"@type\":\"ListItem\",\"position\":2,\"name\":\"Wer kommt nach 2014?\"}]},{\"@type\":\"WebSite\",\"@id\":\"https:\/\/blog.zeit.de\/ladurnerulrich\/#website\",\"url\":\"https:\/\/blog.zeit.de\/ladurnerulrich\/\",\"name\":\"Unterwegs in Europa\",\"description\":\"Ladurners Blog f\u00fcr Einblicke in un\u00fcbersichtliche Landschaften\",\"potentialAction\":[{\"@type\":\"SearchAction\",\"target\":{\"@type\":\"EntryPoint\",\"urlTemplate\":\"https:\/\/blog.zeit.de\/ladurnerulrich\/?s={search_term_string}\"},\"query-input\":\"required name=search_term_string\"}],\"inLanguage\":\"de\"},{\"@type\":\"Person\",\"@id\":\"https:\/\/blog.zeit.de\/ladurnerulrich\/#\/schema\/person\/41f9ab2ef02a3e3602daf321c07007f6\",\"name\":\"Ulrich Ladurner\",\"image\":{\"@type\":\"ImageObject\",\"inLanguage\":\"de\",\"@id\":\"https:\/\/blog.zeit.de\/ladurnerulrich\/#\/schema\/person\/image\/\",\"url\":\"https:\/\/secure.gravatar.com\/avatar\/d01052e766579414676df807ab6fd98f6598a3bceab8af45b2984cba94333280?s=96&d=mm&r=g\",\"contentUrl\":\"https:\/\/secure.gravatar.com\/avatar\/d01052e766579414676df807ab6fd98f6598a3bceab8af45b2984cba94333280?s=96&d=mm&r=g\",\"caption\":\"Ulrich Ladurner\"},\"description\":\"lebt seit 1999 in Hamburg. Seitdem staunt er dar\u00fcber, was man in dieser Stadt erleben kann. Weil das mit dem Wundern nicht aufh\u00f6rt, gibt es diese Kolumne.\",\"sameAs\":[\"http:\/\/www.zeit.de\"],\"url\":\"https:\/\/blog.zeit.de\/ladurnerulrich\/author\/ulli-ladurner\/\"}]}<\/script>\n<!-- \/ Yoast SEO plugin. -->","yoast_head_json":{"title":"Wer kommt nach 2014? - Unterwegs in Europa","robots":{"index":"index","follow":"follow","max-snippet":"max-snippet:-1","max-image-preview":"max-image-preview:large","max-video-preview":"max-video-preview:-1"},"canonical":"https:\/\/blog.zeit.de\/ladurnerulrich\/2012\/04\/12\/wer-kommt-nach-2014\/","og_locale":"de_DE","og_type":"article","og_title":"Wer kommt nach 2014? - Unterwegs in Europa","og_description":"Die Nato will aus Afghanistan ihre Truppen bis 2014 abgezogen haben. Die interessante Frage ist: WER kommt danach? Denn sicher wird Afghanistan nicht in Ruhe gelassen werden, daf\u00fcr ist seine strategische Lage zu bedeutend. Afghanistan liegt an der Grenze zu den \u00f6lreichen zentralasiatischen Staaten. Und der Energiehunger der Welt w\u00e4chst -besonders der Chinas und Indiens. [&hellip;]","og_url":"https:\/\/blog.zeit.de\/ladurnerulrich\/2012\/04\/12\/wer-kommt-nach-2014\/","og_site_name":"Unterwegs in Europa","article_published_time":"2012-04-12T20:29:20+00:00","author":"Ulrich Ladurner","twitter_misc":{"Geschrieben von":"Ulrich Ladurner","Gesch\u00e4tzte Lesezeit":"1\u00a0Minute"},"schema":{"@context":"https:\/\/schema.org","@graph":[{"@type":"WebPage","@id":"https:\/\/blog.zeit.de\/ladurnerulrich\/2012\/04\/12\/wer-kommt-nach-2014\/","url":"https:\/\/blog.zeit.de\/ladurnerulrich\/2012\/04\/12\/wer-kommt-nach-2014\/","name":"Wer kommt nach 2014? - Unterwegs in Europa","isPartOf":{"@id":"https:\/\/blog.zeit.de\/ladurnerulrich\/#website"},"datePublished":"2012-04-12T20:29:20+00:00","dateModified":"2012-04-12T20:29:20+00:00","author":{"@id":"https:\/\/blog.zeit.de\/ladurnerulrich\/#\/schema\/person\/41f9ab2ef02a3e3602daf321c07007f6"},"breadcrumb":{"@id":"https:\/\/blog.zeit.de\/ladurnerulrich\/2012\/04\/12\/wer-kommt-nach-2014\/#breadcrumb"},"inLanguage":"de","potentialAction":[{"@type":"ReadAction","target":["https:\/\/blog.zeit.de\/ladurnerulrich\/2012\/04\/12\/wer-kommt-nach-2014\/"]}]},{"@type":"BreadcrumbList","@id":"https:\/\/blog.zeit.de\/ladurnerulrich\/2012\/04\/12\/wer-kommt-nach-2014\/#breadcrumb","itemListElement":[{"@type":"ListItem","position":1,"name":"Startseite","item":"https:\/\/blog.zeit.de\/ladurnerulrich\/"},{"@type":"ListItem","position":2,"name":"Wer kommt nach 2014?"}]},{"@type":"WebSite","@id":"https:\/\/blog.zeit.de\/ladurnerulrich\/#website","url":"https:\/\/blog.zeit.de\/ladurnerulrich\/","name":"Unterwegs in Europa","description":"Ladurners Blog f\u00fcr Einblicke in un\u00fcbersichtliche Landschaften","potentialAction":[{"@type":"SearchAction","target":{"@type":"EntryPoint","urlTemplate":"https:\/\/blog.zeit.de\/ladurnerulrich\/?s={search_term_string}"},"query-input":"required name=search_term_string"}],"inLanguage":"de"},{"@type":"Person","@id":"https:\/\/blog.zeit.de\/ladurnerulrich\/#\/schema\/person\/41f9ab2ef02a3e3602daf321c07007f6","name":"Ulrich Ladurner","image":{"@type":"ImageObject","inLanguage":"de","@id":"https:\/\/blog.zeit.de\/ladurnerulrich\/#\/schema\/person\/image\/","url":"https:\/\/secure.gravatar.com\/avatar\/d01052e766579414676df807ab6fd98f6598a3bceab8af45b2984cba94333280?s=96&d=mm&r=g","contentUrl":"https:\/\/secure.gravatar.com\/avatar\/d01052e766579414676df807ab6fd98f6598a3bceab8af45b2984cba94333280?s=96&d=mm&r=g","caption":"Ulrich Ladurner"},"description":"lebt seit 1999 in Hamburg. Seitdem staunt er dar\u00fcber, was man in dieser Stadt erleben kann. Weil das mit dem Wundern nicht aufh\u00f6rt, gibt es diese Kolumne.","sameAs":["http:\/\/www.zeit.de"],"url":"https:\/\/blog.zeit.de\/ladurnerulrich\/author\/ulli-ladurner\/"}]}},"jetpack_featured_media_url":"","jetpack_sharing_enabled":true,"_links":{"self":[{"href":"https:\/\/blog.zeit.de\/ladurnerulrich\/wp-json\/wp\/v2\/posts\/1070","targetHints":{"allow":["GET"]}}],"collection":[{"href":"https:\/\/blog.zeit.de\/ladurnerulrich\/wp-json\/wp\/v2\/posts"}],"about":[{"href":"https:\/\/blog.zeit.de\/ladurnerulrich\/wp-json\/wp\/v2\/types\/post"}],"author":[{"embeddable":true,"href":"https:\/\/blog.zeit.de\/ladurnerulrich\/wp-json\/wp\/v2\/users\/87"}],"replies":[{"embeddable":true,"href":"https:\/\/blog.zeit.de\/ladurnerulrich\/wp-json\/wp\/v2\/comments?post=1070"}],"version-history":[{"count":2,"href":"https:\/\/blog.zeit.de\/ladurnerulrich\/wp-json\/wp\/v2\/posts\/1070\/revisions"}],"predecessor-version":[{"id":1072,"href":"https:\/\/blog.zeit.de\/ladurnerulrich\/wp-json\/wp\/v2\/posts\/1070\/revisions\/1072"}],"wp:attachment":[{"href":"https:\/\/blog.zeit.de\/ladurnerulrich\/wp-json\/wp\/v2\/media?parent=1070"}],"wp:term":[{"taxonomy":"category","embeddable":true,"href":"https:\/\/blog.zeit.de\/ladurnerulrich\/wp-json\/wp\/v2\/categories?post=1070"},{"taxonomy":"post_tag","embeddable":true,"href":"https:\/\/blog.zeit.de\/ladurnerulrich\/wp-json\/wp\/v2\/tags?post=1070"}],"curies":[{"name":"wp","href":"https:\/\/api.w.org\/{rel}","templated":true}]}}