{"id":1085,"date":"2012-04-18T11:19:55","date_gmt":"2012-04-18T09:19:55","guid":{"rendered":"http:\/\/blog.zeit.de\/ladurnerulrich\/?p=1085"},"modified":"2012-04-18T11:39:28","modified_gmt":"2012-04-18T09:39:28","slug":"mehr-tote-zivilisten","status":"publish","type":"post","link":"https:\/\/blog.zeit.de\/ladurnerulrich\/2012\/04\/18\/mehr-tote-zivilisten\/","title":{"rendered":"Mehr tote Zivilisten"},"content":{"rendered":"<p>Die letzten verf\u00fcgbaren, zuverl\u00e4ssigen Zahlen \u00fcber die Zahl der get\u00f6teten Zivilisten in Afghanistan stammen aus dem <a href=\"http:\/\/unama.unmissions.org\/LinkClick.aspx?fileticket=rn%2fB769M%2bbw%3d&amp;tabid=1741&amp;mid=1882\">Sommer 2011<\/a>.\u00a0Nach dem Bericht der <a href=\"http:\/\/unama.unmissions.org\/default.aspx?\/\">Unama<\/a> gibt es einen Anstieg von 20 Prozent. In dem Bericht steht zu lesen<\/p>\n<blockquote><p>The protection of civilians remained a critical concern over the reporting<br \/>\nperiod. UNAMA documented 2,950 conflict-related civilian casualties (including<br \/>\n1,090 deaths and 1,860 injuries of Afghan civilians), an increase of 20 per cent<br \/>\ncompared to the same period in 2010. Anti-Government elements were linked to<br \/>\n2,361 civilian casualties (80 per cent of the total number of civilian casualties),<br \/>\nwhile pro-Government forces were responsible for 292 civilian casualties (10 per<br \/>\ncent of the total number). The remaining 10 per cent could not be attributed. The<br \/>\nrise in civilian casualties, following the Taliban\u2019s announcement of a spring offensive<br \/>\non 30 April, was due in part to an expansion in the operations of anti-Government<br \/>\nelements and pro-Government forces throughout the country, particularly in the<br \/>\nnorth and in the regions bordering Pakistan.<\/p><\/blockquote>\n","protected":false},"excerpt":{"rendered":"<p>Die letzten verf\u00fcgbaren, zuverl\u00e4ssigen Zahlen \u00fcber die Zahl der get\u00f6teten Zivilisten in Afghanistan stammen aus dem Sommer 2011.\u00a0Nach dem Bericht der Unama gibt es einen Anstieg von 20 Prozent. In dem Bericht steht zu lesen The protection of civilians remained a critical concern over the reporting period. UNAMA documented 2,950 conflict-related civilian casualties (including 1,090 [&hellip;]<\/p>\n","protected":false},"author":87,"featured_media":0,"comment_status":"open","ping_status":"open","sticky":false,"template":"","format":"standard","meta":{"_jetpack_memberships_contains_paid_content":false,"footnotes":""},"categories":[1],"tags":[],"class_list":["post-1085","post","type-post","status-publish","format-standard","hentry","category-allgemein"],"yoast_head":"<!-- This site is optimized with the Yoast SEO plugin v21.0 - https:\/\/yoast.com\/wordpress\/plugins\/seo\/ -->\n<title>Mehr tote Zivilisten - Unterwegs in Europa<\/title>\n<meta name=\"robots\" content=\"index, follow, max-snippet:-1, max-image-preview:large, max-video-preview:-1\" \/>\n<link rel=\"canonical\" href=\"https:\/\/blog.zeit.de\/ladurnerulrich\/2012\/04\/18\/mehr-tote-zivilisten\/\" \/>\n<meta property=\"og:locale\" content=\"de_DE\" \/>\n<meta property=\"og:type\" content=\"article\" \/>\n<meta property=\"og:title\" content=\"Mehr tote Zivilisten - Unterwegs in Europa\" \/>\n<meta property=\"og:description\" content=\"Die letzten verf\u00fcgbaren, zuverl\u00e4ssigen Zahlen \u00fcber die Zahl der get\u00f6teten Zivilisten in Afghanistan stammen aus dem Sommer 2011.\u00a0Nach dem Bericht der Unama gibt es einen Anstieg von 20 Prozent. In dem Bericht steht zu lesen The protection of civilians remained a critical concern over the reporting period. UNAMA documented 2,950 conflict-related civilian casualties (including 1,090 [&hellip;]\" \/>\n<meta property=\"og:url\" content=\"https:\/\/blog.zeit.de\/ladurnerulrich\/2012\/04\/18\/mehr-tote-zivilisten\/\" \/>\n<meta property=\"og:site_name\" content=\"Unterwegs in Europa\" \/>\n<meta property=\"article:published_time\" content=\"2012-04-18T09:19:55+00:00\" \/>\n<meta property=\"article:modified_time\" content=\"2012-04-18T09:39:28+00:00\" \/>\n<meta name=\"author\" content=\"Ulrich Ladurner\" \/>\n<meta name=\"twitter:label1\" content=\"Geschrieben von\" \/>\n\t<meta name=\"twitter:data1\" content=\"Ulrich Ladurner\" \/>\n\t<meta name=\"twitter:label2\" content=\"Gesch\u00e4tzte Lesezeit\" \/>\n\t<meta name=\"twitter:data2\" content=\"1\u00a0Minute\" \/>\n<script type=\"application\/ld+json\" class=\"yoast-schema-graph\">{\"@context\":\"https:\/\/schema.org\",\"@graph\":[{\"@type\":\"WebPage\",\"@id\":\"https:\/\/blog.zeit.de\/ladurnerulrich\/2012\/04\/18\/mehr-tote-zivilisten\/\",\"url\":\"https:\/\/blog.zeit.de\/ladurnerulrich\/2012\/04\/18\/mehr-tote-zivilisten\/\",\"name\":\"Mehr tote Zivilisten - Unterwegs in Europa\",\"isPartOf\":{\"@id\":\"https:\/\/blog.zeit.de\/ladurnerulrich\/#website\"},\"datePublished\":\"2012-04-18T09:19:55+00:00\",\"dateModified\":\"2012-04-18T09:39:28+00:00\",\"author\":{\"@id\":\"https:\/\/blog.zeit.de\/ladurnerulrich\/#\/schema\/person\/41f9ab2ef02a3e3602daf321c07007f6\"},\"breadcrumb\":{\"@id\":\"https:\/\/blog.zeit.de\/ladurnerulrich\/2012\/04\/18\/mehr-tote-zivilisten\/#breadcrumb\"},\"inLanguage\":\"de\",\"potentialAction\":[{\"@type\":\"ReadAction\",\"target\":[\"https:\/\/blog.zeit.de\/ladurnerulrich\/2012\/04\/18\/mehr-tote-zivilisten\/\"]}]},{\"@type\":\"BreadcrumbList\",\"@id\":\"https:\/\/blog.zeit.de\/ladurnerulrich\/2012\/04\/18\/mehr-tote-zivilisten\/#breadcrumb\",\"itemListElement\":[{\"@type\":\"ListItem\",\"position\":1,\"name\":\"Startseite\",\"item\":\"https:\/\/blog.zeit.de\/ladurnerulrich\/\"},{\"@type\":\"ListItem\",\"position\":2,\"name\":\"Mehr tote Zivilisten\"}]},{\"@type\":\"WebSite\",\"@id\":\"https:\/\/blog.zeit.de\/ladurnerulrich\/#website\",\"url\":\"https:\/\/blog.zeit.de\/ladurnerulrich\/\",\"name\":\"Unterwegs in Europa\",\"description\":\"Ladurners Blog f\u00fcr Einblicke in un\u00fcbersichtliche Landschaften\",\"potentialAction\":[{\"@type\":\"SearchAction\",\"target\":{\"@type\":\"EntryPoint\",\"urlTemplate\":\"https:\/\/blog.zeit.de\/ladurnerulrich\/?s={search_term_string}\"},\"query-input\":\"required name=search_term_string\"}],\"inLanguage\":\"de\"},{\"@type\":\"Person\",\"@id\":\"https:\/\/blog.zeit.de\/ladurnerulrich\/#\/schema\/person\/41f9ab2ef02a3e3602daf321c07007f6\",\"name\":\"Ulrich Ladurner\",\"image\":{\"@type\":\"ImageObject\",\"inLanguage\":\"de\",\"@id\":\"https:\/\/blog.zeit.de\/ladurnerulrich\/#\/schema\/person\/image\/\",\"url\":\"https:\/\/secure.gravatar.com\/avatar\/d01052e766579414676df807ab6fd98f6598a3bceab8af45b2984cba94333280?s=96&d=mm&r=g\",\"contentUrl\":\"https:\/\/secure.gravatar.com\/avatar\/d01052e766579414676df807ab6fd98f6598a3bceab8af45b2984cba94333280?s=96&d=mm&r=g\",\"caption\":\"Ulrich Ladurner\"},\"description\":\"lebt seit 1999 in Hamburg. Seitdem staunt er dar\u00fcber, was man in dieser Stadt erleben kann. Weil das mit dem Wundern nicht aufh\u00f6rt, gibt es diese Kolumne.\",\"sameAs\":[\"http:\/\/www.zeit.de\"],\"url\":\"https:\/\/blog.zeit.de\/ladurnerulrich\/author\/ulli-ladurner\/\"}]}<\/script>\n<!-- \/ Yoast SEO plugin. -->","yoast_head_json":{"title":"Mehr tote Zivilisten - Unterwegs in Europa","robots":{"index":"index","follow":"follow","max-snippet":"max-snippet:-1","max-image-preview":"max-image-preview:large","max-video-preview":"max-video-preview:-1"},"canonical":"https:\/\/blog.zeit.de\/ladurnerulrich\/2012\/04\/18\/mehr-tote-zivilisten\/","og_locale":"de_DE","og_type":"article","og_title":"Mehr tote Zivilisten - Unterwegs in Europa","og_description":"Die letzten verf\u00fcgbaren, zuverl\u00e4ssigen Zahlen \u00fcber die Zahl der get\u00f6teten Zivilisten in Afghanistan stammen aus dem Sommer 2011.\u00a0Nach dem Bericht der Unama gibt es einen Anstieg von 20 Prozent. In dem Bericht steht zu lesen The protection of civilians remained a critical concern over the reporting period. UNAMA documented 2,950 conflict-related civilian casualties (including 1,090 [&hellip;]","og_url":"https:\/\/blog.zeit.de\/ladurnerulrich\/2012\/04\/18\/mehr-tote-zivilisten\/","og_site_name":"Unterwegs in Europa","article_published_time":"2012-04-18T09:19:55+00:00","article_modified_time":"2012-04-18T09:39:28+00:00","author":"Ulrich Ladurner","twitter_misc":{"Geschrieben von":"Ulrich Ladurner","Gesch\u00e4tzte Lesezeit":"1\u00a0Minute"},"schema":{"@context":"https:\/\/schema.org","@graph":[{"@type":"WebPage","@id":"https:\/\/blog.zeit.de\/ladurnerulrich\/2012\/04\/18\/mehr-tote-zivilisten\/","url":"https:\/\/blog.zeit.de\/ladurnerulrich\/2012\/04\/18\/mehr-tote-zivilisten\/","name":"Mehr tote Zivilisten - Unterwegs in Europa","isPartOf":{"@id":"https:\/\/blog.zeit.de\/ladurnerulrich\/#website"},"datePublished":"2012-04-18T09:19:55+00:00","dateModified":"2012-04-18T09:39:28+00:00","author":{"@id":"https:\/\/blog.zeit.de\/ladurnerulrich\/#\/schema\/person\/41f9ab2ef02a3e3602daf321c07007f6"},"breadcrumb":{"@id":"https:\/\/blog.zeit.de\/ladurnerulrich\/2012\/04\/18\/mehr-tote-zivilisten\/#breadcrumb"},"inLanguage":"de","potentialAction":[{"@type":"ReadAction","target":["https:\/\/blog.zeit.de\/ladurnerulrich\/2012\/04\/18\/mehr-tote-zivilisten\/"]}]},{"@type":"BreadcrumbList","@id":"https:\/\/blog.zeit.de\/ladurnerulrich\/2012\/04\/18\/mehr-tote-zivilisten\/#breadcrumb","itemListElement":[{"@type":"ListItem","position":1,"name":"Startseite","item":"https:\/\/blog.zeit.de\/ladurnerulrich\/"},{"@type":"ListItem","position":2,"name":"Mehr tote Zivilisten"}]},{"@type":"WebSite","@id":"https:\/\/blog.zeit.de\/ladurnerulrich\/#website","url":"https:\/\/blog.zeit.de\/ladurnerulrich\/","name":"Unterwegs in Europa","description":"Ladurners Blog f\u00fcr Einblicke in un\u00fcbersichtliche Landschaften","potentialAction":[{"@type":"SearchAction","target":{"@type":"EntryPoint","urlTemplate":"https:\/\/blog.zeit.de\/ladurnerulrich\/?s={search_term_string}"},"query-input":"required name=search_term_string"}],"inLanguage":"de"},{"@type":"Person","@id":"https:\/\/blog.zeit.de\/ladurnerulrich\/#\/schema\/person\/41f9ab2ef02a3e3602daf321c07007f6","name":"Ulrich Ladurner","image":{"@type":"ImageObject","inLanguage":"de","@id":"https:\/\/blog.zeit.de\/ladurnerulrich\/#\/schema\/person\/image\/","url":"https:\/\/secure.gravatar.com\/avatar\/d01052e766579414676df807ab6fd98f6598a3bceab8af45b2984cba94333280?s=96&d=mm&r=g","contentUrl":"https:\/\/secure.gravatar.com\/avatar\/d01052e766579414676df807ab6fd98f6598a3bceab8af45b2984cba94333280?s=96&d=mm&r=g","caption":"Ulrich Ladurner"},"description":"lebt seit 1999 in Hamburg. Seitdem staunt er dar\u00fcber, was man in dieser Stadt erleben kann. Weil das mit dem Wundern nicht aufh\u00f6rt, gibt es diese Kolumne.","sameAs":["http:\/\/www.zeit.de"],"url":"https:\/\/blog.zeit.de\/ladurnerulrich\/author\/ulli-ladurner\/"}]}},"jetpack_featured_media_url":"","jetpack_sharing_enabled":true,"_links":{"self":[{"href":"https:\/\/blog.zeit.de\/ladurnerulrich\/wp-json\/wp\/v2\/posts\/1085","targetHints":{"allow":["GET"]}}],"collection":[{"href":"https:\/\/blog.zeit.de\/ladurnerulrich\/wp-json\/wp\/v2\/posts"}],"about":[{"href":"https:\/\/blog.zeit.de\/ladurnerulrich\/wp-json\/wp\/v2\/types\/post"}],"author":[{"embeddable":true,"href":"https:\/\/blog.zeit.de\/ladurnerulrich\/wp-json\/wp\/v2\/users\/87"}],"replies":[{"embeddable":true,"href":"https:\/\/blog.zeit.de\/ladurnerulrich\/wp-json\/wp\/v2\/comments?post=1085"}],"version-history":[{"count":6,"href":"https:\/\/blog.zeit.de\/ladurnerulrich\/wp-json\/wp\/v2\/posts\/1085\/revisions"}],"predecessor-version":[{"id":1089,"href":"https:\/\/blog.zeit.de\/ladurnerulrich\/wp-json\/wp\/v2\/posts\/1085\/revisions\/1089"}],"wp:attachment":[{"href":"https:\/\/blog.zeit.de\/ladurnerulrich\/wp-json\/wp\/v2\/media?parent=1085"}],"wp:term":[{"taxonomy":"category","embeddable":true,"href":"https:\/\/blog.zeit.de\/ladurnerulrich\/wp-json\/wp\/v2\/categories?post=1085"},{"taxonomy":"post_tag","embeddable":true,"href":"https:\/\/blog.zeit.de\/ladurnerulrich\/wp-json\/wp\/v2\/tags?post=1085"}],"curies":[{"name":"wp","href":"https:\/\/api.w.org\/{rel}","templated":true}]}}