{"id":1117,"date":"2012-05-15T15:41:58","date_gmt":"2012-05-15T13:41:58","guid":{"rendered":"http:\/\/blog.zeit.de\/ladurnerulrich\/?p=1117"},"modified":"2012-05-15T17:16:26","modified_gmt":"2012-05-15T15:16:26","slug":"mladic-prozess-ist-eine-chance-fur-dauerhaften-frieden","status":"publish","type":"post","link":"https:\/\/blog.zeit.de\/ladurnerulrich\/2012\/05\/15\/mladic-prozess-ist-eine-chance-fur-dauerhaften-frieden\/","title":{"rendered":"Mladi\u0107-Prozess ist eine Chance f\u00fcr dauerhaften Frieden"},"content":{"rendered":"<p>Der Prozess gegen den &#8222;Schl\u00e4chter vom Balkan&#8220; beginnt: Ratko\u00a0Mladi\u0107 muss sich ab Mittwoch vor dem Jugoslawien-Tribunal in Den Haag verantworten.\u00a0Mladi\u0107 war zwischen 1992 und 1996 Oberbefehlshaber der bosnischen Serben. Diese hatten sich von Bosnien-Herzegowina, das sich 1992 f\u00fcr unabh\u00e4ngig erkl\u00e4rte, abgespalten und eine eigene Republik gegr\u00fcndet, die Republik Srpska.\u00a0Mladi\u0107 war ihr milit\u00e4rischer Kopf. Zeitweise kontrollierten die bosnischen Serben fast 90 Prozent von Bosnien-Herzegowina. Die muslimischen Bosniaken wurden aus den eroberten Gebieten zu Hunderttausenden vertrieben, zu Zehntausenden ermordet.<\/p>\n<p>F\u00fcr immer in Verbindung bleiben wird\u00a0Mladi\u0107s Name vor allem mit dem Massaker von Srebrenica. Im Juli 1995 eroberten seine serbischen Milizen die bosnische Enklave Srebrenica. Dort richteten sie systematisch alle M\u00e4nner hin, derer sie habhaft werden konnten. 8.000 Bosniaken waren es am Ende. Es war das gr\u00f6\u00dfte Massaker in der europ\u00e4ischen Nachkriegsgeschichte. Ratko\u00a0Mladi\u0107 pers\u00f6nlich soll es befohlen haben. Auf Videoaufnahmen, die um die Welt gehen, ist\u00a0Mladi\u0107 zu sehen wie er an Frauen und Kindern von Srebrenica vorbeigeht und ihnen versichert, dass ihnen und ihren M\u00e4nnern nichts Schlimmes geschehen wird. Es war der Gipfel des Zynismus.<\/p>\n<p>Wenn der Prozess er\u00f6ffnet wird, steht also jener Mann vor Gericht, der unter den Kriegsherren dieser Jahre wohl am meisten Blut an den H\u00e4nden hat. Noch einmal wird das grausigste Kapitel dieses langen Krieges aufgeschlagen. Das ist notwendig. Denn nur wenn Recht gesprochen wird, hat Vers\u00f6hnung eine Chance \u2014 und damit dauerhafter Friede.<\/p>\n<p>In Den Haag soll die strafrechtliche Verantwortung Mladi\u0107s f\u00fcr Srebrenica gekl\u00e4rt werden. Doch wie ein dunkler Geist wird auch die Verantwortung der internationalen Gemeinschaft f\u00fcr Srebrenica die Verhandlung durchziehen. Die bosnische Enklave n\u00e4mlich stand unter dem Schutz von UN-Soldaten. Ratko\u00a0Mladi\u0107 setzte sich dar\u00fcber einfach hinweg. Niemand hinderte den Milit\u00e4rchef an seinem Tun, obwohl man ahnen konnte, was geschehen w\u00fcrde.<\/p>\n<p>Im Prozess gegen\u00a0Mladi\u0107 wird zudem ein Europa sichtbar werden, das in diesen Jahren vollkommen handlungsunf\u00e4hig war. Das jahrelang tatenlos zugesehen hat, wie M\u00e4nner vom Schlage Mladi\u0107s ihrem blutigen Handwerk nachgingen.<\/p>\n<p>Der Balkan geh\u00f6rt zu Europa, und es kann diesem Europa nicht egal sein, was dort geschieht. Das hatte man damals nicht begreifen wollen. Jugoslawien erschien als etwas Fernes, Exotisches, Wildes \u2013 fernab von Europa. &#8222;Der Balkan ist nicht der Knochen eines preu\u00dfischen Grenadiers wert&#8220; \u2014 dieser Spruch des deutschen Kanzlers Bismarck wurde regelm\u00e4\u00dfig zitiert, als 1992 in Jugoslawien die Schl\u00e4chterei losging. Er diente als Schutzbehauptung f\u00fcr die eigene schuldhafte Tatenlosigkeit.<\/p>\n<p>Man kann zur Verteidigung Europas anf\u00fchren, dass es nicht auf diesen Krieg vorbereitet war und dass es mit sich selbst besch\u00e4ftigt gewesen ist. 1989 fiel die Berliner Mauer, 1991 zerbrach die Sowjetunion, die USA f\u00fchrten im selben Jahr ihren ersten Krieg gegen Saddam Hussein. All das lie\u00df Jugoslawien in den Augen Europas klein und unbedeutend erscheinen. Umso gr\u00f6\u00dfer waren die Verbrechen, die im Schatten dieser &#8222;gro\u00dfen&#8220; Geschichten begangen werden konnten.<\/p>\n<p>Heute \u2013 nach mehr als 100.000 Kriegstoten \u2013 ist man in Europa kl\u00fcger. Die ehemalige jugoslawische Teilrepublik Slowenien ist inzwischen Mitglied der Europ\u00e4ischen Union, Kroatien steht kurz davor, Serbien m\u00f6chte als n\u00e4chstes beitreten. Eine der Voraussetzungen daf\u00fcr war die Auslieferung Mladi\u0107s gewesen. Tats\u00e4chlich wurde dieser in Serbien verhaftet und an Den Haag weitergegeben. Sein Prozess ist daher auch als ein Schritt zur Integration des Balkan in Europa zu sehen.<\/p>\n","protected":false},"excerpt":{"rendered":"<p>Der Prozess gegen den &#8222;Schl\u00e4chter vom Balkan&#8220; beginnt: Ratko\u00a0Mladi\u0107 muss sich ab Mittwoch vor dem Jugoslawien-Tribunal in Den Haag verantworten.\u00a0Mladi\u0107 war zwischen 1992 und 1996 Oberbefehlshaber der bosnischen Serben. Diese hatten sich von Bosnien-Herzegowina, das sich 1992 f\u00fcr unabh\u00e4ngig erkl\u00e4rte, abgespalten und eine eigene Republik gegr\u00fcndet, die Republik Srpska.\u00a0Mladi\u0107 war ihr milit\u00e4rischer Kopf. Zeitweise kontrollierten [&hellip;]<\/p>\n","protected":false},"author":87,"featured_media":0,"comment_status":"open","ping_status":"open","sticky":false,"template":"","format":"standard","meta":{"_jetpack_memberships_contains_paid_content":false,"footnotes":""},"categories":[1,1205],"tags":[],"class_list":["post-1117","post","type-post","status-publish","format-standard","hentry","category-allgemein","category-krieg"],"yoast_head":"<!-- This site is optimized with the Yoast SEO plugin v21.0 - https:\/\/yoast.com\/wordpress\/plugins\/seo\/ -->\n<title>Mladi\u0107-Prozess ist eine Chance f\u00fcr dauerhaften Frieden - Unterwegs in Europa<\/title>\n<meta name=\"robots\" content=\"index, follow, max-snippet:-1, max-image-preview:large, max-video-preview:-1\" \/>\n<link rel=\"canonical\" href=\"https:\/\/blog.zeit.de\/ladurnerulrich\/2012\/05\/15\/mladic-prozess-ist-eine-chance-fur-dauerhaften-frieden\/\" \/>\n<meta property=\"og:locale\" content=\"de_DE\" \/>\n<meta property=\"og:type\" content=\"article\" \/>\n<meta property=\"og:title\" content=\"Mladi\u0107-Prozess ist eine Chance f\u00fcr dauerhaften Frieden - Unterwegs in Europa\" \/>\n<meta property=\"og:description\" content=\"Der Prozess gegen den &#8222;Schl\u00e4chter vom Balkan&#8220; beginnt: Ratko\u00a0Mladi\u0107 muss sich ab Mittwoch vor dem Jugoslawien-Tribunal in Den Haag verantworten.\u00a0Mladi\u0107 war zwischen 1992 und 1996 Oberbefehlshaber der bosnischen Serben. Diese hatten sich von Bosnien-Herzegowina, das sich 1992 f\u00fcr unabh\u00e4ngig erkl\u00e4rte, abgespalten und eine eigene Republik gegr\u00fcndet, die Republik Srpska.\u00a0Mladi\u0107 war ihr milit\u00e4rischer Kopf. Zeitweise kontrollierten [&hellip;]\" \/>\n<meta property=\"og:url\" content=\"https:\/\/blog.zeit.de\/ladurnerulrich\/2012\/05\/15\/mladic-prozess-ist-eine-chance-fur-dauerhaften-frieden\/\" \/>\n<meta property=\"og:site_name\" content=\"Unterwegs in Europa\" \/>\n<meta property=\"article:published_time\" content=\"2012-05-15T13:41:58+00:00\" \/>\n<meta property=\"article:modified_time\" content=\"2012-05-15T15:16:26+00:00\" \/>\n<meta name=\"author\" content=\"Ulrich Ladurner\" \/>\n<meta name=\"twitter:label1\" content=\"Geschrieben von\" \/>\n\t<meta name=\"twitter:data1\" content=\"Ulrich Ladurner\" \/>\n\t<meta name=\"twitter:label2\" content=\"Gesch\u00e4tzte Lesezeit\" \/>\n\t<meta name=\"twitter:data2\" content=\"3\u00a0Minuten\" \/>\n<script type=\"application\/ld+json\" class=\"yoast-schema-graph\">{\"@context\":\"https:\/\/schema.org\",\"@graph\":[{\"@type\":\"WebPage\",\"@id\":\"https:\/\/blog.zeit.de\/ladurnerulrich\/2012\/05\/15\/mladic-prozess-ist-eine-chance-fur-dauerhaften-frieden\/\",\"url\":\"https:\/\/blog.zeit.de\/ladurnerulrich\/2012\/05\/15\/mladic-prozess-ist-eine-chance-fur-dauerhaften-frieden\/\",\"name\":\"Mladi\u0107-Prozess ist eine Chance f\u00fcr dauerhaften Frieden - Unterwegs in Europa\",\"isPartOf\":{\"@id\":\"https:\/\/blog.zeit.de\/ladurnerulrich\/#website\"},\"datePublished\":\"2012-05-15T13:41:58+00:00\",\"dateModified\":\"2012-05-15T15:16:26+00:00\",\"author\":{\"@id\":\"https:\/\/blog.zeit.de\/ladurnerulrich\/#\/schema\/person\/41f9ab2ef02a3e3602daf321c07007f6\"},\"breadcrumb\":{\"@id\":\"https:\/\/blog.zeit.de\/ladurnerulrich\/2012\/05\/15\/mladic-prozess-ist-eine-chance-fur-dauerhaften-frieden\/#breadcrumb\"},\"inLanguage\":\"de\",\"potentialAction\":[{\"@type\":\"ReadAction\",\"target\":[\"https:\/\/blog.zeit.de\/ladurnerulrich\/2012\/05\/15\/mladic-prozess-ist-eine-chance-fur-dauerhaften-frieden\/\"]}]},{\"@type\":\"BreadcrumbList\",\"@id\":\"https:\/\/blog.zeit.de\/ladurnerulrich\/2012\/05\/15\/mladic-prozess-ist-eine-chance-fur-dauerhaften-frieden\/#breadcrumb\",\"itemListElement\":[{\"@type\":\"ListItem\",\"position\":1,\"name\":\"Startseite\",\"item\":\"https:\/\/blog.zeit.de\/ladurnerulrich\/\"},{\"@type\":\"ListItem\",\"position\":2,\"name\":\"Mladi\u0107-Prozess ist eine Chance f\u00fcr dauerhaften Frieden\"}]},{\"@type\":\"WebSite\",\"@id\":\"https:\/\/blog.zeit.de\/ladurnerulrich\/#website\",\"url\":\"https:\/\/blog.zeit.de\/ladurnerulrich\/\",\"name\":\"Unterwegs in Europa\",\"description\":\"Ladurners Blog f\u00fcr Einblicke in un\u00fcbersichtliche Landschaften\",\"potentialAction\":[{\"@type\":\"SearchAction\",\"target\":{\"@type\":\"EntryPoint\",\"urlTemplate\":\"https:\/\/blog.zeit.de\/ladurnerulrich\/?s={search_term_string}\"},\"query-input\":\"required name=search_term_string\"}],\"inLanguage\":\"de\"},{\"@type\":\"Person\",\"@id\":\"https:\/\/blog.zeit.de\/ladurnerulrich\/#\/schema\/person\/41f9ab2ef02a3e3602daf321c07007f6\",\"name\":\"Ulrich Ladurner\",\"image\":{\"@type\":\"ImageObject\",\"inLanguage\":\"de\",\"@id\":\"https:\/\/blog.zeit.de\/ladurnerulrich\/#\/schema\/person\/image\/\",\"url\":\"https:\/\/secure.gravatar.com\/avatar\/d01052e766579414676df807ab6fd98f6598a3bceab8af45b2984cba94333280?s=96&d=mm&r=g\",\"contentUrl\":\"https:\/\/secure.gravatar.com\/avatar\/d01052e766579414676df807ab6fd98f6598a3bceab8af45b2984cba94333280?s=96&d=mm&r=g\",\"caption\":\"Ulrich Ladurner\"},\"description\":\"lebt seit 1999 in Hamburg. Seitdem staunt er dar\u00fcber, was man in dieser Stadt erleben kann. Weil das mit dem Wundern nicht aufh\u00f6rt, gibt es diese Kolumne.\",\"sameAs\":[\"http:\/\/www.zeit.de\"],\"url\":\"https:\/\/blog.zeit.de\/ladurnerulrich\/author\/ulli-ladurner\/\"}]}<\/script>\n<!-- \/ Yoast SEO plugin. -->","yoast_head_json":{"title":"Mladi\u0107-Prozess ist eine Chance f\u00fcr dauerhaften Frieden - Unterwegs in Europa","robots":{"index":"index","follow":"follow","max-snippet":"max-snippet:-1","max-image-preview":"max-image-preview:large","max-video-preview":"max-video-preview:-1"},"canonical":"https:\/\/blog.zeit.de\/ladurnerulrich\/2012\/05\/15\/mladic-prozess-ist-eine-chance-fur-dauerhaften-frieden\/","og_locale":"de_DE","og_type":"article","og_title":"Mladi\u0107-Prozess ist eine Chance f\u00fcr dauerhaften Frieden - Unterwegs in Europa","og_description":"Der Prozess gegen den &#8222;Schl\u00e4chter vom Balkan&#8220; beginnt: Ratko\u00a0Mladi\u0107 muss sich ab Mittwoch vor dem Jugoslawien-Tribunal in Den Haag verantworten.\u00a0Mladi\u0107 war zwischen 1992 und 1996 Oberbefehlshaber der bosnischen Serben. Diese hatten sich von Bosnien-Herzegowina, das sich 1992 f\u00fcr unabh\u00e4ngig erkl\u00e4rte, abgespalten und eine eigene Republik gegr\u00fcndet, die Republik Srpska.\u00a0Mladi\u0107 war ihr milit\u00e4rischer Kopf. Zeitweise kontrollierten [&hellip;]","og_url":"https:\/\/blog.zeit.de\/ladurnerulrich\/2012\/05\/15\/mladic-prozess-ist-eine-chance-fur-dauerhaften-frieden\/","og_site_name":"Unterwegs in Europa","article_published_time":"2012-05-15T13:41:58+00:00","article_modified_time":"2012-05-15T15:16:26+00:00","author":"Ulrich Ladurner","twitter_misc":{"Geschrieben von":"Ulrich Ladurner","Gesch\u00e4tzte Lesezeit":"3\u00a0Minuten"},"schema":{"@context":"https:\/\/schema.org","@graph":[{"@type":"WebPage","@id":"https:\/\/blog.zeit.de\/ladurnerulrich\/2012\/05\/15\/mladic-prozess-ist-eine-chance-fur-dauerhaften-frieden\/","url":"https:\/\/blog.zeit.de\/ladurnerulrich\/2012\/05\/15\/mladic-prozess-ist-eine-chance-fur-dauerhaften-frieden\/","name":"Mladi\u0107-Prozess ist eine Chance f\u00fcr dauerhaften Frieden - Unterwegs in Europa","isPartOf":{"@id":"https:\/\/blog.zeit.de\/ladurnerulrich\/#website"},"datePublished":"2012-05-15T13:41:58+00:00","dateModified":"2012-05-15T15:16:26+00:00","author":{"@id":"https:\/\/blog.zeit.de\/ladurnerulrich\/#\/schema\/person\/41f9ab2ef02a3e3602daf321c07007f6"},"breadcrumb":{"@id":"https:\/\/blog.zeit.de\/ladurnerulrich\/2012\/05\/15\/mladic-prozess-ist-eine-chance-fur-dauerhaften-frieden\/#breadcrumb"},"inLanguage":"de","potentialAction":[{"@type":"ReadAction","target":["https:\/\/blog.zeit.de\/ladurnerulrich\/2012\/05\/15\/mladic-prozess-ist-eine-chance-fur-dauerhaften-frieden\/"]}]},{"@type":"BreadcrumbList","@id":"https:\/\/blog.zeit.de\/ladurnerulrich\/2012\/05\/15\/mladic-prozess-ist-eine-chance-fur-dauerhaften-frieden\/#breadcrumb","itemListElement":[{"@type":"ListItem","position":1,"name":"Startseite","item":"https:\/\/blog.zeit.de\/ladurnerulrich\/"},{"@type":"ListItem","position":2,"name":"Mladi\u0107-Prozess ist eine Chance f\u00fcr dauerhaften Frieden"}]},{"@type":"WebSite","@id":"https:\/\/blog.zeit.de\/ladurnerulrich\/#website","url":"https:\/\/blog.zeit.de\/ladurnerulrich\/","name":"Unterwegs in Europa","description":"Ladurners Blog f\u00fcr Einblicke in un\u00fcbersichtliche Landschaften","potentialAction":[{"@type":"SearchAction","target":{"@type":"EntryPoint","urlTemplate":"https:\/\/blog.zeit.de\/ladurnerulrich\/?s={search_term_string}"},"query-input":"required name=search_term_string"}],"inLanguage":"de"},{"@type":"Person","@id":"https:\/\/blog.zeit.de\/ladurnerulrich\/#\/schema\/person\/41f9ab2ef02a3e3602daf321c07007f6","name":"Ulrich Ladurner","image":{"@type":"ImageObject","inLanguage":"de","@id":"https:\/\/blog.zeit.de\/ladurnerulrich\/#\/schema\/person\/image\/","url":"https:\/\/secure.gravatar.com\/avatar\/d01052e766579414676df807ab6fd98f6598a3bceab8af45b2984cba94333280?s=96&d=mm&r=g","contentUrl":"https:\/\/secure.gravatar.com\/avatar\/d01052e766579414676df807ab6fd98f6598a3bceab8af45b2984cba94333280?s=96&d=mm&r=g","caption":"Ulrich Ladurner"},"description":"lebt seit 1999 in Hamburg. Seitdem staunt er dar\u00fcber, was man in dieser Stadt erleben kann. Weil das mit dem Wundern nicht aufh\u00f6rt, gibt es diese Kolumne.","sameAs":["http:\/\/www.zeit.de"],"url":"https:\/\/blog.zeit.de\/ladurnerulrich\/author\/ulli-ladurner\/"}]}},"jetpack_featured_media_url":"","jetpack_sharing_enabled":true,"_links":{"self":[{"href":"https:\/\/blog.zeit.de\/ladurnerulrich\/wp-json\/wp\/v2\/posts\/1117","targetHints":{"allow":["GET"]}}],"collection":[{"href":"https:\/\/blog.zeit.de\/ladurnerulrich\/wp-json\/wp\/v2\/posts"}],"about":[{"href":"https:\/\/blog.zeit.de\/ladurnerulrich\/wp-json\/wp\/v2\/types\/post"}],"author":[{"embeddable":true,"href":"https:\/\/blog.zeit.de\/ladurnerulrich\/wp-json\/wp\/v2\/users\/87"}],"replies":[{"embeddable":true,"href":"https:\/\/blog.zeit.de\/ladurnerulrich\/wp-json\/wp\/v2\/comments?post=1117"}],"version-history":[{"count":8,"href":"https:\/\/blog.zeit.de\/ladurnerulrich\/wp-json\/wp\/v2\/posts\/1117\/revisions"}],"predecessor-version":[{"id":1125,"href":"https:\/\/blog.zeit.de\/ladurnerulrich\/wp-json\/wp\/v2\/posts\/1117\/revisions\/1125"}],"wp:attachment":[{"href":"https:\/\/blog.zeit.de\/ladurnerulrich\/wp-json\/wp\/v2\/media?parent=1117"}],"wp:term":[{"taxonomy":"category","embeddable":true,"href":"https:\/\/blog.zeit.de\/ladurnerulrich\/wp-json\/wp\/v2\/categories?post=1117"},{"taxonomy":"post_tag","embeddable":true,"href":"https:\/\/blog.zeit.de\/ladurnerulrich\/wp-json\/wp\/v2\/tags?post=1117"}],"curies":[{"name":"wp","href":"https:\/\/api.w.org\/{rel}","templated":true}]}}