{"id":1168,"date":"2012-08-30T14:28:26","date_gmt":"2012-08-30T12:28:26","guid":{"rendered":"http:\/\/blog.zeit.de\/ladurnerulrich\/?p=1168"},"modified":"2012-08-30T14:28:33","modified_gmt":"2012-08-30T12:28:33","slug":"hilfe-aus-teheran","status":"publish","type":"post","link":"https:\/\/blog.zeit.de\/ladurnerulrich\/2012\/08\/30\/hilfe-aus-teheran\/","title":{"rendered":"Hilfe aus Teheran?"},"content":{"rendered":"<p>Der\u00a0<a href=\"http:\/\/www.zeit.de\/schlagworte\/orte\/iran\">Iran<\/a>\u00a0kann helfen, die syrische Trag\u00f6die zu beenden. Das wusste Kofi Annan, der bis vor Kurzem Sonderbeauftragte der UN f\u00fcr\u00a0<a href=\"http:\/\/www.zeit.de\/schlagworte\/orte\/syrien\">Syrien<\/a>\u00a0war. Darum wollte er den Iran in Gespr\u00e4che einbinden. Doch der Plan\u00a0<a href=\"http:\/\/www.zeit.de\/politik\/ausland\/2012-07\/Syrien-Iran-Saudi\">scheiterte am Widerstand der USA<\/a>. Washington will das Regime in Teheran auf keinen Fall aufwerten, sondern weiter isolieren.\u00a0<a href=\"http:\/\/www.zeit.de\/politik\/ausland\/2012-08\/Annan-Syrien-Mission\">Annan warf daraufhin entt\u00e4uscht das Handtuch<\/a>.<\/p>\n<p>Die Machthaber in Teheran halten gewiss nicht den Schl\u00fcssel f\u00fcr eine L\u00f6sung des syrischen B\u00fcrgerkrieges in H\u00e4nden. Doch ihr Einfluss ist gro\u00df genug, um jede L\u00f6sung zu verhindern. Wenn das iranische Regime dies will, kann es\u00a0<a href=\"http:\/\/www.zeit.de\/themen\/politik\/syrien\/index\">Syrien<\/a>\u00a0in gro\u00dfe Schwierigkeiten bringen, das System entscheidend destabilisieren. Viel deutet darauf hin, dass es dazu bereit ist \u2013 bis heute h\u00e4lt es jedenfalls treu zu seinem Verb\u00fcndeten Baschar al-Assad. Doch das B\u00fcndnis mit Damaskus ist kein ideologisches. Die Theokratie Iran und den s\u00e4kularen Clan der Assads verbindet ein rein strategisches Machtkalk\u00fcl \u2013 das aber kann sich \u00e4ndern. Irans religi\u00f6ser F\u00fchrer Ali Chamenei k\u00f6nnte Assad auch fallen lassen. Dazu m\u00fcsste sich etwas Grunds\u00e4tzliches in der<a href=\"http:\/\/www.zeit.de\/politik\/ausland\/2012-08\/syrien-intervention-2\">westlichen Syrienpolitik<\/a>\u00a0\u00e4ndern.<\/p>\n<p>Manch ein Interventionist macht keinen Hehl daraus, dass es in Syrien nicht um das syrische Volk geht, sondern darum, \u00bbdas schw\u00e4chste Glied jener Kette zu schleifen oder gar zu brechen, die sich von Teheran \u00fcber Damaskus bis zu den Iranosauriern der Hisbollah spannt\u00ab (<a href=\"http:\/\/www.zeit.de\/2012\/34\/Syrien\">Bernard-Henri L\u00e9vy,\u00a0<em>ZEIT<\/em>\u00a0Nr. 34\/12<\/a>). Das Hauptziel ist also die Schw\u00e4chung der Islamischen Republik Iran, des Erzfeindes des Westens in der Region. Assads Sturz soll nur die Ouvert\u00fcre zum Sturz der Mullahs in Teheran sein. Diese \u00dcberlegung, nicht das Interesse an einer demokratischen Zukunft Syriens, verbindet die USA und Europa mit Saudi-Arabien und Katar.<\/p>\n<p>Dabei kann man Syriens B\u00fcrgerkrieg als ebenso traurigen wie dringenden Anlass betrachten, den Iran endlich mit in die Nahostpolitik einzubeziehen. Kofi Annan wollte das, als Diplomat wei\u00df er, dass man auch mit Gegnern sprechen muss. Der Iran m\u00f6chte eine politische Rolle spielen, weil er sich aufgrund seiner Gr\u00f6\u00dfe, seiner Geschichte und seiner Kultur als Ordnungsmacht in der Region versteht. Solange man aber dem Regime in Teheran die Pistole auf die Brust setzt, wird es mit ebensolcher H\u00e4rte dagegenhalten. Besonders in der Nuklearfrage ist diese Verh\u00e4rtung zu sp\u00fcren.<\/p>\n<p>Kaum jemand wei\u00df, ob das Regime in Teheran \u00fcberhaupt willens oder gar in der Lage ist, eine konstruktive Politik in der Region zu betreiben, eine Politik, von der keine Bedrohung ausgeht. Doch ein Versuch w\u00e4re es wert. In diesen Tagen findet die Konferenz der Bewegung der Blockfreien Staaten statt \u2013 ausgerechnet in Teheran. Die Bewegung wurde 1961 von \u00c4gypten, Indien, Jugoslawien gegr\u00fcndet, um den Superm\u00e4chten USA und Sowjetunion ein Gegengewicht entgegenzustellen. Die Konferenz hat wenig Bedeutung, doch potenziell immer noch viel Gewicht. Denn die Blockfreien vereinen 118 Mitglieder und stellen damit eine Mehrheit der UN-Vollversammlung. Auf dieser Plattform k\u00f6nnte der Iran zu einer neuen Politik ermuntert werden, und es gibt auch schon einen Mann, der diese Einladung aussprechen k\u00f6nnte:\u00a0<a href=\"http:\/\/www.zeit.de\/politik\/ausland\/2012-06\/mursi-wahl-aegypten\">der neue \u00e4gyptische Pr\u00e4sident Mohammed Mursi<\/a>. Er reist an diesem Donnerstag nach Teheran. Mursi ist mit einer frischen, demokratischen Legitimation ausgestattet, er ist ein Repr\u00e4sentant des politischen Islams, als ebensolche verstehen sich auch die Mullahs in Teheran. Mursi verf\u00fcgt also \u00fcber einen gewissen Spielraum in der verfahrenen Politik des\u00a0<a href=\"http:\/\/www.zeit.de\/schlagworte\/themen\/nahost\">Nahen Ostens<\/a>, auch gegen\u00fcber Teheran k\u00f6nnte Mursi neue T\u00f6ne anschlagen. Nach Auskunft seiner Mitarbeiter soll der \u00e4gyptische Pr\u00e4sident einen Vorschlag mit nach Teheran bringen: den Iran in eine geplante Syrien-Kontaktgruppe einzuladen.<\/p>\n","protected":false},"excerpt":{"rendered":"<p>Der\u00a0Iran\u00a0kann helfen, die syrische Trag\u00f6die zu beenden. Das wusste Kofi Annan, der bis vor Kurzem Sonderbeauftragte der UN f\u00fcr\u00a0Syrien\u00a0war. Darum wollte er den Iran in Gespr\u00e4che einbinden. Doch der Plan\u00a0scheiterte am Widerstand der USA. Washington will das Regime in Teheran auf keinen Fall aufwerten, sondern weiter isolieren.\u00a0Annan warf daraufhin entt\u00e4uscht das Handtuch. Die Machthaber in [&hellip;]<\/p>\n","protected":false},"author":87,"featured_media":0,"comment_status":"open","ping_status":"open","sticky":false,"template":"","format":"standard","meta":{"_jetpack_memberships_contains_paid_content":false,"footnotes":""},"categories":[1],"tags":[],"class_list":["post-1168","post","type-post","status-publish","format-standard","hentry","category-allgemein"],"yoast_head":"<!-- This site is optimized with the Yoast SEO plugin v21.0 - https:\/\/yoast.com\/wordpress\/plugins\/seo\/ -->\n<title>Hilfe aus Teheran? - Unterwegs in Europa<\/title>\n<meta name=\"robots\" content=\"index, follow, max-snippet:-1, max-image-preview:large, max-video-preview:-1\" \/>\n<link rel=\"canonical\" href=\"https:\/\/blog.zeit.de\/ladurnerulrich\/2012\/08\/30\/hilfe-aus-teheran\/\" \/>\n<meta property=\"og:locale\" content=\"de_DE\" \/>\n<meta property=\"og:type\" content=\"article\" \/>\n<meta property=\"og:title\" content=\"Hilfe aus Teheran? - Unterwegs in Europa\" \/>\n<meta property=\"og:description\" content=\"Der\u00a0Iran\u00a0kann helfen, die syrische Trag\u00f6die zu beenden. Das wusste Kofi Annan, der bis vor Kurzem Sonderbeauftragte der UN f\u00fcr\u00a0Syrien\u00a0war. Darum wollte er den Iran in Gespr\u00e4che einbinden. Doch der Plan\u00a0scheiterte am Widerstand der USA. Washington will das Regime in Teheran auf keinen Fall aufwerten, sondern weiter isolieren.\u00a0Annan warf daraufhin entt\u00e4uscht das Handtuch. Die Machthaber in [&hellip;]\" \/>\n<meta property=\"og:url\" content=\"https:\/\/blog.zeit.de\/ladurnerulrich\/2012\/08\/30\/hilfe-aus-teheran\/\" \/>\n<meta property=\"og:site_name\" content=\"Unterwegs in Europa\" \/>\n<meta property=\"article:published_time\" content=\"2012-08-30T12:28:26+00:00\" \/>\n<meta property=\"article:modified_time\" content=\"2012-08-30T12:28:33+00:00\" \/>\n<meta name=\"author\" content=\"Ulrich Ladurner\" \/>\n<meta name=\"twitter:label1\" content=\"Geschrieben von\" \/>\n\t<meta name=\"twitter:data1\" content=\"Ulrich Ladurner\" \/>\n\t<meta name=\"twitter:label2\" content=\"Gesch\u00e4tzte Lesezeit\" \/>\n\t<meta name=\"twitter:data2\" content=\"3\u00a0Minuten\" \/>\n<script type=\"application\/ld+json\" class=\"yoast-schema-graph\">{\"@context\":\"https:\/\/schema.org\",\"@graph\":[{\"@type\":\"WebPage\",\"@id\":\"https:\/\/blog.zeit.de\/ladurnerulrich\/2012\/08\/30\/hilfe-aus-teheran\/\",\"url\":\"https:\/\/blog.zeit.de\/ladurnerulrich\/2012\/08\/30\/hilfe-aus-teheran\/\",\"name\":\"Hilfe aus Teheran? - Unterwegs in Europa\",\"isPartOf\":{\"@id\":\"https:\/\/blog.zeit.de\/ladurnerulrich\/#website\"},\"datePublished\":\"2012-08-30T12:28:26+00:00\",\"dateModified\":\"2012-08-30T12:28:33+00:00\",\"author\":{\"@id\":\"https:\/\/blog.zeit.de\/ladurnerulrich\/#\/schema\/person\/41f9ab2ef02a3e3602daf321c07007f6\"},\"breadcrumb\":{\"@id\":\"https:\/\/blog.zeit.de\/ladurnerulrich\/2012\/08\/30\/hilfe-aus-teheran\/#breadcrumb\"},\"inLanguage\":\"de\",\"potentialAction\":[{\"@type\":\"ReadAction\",\"target\":[\"https:\/\/blog.zeit.de\/ladurnerulrich\/2012\/08\/30\/hilfe-aus-teheran\/\"]}]},{\"@type\":\"BreadcrumbList\",\"@id\":\"https:\/\/blog.zeit.de\/ladurnerulrich\/2012\/08\/30\/hilfe-aus-teheran\/#breadcrumb\",\"itemListElement\":[{\"@type\":\"ListItem\",\"position\":1,\"name\":\"Startseite\",\"item\":\"https:\/\/blog.zeit.de\/ladurnerulrich\/\"},{\"@type\":\"ListItem\",\"position\":2,\"name\":\"Hilfe aus Teheran?\"}]},{\"@type\":\"WebSite\",\"@id\":\"https:\/\/blog.zeit.de\/ladurnerulrich\/#website\",\"url\":\"https:\/\/blog.zeit.de\/ladurnerulrich\/\",\"name\":\"Unterwegs in Europa\",\"description\":\"Ladurners Blog f\u00fcr Einblicke in un\u00fcbersichtliche Landschaften\",\"potentialAction\":[{\"@type\":\"SearchAction\",\"target\":{\"@type\":\"EntryPoint\",\"urlTemplate\":\"https:\/\/blog.zeit.de\/ladurnerulrich\/?s={search_term_string}\"},\"query-input\":\"required name=search_term_string\"}],\"inLanguage\":\"de\"},{\"@type\":\"Person\",\"@id\":\"https:\/\/blog.zeit.de\/ladurnerulrich\/#\/schema\/person\/41f9ab2ef02a3e3602daf321c07007f6\",\"name\":\"Ulrich Ladurner\",\"image\":{\"@type\":\"ImageObject\",\"inLanguage\":\"de\",\"@id\":\"https:\/\/blog.zeit.de\/ladurnerulrich\/#\/schema\/person\/image\/\",\"url\":\"https:\/\/secure.gravatar.com\/avatar\/d01052e766579414676df807ab6fd98f6598a3bceab8af45b2984cba94333280?s=96&d=mm&r=g\",\"contentUrl\":\"https:\/\/secure.gravatar.com\/avatar\/d01052e766579414676df807ab6fd98f6598a3bceab8af45b2984cba94333280?s=96&d=mm&r=g\",\"caption\":\"Ulrich Ladurner\"},\"description\":\"lebt seit 1999 in Hamburg. Seitdem staunt er dar\u00fcber, was man in dieser Stadt erleben kann. Weil das mit dem Wundern nicht aufh\u00f6rt, gibt es diese Kolumne.\",\"sameAs\":[\"http:\/\/www.zeit.de\"],\"url\":\"https:\/\/blog.zeit.de\/ladurnerulrich\/author\/ulli-ladurner\/\"}]}<\/script>\n<!-- \/ Yoast SEO plugin. -->","yoast_head_json":{"title":"Hilfe aus Teheran? - Unterwegs in Europa","robots":{"index":"index","follow":"follow","max-snippet":"max-snippet:-1","max-image-preview":"max-image-preview:large","max-video-preview":"max-video-preview:-1"},"canonical":"https:\/\/blog.zeit.de\/ladurnerulrich\/2012\/08\/30\/hilfe-aus-teheran\/","og_locale":"de_DE","og_type":"article","og_title":"Hilfe aus Teheran? - Unterwegs in Europa","og_description":"Der\u00a0Iran\u00a0kann helfen, die syrische Trag\u00f6die zu beenden. Das wusste Kofi Annan, der bis vor Kurzem Sonderbeauftragte der UN f\u00fcr\u00a0Syrien\u00a0war. Darum wollte er den Iran in Gespr\u00e4che einbinden. Doch der Plan\u00a0scheiterte am Widerstand der USA. Washington will das Regime in Teheran auf keinen Fall aufwerten, sondern weiter isolieren.\u00a0Annan warf daraufhin entt\u00e4uscht das Handtuch. Die Machthaber in [&hellip;]","og_url":"https:\/\/blog.zeit.de\/ladurnerulrich\/2012\/08\/30\/hilfe-aus-teheran\/","og_site_name":"Unterwegs in Europa","article_published_time":"2012-08-30T12:28:26+00:00","article_modified_time":"2012-08-30T12:28:33+00:00","author":"Ulrich Ladurner","twitter_misc":{"Geschrieben von":"Ulrich Ladurner","Gesch\u00e4tzte Lesezeit":"3\u00a0Minuten"},"schema":{"@context":"https:\/\/schema.org","@graph":[{"@type":"WebPage","@id":"https:\/\/blog.zeit.de\/ladurnerulrich\/2012\/08\/30\/hilfe-aus-teheran\/","url":"https:\/\/blog.zeit.de\/ladurnerulrich\/2012\/08\/30\/hilfe-aus-teheran\/","name":"Hilfe aus Teheran? - Unterwegs in Europa","isPartOf":{"@id":"https:\/\/blog.zeit.de\/ladurnerulrich\/#website"},"datePublished":"2012-08-30T12:28:26+00:00","dateModified":"2012-08-30T12:28:33+00:00","author":{"@id":"https:\/\/blog.zeit.de\/ladurnerulrich\/#\/schema\/person\/41f9ab2ef02a3e3602daf321c07007f6"},"breadcrumb":{"@id":"https:\/\/blog.zeit.de\/ladurnerulrich\/2012\/08\/30\/hilfe-aus-teheran\/#breadcrumb"},"inLanguage":"de","potentialAction":[{"@type":"ReadAction","target":["https:\/\/blog.zeit.de\/ladurnerulrich\/2012\/08\/30\/hilfe-aus-teheran\/"]}]},{"@type":"BreadcrumbList","@id":"https:\/\/blog.zeit.de\/ladurnerulrich\/2012\/08\/30\/hilfe-aus-teheran\/#breadcrumb","itemListElement":[{"@type":"ListItem","position":1,"name":"Startseite","item":"https:\/\/blog.zeit.de\/ladurnerulrich\/"},{"@type":"ListItem","position":2,"name":"Hilfe aus Teheran?"}]},{"@type":"WebSite","@id":"https:\/\/blog.zeit.de\/ladurnerulrich\/#website","url":"https:\/\/blog.zeit.de\/ladurnerulrich\/","name":"Unterwegs in Europa","description":"Ladurners Blog f\u00fcr Einblicke in un\u00fcbersichtliche Landschaften","potentialAction":[{"@type":"SearchAction","target":{"@type":"EntryPoint","urlTemplate":"https:\/\/blog.zeit.de\/ladurnerulrich\/?s={search_term_string}"},"query-input":"required name=search_term_string"}],"inLanguage":"de"},{"@type":"Person","@id":"https:\/\/blog.zeit.de\/ladurnerulrich\/#\/schema\/person\/41f9ab2ef02a3e3602daf321c07007f6","name":"Ulrich Ladurner","image":{"@type":"ImageObject","inLanguage":"de","@id":"https:\/\/blog.zeit.de\/ladurnerulrich\/#\/schema\/person\/image\/","url":"https:\/\/secure.gravatar.com\/avatar\/d01052e766579414676df807ab6fd98f6598a3bceab8af45b2984cba94333280?s=96&d=mm&r=g","contentUrl":"https:\/\/secure.gravatar.com\/avatar\/d01052e766579414676df807ab6fd98f6598a3bceab8af45b2984cba94333280?s=96&d=mm&r=g","caption":"Ulrich Ladurner"},"description":"lebt seit 1999 in Hamburg. Seitdem staunt er dar\u00fcber, was man in dieser Stadt erleben kann. Weil das mit dem Wundern nicht aufh\u00f6rt, gibt es diese Kolumne.","sameAs":["http:\/\/www.zeit.de"],"url":"https:\/\/blog.zeit.de\/ladurnerulrich\/author\/ulli-ladurner\/"}]}},"jetpack_featured_media_url":"","jetpack_sharing_enabled":true,"_links":{"self":[{"href":"https:\/\/blog.zeit.de\/ladurnerulrich\/wp-json\/wp\/v2\/posts\/1168","targetHints":{"allow":["GET"]}}],"collection":[{"href":"https:\/\/blog.zeit.de\/ladurnerulrich\/wp-json\/wp\/v2\/posts"}],"about":[{"href":"https:\/\/blog.zeit.de\/ladurnerulrich\/wp-json\/wp\/v2\/types\/post"}],"author":[{"embeddable":true,"href":"https:\/\/blog.zeit.de\/ladurnerulrich\/wp-json\/wp\/v2\/users\/87"}],"replies":[{"embeddable":true,"href":"https:\/\/blog.zeit.de\/ladurnerulrich\/wp-json\/wp\/v2\/comments?post=1168"}],"version-history":[{"count":2,"href":"https:\/\/blog.zeit.de\/ladurnerulrich\/wp-json\/wp\/v2\/posts\/1168\/revisions"}],"predecessor-version":[{"id":1170,"href":"https:\/\/blog.zeit.de\/ladurnerulrich\/wp-json\/wp\/v2\/posts\/1168\/revisions\/1170"}],"wp:attachment":[{"href":"https:\/\/blog.zeit.de\/ladurnerulrich\/wp-json\/wp\/v2\/media?parent=1168"}],"wp:term":[{"taxonomy":"category","embeddable":true,"href":"https:\/\/blog.zeit.de\/ladurnerulrich\/wp-json\/wp\/v2\/categories?post=1168"},{"taxonomy":"post_tag","embeddable":true,"href":"https:\/\/blog.zeit.de\/ladurnerulrich\/wp-json\/wp\/v2\/tags?post=1168"}],"curies":[{"name":"wp","href":"https:\/\/api.w.org\/{rel}","templated":true}]}}