{"id":1178,"date":"2012-09-07T16:08:12","date_gmt":"2012-09-07T14:08:12","guid":{"rendered":"http:\/\/blog.zeit.de\/ladurnerulrich\/?p=1178"},"modified":"2012-09-07T17:24:08","modified_gmt":"2012-09-07T15:24:08","slug":"die-kurzsichtigkeit-der-krieger","status":"publish","type":"post","link":"https:\/\/blog.zeit.de\/ladurnerulrich\/2012\/09\/07\/die-kurzsichtigkeit-der-krieger\/","title":{"rendered":"Die Kurzsichtigkeit der Krieger"},"content":{"rendered":"<p>Der Iran unterst\u00fctzt seinen syrischen Verb\u00fcndeten Assad und nutzt daf\u00fcr den irakischen Luftraum. Das ist nur m\u00f6glich, weil die schiitisch dominierte Regierung in Bagdad dies erlaubt. Ein ziemlich erstaunlicher Umstand, wenn man daran denkt, mit welcher Absicht die USA 2003 in den Irak einmarschiert sind. Sie wollten den Diktator Saddam Hussein st\u00fcrzen, was auch gelang. Sein Sturz aber sollte nach den hoch fliegenden Pl\u00e4nen der Regierung von George W. Bush nur ein erster Schritt zur Demokratisierung des ganzen Nahen und Mittleren Ostens sein.<\/p>\n<p>&#8222;Greater Middle East&#8220; \u2014 so hie\u00df das Projekt. Es ist gr\u00fcndlich schiefgelaufen. Das ist freilich schon lange bekannt. Doch wie weitreichend die Folgen des Krieges aus dem Jahr 2003 waren, das kann man jetzt wieder einmal erkennen. Denn Assad h\u00e4lt sich auch mit Hilfe Irans an der Macht \u2014 und mittelbar auch mithilfe des Irak.<\/p>\n<p>Unbeabsichtigte Folgen eines Krieges, so lie\u00dfe sich das nennen. Es gibt andere Beispiele daf\u00fcr. Nehmen wir Libyen. Der Sicherheitsrat der UN verabschiedete im M\u00e4rz 2011 eine Resolution, wonach man die libyschen Zivilisten mit &#8222;allen notwendigen Mitteln&#8220; sch\u00fctzen sollte. Frankreich, Gro\u00dfbritannien und die USA nahmen diese Resolution zur Grundlage, um die Rebellen zum Sieg gegen den Diktator Muammar al-Gaddafi zu bomben. Die Russen \u2014 die sich bei der Resolution enthalten hatten \u2013 protestierten lautstark. Sie f\u00fchlten sich \u00fcbergangen. Man ignorierte sie.<\/p>\n<p>H\u00e4tte damals jemand gedacht, dass sich den Russen bald eine Gelegenheit bieten w\u00fcrde, sich zu r\u00e4chen? Sie kam mit Syrien. Bis heute blockieren die Russen und die Chinesen eine einheitliche Resolution des Sicherheitsrates, die Baschar al-Assad verurteilt. Ein Grund daf\u00fcr \u2013 gewiss nicht der einzige \u2013 aber einer: Sie wollen nicht noch einmal vom Westen \u00fcbergangen werden. Es fehlt ihnen das Vertrauen.<\/p>\n<p>Heute herrscht auch Einigkeit dar\u00fcber, dass die de facto Teilung des afrikanischen Staates Mali eine direkte Folge des Libyen-Krieges war. Die Tuareg, die in den Diensten Gaddafis standen, zogen sich nach dem Sturz des Diktators nach Mali zur\u00fcck, in ihre Heimatregion. Sie kamen schwer bewaffnet, was sie in Versuchung brachte, einen alten Traum wiederzubeleben: Die Errichtung eines unabh\u00e4ngigen Staates der Tuareg. Es gelang ihnen die Abspaltung des n\u00f6rdlichen Teiles von Mali. Dabei halfen ihnen radikalislamische Kr\u00e4fte. Diese aber wandten sich bald gegen die Tuareg und sind heute drauf und dran im Norden Malis eine islamistischen Gottesstaat zu errichten.<\/p>\n<p>H\u00e4tte man das wissen k\u00f6nnen? Doch ja, man h\u00e4tte. Doch irgendwie gehen solche \u00dcberlegungen meist unter. Im sprichw\u00f6rtlichen Eifer des Gefechts, im Gef\u00fchl der sicheren \u00dcberlegenheit, im unbedingten Willen, Menschen in Not zu helfen.<\/p>\n","protected":false},"excerpt":{"rendered":"<p>Der Iran unterst\u00fctzt seinen syrischen Verb\u00fcndeten Assad und nutzt daf\u00fcr den irakischen Luftraum. Das ist nur m\u00f6glich, weil die schiitisch dominierte Regierung in Bagdad dies erlaubt. Ein ziemlich erstaunlicher Umstand, wenn man daran denkt, mit welcher Absicht die USA 2003 in den Irak einmarschiert sind. Sie wollten den Diktator Saddam Hussein st\u00fcrzen, was auch gelang. [&hellip;]<\/p>\n","protected":false},"author":87,"featured_media":0,"comment_status":"open","ping_status":"open","sticky":false,"template":"","format":"standard","meta":{"_jetpack_memberships_contains_paid_content":false,"footnotes":""},"categories":[1205],"tags":[],"class_list":["post-1178","post","type-post","status-publish","format-standard","hentry","category-krieg"],"yoast_head":"<!-- This site is optimized with the Yoast SEO plugin v21.0 - https:\/\/yoast.com\/wordpress\/plugins\/seo\/ -->\n<title>Die Kurzsichtigkeit der Krieger - Unterwegs in Europa<\/title>\n<meta name=\"robots\" content=\"index, follow, max-snippet:-1, max-image-preview:large, max-video-preview:-1\" \/>\n<link rel=\"canonical\" href=\"https:\/\/blog.zeit.de\/ladurnerulrich\/2012\/09\/07\/die-kurzsichtigkeit-der-krieger\/\" \/>\n<meta property=\"og:locale\" content=\"de_DE\" \/>\n<meta property=\"og:type\" content=\"article\" \/>\n<meta property=\"og:title\" content=\"Die Kurzsichtigkeit der Krieger - Unterwegs in Europa\" \/>\n<meta property=\"og:description\" content=\"Der Iran unterst\u00fctzt seinen syrischen Verb\u00fcndeten Assad und nutzt daf\u00fcr den irakischen Luftraum. Das ist nur m\u00f6glich, weil die schiitisch dominierte Regierung in Bagdad dies erlaubt. Ein ziemlich erstaunlicher Umstand, wenn man daran denkt, mit welcher Absicht die USA 2003 in den Irak einmarschiert sind. Sie wollten den Diktator Saddam Hussein st\u00fcrzen, was auch gelang. [&hellip;]\" \/>\n<meta property=\"og:url\" content=\"https:\/\/blog.zeit.de\/ladurnerulrich\/2012\/09\/07\/die-kurzsichtigkeit-der-krieger\/\" \/>\n<meta property=\"og:site_name\" content=\"Unterwegs in Europa\" \/>\n<meta property=\"article:published_time\" content=\"2012-09-07T14:08:12+00:00\" \/>\n<meta property=\"article:modified_time\" content=\"2012-09-07T15:24:08+00:00\" \/>\n<meta name=\"author\" content=\"Ulrich Ladurner\" \/>\n<meta name=\"twitter:label1\" content=\"Geschrieben von\" \/>\n\t<meta name=\"twitter:data1\" content=\"Ulrich Ladurner\" \/>\n\t<meta name=\"twitter:label2\" content=\"Gesch\u00e4tzte Lesezeit\" \/>\n\t<meta name=\"twitter:data2\" content=\"2\u00a0Minuten\" \/>\n<script type=\"application\/ld+json\" class=\"yoast-schema-graph\">{\"@context\":\"https:\/\/schema.org\",\"@graph\":[{\"@type\":\"WebPage\",\"@id\":\"https:\/\/blog.zeit.de\/ladurnerulrich\/2012\/09\/07\/die-kurzsichtigkeit-der-krieger\/\",\"url\":\"https:\/\/blog.zeit.de\/ladurnerulrich\/2012\/09\/07\/die-kurzsichtigkeit-der-krieger\/\",\"name\":\"Die Kurzsichtigkeit der Krieger - Unterwegs in Europa\",\"isPartOf\":{\"@id\":\"https:\/\/blog.zeit.de\/ladurnerulrich\/#website\"},\"datePublished\":\"2012-09-07T14:08:12+00:00\",\"dateModified\":\"2012-09-07T15:24:08+00:00\",\"author\":{\"@id\":\"https:\/\/blog.zeit.de\/ladurnerulrich\/#\/schema\/person\/41f9ab2ef02a3e3602daf321c07007f6\"},\"breadcrumb\":{\"@id\":\"https:\/\/blog.zeit.de\/ladurnerulrich\/2012\/09\/07\/die-kurzsichtigkeit-der-krieger\/#breadcrumb\"},\"inLanguage\":\"de\",\"potentialAction\":[{\"@type\":\"ReadAction\",\"target\":[\"https:\/\/blog.zeit.de\/ladurnerulrich\/2012\/09\/07\/die-kurzsichtigkeit-der-krieger\/\"]}]},{\"@type\":\"BreadcrumbList\",\"@id\":\"https:\/\/blog.zeit.de\/ladurnerulrich\/2012\/09\/07\/die-kurzsichtigkeit-der-krieger\/#breadcrumb\",\"itemListElement\":[{\"@type\":\"ListItem\",\"position\":1,\"name\":\"Startseite\",\"item\":\"https:\/\/blog.zeit.de\/ladurnerulrich\/\"},{\"@type\":\"ListItem\",\"position\":2,\"name\":\"Die Kurzsichtigkeit der Krieger\"}]},{\"@type\":\"WebSite\",\"@id\":\"https:\/\/blog.zeit.de\/ladurnerulrich\/#website\",\"url\":\"https:\/\/blog.zeit.de\/ladurnerulrich\/\",\"name\":\"Unterwegs in Europa\",\"description\":\"Ladurners Blog f\u00fcr Einblicke in un\u00fcbersichtliche Landschaften\",\"potentialAction\":[{\"@type\":\"SearchAction\",\"target\":{\"@type\":\"EntryPoint\",\"urlTemplate\":\"https:\/\/blog.zeit.de\/ladurnerulrich\/?s={search_term_string}\"},\"query-input\":\"required name=search_term_string\"}],\"inLanguage\":\"de\"},{\"@type\":\"Person\",\"@id\":\"https:\/\/blog.zeit.de\/ladurnerulrich\/#\/schema\/person\/41f9ab2ef02a3e3602daf321c07007f6\",\"name\":\"Ulrich Ladurner\",\"image\":{\"@type\":\"ImageObject\",\"inLanguage\":\"de\",\"@id\":\"https:\/\/blog.zeit.de\/ladurnerulrich\/#\/schema\/person\/image\/\",\"url\":\"https:\/\/secure.gravatar.com\/avatar\/d01052e766579414676df807ab6fd98f6598a3bceab8af45b2984cba94333280?s=96&d=mm&r=g\",\"contentUrl\":\"https:\/\/secure.gravatar.com\/avatar\/d01052e766579414676df807ab6fd98f6598a3bceab8af45b2984cba94333280?s=96&d=mm&r=g\",\"caption\":\"Ulrich Ladurner\"},\"description\":\"lebt seit 1999 in Hamburg. Seitdem staunt er dar\u00fcber, was man in dieser Stadt erleben kann. Weil das mit dem Wundern nicht aufh\u00f6rt, gibt es diese Kolumne.\",\"sameAs\":[\"http:\/\/www.zeit.de\"],\"url\":\"https:\/\/blog.zeit.de\/ladurnerulrich\/author\/ulli-ladurner\/\"}]}<\/script>\n<!-- \/ Yoast SEO plugin. -->","yoast_head_json":{"title":"Die Kurzsichtigkeit der Krieger - Unterwegs in Europa","robots":{"index":"index","follow":"follow","max-snippet":"max-snippet:-1","max-image-preview":"max-image-preview:large","max-video-preview":"max-video-preview:-1"},"canonical":"https:\/\/blog.zeit.de\/ladurnerulrich\/2012\/09\/07\/die-kurzsichtigkeit-der-krieger\/","og_locale":"de_DE","og_type":"article","og_title":"Die Kurzsichtigkeit der Krieger - Unterwegs in Europa","og_description":"Der Iran unterst\u00fctzt seinen syrischen Verb\u00fcndeten Assad und nutzt daf\u00fcr den irakischen Luftraum. Das ist nur m\u00f6glich, weil die schiitisch dominierte Regierung in Bagdad dies erlaubt. Ein ziemlich erstaunlicher Umstand, wenn man daran denkt, mit welcher Absicht die USA 2003 in den Irak einmarschiert sind. Sie wollten den Diktator Saddam Hussein st\u00fcrzen, was auch gelang. [&hellip;]","og_url":"https:\/\/blog.zeit.de\/ladurnerulrich\/2012\/09\/07\/die-kurzsichtigkeit-der-krieger\/","og_site_name":"Unterwegs in Europa","article_published_time":"2012-09-07T14:08:12+00:00","article_modified_time":"2012-09-07T15:24:08+00:00","author":"Ulrich Ladurner","twitter_misc":{"Geschrieben von":"Ulrich Ladurner","Gesch\u00e4tzte Lesezeit":"2\u00a0Minuten"},"schema":{"@context":"https:\/\/schema.org","@graph":[{"@type":"WebPage","@id":"https:\/\/blog.zeit.de\/ladurnerulrich\/2012\/09\/07\/die-kurzsichtigkeit-der-krieger\/","url":"https:\/\/blog.zeit.de\/ladurnerulrich\/2012\/09\/07\/die-kurzsichtigkeit-der-krieger\/","name":"Die Kurzsichtigkeit der Krieger - Unterwegs in Europa","isPartOf":{"@id":"https:\/\/blog.zeit.de\/ladurnerulrich\/#website"},"datePublished":"2012-09-07T14:08:12+00:00","dateModified":"2012-09-07T15:24:08+00:00","author":{"@id":"https:\/\/blog.zeit.de\/ladurnerulrich\/#\/schema\/person\/41f9ab2ef02a3e3602daf321c07007f6"},"breadcrumb":{"@id":"https:\/\/blog.zeit.de\/ladurnerulrich\/2012\/09\/07\/die-kurzsichtigkeit-der-krieger\/#breadcrumb"},"inLanguage":"de","potentialAction":[{"@type":"ReadAction","target":["https:\/\/blog.zeit.de\/ladurnerulrich\/2012\/09\/07\/die-kurzsichtigkeit-der-krieger\/"]}]},{"@type":"BreadcrumbList","@id":"https:\/\/blog.zeit.de\/ladurnerulrich\/2012\/09\/07\/die-kurzsichtigkeit-der-krieger\/#breadcrumb","itemListElement":[{"@type":"ListItem","position":1,"name":"Startseite","item":"https:\/\/blog.zeit.de\/ladurnerulrich\/"},{"@type":"ListItem","position":2,"name":"Die Kurzsichtigkeit der Krieger"}]},{"@type":"WebSite","@id":"https:\/\/blog.zeit.de\/ladurnerulrich\/#website","url":"https:\/\/blog.zeit.de\/ladurnerulrich\/","name":"Unterwegs in Europa","description":"Ladurners Blog f\u00fcr Einblicke in un\u00fcbersichtliche Landschaften","potentialAction":[{"@type":"SearchAction","target":{"@type":"EntryPoint","urlTemplate":"https:\/\/blog.zeit.de\/ladurnerulrich\/?s={search_term_string}"},"query-input":"required name=search_term_string"}],"inLanguage":"de"},{"@type":"Person","@id":"https:\/\/blog.zeit.de\/ladurnerulrich\/#\/schema\/person\/41f9ab2ef02a3e3602daf321c07007f6","name":"Ulrich Ladurner","image":{"@type":"ImageObject","inLanguage":"de","@id":"https:\/\/blog.zeit.de\/ladurnerulrich\/#\/schema\/person\/image\/","url":"https:\/\/secure.gravatar.com\/avatar\/d01052e766579414676df807ab6fd98f6598a3bceab8af45b2984cba94333280?s=96&d=mm&r=g","contentUrl":"https:\/\/secure.gravatar.com\/avatar\/d01052e766579414676df807ab6fd98f6598a3bceab8af45b2984cba94333280?s=96&d=mm&r=g","caption":"Ulrich Ladurner"},"description":"lebt seit 1999 in Hamburg. Seitdem staunt er dar\u00fcber, was man in dieser Stadt erleben kann. Weil das mit dem Wundern nicht aufh\u00f6rt, gibt es diese Kolumne.","sameAs":["http:\/\/www.zeit.de"],"url":"https:\/\/blog.zeit.de\/ladurnerulrich\/author\/ulli-ladurner\/"}]}},"jetpack_featured_media_url":"","jetpack_sharing_enabled":true,"_links":{"self":[{"href":"https:\/\/blog.zeit.de\/ladurnerulrich\/wp-json\/wp\/v2\/posts\/1178","targetHints":{"allow":["GET"]}}],"collection":[{"href":"https:\/\/blog.zeit.de\/ladurnerulrich\/wp-json\/wp\/v2\/posts"}],"about":[{"href":"https:\/\/blog.zeit.de\/ladurnerulrich\/wp-json\/wp\/v2\/types\/post"}],"author":[{"embeddable":true,"href":"https:\/\/blog.zeit.de\/ladurnerulrich\/wp-json\/wp\/v2\/users\/87"}],"replies":[{"embeddable":true,"href":"https:\/\/blog.zeit.de\/ladurnerulrich\/wp-json\/wp\/v2\/comments?post=1178"}],"version-history":[{"count":5,"href":"https:\/\/blog.zeit.de\/ladurnerulrich\/wp-json\/wp\/v2\/posts\/1178\/revisions"}],"predecessor-version":[{"id":1181,"href":"https:\/\/blog.zeit.de\/ladurnerulrich\/wp-json\/wp\/v2\/posts\/1178\/revisions\/1181"}],"wp:attachment":[{"href":"https:\/\/blog.zeit.de\/ladurnerulrich\/wp-json\/wp\/v2\/media?parent=1178"}],"wp:term":[{"taxonomy":"category","embeddable":true,"href":"https:\/\/blog.zeit.de\/ladurnerulrich\/wp-json\/wp\/v2\/categories?post=1178"},{"taxonomy":"post_tag","embeddable":true,"href":"https:\/\/blog.zeit.de\/ladurnerulrich\/wp-json\/wp\/v2\/tags?post=1178"}],"curies":[{"name":"wp","href":"https:\/\/api.w.org\/{rel}","templated":true}]}}