{"id":1200,"date":"2012-09-25T04:56:05","date_gmt":"2012-09-25T02:56:05","guid":{"rendered":"http:\/\/blog.zeit.de\/ladurnerulrich\/?p=1200"},"modified":"2012-09-25T04:56:05","modified_gmt":"2012-09-25T02:56:05","slug":"pakistan-aufgeben","status":"publish","type":"post","link":"https:\/\/blog.zeit.de\/ladurnerulrich\/2012\/09\/25\/pakistan-aufgeben\/","title":{"rendered":"Pakistan aufgeben?"},"content":{"rendered":"<p>Die USA haben vor elf Jahren dem Terror den Krieg erkl\u00e4rt. Es waren bittere elf Jahre f\u00fcr Pakistan. 35.000 Pakistaner sind seitdem ums Leben gekommen, bei Anschl\u00e4gen,\u00a0<a href=\"http:\/\/www.zeit.de\/politik\/ausland\/2012-08\/pakistan-luftwaffenbasis-taliban\">K\u00e4mpfen, Attentaten und Drohnenangriffen<\/a>. Die Menschen in diesem Land sterben immer noch in gro\u00dfer Zahl durch terroristische Gewalt und Gegengewalt. Der Preis, den Pakistan f\u00fcr sein B\u00fcndnis mit den USA bezahlt hat, ist entsetzlich. Die Pakistaner fragen sich heute, ob es denn gut war, dass ihre Regierung sich nach 9\/11 auf die Seite der USA geschlagen hat. Die Antwort, die sie sich geben ist: Nein. Das B\u00fcndnis mit den USA hat Ungl\u00fcck \u00fcber uns gebracht.<\/p>\n<p>Diese Meinung sollte niemanden verwundern. Viele pakistanische B\u00fcrger haben das Gef\u00fchl, dass ihre Opfer nicht wahrgenommen werden. Sie haben damit ohne Zweifel recht. Pakistan hat so einen schlechten Ruf wie sonst kaum ein anderer Staat der Welt: Hochburg gewaltt\u00e4tiger Fanatiker, instabile Atommacht, durch und durch korrupter Staat. Falsch ist das ja nicht, doch es ist nur die eine Seite der Geschichte. Die andere Seite ist die Bereitschaft, dieses Leid, das der Krieg gegen den Terror \u00fcber das Land gebracht hat, zu erdulden.<\/p>\n<p>Das muss man anerkennen. Das haben die Pakistaner verdient. Es w\u00fcrde auch eine ungewohnte Sichtweise auf dieses Land erm\u00f6glichen, das uns immer nur als bedrohlich erscheint. Wer einen neuen Blick auf Pakistan entwickelt, der k\u00f6nnte auch eine neue Politik machen, eine, die dem Land nicht so viele Opfer abverlangt.<\/p>\n<p>Notwendig w\u00e4re sie allemal. Denn Pakistan r\u00fcckt seit geraumer Zeit\u00a0<a href=\"http:\/\/www.zeit.de\/2011\/20\/Pakistan-Islamistenszene\">St\u00fcck f\u00fcr St\u00fcck vom Westen ab<\/a>. Das ist keine gute Nachricht. Pakistan kann man nicht ignorieren, dazu hat es zu viel Eigengewicht.<\/p>\n<p>Was also k\u00f6nnte getan werden? Zun\u00e4chst einmal sollte man in der Betrachtung dieses Landes nicht immer vom Worst Case ausgehen, vom Zerfall. Es ist besser, die St\u00e4rke Pakistans in den Vordergrund zu stellen. Allen Widrigkeiten zum Trotz ist der Staat nicht zerfallen. Daf\u00fcr gibt es einen Grund, den man gerne \u00fcbersieht: Pakistan ist die Heimat von 190 Millionen Menschen. Diese Menschen \u2013 mit Ausnahme der winzigen Elite \u2013 haben kein anderes Land, in das sie gehen k\u00f6nnten. Das macht Pakistan lebensf\u00e4hig, diese unglaubliche Z\u00e4higkeit, mit der die einfachen Pakistaner an ihrem Land festhalten. Nicht die Existenz Pakistans steht infrage, sondern die Definition dessen, was dieses Land eigentlich ist, wof\u00fcr es steht. Das ist der Kampf, der sich zu k\u00e4mpfen lohnt.<\/p>\n<div>\n<div>\n<div>\n<div><\/div>\n<\/div>\n<\/div>\n<\/div>\n","protected":false},"excerpt":{"rendered":"<p>Die USA haben vor elf Jahren dem Terror den Krieg erkl\u00e4rt. Es waren bittere elf Jahre f\u00fcr Pakistan. 35.000 Pakistaner sind seitdem ums Leben gekommen, bei Anschl\u00e4gen,\u00a0K\u00e4mpfen, Attentaten und Drohnenangriffen. Die Menschen in diesem Land sterben immer noch in gro\u00dfer Zahl durch terroristische Gewalt und Gegengewalt. Der Preis, den Pakistan f\u00fcr sein B\u00fcndnis mit den [&hellip;]<\/p>\n","protected":false},"author":87,"featured_media":0,"comment_status":"open","ping_status":"open","sticky":false,"template":"","format":"standard","meta":{"_jetpack_memberships_contains_paid_content":false,"footnotes":""},"categories":[1],"tags":[],"class_list":["post-1200","post","type-post","status-publish","format-standard","hentry","category-allgemein"],"yoast_head":"<!-- This site is optimized with the Yoast SEO plugin v21.0 - https:\/\/yoast.com\/wordpress\/plugins\/seo\/ -->\n<title>Pakistan aufgeben? - Unterwegs in Europa<\/title>\n<meta name=\"robots\" content=\"index, follow, max-snippet:-1, max-image-preview:large, max-video-preview:-1\" \/>\n<link rel=\"canonical\" href=\"https:\/\/blog.zeit.de\/ladurnerulrich\/2012\/09\/25\/pakistan-aufgeben\/\" \/>\n<meta property=\"og:locale\" content=\"de_DE\" \/>\n<meta property=\"og:type\" content=\"article\" \/>\n<meta property=\"og:title\" content=\"Pakistan aufgeben? - Unterwegs in Europa\" \/>\n<meta property=\"og:description\" content=\"Die USA haben vor elf Jahren dem Terror den Krieg erkl\u00e4rt. Es waren bittere elf Jahre f\u00fcr Pakistan. 35.000 Pakistaner sind seitdem ums Leben gekommen, bei Anschl\u00e4gen,\u00a0K\u00e4mpfen, Attentaten und Drohnenangriffen. Die Menschen in diesem Land sterben immer noch in gro\u00dfer Zahl durch terroristische Gewalt und Gegengewalt. Der Preis, den Pakistan f\u00fcr sein B\u00fcndnis mit den [&hellip;]\" \/>\n<meta property=\"og:url\" content=\"https:\/\/blog.zeit.de\/ladurnerulrich\/2012\/09\/25\/pakistan-aufgeben\/\" \/>\n<meta property=\"og:site_name\" content=\"Unterwegs in Europa\" \/>\n<meta property=\"article:published_time\" content=\"2012-09-25T02:56:05+00:00\" \/>\n<meta name=\"author\" content=\"Ulrich Ladurner\" \/>\n<meta name=\"twitter:label1\" content=\"Geschrieben von\" \/>\n\t<meta name=\"twitter:data1\" content=\"Ulrich Ladurner\" \/>\n\t<meta name=\"twitter:label2\" content=\"Gesch\u00e4tzte Lesezeit\" \/>\n\t<meta name=\"twitter:data2\" content=\"2\u00a0Minuten\" \/>\n<script type=\"application\/ld+json\" class=\"yoast-schema-graph\">{\"@context\":\"https:\/\/schema.org\",\"@graph\":[{\"@type\":\"WebPage\",\"@id\":\"https:\/\/blog.zeit.de\/ladurnerulrich\/2012\/09\/25\/pakistan-aufgeben\/\",\"url\":\"https:\/\/blog.zeit.de\/ladurnerulrich\/2012\/09\/25\/pakistan-aufgeben\/\",\"name\":\"Pakistan aufgeben? - Unterwegs in Europa\",\"isPartOf\":{\"@id\":\"https:\/\/blog.zeit.de\/ladurnerulrich\/#website\"},\"datePublished\":\"2012-09-25T02:56:05+00:00\",\"dateModified\":\"2012-09-25T02:56:05+00:00\",\"author\":{\"@id\":\"https:\/\/blog.zeit.de\/ladurnerulrich\/#\/schema\/person\/41f9ab2ef02a3e3602daf321c07007f6\"},\"breadcrumb\":{\"@id\":\"https:\/\/blog.zeit.de\/ladurnerulrich\/2012\/09\/25\/pakistan-aufgeben\/#breadcrumb\"},\"inLanguage\":\"de\",\"potentialAction\":[{\"@type\":\"ReadAction\",\"target\":[\"https:\/\/blog.zeit.de\/ladurnerulrich\/2012\/09\/25\/pakistan-aufgeben\/\"]}]},{\"@type\":\"BreadcrumbList\",\"@id\":\"https:\/\/blog.zeit.de\/ladurnerulrich\/2012\/09\/25\/pakistan-aufgeben\/#breadcrumb\",\"itemListElement\":[{\"@type\":\"ListItem\",\"position\":1,\"name\":\"Startseite\",\"item\":\"https:\/\/blog.zeit.de\/ladurnerulrich\/\"},{\"@type\":\"ListItem\",\"position\":2,\"name\":\"Pakistan aufgeben?\"}]},{\"@type\":\"WebSite\",\"@id\":\"https:\/\/blog.zeit.de\/ladurnerulrich\/#website\",\"url\":\"https:\/\/blog.zeit.de\/ladurnerulrich\/\",\"name\":\"Unterwegs in Europa\",\"description\":\"Ladurners Blog f\u00fcr Einblicke in un\u00fcbersichtliche Landschaften\",\"potentialAction\":[{\"@type\":\"SearchAction\",\"target\":{\"@type\":\"EntryPoint\",\"urlTemplate\":\"https:\/\/blog.zeit.de\/ladurnerulrich\/?s={search_term_string}\"},\"query-input\":\"required name=search_term_string\"}],\"inLanguage\":\"de\"},{\"@type\":\"Person\",\"@id\":\"https:\/\/blog.zeit.de\/ladurnerulrich\/#\/schema\/person\/41f9ab2ef02a3e3602daf321c07007f6\",\"name\":\"Ulrich Ladurner\",\"image\":{\"@type\":\"ImageObject\",\"inLanguage\":\"de\",\"@id\":\"https:\/\/blog.zeit.de\/ladurnerulrich\/#\/schema\/person\/image\/\",\"url\":\"https:\/\/secure.gravatar.com\/avatar\/d01052e766579414676df807ab6fd98f6598a3bceab8af45b2984cba94333280?s=96&d=mm&r=g\",\"contentUrl\":\"https:\/\/secure.gravatar.com\/avatar\/d01052e766579414676df807ab6fd98f6598a3bceab8af45b2984cba94333280?s=96&d=mm&r=g\",\"caption\":\"Ulrich Ladurner\"},\"description\":\"lebt seit 1999 in Hamburg. Seitdem staunt er dar\u00fcber, was man in dieser Stadt erleben kann. Weil das mit dem Wundern nicht aufh\u00f6rt, gibt es diese Kolumne.\",\"sameAs\":[\"http:\/\/www.zeit.de\"],\"url\":\"https:\/\/blog.zeit.de\/ladurnerulrich\/author\/ulli-ladurner\/\"}]}<\/script>\n<!-- \/ Yoast SEO plugin. -->","yoast_head_json":{"title":"Pakistan aufgeben? - Unterwegs in Europa","robots":{"index":"index","follow":"follow","max-snippet":"max-snippet:-1","max-image-preview":"max-image-preview:large","max-video-preview":"max-video-preview:-1"},"canonical":"https:\/\/blog.zeit.de\/ladurnerulrich\/2012\/09\/25\/pakistan-aufgeben\/","og_locale":"de_DE","og_type":"article","og_title":"Pakistan aufgeben? - Unterwegs in Europa","og_description":"Die USA haben vor elf Jahren dem Terror den Krieg erkl\u00e4rt. Es waren bittere elf Jahre f\u00fcr Pakistan. 35.000 Pakistaner sind seitdem ums Leben gekommen, bei Anschl\u00e4gen,\u00a0K\u00e4mpfen, Attentaten und Drohnenangriffen. Die Menschen in diesem Land sterben immer noch in gro\u00dfer Zahl durch terroristische Gewalt und Gegengewalt. Der Preis, den Pakistan f\u00fcr sein B\u00fcndnis mit den [&hellip;]","og_url":"https:\/\/blog.zeit.de\/ladurnerulrich\/2012\/09\/25\/pakistan-aufgeben\/","og_site_name":"Unterwegs in Europa","article_published_time":"2012-09-25T02:56:05+00:00","author":"Ulrich Ladurner","twitter_misc":{"Geschrieben von":"Ulrich Ladurner","Gesch\u00e4tzte Lesezeit":"2\u00a0Minuten"},"schema":{"@context":"https:\/\/schema.org","@graph":[{"@type":"WebPage","@id":"https:\/\/blog.zeit.de\/ladurnerulrich\/2012\/09\/25\/pakistan-aufgeben\/","url":"https:\/\/blog.zeit.de\/ladurnerulrich\/2012\/09\/25\/pakistan-aufgeben\/","name":"Pakistan aufgeben? - Unterwegs in Europa","isPartOf":{"@id":"https:\/\/blog.zeit.de\/ladurnerulrich\/#website"},"datePublished":"2012-09-25T02:56:05+00:00","dateModified":"2012-09-25T02:56:05+00:00","author":{"@id":"https:\/\/blog.zeit.de\/ladurnerulrich\/#\/schema\/person\/41f9ab2ef02a3e3602daf321c07007f6"},"breadcrumb":{"@id":"https:\/\/blog.zeit.de\/ladurnerulrich\/2012\/09\/25\/pakistan-aufgeben\/#breadcrumb"},"inLanguage":"de","potentialAction":[{"@type":"ReadAction","target":["https:\/\/blog.zeit.de\/ladurnerulrich\/2012\/09\/25\/pakistan-aufgeben\/"]}]},{"@type":"BreadcrumbList","@id":"https:\/\/blog.zeit.de\/ladurnerulrich\/2012\/09\/25\/pakistan-aufgeben\/#breadcrumb","itemListElement":[{"@type":"ListItem","position":1,"name":"Startseite","item":"https:\/\/blog.zeit.de\/ladurnerulrich\/"},{"@type":"ListItem","position":2,"name":"Pakistan aufgeben?"}]},{"@type":"WebSite","@id":"https:\/\/blog.zeit.de\/ladurnerulrich\/#website","url":"https:\/\/blog.zeit.de\/ladurnerulrich\/","name":"Unterwegs in Europa","description":"Ladurners Blog f\u00fcr Einblicke in un\u00fcbersichtliche Landschaften","potentialAction":[{"@type":"SearchAction","target":{"@type":"EntryPoint","urlTemplate":"https:\/\/blog.zeit.de\/ladurnerulrich\/?s={search_term_string}"},"query-input":"required name=search_term_string"}],"inLanguage":"de"},{"@type":"Person","@id":"https:\/\/blog.zeit.de\/ladurnerulrich\/#\/schema\/person\/41f9ab2ef02a3e3602daf321c07007f6","name":"Ulrich Ladurner","image":{"@type":"ImageObject","inLanguage":"de","@id":"https:\/\/blog.zeit.de\/ladurnerulrich\/#\/schema\/person\/image\/","url":"https:\/\/secure.gravatar.com\/avatar\/d01052e766579414676df807ab6fd98f6598a3bceab8af45b2984cba94333280?s=96&d=mm&r=g","contentUrl":"https:\/\/secure.gravatar.com\/avatar\/d01052e766579414676df807ab6fd98f6598a3bceab8af45b2984cba94333280?s=96&d=mm&r=g","caption":"Ulrich Ladurner"},"description":"lebt seit 1999 in Hamburg. Seitdem staunt er dar\u00fcber, was man in dieser Stadt erleben kann. Weil das mit dem Wundern nicht aufh\u00f6rt, gibt es diese Kolumne.","sameAs":["http:\/\/www.zeit.de"],"url":"https:\/\/blog.zeit.de\/ladurnerulrich\/author\/ulli-ladurner\/"}]}},"jetpack_featured_media_url":"","jetpack_sharing_enabled":true,"_links":{"self":[{"href":"https:\/\/blog.zeit.de\/ladurnerulrich\/wp-json\/wp\/v2\/posts\/1200","targetHints":{"allow":["GET"]}}],"collection":[{"href":"https:\/\/blog.zeit.de\/ladurnerulrich\/wp-json\/wp\/v2\/posts"}],"about":[{"href":"https:\/\/blog.zeit.de\/ladurnerulrich\/wp-json\/wp\/v2\/types\/post"}],"author":[{"embeddable":true,"href":"https:\/\/blog.zeit.de\/ladurnerulrich\/wp-json\/wp\/v2\/users\/87"}],"replies":[{"embeddable":true,"href":"https:\/\/blog.zeit.de\/ladurnerulrich\/wp-json\/wp\/v2\/comments?post=1200"}],"version-history":[{"count":2,"href":"https:\/\/blog.zeit.de\/ladurnerulrich\/wp-json\/wp\/v2\/posts\/1200\/revisions"}],"predecessor-version":[{"id":1202,"href":"https:\/\/blog.zeit.de\/ladurnerulrich\/wp-json\/wp\/v2\/posts\/1200\/revisions\/1202"}],"wp:attachment":[{"href":"https:\/\/blog.zeit.de\/ladurnerulrich\/wp-json\/wp\/v2\/media?parent=1200"}],"wp:term":[{"taxonomy":"category","embeddable":true,"href":"https:\/\/blog.zeit.de\/ladurnerulrich\/wp-json\/wp\/v2\/categories?post=1200"},{"taxonomy":"post_tag","embeddable":true,"href":"https:\/\/blog.zeit.de\/ladurnerulrich\/wp-json\/wp\/v2\/tags?post=1200"}],"curies":[{"name":"wp","href":"https:\/\/api.w.org\/{rel}","templated":true}]}}