{"id":1203,"date":"2012-09-26T17:37:47","date_gmt":"2012-09-26T15:37:47","guid":{"rendered":"http:\/\/blog.zeit.de\/ladurnerulrich\/?p=1203"},"modified":"2012-09-29T00:03:08","modified_gmt":"2012-09-28T22:03:08","slug":"die-rache-wird-kommen","status":"publish","type":"post","link":"https:\/\/blog.zeit.de\/ladurnerulrich\/2012\/09\/26\/die-rache-wird-kommen\/","title":{"rendered":"Die Rache wird kommen"},"content":{"rendered":"<p>Der Protest gegen das Video \u00fcber den Propheten Mohammed (<em>The Innocence of Muslims<\/em>) war in Pakistan besonders heftig. Den Demonstrationen in den Stra\u00dfen pakistanischer St\u00e4dte wurde in der Berichterstattung breiter Raum gegeben.\u00a0Als dann auch noch der Eisenbahn-Minister f\u00fcr den Mord an den Autoren des Videos 100.000 Dollar bezahlen wollte, war das Urteil zementiert: Pakistan ist die Hochburg gewaltt\u00e4tiger Islamisten. Falsch ist das nicht, aber es ist eben nur ein kleiner Teil der Wahrheit \u2014 und es verdeckt eine gr\u00f6\u00dfere, dramatischere Geschichte.<\/p>\n<p>Pakistan ist Kriegsgebiet seit US-Pr\u00e4sident Barack Obama im Fr\u00fchjahr 2009 den Begriff Afpak pr\u00e4gte. Das K\u00fcrzel besagte, dass der Krieg gegen die Taliban und Al-Kaida nicht nur auf Afghanistan beschr\u00e4nkt sei, sondern ab sofort auf Pakistan ausgeweitet werde. Dorthin n\u00e4mlich z\u00f6gen sich die Taliban zur\u00fcck. Obama konnte freilich keine US-Truppen in das Staatsgebiet Pakistans schicken, denn immerhin ist Pakistan bis heute ein &#8222;privilegierter Partner der Nato&#8220; \u2014 offiziell ein enger Freund. Doch Obama sandte Drohnen. Seit seinem Amtsantritt sind mehr als 3.000 Pakistaner bei Angriffen dieser fliegenden Killermaschinen ums Leben gekommen.<\/p>\n<p>Die offizielle Lesart in den USA ist, dass der Drohnenkrieg effektiv, n\u00fctzlich und erfolgreich sei. Er schaffe n\u00e4mlich die M\u00f6glichkeit, &#8222;Terroristen gezielt zu t\u00f6ten&#8220; und gleichzeitig die zivilen Opfer auf ein Minimum zu beschr\u00e4nken. Ein eben erschienener, umfassender Bericht der Stanford Law School und der New York University Law School stellt dazu geradeheraus fest: &#8222;Dieses Auffassung ist falsch!&#8220;<\/p>\n<p><em>Blowback<\/em> \u2014 R\u00fcckschlag, das ist ein Begriff, den die CIA f\u00fcr die unbeabsichtigten Folgen amerikanischer Politik gepr\u00e4gt hat. Man kann denselben Sachverhalt auch in etwas h\u00e4rterer Sprache fassen: Die Rache wird kommen, nicht morgen vielleicht, aber in naher Zukunft, vielleicht nicht in Form eines gewaltigen Anschlags, vielleicht in zahlreichen schmerzhaften Schl\u00e4gen. Das alles wissen wir nicht.<\/p>\n<p>Doch wir erleben bereits jetzt eine bedeutende geopolitische Verschiebung. Pakistan bricht dem Westen weg. Der Drohnenkrieg ist eine der wesentlichen Ursachen f\u00fcr diese sich nun rasant verst\u00e4rkende Entwicklung. Die Drohnen m\u00f6gen zwar Terroristen t\u00f6ten, aber ihr zerst\u00f6rerisches Potenzial entfalten sie auf einer ganz anderen Ebene: Sie kappen die Verbindungen zu Pakistan. Angriff f\u00fcr Angriff entgleitet dem Westen dieses Land.<\/p>\n<p>Die seit Jahren fortgesetzten Drohnenangriffe \u00fcbermitteln den Pakistanern ja eine ganze Reihe verheerender Botschaften: Die Souver\u00e4nit\u00e4t eures Staates ist uns egal; wir t\u00f6ten, wen wir wollen, wann wir wollen und wo wir wollen; wir bitten nicht um Erlaubnis; wir sind Euch waffentechnisch \u00fcberlegen und sind bereit, diese \u00dcberlegenheit ohne Z\u00f6gern einzusetzen. Eure Grenzgebiete zu Afghanistan erkl\u00e4ren wir zu gesetzlosen Gebieten; die Menschen dort geben wir zum Abschuss frei, wenn sie uns gef\u00e4hrlich erscheinen; es reicht der Verdacht, es reicht unser Verdacht.<\/p>\n<p>Wer diese Sprache der Drohnen h\u00f6rt, der versteht, dass die Proteste gegen das Video <em>The Innocence of Muslims<\/em> ein Oberfl\u00e4chenph\u00e4nomen sind \u2014 dahinter wird ein Land sichtbar, das sich in einem unerkl\u00e4rten Krieg mit dem Westen befindet und gedem\u00fctigt wird.<\/p>\n<p>&nbsp;<\/p>\n","protected":false},"excerpt":{"rendered":"<p>Der Protest gegen das Video \u00fcber den Propheten Mohammed (The Innocence of Muslims) war in Pakistan besonders heftig. Den Demonstrationen in den Stra\u00dfen pakistanischer St\u00e4dte wurde in der Berichterstattung breiter Raum gegeben.\u00a0Als dann auch noch der Eisenbahn-Minister f\u00fcr den Mord an den Autoren des Videos 100.000 Dollar bezahlen wollte, war das Urteil zementiert: Pakistan ist [&hellip;]<\/p>\n","protected":false},"author":87,"featured_media":0,"comment_status":"open","ping_status":"open","sticky":false,"template":"","format":"standard","meta":{"_jetpack_memberships_contains_paid_content":false,"footnotes":""},"categories":[1,172],"tags":[],"class_list":["post-1203","post","type-post","status-publish","format-standard","hentry","category-allgemein","category-pakistan"],"yoast_head":"<!-- This site is optimized with the Yoast SEO plugin v21.0 - https:\/\/yoast.com\/wordpress\/plugins\/seo\/ -->\n<title>Die Rache wird kommen - Unterwegs in Europa<\/title>\n<meta name=\"robots\" content=\"index, follow, max-snippet:-1, max-image-preview:large, max-video-preview:-1\" \/>\n<link rel=\"canonical\" href=\"https:\/\/blog.zeit.de\/ladurnerulrich\/2012\/09\/26\/die-rache-wird-kommen\/\" \/>\n<meta property=\"og:locale\" content=\"de_DE\" \/>\n<meta property=\"og:type\" content=\"article\" \/>\n<meta property=\"og:title\" content=\"Die Rache wird kommen - Unterwegs in Europa\" \/>\n<meta property=\"og:description\" content=\"Der Protest gegen das Video \u00fcber den Propheten Mohammed (The Innocence of Muslims) war in Pakistan besonders heftig. Den Demonstrationen in den Stra\u00dfen pakistanischer St\u00e4dte wurde in der Berichterstattung breiter Raum gegeben.\u00a0Als dann auch noch der Eisenbahn-Minister f\u00fcr den Mord an den Autoren des Videos 100.000 Dollar bezahlen wollte, war das Urteil zementiert: Pakistan ist [&hellip;]\" \/>\n<meta property=\"og:url\" content=\"https:\/\/blog.zeit.de\/ladurnerulrich\/2012\/09\/26\/die-rache-wird-kommen\/\" \/>\n<meta property=\"og:site_name\" content=\"Unterwegs in Europa\" \/>\n<meta property=\"article:published_time\" content=\"2012-09-26T15:37:47+00:00\" \/>\n<meta property=\"article:modified_time\" content=\"2012-09-28T22:03:08+00:00\" \/>\n<meta name=\"author\" content=\"Ulrich Ladurner\" \/>\n<meta name=\"twitter:label1\" content=\"Geschrieben von\" \/>\n\t<meta name=\"twitter:data1\" content=\"Ulrich Ladurner\" \/>\n\t<meta name=\"twitter:label2\" content=\"Gesch\u00e4tzte Lesezeit\" \/>\n\t<meta name=\"twitter:data2\" content=\"3\u00a0Minuten\" \/>\n<script type=\"application\/ld+json\" class=\"yoast-schema-graph\">{\"@context\":\"https:\/\/schema.org\",\"@graph\":[{\"@type\":\"WebPage\",\"@id\":\"https:\/\/blog.zeit.de\/ladurnerulrich\/2012\/09\/26\/die-rache-wird-kommen\/\",\"url\":\"https:\/\/blog.zeit.de\/ladurnerulrich\/2012\/09\/26\/die-rache-wird-kommen\/\",\"name\":\"Die Rache wird kommen - Unterwegs in Europa\",\"isPartOf\":{\"@id\":\"https:\/\/blog.zeit.de\/ladurnerulrich\/#website\"},\"datePublished\":\"2012-09-26T15:37:47+00:00\",\"dateModified\":\"2012-09-28T22:03:08+00:00\",\"author\":{\"@id\":\"https:\/\/blog.zeit.de\/ladurnerulrich\/#\/schema\/person\/41f9ab2ef02a3e3602daf321c07007f6\"},\"breadcrumb\":{\"@id\":\"https:\/\/blog.zeit.de\/ladurnerulrich\/2012\/09\/26\/die-rache-wird-kommen\/#breadcrumb\"},\"inLanguage\":\"de\",\"potentialAction\":[{\"@type\":\"ReadAction\",\"target\":[\"https:\/\/blog.zeit.de\/ladurnerulrich\/2012\/09\/26\/die-rache-wird-kommen\/\"]}]},{\"@type\":\"BreadcrumbList\",\"@id\":\"https:\/\/blog.zeit.de\/ladurnerulrich\/2012\/09\/26\/die-rache-wird-kommen\/#breadcrumb\",\"itemListElement\":[{\"@type\":\"ListItem\",\"position\":1,\"name\":\"Startseite\",\"item\":\"https:\/\/blog.zeit.de\/ladurnerulrich\/\"},{\"@type\":\"ListItem\",\"position\":2,\"name\":\"Die Rache wird kommen\"}]},{\"@type\":\"WebSite\",\"@id\":\"https:\/\/blog.zeit.de\/ladurnerulrich\/#website\",\"url\":\"https:\/\/blog.zeit.de\/ladurnerulrich\/\",\"name\":\"Unterwegs in Europa\",\"description\":\"Ladurners Blog f\u00fcr Einblicke in un\u00fcbersichtliche Landschaften\",\"potentialAction\":[{\"@type\":\"SearchAction\",\"target\":{\"@type\":\"EntryPoint\",\"urlTemplate\":\"https:\/\/blog.zeit.de\/ladurnerulrich\/?s={search_term_string}\"},\"query-input\":\"required name=search_term_string\"}],\"inLanguage\":\"de\"},{\"@type\":\"Person\",\"@id\":\"https:\/\/blog.zeit.de\/ladurnerulrich\/#\/schema\/person\/41f9ab2ef02a3e3602daf321c07007f6\",\"name\":\"Ulrich Ladurner\",\"image\":{\"@type\":\"ImageObject\",\"inLanguage\":\"de\",\"@id\":\"https:\/\/blog.zeit.de\/ladurnerulrich\/#\/schema\/person\/image\/\",\"url\":\"https:\/\/secure.gravatar.com\/avatar\/d01052e766579414676df807ab6fd98f6598a3bceab8af45b2984cba94333280?s=96&d=mm&r=g\",\"contentUrl\":\"https:\/\/secure.gravatar.com\/avatar\/d01052e766579414676df807ab6fd98f6598a3bceab8af45b2984cba94333280?s=96&d=mm&r=g\",\"caption\":\"Ulrich Ladurner\"},\"description\":\"lebt seit 1999 in Hamburg. Seitdem staunt er dar\u00fcber, was man in dieser Stadt erleben kann. Weil das mit dem Wundern nicht aufh\u00f6rt, gibt es diese Kolumne.\",\"sameAs\":[\"http:\/\/www.zeit.de\"],\"url\":\"https:\/\/blog.zeit.de\/ladurnerulrich\/author\/ulli-ladurner\/\"}]}<\/script>\n<!-- \/ Yoast SEO plugin. -->","yoast_head_json":{"title":"Die Rache wird kommen - Unterwegs in Europa","robots":{"index":"index","follow":"follow","max-snippet":"max-snippet:-1","max-image-preview":"max-image-preview:large","max-video-preview":"max-video-preview:-1"},"canonical":"https:\/\/blog.zeit.de\/ladurnerulrich\/2012\/09\/26\/die-rache-wird-kommen\/","og_locale":"de_DE","og_type":"article","og_title":"Die Rache wird kommen - Unterwegs in Europa","og_description":"Der Protest gegen das Video \u00fcber den Propheten Mohammed (The Innocence of Muslims) war in Pakistan besonders heftig. Den Demonstrationen in den Stra\u00dfen pakistanischer St\u00e4dte wurde in der Berichterstattung breiter Raum gegeben.\u00a0Als dann auch noch der Eisenbahn-Minister f\u00fcr den Mord an den Autoren des Videos 100.000 Dollar bezahlen wollte, war das Urteil zementiert: Pakistan ist [&hellip;]","og_url":"https:\/\/blog.zeit.de\/ladurnerulrich\/2012\/09\/26\/die-rache-wird-kommen\/","og_site_name":"Unterwegs in Europa","article_published_time":"2012-09-26T15:37:47+00:00","article_modified_time":"2012-09-28T22:03:08+00:00","author":"Ulrich Ladurner","twitter_misc":{"Geschrieben von":"Ulrich Ladurner","Gesch\u00e4tzte Lesezeit":"3\u00a0Minuten"},"schema":{"@context":"https:\/\/schema.org","@graph":[{"@type":"WebPage","@id":"https:\/\/blog.zeit.de\/ladurnerulrich\/2012\/09\/26\/die-rache-wird-kommen\/","url":"https:\/\/blog.zeit.de\/ladurnerulrich\/2012\/09\/26\/die-rache-wird-kommen\/","name":"Die Rache wird kommen - Unterwegs in Europa","isPartOf":{"@id":"https:\/\/blog.zeit.de\/ladurnerulrich\/#website"},"datePublished":"2012-09-26T15:37:47+00:00","dateModified":"2012-09-28T22:03:08+00:00","author":{"@id":"https:\/\/blog.zeit.de\/ladurnerulrich\/#\/schema\/person\/41f9ab2ef02a3e3602daf321c07007f6"},"breadcrumb":{"@id":"https:\/\/blog.zeit.de\/ladurnerulrich\/2012\/09\/26\/die-rache-wird-kommen\/#breadcrumb"},"inLanguage":"de","potentialAction":[{"@type":"ReadAction","target":["https:\/\/blog.zeit.de\/ladurnerulrich\/2012\/09\/26\/die-rache-wird-kommen\/"]}]},{"@type":"BreadcrumbList","@id":"https:\/\/blog.zeit.de\/ladurnerulrich\/2012\/09\/26\/die-rache-wird-kommen\/#breadcrumb","itemListElement":[{"@type":"ListItem","position":1,"name":"Startseite","item":"https:\/\/blog.zeit.de\/ladurnerulrich\/"},{"@type":"ListItem","position":2,"name":"Die Rache wird kommen"}]},{"@type":"WebSite","@id":"https:\/\/blog.zeit.de\/ladurnerulrich\/#website","url":"https:\/\/blog.zeit.de\/ladurnerulrich\/","name":"Unterwegs in Europa","description":"Ladurners Blog f\u00fcr Einblicke in un\u00fcbersichtliche Landschaften","potentialAction":[{"@type":"SearchAction","target":{"@type":"EntryPoint","urlTemplate":"https:\/\/blog.zeit.de\/ladurnerulrich\/?s={search_term_string}"},"query-input":"required name=search_term_string"}],"inLanguage":"de"},{"@type":"Person","@id":"https:\/\/blog.zeit.de\/ladurnerulrich\/#\/schema\/person\/41f9ab2ef02a3e3602daf321c07007f6","name":"Ulrich Ladurner","image":{"@type":"ImageObject","inLanguage":"de","@id":"https:\/\/blog.zeit.de\/ladurnerulrich\/#\/schema\/person\/image\/","url":"https:\/\/secure.gravatar.com\/avatar\/d01052e766579414676df807ab6fd98f6598a3bceab8af45b2984cba94333280?s=96&d=mm&r=g","contentUrl":"https:\/\/secure.gravatar.com\/avatar\/d01052e766579414676df807ab6fd98f6598a3bceab8af45b2984cba94333280?s=96&d=mm&r=g","caption":"Ulrich Ladurner"},"description":"lebt seit 1999 in Hamburg. Seitdem staunt er dar\u00fcber, was man in dieser Stadt erleben kann. Weil das mit dem Wundern nicht aufh\u00f6rt, gibt es diese Kolumne.","sameAs":["http:\/\/www.zeit.de"],"url":"https:\/\/blog.zeit.de\/ladurnerulrich\/author\/ulli-ladurner\/"}]}},"jetpack_featured_media_url":"","jetpack_sharing_enabled":true,"_links":{"self":[{"href":"https:\/\/blog.zeit.de\/ladurnerulrich\/wp-json\/wp\/v2\/posts\/1203","targetHints":{"allow":["GET"]}}],"collection":[{"href":"https:\/\/blog.zeit.de\/ladurnerulrich\/wp-json\/wp\/v2\/posts"}],"about":[{"href":"https:\/\/blog.zeit.de\/ladurnerulrich\/wp-json\/wp\/v2\/types\/post"}],"author":[{"embeddable":true,"href":"https:\/\/blog.zeit.de\/ladurnerulrich\/wp-json\/wp\/v2\/users\/87"}],"replies":[{"embeddable":true,"href":"https:\/\/blog.zeit.de\/ladurnerulrich\/wp-json\/wp\/v2\/comments?post=1203"}],"version-history":[{"count":27,"href":"https:\/\/blog.zeit.de\/ladurnerulrich\/wp-json\/wp\/v2\/posts\/1203\/revisions"}],"predecessor-version":[{"id":1231,"href":"https:\/\/blog.zeit.de\/ladurnerulrich\/wp-json\/wp\/v2\/posts\/1203\/revisions\/1231"}],"wp:attachment":[{"href":"https:\/\/blog.zeit.de\/ladurnerulrich\/wp-json\/wp\/v2\/media?parent=1203"}],"wp:term":[{"taxonomy":"category","embeddable":true,"href":"https:\/\/blog.zeit.de\/ladurnerulrich\/wp-json\/wp\/v2\/categories?post=1203"},{"taxonomy":"post_tag","embeddable":true,"href":"https:\/\/blog.zeit.de\/ladurnerulrich\/wp-json\/wp\/v2\/tags?post=1203"}],"curies":[{"name":"wp","href":"https:\/\/api.w.org\/{rel}","templated":true}]}}