{"id":1245,"date":"2012-11-13T17:29:40","date_gmt":"2012-11-13T16:29:40","guid":{"rendered":"http:\/\/blog.zeit.de\/ladurnerulrich\/?p=1245"},"modified":"2012-11-13T18:00:47","modified_gmt":"2012-11-13T17:00:47","slug":"wir-sind-dran","status":"publish","type":"post","link":"https:\/\/blog.zeit.de\/ladurnerulrich\/2012\/11\/13\/wir-sind-dran\/","title":{"rendered":"Wir sind dran!"},"content":{"rendered":"<p>Haben Sie das Gef\u00fchl, dass die Regierungen dieser Welt alles im Griff haben, vom Euro \u00fcber die Klimaerw\u00e4rmung bis zum Krieg im Nahen Osten? Nein? Haben Sie nicht?<br \/>\nIch kann Sie beruhigen, Sie sind damit nicht allein. Der Gedanke, dass \u00bbdie da oben\u00ab nicht wissen, was sie tun, ist weit verbreitet und gut zu begr\u00fcnden. Aber was soll man machen, wenn dieser Gedanke zur Gewissheit wird? W\u00fctend werden? Maulen, schimpfen, nicht zu Wahlen gehen oder gar sehr h\u00e4ssliche Parteien w\u00e4hlen? Davon werden wir nicht schlauer und die Dinge auch nicht besser \u2013 vor allem aber \u00fcbersieht man den naheliegenden Schluss: Wenn die Regierenden nichts l\u00f6sen k\u00f6nnen, sind sie nicht von Bedeutung. Dann sind sie \u00fcberfl\u00fcssig.<br \/>\nDas ist in der Tat beunruhigend. Wenn \u00bbdie da oben\u00ab es nicht verm\u00f6gen, sind n\u00e4mlich \u00bbdie da unten\u00ab gefragt. Das w\u00e4ren: wir.<br \/>\nJa, aber wie sollen der sprichw\u00f6rtlich kleine Mann und die kleine Frau, sagen wir, den Krieg in Syrien beenden? Unm\u00f6glich, in der Tat. Aber dar\u00fcber nachzudenken, ob man seine T\u00fcr einem syrischen Fl\u00fcchtling \u00f6ffnen w\u00fcrde, um ihm Schutz zu gew\u00e4hren, w\u00e4re schon mal ein guter Anfang. Wenn alle Deutschen bereit w\u00e4ren, Not leidende Fl\u00fcchtlinge aufzunehmen, wenn sie dies auch bekunden w\u00fcrden, w\u00fcrde kein Innenminister mit einer hartherzigen Fl\u00fcchtlingspolitik in den Wahlkampf ziehen, weil er sich davon nichts erwarten k\u00f6nnte. Er w\u00fcrde sich wichtigeren Dingen zuwenden m\u00fcssen, etwa der Aufkl\u00e4rung der Morde des NSU. Gesch\u00e4he das, w\u00fcrden die Deutschen mit t\u00fcrkischen Wurzeln nicht mit<br \/>\ndem Gef\u00fchl leben m\u00fcssen, B\u00fcrger zweiter Klasse zu sein. Das w\u00e4re doch mal ein Schritt in Richtung einer gelungenen Integration. Das st\u00e4rkte das ganze Land. Was f\u00fcr ein wunderbares Ergebnis das doch w\u00e4re. Und am Anfang stand nicht mehr als eine schlichte Einsicht und ein kleiner Schritt: Wir haben Macht.<br \/>\nAlles wohlfeile Utopie! Aber sicher doch. Zu Hilfe, das ist Anarchie! Auch das, gewiss. Aber ist die Vorstellung, dass eine sehr kleine Gruppe von Menschen (Regierungen) mit angeh\u00e4ngter etwas gr\u00f6\u00dferer Gruppe von Menschen (B\u00fcrokratie) unser aller Leben besser regeln kann als wir selber, nicht geradezu gef\u00e4hrlich utopisch? So wie die Dinge der Menschheit liegen, lautet die Antwort: Ja, das ist die lebensbedrohliche Utopie.<br \/>\nWir sind also dran, das ist besser, f\u00fcr uns und f\u00fcr die Welt.<\/p>\n","protected":false},"excerpt":{"rendered":"<p>Haben Sie das Gef\u00fchl, dass die Regierungen dieser Welt alles im Griff haben, vom Euro \u00fcber die Klimaerw\u00e4rmung bis zum Krieg im Nahen Osten? Nein? Haben Sie nicht? Ich kann Sie beruhigen, Sie sind damit nicht allein. Der Gedanke, dass \u00bbdie da oben\u00ab nicht wissen, was sie tun, ist weit verbreitet und gut zu begr\u00fcnden. [&hellip;]<\/p>\n","protected":false},"author":87,"featured_media":0,"comment_status":"open","ping_status":"open","sticky":false,"template":"","format":"standard","meta":{"_jetpack_memberships_contains_paid_content":false,"footnotes":""},"categories":[1],"tags":[],"class_list":["post-1245","post","type-post","status-publish","format-standard","hentry","category-allgemein"],"yoast_head":"<!-- This site is optimized with the Yoast SEO plugin v21.0 - https:\/\/yoast.com\/wordpress\/plugins\/seo\/ -->\n<title>Wir sind dran! - Unterwegs in Europa<\/title>\n<meta name=\"robots\" content=\"index, follow, max-snippet:-1, max-image-preview:large, max-video-preview:-1\" \/>\n<link rel=\"canonical\" href=\"https:\/\/blog.zeit.de\/ladurnerulrich\/2012\/11\/13\/wir-sind-dran\/\" \/>\n<meta property=\"og:locale\" content=\"de_DE\" \/>\n<meta property=\"og:type\" content=\"article\" \/>\n<meta property=\"og:title\" content=\"Wir sind dran! - Unterwegs in Europa\" \/>\n<meta property=\"og:description\" content=\"Haben Sie das Gef\u00fchl, dass die Regierungen dieser Welt alles im Griff haben, vom Euro \u00fcber die Klimaerw\u00e4rmung bis zum Krieg im Nahen Osten? Nein? Haben Sie nicht? Ich kann Sie beruhigen, Sie sind damit nicht allein. Der Gedanke, dass \u00bbdie da oben\u00ab nicht wissen, was sie tun, ist weit verbreitet und gut zu begr\u00fcnden. [&hellip;]\" \/>\n<meta property=\"og:url\" content=\"https:\/\/blog.zeit.de\/ladurnerulrich\/2012\/11\/13\/wir-sind-dran\/\" \/>\n<meta property=\"og:site_name\" content=\"Unterwegs in Europa\" \/>\n<meta property=\"article:published_time\" content=\"2012-11-13T16:29:40+00:00\" \/>\n<meta property=\"article:modified_time\" content=\"2012-11-13T17:00:47+00:00\" \/>\n<meta name=\"author\" content=\"Ulrich Ladurner\" \/>\n<meta name=\"twitter:label1\" content=\"Geschrieben von\" \/>\n\t<meta name=\"twitter:data1\" content=\"Ulrich Ladurner\" \/>\n\t<meta name=\"twitter:label2\" content=\"Gesch\u00e4tzte Lesezeit\" \/>\n\t<meta name=\"twitter:data2\" content=\"2\u00a0Minuten\" \/>\n<script type=\"application\/ld+json\" class=\"yoast-schema-graph\">{\"@context\":\"https:\/\/schema.org\",\"@graph\":[{\"@type\":\"WebPage\",\"@id\":\"https:\/\/blog.zeit.de\/ladurnerulrich\/2012\/11\/13\/wir-sind-dran\/\",\"url\":\"https:\/\/blog.zeit.de\/ladurnerulrich\/2012\/11\/13\/wir-sind-dran\/\",\"name\":\"Wir sind dran! - Unterwegs in Europa\",\"isPartOf\":{\"@id\":\"https:\/\/blog.zeit.de\/ladurnerulrich\/#website\"},\"datePublished\":\"2012-11-13T16:29:40+00:00\",\"dateModified\":\"2012-11-13T17:00:47+00:00\",\"author\":{\"@id\":\"https:\/\/blog.zeit.de\/ladurnerulrich\/#\/schema\/person\/41f9ab2ef02a3e3602daf321c07007f6\"},\"breadcrumb\":{\"@id\":\"https:\/\/blog.zeit.de\/ladurnerulrich\/2012\/11\/13\/wir-sind-dran\/#breadcrumb\"},\"inLanguage\":\"de\",\"potentialAction\":[{\"@type\":\"ReadAction\",\"target\":[\"https:\/\/blog.zeit.de\/ladurnerulrich\/2012\/11\/13\/wir-sind-dran\/\"]}]},{\"@type\":\"BreadcrumbList\",\"@id\":\"https:\/\/blog.zeit.de\/ladurnerulrich\/2012\/11\/13\/wir-sind-dran\/#breadcrumb\",\"itemListElement\":[{\"@type\":\"ListItem\",\"position\":1,\"name\":\"Startseite\",\"item\":\"https:\/\/blog.zeit.de\/ladurnerulrich\/\"},{\"@type\":\"ListItem\",\"position\":2,\"name\":\"Wir sind dran!\"}]},{\"@type\":\"WebSite\",\"@id\":\"https:\/\/blog.zeit.de\/ladurnerulrich\/#website\",\"url\":\"https:\/\/blog.zeit.de\/ladurnerulrich\/\",\"name\":\"Unterwegs in Europa\",\"description\":\"Ladurners Blog f\u00fcr Einblicke in un\u00fcbersichtliche Landschaften\",\"potentialAction\":[{\"@type\":\"SearchAction\",\"target\":{\"@type\":\"EntryPoint\",\"urlTemplate\":\"https:\/\/blog.zeit.de\/ladurnerulrich\/?s={search_term_string}\"},\"query-input\":\"required name=search_term_string\"}],\"inLanguage\":\"de\"},{\"@type\":\"Person\",\"@id\":\"https:\/\/blog.zeit.de\/ladurnerulrich\/#\/schema\/person\/41f9ab2ef02a3e3602daf321c07007f6\",\"name\":\"Ulrich Ladurner\",\"image\":{\"@type\":\"ImageObject\",\"inLanguage\":\"de\",\"@id\":\"https:\/\/blog.zeit.de\/ladurnerulrich\/#\/schema\/person\/image\/\",\"url\":\"https:\/\/secure.gravatar.com\/avatar\/d01052e766579414676df807ab6fd98f6598a3bceab8af45b2984cba94333280?s=96&d=mm&r=g\",\"contentUrl\":\"https:\/\/secure.gravatar.com\/avatar\/d01052e766579414676df807ab6fd98f6598a3bceab8af45b2984cba94333280?s=96&d=mm&r=g\",\"caption\":\"Ulrich Ladurner\"},\"description\":\"lebt seit 1999 in Hamburg. Seitdem staunt er dar\u00fcber, was man in dieser Stadt erleben kann. Weil das mit dem Wundern nicht aufh\u00f6rt, gibt es diese Kolumne.\",\"sameAs\":[\"http:\/\/www.zeit.de\"],\"url\":\"https:\/\/blog.zeit.de\/ladurnerulrich\/author\/ulli-ladurner\/\"}]}<\/script>\n<!-- \/ Yoast SEO plugin. -->","yoast_head_json":{"title":"Wir sind dran! - Unterwegs in Europa","robots":{"index":"index","follow":"follow","max-snippet":"max-snippet:-1","max-image-preview":"max-image-preview:large","max-video-preview":"max-video-preview:-1"},"canonical":"https:\/\/blog.zeit.de\/ladurnerulrich\/2012\/11\/13\/wir-sind-dran\/","og_locale":"de_DE","og_type":"article","og_title":"Wir sind dran! - Unterwegs in Europa","og_description":"Haben Sie das Gef\u00fchl, dass die Regierungen dieser Welt alles im Griff haben, vom Euro \u00fcber die Klimaerw\u00e4rmung bis zum Krieg im Nahen Osten? Nein? Haben Sie nicht? Ich kann Sie beruhigen, Sie sind damit nicht allein. Der Gedanke, dass \u00bbdie da oben\u00ab nicht wissen, was sie tun, ist weit verbreitet und gut zu begr\u00fcnden. [&hellip;]","og_url":"https:\/\/blog.zeit.de\/ladurnerulrich\/2012\/11\/13\/wir-sind-dran\/","og_site_name":"Unterwegs in Europa","article_published_time":"2012-11-13T16:29:40+00:00","article_modified_time":"2012-11-13T17:00:47+00:00","author":"Ulrich Ladurner","twitter_misc":{"Geschrieben von":"Ulrich Ladurner","Gesch\u00e4tzte Lesezeit":"2\u00a0Minuten"},"schema":{"@context":"https:\/\/schema.org","@graph":[{"@type":"WebPage","@id":"https:\/\/blog.zeit.de\/ladurnerulrich\/2012\/11\/13\/wir-sind-dran\/","url":"https:\/\/blog.zeit.de\/ladurnerulrich\/2012\/11\/13\/wir-sind-dran\/","name":"Wir sind dran! - Unterwegs in Europa","isPartOf":{"@id":"https:\/\/blog.zeit.de\/ladurnerulrich\/#website"},"datePublished":"2012-11-13T16:29:40+00:00","dateModified":"2012-11-13T17:00:47+00:00","author":{"@id":"https:\/\/blog.zeit.de\/ladurnerulrich\/#\/schema\/person\/41f9ab2ef02a3e3602daf321c07007f6"},"breadcrumb":{"@id":"https:\/\/blog.zeit.de\/ladurnerulrich\/2012\/11\/13\/wir-sind-dran\/#breadcrumb"},"inLanguage":"de","potentialAction":[{"@type":"ReadAction","target":["https:\/\/blog.zeit.de\/ladurnerulrich\/2012\/11\/13\/wir-sind-dran\/"]}]},{"@type":"BreadcrumbList","@id":"https:\/\/blog.zeit.de\/ladurnerulrich\/2012\/11\/13\/wir-sind-dran\/#breadcrumb","itemListElement":[{"@type":"ListItem","position":1,"name":"Startseite","item":"https:\/\/blog.zeit.de\/ladurnerulrich\/"},{"@type":"ListItem","position":2,"name":"Wir sind dran!"}]},{"@type":"WebSite","@id":"https:\/\/blog.zeit.de\/ladurnerulrich\/#website","url":"https:\/\/blog.zeit.de\/ladurnerulrich\/","name":"Unterwegs in Europa","description":"Ladurners Blog f\u00fcr Einblicke in un\u00fcbersichtliche Landschaften","potentialAction":[{"@type":"SearchAction","target":{"@type":"EntryPoint","urlTemplate":"https:\/\/blog.zeit.de\/ladurnerulrich\/?s={search_term_string}"},"query-input":"required name=search_term_string"}],"inLanguage":"de"},{"@type":"Person","@id":"https:\/\/blog.zeit.de\/ladurnerulrich\/#\/schema\/person\/41f9ab2ef02a3e3602daf321c07007f6","name":"Ulrich Ladurner","image":{"@type":"ImageObject","inLanguage":"de","@id":"https:\/\/blog.zeit.de\/ladurnerulrich\/#\/schema\/person\/image\/","url":"https:\/\/secure.gravatar.com\/avatar\/d01052e766579414676df807ab6fd98f6598a3bceab8af45b2984cba94333280?s=96&d=mm&r=g","contentUrl":"https:\/\/secure.gravatar.com\/avatar\/d01052e766579414676df807ab6fd98f6598a3bceab8af45b2984cba94333280?s=96&d=mm&r=g","caption":"Ulrich Ladurner"},"description":"lebt seit 1999 in Hamburg. Seitdem staunt er dar\u00fcber, was man in dieser Stadt erleben kann. Weil das mit dem Wundern nicht aufh\u00f6rt, gibt es diese Kolumne.","sameAs":["http:\/\/www.zeit.de"],"url":"https:\/\/blog.zeit.de\/ladurnerulrich\/author\/ulli-ladurner\/"}]}},"jetpack_featured_media_url":"","jetpack_sharing_enabled":true,"_links":{"self":[{"href":"https:\/\/blog.zeit.de\/ladurnerulrich\/wp-json\/wp\/v2\/posts\/1245","targetHints":{"allow":["GET"]}}],"collection":[{"href":"https:\/\/blog.zeit.de\/ladurnerulrich\/wp-json\/wp\/v2\/posts"}],"about":[{"href":"https:\/\/blog.zeit.de\/ladurnerulrich\/wp-json\/wp\/v2\/types\/post"}],"author":[{"embeddable":true,"href":"https:\/\/blog.zeit.de\/ladurnerulrich\/wp-json\/wp\/v2\/users\/87"}],"replies":[{"embeddable":true,"href":"https:\/\/blog.zeit.de\/ladurnerulrich\/wp-json\/wp\/v2\/comments?post=1245"}],"version-history":[{"count":2,"href":"https:\/\/blog.zeit.de\/ladurnerulrich\/wp-json\/wp\/v2\/posts\/1245\/revisions"}],"predecessor-version":[{"id":1248,"href":"https:\/\/blog.zeit.de\/ladurnerulrich\/wp-json\/wp\/v2\/posts\/1245\/revisions\/1248"}],"wp:attachment":[{"href":"https:\/\/blog.zeit.de\/ladurnerulrich\/wp-json\/wp\/v2\/media?parent=1245"}],"wp:term":[{"taxonomy":"category","embeddable":true,"href":"https:\/\/blog.zeit.de\/ladurnerulrich\/wp-json\/wp\/v2\/categories?post=1245"},{"taxonomy":"post_tag","embeddable":true,"href":"https:\/\/blog.zeit.de\/ladurnerulrich\/wp-json\/wp\/v2\/tags?post=1245"}],"curies":[{"name":"wp","href":"https:\/\/api.w.org\/{rel}","templated":true}]}}