{"id":1317,"date":"2013-01-12T21:21:17","date_gmt":"2013-01-12T20:21:17","guid":{"rendered":"http:\/\/blog.zeit.de\/ladurnerulrich\/?p=1317"},"modified":"2013-01-12T21:21:17","modified_gmt":"2013-01-12T20:21:17","slug":"kann-monti-wahlkampf","status":"publish","type":"post","link":"https:\/\/blog.zeit.de\/ladurnerulrich\/2013\/01\/12\/kann-monti-wahlkampf\/","title":{"rendered":"Kann Monti Wahlkampf?"},"content":{"rendered":"<p>Wird\u00a0<a href=\"http:\/\/www.zeit.de\/schlagworte\/personen\/mario-monti\/index\">Mario Monti\u00a0<\/a>in den Ring steigen? Nachdem der italienische Premier am 25. Dezember\u00a0<a href=\"http:\/\/www.zeit.de\/politik\/ausland\/2012-12\/monti-ruecktritt\">seinen R\u00fccktritt erkl\u00e4rt hatte<\/a>, hielt diese Frage die Italiener in Atem. Jetzt hat Monti entschieden. Er will auch\u00a0<a href=\"http:\/\/www.zeit.de\/politik\/ausland\/2012-12\/monti-kandidatur-italien\">nach den Wahlen Ende Februar Premierminister bleiben<\/a>. Daf\u00fcr begibt er sich in die gef\u00fcrchteten Niederungen italienischer Innenpolitik.<\/p>\n<p>Das ist \u00fcberraschender, als es auf den ersten Blick erscheint. Ein Monti, der sich dem l\u00e4hmenden innenpolitischen Gez\u00e4nk aussetzt, war f\u00fcr viele seiner Anh\u00e4nger kaum vorstellbar. Der distinguierte Wirtschaftswissenschaftler und ehemalige EU-B\u00fcrokrat bezog n\u00e4mlich einen guten Teil seiner Popularit\u00e4t aus dem Ruf, \u00fcber dem Parteienstreit zu schweben. Er war de facto der Chef einer Notstandsregierung. Im November 2011 wurde Monti<a href=\"http:\/\/www.zeit.de\/politik\/ausland\/2011-11\/monti-ministerpraesident-italien\">in das Amt des italienischen Premierministers berufen<\/a>, ohne gew\u00e4hlt worden zu sein. Die Parteien im Parlament unterst\u00fctzten ihn, weil Italien vor dem Staatsbankrott stand. Zu Monti gab es keine Alternative. Er gab sich als Mann, der nur der Sache verpflichtet war \u2013 der Sanierung der maroden Staatsfinanzen. Ein Verwalter und Retter der Nation zugleich.<\/p>\n<p>Diese Zeiten sind vorbei. Jetzt wirbt Monti selbst um Stimmen. Daf\u00fcr hat er ein Programm, die \u00bbAgenda Monti\u00ab, ver\u00f6ffentlicht. Klingst alles einfach, ist es aber nicht.\u00a0<a href=\"http:\/\/www.zeit.de\/politik\/ausland\/2012-12\/monti-kandidatur-italien\">Monti selbst kann nicht kandidieren<\/a>, weil er als Senator auf Lebenszeit bereits in einer der beiden Abgeordnetenkammern sitzt. Die Tatsache, dass er selbst als Person nicht um Stimmen werben muss, versucht er als Vorteil zu nutzen. Er legt den Schwerpunkt auf das Programm seiner \u00bbBewegung\u00ab. Sie soll f\u00fcr alle \u00bbdemokratischen, b\u00fcrgerlichen und verantwortungsvollen Kr\u00e4fte\u00ab offen sein. Ausdr\u00fccklich will Monti seine Lista Monti nicht als eine Bewegung der \u00bbMitte\u00ab sehen, denn Kategorien wie \u00bbrechts\u00ab und \u00bblinks\u00ab sind seiner Meinung nach \u00fcberholt \u2013 \u00dcberbleibsel des 20. Jahrhunderts. Es gehe nur um die Sache: die Reform Italiens. Und die sei dringend n\u00f6tig. Schon das Ergebnis der kommenden Wahlen werde entscheiden, so Monti, ob \u00bbItalien weiter eine gro\u00dfe Nation im Zentrum europ\u00e4ischer und internationaler Politik sein wird oder ob es in die Isolation und Bedeutungslosigkeit abrutscht\u00ab. Dramatischer kann man die Lage kaum beschreiben.<\/p>\n<p>Montis Orientierung an der Sache erinnert an den Satz des ehemaligen Bundeskanzlers\u00a0<a href=\"http:\/\/www.zeit.de\/schlagworte\/personen\/gerhard-schroeder\/index\">Gerhard Schr\u00f6der<\/a>, nach dem es weder eine \u00bbrechte oder eine linke Wirtschaftspolitik gibt, sondern nur eine gute und eine schlechte\u00ab. Das ist freilich die Reduktion von Politik auf ein technisch\u2013b\u00fcrokratisches Gesch\u00e4ft. Man m\u00fcsse die Maschine Italien nur befreien von dem l\u00e4stigen Gewicht der Parteien, dann w\u00fcrde sie wieder zum Laufen kommen. So lautet die ganz und gar nicht verborgene Botschaft Montis.<\/p>\n<p>Vor fast 20 Jahren betrat in Italien ein Mann mit \u00e4hnlichen Ideen die politische B\u00fchne:\u00a0<a href=\"http:\/\/www.zeit.de\/schlagworte\/personen\/silvio-berlusconi\/index\">Silvio Berlusconi<\/a>. Auch ihm waren Parteien angeblich ein Graus, \u00fcberholte Apparate allesamt, nur die Sache \u2013 behauptete er \u2013 z\u00e4hle. Viele Italiener glaubten Berlusconi damals, weil er ein erfolgreicher Unternehmer war \u2013 und daher angeblich politikfern. Heute vertrauen viele Italiener Monti, weil er eine brillante Karriere als Wissenschaftler und Eurokrat hinter sich hat \u2013 und auch nach einem Jahr im Amt des Premiers eine angeblich noch politikferne Figur abgibt.<\/p>\n<p>Monti setzt darauf, dass starke Kr\u00e4fte jenseits der Parteien walten. Sie sollen seine harten Reformen st\u00fctzen. Doch einstweilen haben sich M\u00e4nner um die Lista Monti geschart, bei denen viele Italiener das nackte Grauen packen d\u00fcrfte:\u00a0<a href=\"http:\/\/www.zeit.de\/schlagworte\/personen\/gianfranco-fini\/index\">Gianfranco Fini<\/a>\u00a0und Pier Ferdinando Casini sind nur zwei Beispiele. Beide, der Exfaschist und der ehemalige Parlamentspr\u00e4sident aus der \u00c4ra Berlusconi, sind Prachtexemplare der von den Italienern zutiefst verachteten politischen Klasse.<\/p>\n<p>Monti will nach eigenem Bekunden weder der sozialdemokratischen Partito Democratico noch der Partei Silvio Berlusconis Stimmen abjagen. Er m\u00f6cht jene Italiener mobilisieren, die, angewidert von der Politik, sich fernhalten. Ihren Anteil sch\u00e4tzt er auf 40 Prozent. Wie Monti aber diese Menschen f\u00fcr sich einnehmen will, wenn er mit Dinosauriern der politische Kaste in den Kampf zieht, bleibt ein R\u00e4tsel. Der Mann ist kein Wahlk\u00e4mpfer \u2013 und wird wohl auch keiner mehr werden. Eine relative Mehrheit traut ihm bei den Wahlen keiner zu. Wenn es gut geht, wird er Juniorpartner in einer sozialdemokratisch gef\u00fchrten Koalition.<\/p>\n","protected":false},"excerpt":{"rendered":"<p>Wird\u00a0Mario Monti\u00a0in den Ring steigen? Nachdem der italienische Premier am 25. Dezember\u00a0seinen R\u00fccktritt erkl\u00e4rt hatte, hielt diese Frage die Italiener in Atem. Jetzt hat Monti entschieden. Er will auch\u00a0nach den Wahlen Ende Februar Premierminister bleiben. Daf\u00fcr begibt er sich in die gef\u00fcrchteten Niederungen italienischer Innenpolitik. Das ist \u00fcberraschender, als es auf den ersten Blick erscheint. [&hellip;]<\/p>\n","protected":false},"author":87,"featured_media":0,"comment_status":"open","ping_status":"open","sticky":false,"template":"","format":"standard","meta":{"_jetpack_memberships_contains_paid_content":false,"footnotes":""},"categories":[1],"tags":[],"class_list":["post-1317","post","type-post","status-publish","format-standard","hentry","category-allgemein"],"yoast_head":"<!-- This site is optimized with the Yoast SEO plugin v21.0 - https:\/\/yoast.com\/wordpress\/plugins\/seo\/ -->\n<title>Kann Monti Wahlkampf? - Unterwegs in Europa<\/title>\n<meta name=\"robots\" content=\"index, follow, max-snippet:-1, max-image-preview:large, max-video-preview:-1\" \/>\n<link rel=\"canonical\" href=\"https:\/\/blog.zeit.de\/ladurnerulrich\/2013\/01\/12\/kann-monti-wahlkampf\/\" \/>\n<meta property=\"og:locale\" content=\"de_DE\" \/>\n<meta property=\"og:type\" content=\"article\" \/>\n<meta property=\"og:title\" content=\"Kann Monti Wahlkampf? - Unterwegs in Europa\" \/>\n<meta property=\"og:description\" content=\"Wird\u00a0Mario Monti\u00a0in den Ring steigen? Nachdem der italienische Premier am 25. Dezember\u00a0seinen R\u00fccktritt erkl\u00e4rt hatte, hielt diese Frage die Italiener in Atem. Jetzt hat Monti entschieden. Er will auch\u00a0nach den Wahlen Ende Februar Premierminister bleiben. Daf\u00fcr begibt er sich in die gef\u00fcrchteten Niederungen italienischer Innenpolitik. Das ist \u00fcberraschender, als es auf den ersten Blick erscheint. [&hellip;]\" \/>\n<meta property=\"og:url\" content=\"https:\/\/blog.zeit.de\/ladurnerulrich\/2013\/01\/12\/kann-monti-wahlkampf\/\" \/>\n<meta property=\"og:site_name\" content=\"Unterwegs in Europa\" \/>\n<meta property=\"article:published_time\" content=\"2013-01-12T20:21:17+00:00\" \/>\n<meta name=\"author\" content=\"Ulrich Ladurner\" \/>\n<meta name=\"twitter:label1\" content=\"Geschrieben von\" \/>\n\t<meta name=\"twitter:data1\" content=\"Ulrich Ladurner\" \/>\n\t<meta name=\"twitter:label2\" content=\"Gesch\u00e4tzte Lesezeit\" \/>\n\t<meta name=\"twitter:data2\" content=\"3\u00a0Minuten\" \/>\n<script type=\"application\/ld+json\" class=\"yoast-schema-graph\">{\"@context\":\"https:\/\/schema.org\",\"@graph\":[{\"@type\":\"WebPage\",\"@id\":\"https:\/\/blog.zeit.de\/ladurnerulrich\/2013\/01\/12\/kann-monti-wahlkampf\/\",\"url\":\"https:\/\/blog.zeit.de\/ladurnerulrich\/2013\/01\/12\/kann-monti-wahlkampf\/\",\"name\":\"Kann Monti Wahlkampf? - Unterwegs in Europa\",\"isPartOf\":{\"@id\":\"https:\/\/blog.zeit.de\/ladurnerulrich\/#website\"},\"datePublished\":\"2013-01-12T20:21:17+00:00\",\"dateModified\":\"2013-01-12T20:21:17+00:00\",\"author\":{\"@id\":\"https:\/\/blog.zeit.de\/ladurnerulrich\/#\/schema\/person\/41f9ab2ef02a3e3602daf321c07007f6\"},\"breadcrumb\":{\"@id\":\"https:\/\/blog.zeit.de\/ladurnerulrich\/2013\/01\/12\/kann-monti-wahlkampf\/#breadcrumb\"},\"inLanguage\":\"de\",\"potentialAction\":[{\"@type\":\"ReadAction\",\"target\":[\"https:\/\/blog.zeit.de\/ladurnerulrich\/2013\/01\/12\/kann-monti-wahlkampf\/\"]}]},{\"@type\":\"BreadcrumbList\",\"@id\":\"https:\/\/blog.zeit.de\/ladurnerulrich\/2013\/01\/12\/kann-monti-wahlkampf\/#breadcrumb\",\"itemListElement\":[{\"@type\":\"ListItem\",\"position\":1,\"name\":\"Startseite\",\"item\":\"https:\/\/blog.zeit.de\/ladurnerulrich\/\"},{\"@type\":\"ListItem\",\"position\":2,\"name\":\"Kann Monti Wahlkampf?\"}]},{\"@type\":\"WebSite\",\"@id\":\"https:\/\/blog.zeit.de\/ladurnerulrich\/#website\",\"url\":\"https:\/\/blog.zeit.de\/ladurnerulrich\/\",\"name\":\"Unterwegs in Europa\",\"description\":\"Ladurners Blog f\u00fcr Einblicke in un\u00fcbersichtliche Landschaften\",\"potentialAction\":[{\"@type\":\"SearchAction\",\"target\":{\"@type\":\"EntryPoint\",\"urlTemplate\":\"https:\/\/blog.zeit.de\/ladurnerulrich\/?s={search_term_string}\"},\"query-input\":\"required name=search_term_string\"}],\"inLanguage\":\"de\"},{\"@type\":\"Person\",\"@id\":\"https:\/\/blog.zeit.de\/ladurnerulrich\/#\/schema\/person\/41f9ab2ef02a3e3602daf321c07007f6\",\"name\":\"Ulrich Ladurner\",\"image\":{\"@type\":\"ImageObject\",\"inLanguage\":\"de\",\"@id\":\"https:\/\/blog.zeit.de\/ladurnerulrich\/#\/schema\/person\/image\/\",\"url\":\"https:\/\/secure.gravatar.com\/avatar\/d01052e766579414676df807ab6fd98f6598a3bceab8af45b2984cba94333280?s=96&d=mm&r=g\",\"contentUrl\":\"https:\/\/secure.gravatar.com\/avatar\/d01052e766579414676df807ab6fd98f6598a3bceab8af45b2984cba94333280?s=96&d=mm&r=g\",\"caption\":\"Ulrich Ladurner\"},\"description\":\"lebt seit 1999 in Hamburg. Seitdem staunt er dar\u00fcber, was man in dieser Stadt erleben kann. Weil das mit dem Wundern nicht aufh\u00f6rt, gibt es diese Kolumne.\",\"sameAs\":[\"http:\/\/www.zeit.de\"],\"url\":\"https:\/\/blog.zeit.de\/ladurnerulrich\/author\/ulli-ladurner\/\"}]}<\/script>\n<!-- \/ Yoast SEO plugin. -->","yoast_head_json":{"title":"Kann Monti Wahlkampf? - Unterwegs in Europa","robots":{"index":"index","follow":"follow","max-snippet":"max-snippet:-1","max-image-preview":"max-image-preview:large","max-video-preview":"max-video-preview:-1"},"canonical":"https:\/\/blog.zeit.de\/ladurnerulrich\/2013\/01\/12\/kann-monti-wahlkampf\/","og_locale":"de_DE","og_type":"article","og_title":"Kann Monti Wahlkampf? - Unterwegs in Europa","og_description":"Wird\u00a0Mario Monti\u00a0in den Ring steigen? Nachdem der italienische Premier am 25. Dezember\u00a0seinen R\u00fccktritt erkl\u00e4rt hatte, hielt diese Frage die Italiener in Atem. Jetzt hat Monti entschieden. Er will auch\u00a0nach den Wahlen Ende Februar Premierminister bleiben. Daf\u00fcr begibt er sich in die gef\u00fcrchteten Niederungen italienischer Innenpolitik. Das ist \u00fcberraschender, als es auf den ersten Blick erscheint. [&hellip;]","og_url":"https:\/\/blog.zeit.de\/ladurnerulrich\/2013\/01\/12\/kann-monti-wahlkampf\/","og_site_name":"Unterwegs in Europa","article_published_time":"2013-01-12T20:21:17+00:00","author":"Ulrich Ladurner","twitter_misc":{"Geschrieben von":"Ulrich Ladurner","Gesch\u00e4tzte Lesezeit":"3\u00a0Minuten"},"schema":{"@context":"https:\/\/schema.org","@graph":[{"@type":"WebPage","@id":"https:\/\/blog.zeit.de\/ladurnerulrich\/2013\/01\/12\/kann-monti-wahlkampf\/","url":"https:\/\/blog.zeit.de\/ladurnerulrich\/2013\/01\/12\/kann-monti-wahlkampf\/","name":"Kann Monti Wahlkampf? - Unterwegs in Europa","isPartOf":{"@id":"https:\/\/blog.zeit.de\/ladurnerulrich\/#website"},"datePublished":"2013-01-12T20:21:17+00:00","dateModified":"2013-01-12T20:21:17+00:00","author":{"@id":"https:\/\/blog.zeit.de\/ladurnerulrich\/#\/schema\/person\/41f9ab2ef02a3e3602daf321c07007f6"},"breadcrumb":{"@id":"https:\/\/blog.zeit.de\/ladurnerulrich\/2013\/01\/12\/kann-monti-wahlkampf\/#breadcrumb"},"inLanguage":"de","potentialAction":[{"@type":"ReadAction","target":["https:\/\/blog.zeit.de\/ladurnerulrich\/2013\/01\/12\/kann-monti-wahlkampf\/"]}]},{"@type":"BreadcrumbList","@id":"https:\/\/blog.zeit.de\/ladurnerulrich\/2013\/01\/12\/kann-monti-wahlkampf\/#breadcrumb","itemListElement":[{"@type":"ListItem","position":1,"name":"Startseite","item":"https:\/\/blog.zeit.de\/ladurnerulrich\/"},{"@type":"ListItem","position":2,"name":"Kann Monti Wahlkampf?"}]},{"@type":"WebSite","@id":"https:\/\/blog.zeit.de\/ladurnerulrich\/#website","url":"https:\/\/blog.zeit.de\/ladurnerulrich\/","name":"Unterwegs in Europa","description":"Ladurners Blog f\u00fcr Einblicke in un\u00fcbersichtliche Landschaften","potentialAction":[{"@type":"SearchAction","target":{"@type":"EntryPoint","urlTemplate":"https:\/\/blog.zeit.de\/ladurnerulrich\/?s={search_term_string}"},"query-input":"required name=search_term_string"}],"inLanguage":"de"},{"@type":"Person","@id":"https:\/\/blog.zeit.de\/ladurnerulrich\/#\/schema\/person\/41f9ab2ef02a3e3602daf321c07007f6","name":"Ulrich Ladurner","image":{"@type":"ImageObject","inLanguage":"de","@id":"https:\/\/blog.zeit.de\/ladurnerulrich\/#\/schema\/person\/image\/","url":"https:\/\/secure.gravatar.com\/avatar\/d01052e766579414676df807ab6fd98f6598a3bceab8af45b2984cba94333280?s=96&d=mm&r=g","contentUrl":"https:\/\/secure.gravatar.com\/avatar\/d01052e766579414676df807ab6fd98f6598a3bceab8af45b2984cba94333280?s=96&d=mm&r=g","caption":"Ulrich Ladurner"},"description":"lebt seit 1999 in Hamburg. Seitdem staunt er dar\u00fcber, was man in dieser Stadt erleben kann. Weil das mit dem Wundern nicht aufh\u00f6rt, gibt es diese Kolumne.","sameAs":["http:\/\/www.zeit.de"],"url":"https:\/\/blog.zeit.de\/ladurnerulrich\/author\/ulli-ladurner\/"}]}},"jetpack_featured_media_url":"","jetpack_sharing_enabled":true,"_links":{"self":[{"href":"https:\/\/blog.zeit.de\/ladurnerulrich\/wp-json\/wp\/v2\/posts\/1317","targetHints":{"allow":["GET"]}}],"collection":[{"href":"https:\/\/blog.zeit.de\/ladurnerulrich\/wp-json\/wp\/v2\/posts"}],"about":[{"href":"https:\/\/blog.zeit.de\/ladurnerulrich\/wp-json\/wp\/v2\/types\/post"}],"author":[{"embeddable":true,"href":"https:\/\/blog.zeit.de\/ladurnerulrich\/wp-json\/wp\/v2\/users\/87"}],"replies":[{"embeddable":true,"href":"https:\/\/blog.zeit.de\/ladurnerulrich\/wp-json\/wp\/v2\/comments?post=1317"}],"version-history":[{"count":1,"href":"https:\/\/blog.zeit.de\/ladurnerulrich\/wp-json\/wp\/v2\/posts\/1317\/revisions"}],"predecessor-version":[{"id":1318,"href":"https:\/\/blog.zeit.de\/ladurnerulrich\/wp-json\/wp\/v2\/posts\/1317\/revisions\/1318"}],"wp:attachment":[{"href":"https:\/\/blog.zeit.de\/ladurnerulrich\/wp-json\/wp\/v2\/media?parent=1317"}],"wp:term":[{"taxonomy":"category","embeddable":true,"href":"https:\/\/blog.zeit.de\/ladurnerulrich\/wp-json\/wp\/v2\/categories?post=1317"},{"taxonomy":"post_tag","embeddable":true,"href":"https:\/\/blog.zeit.de\/ladurnerulrich\/wp-json\/wp\/v2\/tags?post=1317"}],"curies":[{"name":"wp","href":"https:\/\/api.w.org\/{rel}","templated":true}]}}