{"id":1374,"date":"2013-02-28T16:11:40","date_gmt":"2013-02-28T15:11:40","guid":{"rendered":"http:\/\/blog.zeit.de\/ladurnerulrich\/?p=1374"},"modified":"2013-02-28T18:50:22","modified_gmt":"2013-02-28T17:50:22","slug":"grillo-sollte-abtreten-jetzt-sind-die-grillini-dran","status":"publish","type":"post","link":"https:\/\/blog.zeit.de\/ladurnerulrich\/2013\/02\/28\/grillo-sollte-abtreten-jetzt-sind-die-grillini-dran\/","title":{"rendered":"Grillo sollte abtreten, jetzt sind die &#8222;Grillini&#8220; dran"},"content":{"rendered":"<p>Beppe Grillo muss man f\u00fcrchten, seine W\u00e4hler aber nicht. Das ist der erste Schluss, den man aus dem erstaunlichen Erfolg von Grillos Partei Movimento 5 Stelle (M5S) ziehen sollte. Grillo ist ein gnadenloser Populist. Wie ein Rammbock hat er die T\u00fcren des Palastes eingetreten. Das ist durchaus ein Verdienst. Denn die politische Kaste Italiens hatte sich vom Volk abgeschottet. Sie kreiste um sich selbst. Was drau\u00dfen geschah, das verstand sie nicht mehr. Sie h\u00f6rte weder den Zorn der Massen, noch erkannte sie, was da auf sie zu kam. Sie war blind und taub. Und nun steht der W\u00fcterich Grillo mitten auf der politischen B\u00fchne, geifert, tobt und schreit. Niemand kann ihn mehr ignorieren.<\/p>\n<p>Grillo gibt denen eine Stimme, die nicht geh\u00f6rt wurden. Und er verschaffte ihnen politische Macht. Die &#8222;Grillini&#8220; stellen jetzt im italienischen Parlament \u00fcber einhundert Abgeordnete. Sie sitzen innerhalb der Gem\u00e4uer des von Grillo so geschm\u00e4hten Palastes. Jetzt haben sie die Macht, ihre Pl\u00e4ne umzusetzen. Sie k\u00f6nnen an einem besseren System mitbauen.<\/p>\n<p>Dass die &#8222;Grillini&#8220; das tun wollen, zeigen sie seit einiger Zeit in Sizilien. Dort wurden sie bei den Regionalwahlen im vergangenen Jahr zur st\u00e4rksten Partei. Die Abgeordneten des Movimento 5 Stelle im sizilianischen Regionalparlament haben umgehend ihr Einkommen radikal gek\u00fcrzt. Das eingesparte Geld floss in einen Fonds, der Mikrokredite f\u00fcr Unternehmensgr\u00fcnder auszahlte.\u00a0Das war eine \u00fcberzeugende Ma\u00dfnahme. Denn die Italiener sind es leid, eine ebenso teure wie inkompetente politische Kaste zu unterhalten, w\u00e4hrend gleichzeitig ihre Wirtschaft immer tiefer in die Rezession rutscht.<\/p>\n<p>M5S will keiner Partei ein grunds\u00e4tzliches Vertrauen aussprechen. Im sizilianischen Parlament unterst\u00fctzten sie die Regionalregierung von Fall zu Fall. Immer dann, wenn eine Initiative der Regierung ihren Ideen entgegenkommt. So wollten sie es auch im Parlament halten. Dieses Verfahren dient zwar nicht der Bildung einer stabilen Regierung. Denn ohne grunds\u00e4tzliches Abkommen \u2014 ohne formelle Koalition \u2014 kann jede Regierung nur St\u00fcck f\u00fcr St\u00fcck vorankommen. Und sie ist immer in Gefahr, gest\u00fcrzt zu werden, weil ihr die Grillini die Mehrheit jederzeit entziehen k\u00f6nnen. Trotzdem: Eine Politik der totalen Blockade ist es nicht.<\/p>\n<p>Die W\u00e4hler und die Abgeordneten des M5S wollen also ein besseres Italien schaffen. Sie wollen bauen, nicht zerst\u00f6ren. Ihr Chef Grillo aber ist ein Zerst\u00f6rer. Er befindet sich im Dauerkrieg mit einem nicht genauer beschriebenen System. Bauen ist seine Sache nicht. Das aber ist jetzt von N\u00f6ten. Grillo sollte jetzt abtreten, er hat seine Funktion erf\u00fcllt. Jetzt sind die Grillini dran. Z\u00f6ge er sich zur\u00fcck, k\u00f6nnte ihm der Staatspr\u00e4sident sogar eine Medaille verleihen (&#8222;Verdienste um die Demokratie&#8220;) \u2013 und Grillo d\u00fcrfte wieder auf seine angestammte B\u00fchne zur\u00fcck, auf die des Kabaretts.<\/p>\n","protected":false},"excerpt":{"rendered":"<p>Beppe Grillo muss man f\u00fcrchten, seine W\u00e4hler aber nicht. Das ist der erste Schluss, den man aus dem erstaunlichen Erfolg von Grillos Partei Movimento 5 Stelle (M5S) ziehen sollte. Grillo ist ein gnadenloser Populist. Wie ein Rammbock hat er die T\u00fcren des Palastes eingetreten. Das ist durchaus ein Verdienst. Denn die politische Kaste Italiens hatte [&hellip;]<\/p>\n","protected":false},"author":87,"featured_media":0,"comment_status":"open","ping_status":"open","sticky":false,"template":"","format":"standard","meta":{"_jetpack_memberships_contains_paid_content":false,"footnotes":""},"categories":[1],"tags":[],"class_list":["post-1374","post","type-post","status-publish","format-standard","hentry","category-allgemein"],"yoast_head":"<!-- This site is optimized with the Yoast SEO plugin v21.0 - https:\/\/yoast.com\/wordpress\/plugins\/seo\/ -->\n<title>Grillo sollte abtreten, jetzt sind die &quot;Grillini&quot; dran - Unterwegs in Europa<\/title>\n<meta name=\"robots\" content=\"index, follow, max-snippet:-1, max-image-preview:large, max-video-preview:-1\" \/>\n<link rel=\"canonical\" href=\"https:\/\/blog.zeit.de\/ladurnerulrich\/2013\/02\/28\/grillo-sollte-abtreten-jetzt-sind-die-grillini-dran\/\" \/>\n<meta property=\"og:locale\" content=\"de_DE\" \/>\n<meta property=\"og:type\" content=\"article\" \/>\n<meta property=\"og:title\" content=\"Grillo sollte abtreten, jetzt sind die &quot;Grillini&quot; dran - Unterwegs in Europa\" \/>\n<meta property=\"og:description\" content=\"Beppe Grillo muss man f\u00fcrchten, seine W\u00e4hler aber nicht. Das ist der erste Schluss, den man aus dem erstaunlichen Erfolg von Grillos Partei Movimento 5 Stelle (M5S) ziehen sollte. Grillo ist ein gnadenloser Populist. Wie ein Rammbock hat er die T\u00fcren des Palastes eingetreten. Das ist durchaus ein Verdienst. Denn die politische Kaste Italiens hatte [&hellip;]\" \/>\n<meta property=\"og:url\" content=\"https:\/\/blog.zeit.de\/ladurnerulrich\/2013\/02\/28\/grillo-sollte-abtreten-jetzt-sind-die-grillini-dran\/\" \/>\n<meta property=\"og:site_name\" content=\"Unterwegs in Europa\" \/>\n<meta property=\"article:published_time\" content=\"2013-02-28T15:11:40+00:00\" \/>\n<meta property=\"article:modified_time\" content=\"2013-02-28T17:50:22+00:00\" \/>\n<meta name=\"author\" content=\"Ulrich Ladurner\" \/>\n<meta name=\"twitter:label1\" content=\"Geschrieben von\" \/>\n\t<meta name=\"twitter:data1\" content=\"Ulrich Ladurner\" \/>\n\t<meta name=\"twitter:label2\" content=\"Gesch\u00e4tzte Lesezeit\" \/>\n\t<meta name=\"twitter:data2\" content=\"2\u00a0Minuten\" \/>\n<script type=\"application\/ld+json\" class=\"yoast-schema-graph\">{\"@context\":\"https:\/\/schema.org\",\"@graph\":[{\"@type\":\"WebPage\",\"@id\":\"https:\/\/blog.zeit.de\/ladurnerulrich\/2013\/02\/28\/grillo-sollte-abtreten-jetzt-sind-die-grillini-dran\/\",\"url\":\"https:\/\/blog.zeit.de\/ladurnerulrich\/2013\/02\/28\/grillo-sollte-abtreten-jetzt-sind-die-grillini-dran\/\",\"name\":\"Grillo sollte abtreten, jetzt sind die \\\"Grillini\\\" dran - Unterwegs in Europa\",\"isPartOf\":{\"@id\":\"https:\/\/blog.zeit.de\/ladurnerulrich\/#website\"},\"datePublished\":\"2013-02-28T15:11:40+00:00\",\"dateModified\":\"2013-02-28T17:50:22+00:00\",\"author\":{\"@id\":\"https:\/\/blog.zeit.de\/ladurnerulrich\/#\/schema\/person\/41f9ab2ef02a3e3602daf321c07007f6\"},\"breadcrumb\":{\"@id\":\"https:\/\/blog.zeit.de\/ladurnerulrich\/2013\/02\/28\/grillo-sollte-abtreten-jetzt-sind-die-grillini-dran\/#breadcrumb\"},\"inLanguage\":\"de\",\"potentialAction\":[{\"@type\":\"ReadAction\",\"target\":[\"https:\/\/blog.zeit.de\/ladurnerulrich\/2013\/02\/28\/grillo-sollte-abtreten-jetzt-sind-die-grillini-dran\/\"]}]},{\"@type\":\"BreadcrumbList\",\"@id\":\"https:\/\/blog.zeit.de\/ladurnerulrich\/2013\/02\/28\/grillo-sollte-abtreten-jetzt-sind-die-grillini-dran\/#breadcrumb\",\"itemListElement\":[{\"@type\":\"ListItem\",\"position\":1,\"name\":\"Startseite\",\"item\":\"https:\/\/blog.zeit.de\/ladurnerulrich\/\"},{\"@type\":\"ListItem\",\"position\":2,\"name\":\"Grillo sollte abtreten, jetzt sind die &#8222;Grillini&#8220; dran\"}]},{\"@type\":\"WebSite\",\"@id\":\"https:\/\/blog.zeit.de\/ladurnerulrich\/#website\",\"url\":\"https:\/\/blog.zeit.de\/ladurnerulrich\/\",\"name\":\"Unterwegs in Europa\",\"description\":\"Ladurners Blog f\u00fcr Einblicke in un\u00fcbersichtliche Landschaften\",\"potentialAction\":[{\"@type\":\"SearchAction\",\"target\":{\"@type\":\"EntryPoint\",\"urlTemplate\":\"https:\/\/blog.zeit.de\/ladurnerulrich\/?s={search_term_string}\"},\"query-input\":\"required name=search_term_string\"}],\"inLanguage\":\"de\"},{\"@type\":\"Person\",\"@id\":\"https:\/\/blog.zeit.de\/ladurnerulrich\/#\/schema\/person\/41f9ab2ef02a3e3602daf321c07007f6\",\"name\":\"Ulrich Ladurner\",\"image\":{\"@type\":\"ImageObject\",\"inLanguage\":\"de\",\"@id\":\"https:\/\/blog.zeit.de\/ladurnerulrich\/#\/schema\/person\/image\/\",\"url\":\"https:\/\/secure.gravatar.com\/avatar\/d01052e766579414676df807ab6fd98f6598a3bceab8af45b2984cba94333280?s=96&d=mm&r=g\",\"contentUrl\":\"https:\/\/secure.gravatar.com\/avatar\/d01052e766579414676df807ab6fd98f6598a3bceab8af45b2984cba94333280?s=96&d=mm&r=g\",\"caption\":\"Ulrich Ladurner\"},\"description\":\"lebt seit 1999 in Hamburg. Seitdem staunt er dar\u00fcber, was man in dieser Stadt erleben kann. Weil das mit dem Wundern nicht aufh\u00f6rt, gibt es diese Kolumne.\",\"sameAs\":[\"http:\/\/www.zeit.de\"],\"url\":\"https:\/\/blog.zeit.de\/ladurnerulrich\/author\/ulli-ladurner\/\"}]}<\/script>\n<!-- \/ Yoast SEO plugin. -->","yoast_head_json":{"title":"Grillo sollte abtreten, jetzt sind die \"Grillini\" dran - Unterwegs in Europa","robots":{"index":"index","follow":"follow","max-snippet":"max-snippet:-1","max-image-preview":"max-image-preview:large","max-video-preview":"max-video-preview:-1"},"canonical":"https:\/\/blog.zeit.de\/ladurnerulrich\/2013\/02\/28\/grillo-sollte-abtreten-jetzt-sind-die-grillini-dran\/","og_locale":"de_DE","og_type":"article","og_title":"Grillo sollte abtreten, jetzt sind die \"Grillini\" dran - Unterwegs in Europa","og_description":"Beppe Grillo muss man f\u00fcrchten, seine W\u00e4hler aber nicht. Das ist der erste Schluss, den man aus dem erstaunlichen Erfolg von Grillos Partei Movimento 5 Stelle (M5S) ziehen sollte. Grillo ist ein gnadenloser Populist. Wie ein Rammbock hat er die T\u00fcren des Palastes eingetreten. Das ist durchaus ein Verdienst. Denn die politische Kaste Italiens hatte [&hellip;]","og_url":"https:\/\/blog.zeit.de\/ladurnerulrich\/2013\/02\/28\/grillo-sollte-abtreten-jetzt-sind-die-grillini-dran\/","og_site_name":"Unterwegs in Europa","article_published_time":"2013-02-28T15:11:40+00:00","article_modified_time":"2013-02-28T17:50:22+00:00","author":"Ulrich Ladurner","twitter_misc":{"Geschrieben von":"Ulrich Ladurner","Gesch\u00e4tzte Lesezeit":"2\u00a0Minuten"},"schema":{"@context":"https:\/\/schema.org","@graph":[{"@type":"WebPage","@id":"https:\/\/blog.zeit.de\/ladurnerulrich\/2013\/02\/28\/grillo-sollte-abtreten-jetzt-sind-die-grillini-dran\/","url":"https:\/\/blog.zeit.de\/ladurnerulrich\/2013\/02\/28\/grillo-sollte-abtreten-jetzt-sind-die-grillini-dran\/","name":"Grillo sollte abtreten, jetzt sind die \"Grillini\" dran - Unterwegs in Europa","isPartOf":{"@id":"https:\/\/blog.zeit.de\/ladurnerulrich\/#website"},"datePublished":"2013-02-28T15:11:40+00:00","dateModified":"2013-02-28T17:50:22+00:00","author":{"@id":"https:\/\/blog.zeit.de\/ladurnerulrich\/#\/schema\/person\/41f9ab2ef02a3e3602daf321c07007f6"},"breadcrumb":{"@id":"https:\/\/blog.zeit.de\/ladurnerulrich\/2013\/02\/28\/grillo-sollte-abtreten-jetzt-sind-die-grillini-dran\/#breadcrumb"},"inLanguage":"de","potentialAction":[{"@type":"ReadAction","target":["https:\/\/blog.zeit.de\/ladurnerulrich\/2013\/02\/28\/grillo-sollte-abtreten-jetzt-sind-die-grillini-dran\/"]}]},{"@type":"BreadcrumbList","@id":"https:\/\/blog.zeit.de\/ladurnerulrich\/2013\/02\/28\/grillo-sollte-abtreten-jetzt-sind-die-grillini-dran\/#breadcrumb","itemListElement":[{"@type":"ListItem","position":1,"name":"Startseite","item":"https:\/\/blog.zeit.de\/ladurnerulrich\/"},{"@type":"ListItem","position":2,"name":"Grillo sollte abtreten, jetzt sind die &#8222;Grillini&#8220; dran"}]},{"@type":"WebSite","@id":"https:\/\/blog.zeit.de\/ladurnerulrich\/#website","url":"https:\/\/blog.zeit.de\/ladurnerulrich\/","name":"Unterwegs in Europa","description":"Ladurners Blog f\u00fcr Einblicke in un\u00fcbersichtliche Landschaften","potentialAction":[{"@type":"SearchAction","target":{"@type":"EntryPoint","urlTemplate":"https:\/\/blog.zeit.de\/ladurnerulrich\/?s={search_term_string}"},"query-input":"required name=search_term_string"}],"inLanguage":"de"},{"@type":"Person","@id":"https:\/\/blog.zeit.de\/ladurnerulrich\/#\/schema\/person\/41f9ab2ef02a3e3602daf321c07007f6","name":"Ulrich Ladurner","image":{"@type":"ImageObject","inLanguage":"de","@id":"https:\/\/blog.zeit.de\/ladurnerulrich\/#\/schema\/person\/image\/","url":"https:\/\/secure.gravatar.com\/avatar\/d01052e766579414676df807ab6fd98f6598a3bceab8af45b2984cba94333280?s=96&d=mm&r=g","contentUrl":"https:\/\/secure.gravatar.com\/avatar\/d01052e766579414676df807ab6fd98f6598a3bceab8af45b2984cba94333280?s=96&d=mm&r=g","caption":"Ulrich Ladurner"},"description":"lebt seit 1999 in Hamburg. Seitdem staunt er dar\u00fcber, was man in dieser Stadt erleben kann. Weil das mit dem Wundern nicht aufh\u00f6rt, gibt es diese Kolumne.","sameAs":["http:\/\/www.zeit.de"],"url":"https:\/\/blog.zeit.de\/ladurnerulrich\/author\/ulli-ladurner\/"}]}},"jetpack_featured_media_url":"","jetpack_sharing_enabled":true,"_links":{"self":[{"href":"https:\/\/blog.zeit.de\/ladurnerulrich\/wp-json\/wp\/v2\/posts\/1374","targetHints":{"allow":["GET"]}}],"collection":[{"href":"https:\/\/blog.zeit.de\/ladurnerulrich\/wp-json\/wp\/v2\/posts"}],"about":[{"href":"https:\/\/blog.zeit.de\/ladurnerulrich\/wp-json\/wp\/v2\/types\/post"}],"author":[{"embeddable":true,"href":"https:\/\/blog.zeit.de\/ladurnerulrich\/wp-json\/wp\/v2\/users\/87"}],"replies":[{"embeddable":true,"href":"https:\/\/blog.zeit.de\/ladurnerulrich\/wp-json\/wp\/v2\/comments?post=1374"}],"version-history":[{"count":10,"href":"https:\/\/blog.zeit.de\/ladurnerulrich\/wp-json\/wp\/v2\/posts\/1374\/revisions"}],"predecessor-version":[{"id":1384,"href":"https:\/\/blog.zeit.de\/ladurnerulrich\/wp-json\/wp\/v2\/posts\/1374\/revisions\/1384"}],"wp:attachment":[{"href":"https:\/\/blog.zeit.de\/ladurnerulrich\/wp-json\/wp\/v2\/media?parent=1374"}],"wp:term":[{"taxonomy":"category","embeddable":true,"href":"https:\/\/blog.zeit.de\/ladurnerulrich\/wp-json\/wp\/v2\/categories?post=1374"},{"taxonomy":"post_tag","embeddable":true,"href":"https:\/\/blog.zeit.de\/ladurnerulrich\/wp-json\/wp\/v2\/tags?post=1374"}],"curies":[{"name":"wp","href":"https:\/\/api.w.org\/{rel}","templated":true}]}}