{"id":1385,"date":"2013-03-02T17:07:16","date_gmt":"2013-03-02T16:07:16","guid":{"rendered":"http:\/\/blog.zeit.de\/ladurnerulrich\/?p=1385"},"modified":"2013-03-02T17:07:16","modified_gmt":"2013-03-02T16:07:16","slug":"verantwortungslos","status":"publish","type":"post","link":"https:\/\/blog.zeit.de\/ladurnerulrich\/2013\/03\/02\/verantwortungslos\/","title":{"rendered":"Verantwortungslos"},"content":{"rendered":"<div>\n<div>\n<div>\n<div>\n<div>\n<div>\n<div>\n<div>\n<h1><\/h1>\n<div>\n<div>\n<div>\n<div>\n<h1><\/h1>\n<p>&nbsp;<\/p>\n<p>Er \u00e4u\u00dfert sich vulg\u00e4r und verweigert die Zusammenarbeit. Das Verhalten des italienischen Protestpolitikers Beppe Grillo ist unangebracht.<\/p>\n<div>\n<p>\u00a9 Giorgio Perottino\/Reuters<\/p>\n<p><img decoding=\"async\" alt=\"Beppe Grillo\" src=\"https:\/\/img.zeit.de\/politik\/ausland\/2013-03\/beppe-grillo-2\/beppe-grillo-2-540x304.jpg\" width=\"540\" \/>Beppe Grillo<\/p>\n<\/div>\n<p>An das Charisma von Beppe Grillo kommt er nicht ran: Der\u00a0<a href=\"http:\/\/www.zeit.de\/politik\/ausland\/2013-03\/bersani-berlusconi-wahl-italien\">Sozialdemokrat Pier Luigi Bersani<\/a>\u00a0wirkt h\u00f6lzern und redet umst\u00e4ndlich. Er ist ein Mann des Apparates. Das ist einer der Gr\u00fcnde, warum Bersani die Wahlen verloren hat. &#8222;Wir sind zwar Erster, aber gewonnen haben wir nicht!&#8220; \u2013 auf diese seltsame Formel brachte er das Wahlergebnis des vergangenen Wochenendes. Bersanis PD lag letztlich nur mit hauchd\u00fcnnem Vorsprung vor\u00a0<a href=\"http:\/\/www.zeit.de\/politik\/ausland\/2013-02\/wahl-italien-bersani-berlusconi\">Silvio Berlusconis Partei<\/a>\u00a0PdL. Dabei hatte sie in den Umfragen vor wenigen Wochen noch weit vorne gelegen.<\/p>\n<p>Bersani ist der Verlierer der Wahl. Doch tut er jetzt, was n\u00f6tig ist. Er versucht dem wirtschaftlich gebeutelten Italien eine halbwegs stabile Regierung zu geben. Dazu braucht er eine Mehrheit innerhalb des Parlaments. Eine Koalition mit\u00a0<a href=\"http:\/\/www.zeit.de\/politik\/ausland\/2013-02\/berlusconi-ermittlungen\">Silvio Berlusconi<\/a>\u00a0will er aus verst\u00e4ndlichen Gr\u00fcnden nicht eingehen. Darum ist er vom ersten Tag an auf die\u00a0<a href=\"http:\/\/www.zeit.de\/politik\/ausland\/2013-03\/italien-wahl-beppe-grillo\">Movimento 5 Stelle (M5S) von Beppe Grillo<\/a>\u00a0zugegangen.<\/p>\n<p>Bersanis Vorschl\u00e4ge: Reform des Wahlgesetzes, Halbierung der Zahl der Parlamentsabgeordneten, tiefe Einschnitte im Milit\u00e4retat, radikale Senkung der Verwaltungskosten, Gesetz gegen die Interessenkonflikte der Politiker. Dem M5S d\u00fcrften diese Ma\u00dfnahmen gefallen \u2013 vor allem die Senkung des Milit\u00e4retats und die Halbierung der Zahl der Parlamentsabgeordneten.<\/p>\n<p><strong>Grillo muss Kompromisse eingehen<\/strong><\/p>\n<p>Doch was antwortet Beppe Grillo? &#8222;Diese Leute sind Arschgesichter! Sie benehmen sich wie vulg\u00e4re Verf\u00fchrer!&#8220;<\/p>\n<p>Und auch auf die eigenen Leute schimpft er. Innerhalb des M5S sollen einige ihre Bereitschaft signalisiert haben, mit Bersani zusammenzuarbeiten. Grillos Reaktion: &#8222;Das sind Infiltrierte&#8220; \u2013 das hei\u00dft so viel wie: Das sind Agenten des Feindes.<\/p>\n<p>Nun kann Grillo \u00fcber die Vorschl\u00e4ge anderer denken, was er will. Er darf freilich auch seine \u00fcblich vulg\u00e4re Sprache pflegen. Doch wenn er seine Bewegung als verantwortungsvollen Akteur versteht, muss er in der Lage sein, Koalitionsverhandlungen zu f\u00fchren. Er muss Kompromisse eingehen k\u00f6nnen.<\/p>\n<div>\n<div><img loading=\"lazy\" decoding=\"async\" alt=\"\" src=\"http:\/\/brightcove.vo.llnwd.net\/d21\/unsecured\/media\/18140073001\/18140073001_2196816844001_900944612-150-1362151070323.jpg?pubId=18140073001\" width=\"540\" height=\"304\" \/><\/div>\n<p>Die italienische Justiz wirft Exministerpr\u00e4sident Berlusconi vor, beim Handel mit TV-Rechten die Steuerbeh\u00f6rden get\u00e4uscht zu haben. Am Donnerstag war zudem ein neuer Korruptionsverdacht gegen ihn laut geworden.\u00a0<a title=\"[Video kommentieren]\" href=\"http:\/\/www.zeit.de\/video\/2013-03\/2197780000001\/italien-berlusconi-wegen-steuerbetrugsvorwuerfen-vor-gericht#autoplay\">[Video kommentieren]<\/a><\/p>\n<\/div>\n<p>Um eine Regierung zu bilden, braucht es das Vertrauen einer Mehrheit im Parlament. Darum m\u00fcssen Verhandlungen gef\u00fchrt werden. Grillo h\u00e4lt dies f\u00fcr &#8222;Kuhhandel&#8220; und die &#8222;\u00fcbliche Art, Politik nach Nuttenart&#8220; zu betreiben.<\/p>\n<p>Und weil er das so sieht, hat er in den Verhaltenskodex f\u00fcr die Abgeordneten des M5S schreiben lassen: &#8222;Die parlamentarischen Gruppen des M5S d\u00fcrfen mit keinen anderen Parteien zusammengehen noch koalieren, au\u00dfer bei Abstimmungen \u00fcber gemeinsame geteilte Programmpunkte.&#8220;<\/p>\n<p>Im Klartext: Grillo verbietet seinen Abgeordneten jede Zusammenarbeit, die zur Bildung einer Regierung f\u00fchren kann. Er will das System sprengen, will sich nicht an die Regeln halten. In seinen Augen ist das alles morsches Zeug, das weggeh\u00f6rt. Das mag folgerichtig sein, ist aber verantwortungslos.<\/p>\n<\/div>\n<\/div>\n<\/div>\n<\/div>\n<h1><span style=\"font-size: medium\"><span class=\"Apple-style-span\" style=\"font-size: 13px;font-weight: normal\">\u00a0<\/span><\/span><\/h1>\n<\/div>\n<\/div>\n<\/div>\n<\/div>\n<\/div>\n<\/div>\n<\/div>\n<\/div>\n","protected":false},"excerpt":{"rendered":"<p>&nbsp; Er \u00e4u\u00dfert sich vulg\u00e4r und verweigert die Zusammenarbeit. Das Verhalten des italienischen Protestpolitikers Beppe Grillo ist unangebracht. \u00a9 Giorgio Perottino\/Reuters Beppe Grillo An das Charisma von Beppe Grillo kommt er nicht ran: Der\u00a0Sozialdemokrat Pier Luigi Bersani\u00a0wirkt h\u00f6lzern und redet umst\u00e4ndlich. Er ist ein Mann des Apparates. Das ist einer der Gr\u00fcnde, warum Bersani die [&hellip;]<\/p>\n","protected":false},"author":87,"featured_media":0,"comment_status":"open","ping_status":"open","sticky":false,"template":"","format":"standard","meta":{"_jetpack_memberships_contains_paid_content":false,"footnotes":""},"categories":[1],"tags":[],"class_list":["post-1385","post","type-post","status-publish","format-standard","hentry","category-allgemein"],"yoast_head":"<!-- This site is optimized with the Yoast SEO plugin v21.0 - https:\/\/yoast.com\/wordpress\/plugins\/seo\/ -->\n<title>Verantwortungslos - Unterwegs in Europa<\/title>\n<meta name=\"robots\" content=\"index, follow, max-snippet:-1, max-image-preview:large, max-video-preview:-1\" \/>\n<link rel=\"canonical\" href=\"https:\/\/blog.zeit.de\/ladurnerulrich\/2013\/03\/02\/verantwortungslos\/\" \/>\n<meta property=\"og:locale\" content=\"de_DE\" \/>\n<meta property=\"og:type\" content=\"article\" \/>\n<meta property=\"og:title\" content=\"Verantwortungslos - Unterwegs in Europa\" \/>\n<meta property=\"og:description\" content=\"&nbsp; Er \u00e4u\u00dfert sich vulg\u00e4r und verweigert die Zusammenarbeit. Das Verhalten des italienischen Protestpolitikers Beppe Grillo ist unangebracht. \u00a9 Giorgio Perottino\/Reuters Beppe Grillo An das Charisma von Beppe Grillo kommt er nicht ran: Der\u00a0Sozialdemokrat Pier Luigi Bersani\u00a0wirkt h\u00f6lzern und redet umst\u00e4ndlich. Er ist ein Mann des Apparates. Das ist einer der Gr\u00fcnde, warum Bersani die [&hellip;]\" \/>\n<meta property=\"og:url\" content=\"https:\/\/blog.zeit.de\/ladurnerulrich\/2013\/03\/02\/verantwortungslos\/\" \/>\n<meta property=\"og:site_name\" content=\"Unterwegs in Europa\" \/>\n<meta property=\"article:published_time\" content=\"2013-03-02T16:07:16+00:00\" \/>\n<meta property=\"og:image\" content=\"https:\/\/img.zeit.de\/politik\/ausland\/2013-03\/beppe-grillo-2\/beppe-grillo-2-540x304.jpg\" \/>\n<meta name=\"author\" content=\"Ulrich Ladurner\" \/>\n<meta name=\"twitter:label1\" content=\"Geschrieben von\" \/>\n\t<meta name=\"twitter:data1\" content=\"Ulrich Ladurner\" \/>\n\t<meta name=\"twitter:label2\" content=\"Gesch\u00e4tzte Lesezeit\" \/>\n\t<meta name=\"twitter:data2\" content=\"2\u00a0Minuten\" \/>\n<script type=\"application\/ld+json\" class=\"yoast-schema-graph\">{\"@context\":\"https:\/\/schema.org\",\"@graph\":[{\"@type\":\"WebPage\",\"@id\":\"https:\/\/blog.zeit.de\/ladurnerulrich\/2013\/03\/02\/verantwortungslos\/\",\"url\":\"https:\/\/blog.zeit.de\/ladurnerulrich\/2013\/03\/02\/verantwortungslos\/\",\"name\":\"Verantwortungslos - Unterwegs in Europa\",\"isPartOf\":{\"@id\":\"https:\/\/blog.zeit.de\/ladurnerulrich\/#website\"},\"datePublished\":\"2013-03-02T16:07:16+00:00\",\"dateModified\":\"2013-03-02T16:07:16+00:00\",\"author\":{\"@id\":\"https:\/\/blog.zeit.de\/ladurnerulrich\/#\/schema\/person\/41f9ab2ef02a3e3602daf321c07007f6\"},\"breadcrumb\":{\"@id\":\"https:\/\/blog.zeit.de\/ladurnerulrich\/2013\/03\/02\/verantwortungslos\/#breadcrumb\"},\"inLanguage\":\"de\",\"potentialAction\":[{\"@type\":\"ReadAction\",\"target\":[\"https:\/\/blog.zeit.de\/ladurnerulrich\/2013\/03\/02\/verantwortungslos\/\"]}]},{\"@type\":\"BreadcrumbList\",\"@id\":\"https:\/\/blog.zeit.de\/ladurnerulrich\/2013\/03\/02\/verantwortungslos\/#breadcrumb\",\"itemListElement\":[{\"@type\":\"ListItem\",\"position\":1,\"name\":\"Startseite\",\"item\":\"https:\/\/blog.zeit.de\/ladurnerulrich\/\"},{\"@type\":\"ListItem\",\"position\":2,\"name\":\"Verantwortungslos\"}]},{\"@type\":\"WebSite\",\"@id\":\"https:\/\/blog.zeit.de\/ladurnerulrich\/#website\",\"url\":\"https:\/\/blog.zeit.de\/ladurnerulrich\/\",\"name\":\"Unterwegs in Europa\",\"description\":\"Ladurners Blog f\u00fcr Einblicke in un\u00fcbersichtliche Landschaften\",\"potentialAction\":[{\"@type\":\"SearchAction\",\"target\":{\"@type\":\"EntryPoint\",\"urlTemplate\":\"https:\/\/blog.zeit.de\/ladurnerulrich\/?s={search_term_string}\"},\"query-input\":\"required name=search_term_string\"}],\"inLanguage\":\"de\"},{\"@type\":\"Person\",\"@id\":\"https:\/\/blog.zeit.de\/ladurnerulrich\/#\/schema\/person\/41f9ab2ef02a3e3602daf321c07007f6\",\"name\":\"Ulrich Ladurner\",\"image\":{\"@type\":\"ImageObject\",\"inLanguage\":\"de\",\"@id\":\"https:\/\/blog.zeit.de\/ladurnerulrich\/#\/schema\/person\/image\/\",\"url\":\"https:\/\/secure.gravatar.com\/avatar\/d01052e766579414676df807ab6fd98f6598a3bceab8af45b2984cba94333280?s=96&d=mm&r=g\",\"contentUrl\":\"https:\/\/secure.gravatar.com\/avatar\/d01052e766579414676df807ab6fd98f6598a3bceab8af45b2984cba94333280?s=96&d=mm&r=g\",\"caption\":\"Ulrich Ladurner\"},\"description\":\"lebt seit 1999 in Hamburg. Seitdem staunt er dar\u00fcber, was man in dieser Stadt erleben kann. Weil das mit dem Wundern nicht aufh\u00f6rt, gibt es diese Kolumne.\",\"sameAs\":[\"http:\/\/www.zeit.de\"],\"url\":\"https:\/\/blog.zeit.de\/ladurnerulrich\/author\/ulli-ladurner\/\"}]}<\/script>\n<!-- \/ Yoast SEO plugin. -->","yoast_head_json":{"title":"Verantwortungslos - Unterwegs in Europa","robots":{"index":"index","follow":"follow","max-snippet":"max-snippet:-1","max-image-preview":"max-image-preview:large","max-video-preview":"max-video-preview:-1"},"canonical":"https:\/\/blog.zeit.de\/ladurnerulrich\/2013\/03\/02\/verantwortungslos\/","og_locale":"de_DE","og_type":"article","og_title":"Verantwortungslos - Unterwegs in Europa","og_description":"&nbsp; Er \u00e4u\u00dfert sich vulg\u00e4r und verweigert die Zusammenarbeit. Das Verhalten des italienischen Protestpolitikers Beppe Grillo ist unangebracht. \u00a9 Giorgio Perottino\/Reuters Beppe Grillo An das Charisma von Beppe Grillo kommt er nicht ran: Der\u00a0Sozialdemokrat Pier Luigi Bersani\u00a0wirkt h\u00f6lzern und redet umst\u00e4ndlich. Er ist ein Mann des Apparates. Das ist einer der Gr\u00fcnde, warum Bersani die [&hellip;]","og_url":"https:\/\/blog.zeit.de\/ladurnerulrich\/2013\/03\/02\/verantwortungslos\/","og_site_name":"Unterwegs in Europa","article_published_time":"2013-03-02T16:07:16+00:00","og_image":[{"url":"https:\/\/img.zeit.de\/politik\/ausland\/2013-03\/beppe-grillo-2\/beppe-grillo-2-540x304.jpg"}],"author":"Ulrich Ladurner","twitter_misc":{"Geschrieben von":"Ulrich Ladurner","Gesch\u00e4tzte Lesezeit":"2\u00a0Minuten"},"schema":{"@context":"https:\/\/schema.org","@graph":[{"@type":"WebPage","@id":"https:\/\/blog.zeit.de\/ladurnerulrich\/2013\/03\/02\/verantwortungslos\/","url":"https:\/\/blog.zeit.de\/ladurnerulrich\/2013\/03\/02\/verantwortungslos\/","name":"Verantwortungslos - Unterwegs in Europa","isPartOf":{"@id":"https:\/\/blog.zeit.de\/ladurnerulrich\/#website"},"datePublished":"2013-03-02T16:07:16+00:00","dateModified":"2013-03-02T16:07:16+00:00","author":{"@id":"https:\/\/blog.zeit.de\/ladurnerulrich\/#\/schema\/person\/41f9ab2ef02a3e3602daf321c07007f6"},"breadcrumb":{"@id":"https:\/\/blog.zeit.de\/ladurnerulrich\/2013\/03\/02\/verantwortungslos\/#breadcrumb"},"inLanguage":"de","potentialAction":[{"@type":"ReadAction","target":["https:\/\/blog.zeit.de\/ladurnerulrich\/2013\/03\/02\/verantwortungslos\/"]}]},{"@type":"BreadcrumbList","@id":"https:\/\/blog.zeit.de\/ladurnerulrich\/2013\/03\/02\/verantwortungslos\/#breadcrumb","itemListElement":[{"@type":"ListItem","position":1,"name":"Startseite","item":"https:\/\/blog.zeit.de\/ladurnerulrich\/"},{"@type":"ListItem","position":2,"name":"Verantwortungslos"}]},{"@type":"WebSite","@id":"https:\/\/blog.zeit.de\/ladurnerulrich\/#website","url":"https:\/\/blog.zeit.de\/ladurnerulrich\/","name":"Unterwegs in Europa","description":"Ladurners Blog f\u00fcr Einblicke in un\u00fcbersichtliche Landschaften","potentialAction":[{"@type":"SearchAction","target":{"@type":"EntryPoint","urlTemplate":"https:\/\/blog.zeit.de\/ladurnerulrich\/?s={search_term_string}"},"query-input":"required name=search_term_string"}],"inLanguage":"de"},{"@type":"Person","@id":"https:\/\/blog.zeit.de\/ladurnerulrich\/#\/schema\/person\/41f9ab2ef02a3e3602daf321c07007f6","name":"Ulrich Ladurner","image":{"@type":"ImageObject","inLanguage":"de","@id":"https:\/\/blog.zeit.de\/ladurnerulrich\/#\/schema\/person\/image\/","url":"https:\/\/secure.gravatar.com\/avatar\/d01052e766579414676df807ab6fd98f6598a3bceab8af45b2984cba94333280?s=96&d=mm&r=g","contentUrl":"https:\/\/secure.gravatar.com\/avatar\/d01052e766579414676df807ab6fd98f6598a3bceab8af45b2984cba94333280?s=96&d=mm&r=g","caption":"Ulrich Ladurner"},"description":"lebt seit 1999 in Hamburg. Seitdem staunt er dar\u00fcber, was man in dieser Stadt erleben kann. Weil das mit dem Wundern nicht aufh\u00f6rt, gibt es diese Kolumne.","sameAs":["http:\/\/www.zeit.de"],"url":"https:\/\/blog.zeit.de\/ladurnerulrich\/author\/ulli-ladurner\/"}]}},"jetpack_featured_media_url":"","jetpack_sharing_enabled":true,"_links":{"self":[{"href":"https:\/\/blog.zeit.de\/ladurnerulrich\/wp-json\/wp\/v2\/posts\/1385","targetHints":{"allow":["GET"]}}],"collection":[{"href":"https:\/\/blog.zeit.de\/ladurnerulrich\/wp-json\/wp\/v2\/posts"}],"about":[{"href":"https:\/\/blog.zeit.de\/ladurnerulrich\/wp-json\/wp\/v2\/types\/post"}],"author":[{"embeddable":true,"href":"https:\/\/blog.zeit.de\/ladurnerulrich\/wp-json\/wp\/v2\/users\/87"}],"replies":[{"embeddable":true,"href":"https:\/\/blog.zeit.de\/ladurnerulrich\/wp-json\/wp\/v2\/comments?post=1385"}],"version-history":[{"count":1,"href":"https:\/\/blog.zeit.de\/ladurnerulrich\/wp-json\/wp\/v2\/posts\/1385\/revisions"}],"predecessor-version":[{"id":1386,"href":"https:\/\/blog.zeit.de\/ladurnerulrich\/wp-json\/wp\/v2\/posts\/1385\/revisions\/1386"}],"wp:attachment":[{"href":"https:\/\/blog.zeit.de\/ladurnerulrich\/wp-json\/wp\/v2\/media?parent=1385"}],"wp:term":[{"taxonomy":"category","embeddable":true,"href":"https:\/\/blog.zeit.de\/ladurnerulrich\/wp-json\/wp\/v2\/categories?post=1385"},{"taxonomy":"post_tag","embeddable":true,"href":"https:\/\/blog.zeit.de\/ladurnerulrich\/wp-json\/wp\/v2\/tags?post=1385"}],"curies":[{"name":"wp","href":"https:\/\/api.w.org\/{rel}","templated":true}]}}