{"id":1488,"date":"2013-09-06T10:37:08","date_gmt":"2013-09-06T08:37:08","guid":{"rendered":"http:\/\/blog.zeit.de\/ladurnerulrich\/?p=1488"},"modified":"2013-09-06T11:24:54","modified_gmt":"2013-09-06T09:24:54","slug":"kriegseinsatze-in-die-parlamente","status":"publish","type":"post","link":"https:\/\/blog.zeit.de\/ladurnerulrich\/2013\/09\/06\/kriegseinsatze-in-die-parlamente\/","title":{"rendered":"Kriegseins\u00e4tze in die Parlamente"},"content":{"rendered":"<p>Es ist leicht in Deutschland \u00fcber das F\u00fcr und Wider einer kriegerischen Intervention zu streiten \u2013 denn wie auch immer die Debatte ausgeht: Die Deutschen zahlen keinen oder einen vergleichsweise geringen Preis f\u00fcr den Krieg. So sehr sich Bef\u00fcrworter und Gegner einer Intervention in Syrien derzeit auch in den Haaren liegen m\u00f6gen, so sehr sind sie in diesem Wissen vereint. Der gr\u00f6\u00dfte deutsche Pazifist ist ein Ohnemichl und der gr\u00f6\u00dfte deutsche Krieger ein Papierkrieger. Was wir hier erleben ist also die Simulation einer Debatte.<\/p>\n<p>Das \u00e4ndert sich gerade eine wenig, Dank des amerikanischen Pr\u00e4sidenten Barack Obama. Er n\u00e4mlich hat entschieden, den Kongress \u00fcber eine Intervention in Syrien beraten zu lassen. Seitdem erleben wir Unerh\u00f6rtes, eine \u00f6ffentliche, breite, intensiv gef\u00fchrte Auseinandersetzung \u00fcber einen m\u00f6glichen Kriegseinsatz. Und sie ist nicht auf die USA beschr\u00e4nkt. Selbst Frankreichs Pr\u00e4sident\u00a0Fran\u00e7ois Hollande versucht\u00a0jetzt in der Nationalversammlung, einen Konsens zu finden, Gro\u00dfbritanniens Premier Cameron hat es bereits getan, mit dem bekannten Ergebnis.<\/p>\n<p>Wir erleben also eine Demokratisierung der Kriegsentscheidung. Das ist eine Folge des Irakkrieges, der nicht nur mit L\u00fcgen begr\u00fcndet,\u00a0 sondern gegen jeden Widerstand durchgezogen wurde. Man sollte daran erinnern, dass im Jahr 2003 weltweit Millionen Menschen gegen den Irakkrieg demonstriert hatten. Sie wurden damals von einem machttrunkenen Amerika missachtet, ebenso wie von vielen europ\u00e4ischen Regierungen, die glaubten mit den USA in den Krieg ziehen zu m\u00fcssen.<\/p>\n<p>Barack Obama hat daraus die Konsequenzen gezogen. Er sucht Unterst\u00fctzung, nicht nur in den USA. Das ist ein unerh\u00f6rter Schritt, der auch f\u00fcr die deutsche Debatte Konsequenzen haben wird. Die Frage steht heute\u00a0in einer ganz anderen K\u00f6rperlichkeit in\u00a0den deutschen Wohnzimmern, sie ist dr\u00e4ngend und fordernd.<\/p>\n<p>Es ist jetzt nicht mehr so einfach, &#8222;dagegen&#8220; oder &#8222;daf\u00fcr&#8220; zu sein, denn Obama hat den Raum f\u00fcr eine politische Debatte ge\u00f6ffnet. Freilich, er wird in seiner Eigenschaft als Pr\u00e4sident letztlich die Entscheidung \u00fcber einen Kriegseinsatz treffen. Doch bis dahin werden die Argumente \u00f6ffentlich abgewogen, bis dahin darf man das Gef\u00fchl haben, den Gang der Ereignisse zu beeinflussen zu k\u00f6nnen \u2013 auch in Deutschland.<\/p>\n","protected":false},"excerpt":{"rendered":"<p>Es ist leicht in Deutschland \u00fcber das F\u00fcr und Wider einer kriegerischen Intervention zu streiten \u2013 denn wie auch immer die Debatte ausgeht: Die Deutschen zahlen keinen oder einen vergleichsweise geringen Preis f\u00fcr den Krieg. So sehr sich Bef\u00fcrworter und Gegner einer Intervention in Syrien derzeit auch in den Haaren liegen m\u00f6gen, so sehr sind [&hellip;]<\/p>\n","protected":false},"author":87,"featured_media":0,"comment_status":"open","ping_status":"open","sticky":false,"template":"","format":"standard","meta":{"_jetpack_memberships_contains_paid_content":false,"footnotes":""},"categories":[1],"tags":[],"class_list":["post-1488","post","type-post","status-publish","format-standard","hentry","category-allgemein"],"yoast_head":"<!-- This site is optimized with the Yoast SEO plugin v21.0 - https:\/\/yoast.com\/wordpress\/plugins\/seo\/ -->\n<title>Kriegseins\u00e4tze in die Parlamente - Unterwegs in Europa<\/title>\n<meta name=\"robots\" content=\"index, follow, max-snippet:-1, max-image-preview:large, max-video-preview:-1\" \/>\n<link rel=\"canonical\" href=\"https:\/\/blog.zeit.de\/ladurnerulrich\/2013\/09\/06\/kriegseinsatze-in-die-parlamente\/\" \/>\n<meta property=\"og:locale\" content=\"de_DE\" \/>\n<meta property=\"og:type\" content=\"article\" \/>\n<meta property=\"og:title\" content=\"Kriegseins\u00e4tze in die Parlamente - Unterwegs in Europa\" \/>\n<meta property=\"og:description\" content=\"Es ist leicht in Deutschland \u00fcber das F\u00fcr und Wider einer kriegerischen Intervention zu streiten \u2013 denn wie auch immer die Debatte ausgeht: Die Deutschen zahlen keinen oder einen vergleichsweise geringen Preis f\u00fcr den Krieg. So sehr sich Bef\u00fcrworter und Gegner einer Intervention in Syrien derzeit auch in den Haaren liegen m\u00f6gen, so sehr sind [&hellip;]\" \/>\n<meta property=\"og:url\" content=\"https:\/\/blog.zeit.de\/ladurnerulrich\/2013\/09\/06\/kriegseinsatze-in-die-parlamente\/\" \/>\n<meta property=\"og:site_name\" content=\"Unterwegs in Europa\" \/>\n<meta property=\"article:published_time\" content=\"2013-09-06T08:37:08+00:00\" \/>\n<meta property=\"article:modified_time\" content=\"2013-09-06T09:24:54+00:00\" \/>\n<meta name=\"author\" content=\"Ulrich Ladurner\" \/>\n<meta name=\"twitter:label1\" content=\"Geschrieben von\" \/>\n\t<meta name=\"twitter:data1\" content=\"Ulrich Ladurner\" \/>\n\t<meta name=\"twitter:label2\" content=\"Gesch\u00e4tzte Lesezeit\" \/>\n\t<meta name=\"twitter:data2\" content=\"2\u00a0Minuten\" \/>\n<script type=\"application\/ld+json\" class=\"yoast-schema-graph\">{\"@context\":\"https:\/\/schema.org\",\"@graph\":[{\"@type\":\"WebPage\",\"@id\":\"https:\/\/blog.zeit.de\/ladurnerulrich\/2013\/09\/06\/kriegseinsatze-in-die-parlamente\/\",\"url\":\"https:\/\/blog.zeit.de\/ladurnerulrich\/2013\/09\/06\/kriegseinsatze-in-die-parlamente\/\",\"name\":\"Kriegseins\u00e4tze in die Parlamente - Unterwegs in Europa\",\"isPartOf\":{\"@id\":\"https:\/\/blog.zeit.de\/ladurnerulrich\/#website\"},\"datePublished\":\"2013-09-06T08:37:08+00:00\",\"dateModified\":\"2013-09-06T09:24:54+00:00\",\"author\":{\"@id\":\"https:\/\/blog.zeit.de\/ladurnerulrich\/#\/schema\/person\/41f9ab2ef02a3e3602daf321c07007f6\"},\"breadcrumb\":{\"@id\":\"https:\/\/blog.zeit.de\/ladurnerulrich\/2013\/09\/06\/kriegseinsatze-in-die-parlamente\/#breadcrumb\"},\"inLanguage\":\"de\",\"potentialAction\":[{\"@type\":\"ReadAction\",\"target\":[\"https:\/\/blog.zeit.de\/ladurnerulrich\/2013\/09\/06\/kriegseinsatze-in-die-parlamente\/\"]}]},{\"@type\":\"BreadcrumbList\",\"@id\":\"https:\/\/blog.zeit.de\/ladurnerulrich\/2013\/09\/06\/kriegseinsatze-in-die-parlamente\/#breadcrumb\",\"itemListElement\":[{\"@type\":\"ListItem\",\"position\":1,\"name\":\"Startseite\",\"item\":\"https:\/\/blog.zeit.de\/ladurnerulrich\/\"},{\"@type\":\"ListItem\",\"position\":2,\"name\":\"Kriegseins\u00e4tze in die Parlamente\"}]},{\"@type\":\"WebSite\",\"@id\":\"https:\/\/blog.zeit.de\/ladurnerulrich\/#website\",\"url\":\"https:\/\/blog.zeit.de\/ladurnerulrich\/\",\"name\":\"Unterwegs in Europa\",\"description\":\"Ladurners Blog f\u00fcr Einblicke in un\u00fcbersichtliche Landschaften\",\"potentialAction\":[{\"@type\":\"SearchAction\",\"target\":{\"@type\":\"EntryPoint\",\"urlTemplate\":\"https:\/\/blog.zeit.de\/ladurnerulrich\/?s={search_term_string}\"},\"query-input\":\"required name=search_term_string\"}],\"inLanguage\":\"de\"},{\"@type\":\"Person\",\"@id\":\"https:\/\/blog.zeit.de\/ladurnerulrich\/#\/schema\/person\/41f9ab2ef02a3e3602daf321c07007f6\",\"name\":\"Ulrich Ladurner\",\"image\":{\"@type\":\"ImageObject\",\"inLanguage\":\"de\",\"@id\":\"https:\/\/blog.zeit.de\/ladurnerulrich\/#\/schema\/person\/image\/\",\"url\":\"https:\/\/secure.gravatar.com\/avatar\/d01052e766579414676df807ab6fd98f6598a3bceab8af45b2984cba94333280?s=96&d=mm&r=g\",\"contentUrl\":\"https:\/\/secure.gravatar.com\/avatar\/d01052e766579414676df807ab6fd98f6598a3bceab8af45b2984cba94333280?s=96&d=mm&r=g\",\"caption\":\"Ulrich Ladurner\"},\"description\":\"lebt seit 1999 in Hamburg. Seitdem staunt er dar\u00fcber, was man in dieser Stadt erleben kann. Weil das mit dem Wundern nicht aufh\u00f6rt, gibt es diese Kolumne.\",\"sameAs\":[\"http:\/\/www.zeit.de\"],\"url\":\"https:\/\/blog.zeit.de\/ladurnerulrich\/author\/ulli-ladurner\/\"}]}<\/script>\n<!-- \/ Yoast SEO plugin. -->","yoast_head_json":{"title":"Kriegseins\u00e4tze in die Parlamente - Unterwegs in Europa","robots":{"index":"index","follow":"follow","max-snippet":"max-snippet:-1","max-image-preview":"max-image-preview:large","max-video-preview":"max-video-preview:-1"},"canonical":"https:\/\/blog.zeit.de\/ladurnerulrich\/2013\/09\/06\/kriegseinsatze-in-die-parlamente\/","og_locale":"de_DE","og_type":"article","og_title":"Kriegseins\u00e4tze in die Parlamente - Unterwegs in Europa","og_description":"Es ist leicht in Deutschland \u00fcber das F\u00fcr und Wider einer kriegerischen Intervention zu streiten \u2013 denn wie auch immer die Debatte ausgeht: Die Deutschen zahlen keinen oder einen vergleichsweise geringen Preis f\u00fcr den Krieg. So sehr sich Bef\u00fcrworter und Gegner einer Intervention in Syrien derzeit auch in den Haaren liegen m\u00f6gen, so sehr sind [&hellip;]","og_url":"https:\/\/blog.zeit.de\/ladurnerulrich\/2013\/09\/06\/kriegseinsatze-in-die-parlamente\/","og_site_name":"Unterwegs in Europa","article_published_time":"2013-09-06T08:37:08+00:00","article_modified_time":"2013-09-06T09:24:54+00:00","author":"Ulrich Ladurner","twitter_misc":{"Geschrieben von":"Ulrich Ladurner","Gesch\u00e4tzte Lesezeit":"2\u00a0Minuten"},"schema":{"@context":"https:\/\/schema.org","@graph":[{"@type":"WebPage","@id":"https:\/\/blog.zeit.de\/ladurnerulrich\/2013\/09\/06\/kriegseinsatze-in-die-parlamente\/","url":"https:\/\/blog.zeit.de\/ladurnerulrich\/2013\/09\/06\/kriegseinsatze-in-die-parlamente\/","name":"Kriegseins\u00e4tze in die Parlamente - Unterwegs in Europa","isPartOf":{"@id":"https:\/\/blog.zeit.de\/ladurnerulrich\/#website"},"datePublished":"2013-09-06T08:37:08+00:00","dateModified":"2013-09-06T09:24:54+00:00","author":{"@id":"https:\/\/blog.zeit.de\/ladurnerulrich\/#\/schema\/person\/41f9ab2ef02a3e3602daf321c07007f6"},"breadcrumb":{"@id":"https:\/\/blog.zeit.de\/ladurnerulrich\/2013\/09\/06\/kriegseinsatze-in-die-parlamente\/#breadcrumb"},"inLanguage":"de","potentialAction":[{"@type":"ReadAction","target":["https:\/\/blog.zeit.de\/ladurnerulrich\/2013\/09\/06\/kriegseinsatze-in-die-parlamente\/"]}]},{"@type":"BreadcrumbList","@id":"https:\/\/blog.zeit.de\/ladurnerulrich\/2013\/09\/06\/kriegseinsatze-in-die-parlamente\/#breadcrumb","itemListElement":[{"@type":"ListItem","position":1,"name":"Startseite","item":"https:\/\/blog.zeit.de\/ladurnerulrich\/"},{"@type":"ListItem","position":2,"name":"Kriegseins\u00e4tze in die Parlamente"}]},{"@type":"WebSite","@id":"https:\/\/blog.zeit.de\/ladurnerulrich\/#website","url":"https:\/\/blog.zeit.de\/ladurnerulrich\/","name":"Unterwegs in Europa","description":"Ladurners Blog f\u00fcr Einblicke in un\u00fcbersichtliche Landschaften","potentialAction":[{"@type":"SearchAction","target":{"@type":"EntryPoint","urlTemplate":"https:\/\/blog.zeit.de\/ladurnerulrich\/?s={search_term_string}"},"query-input":"required name=search_term_string"}],"inLanguage":"de"},{"@type":"Person","@id":"https:\/\/blog.zeit.de\/ladurnerulrich\/#\/schema\/person\/41f9ab2ef02a3e3602daf321c07007f6","name":"Ulrich Ladurner","image":{"@type":"ImageObject","inLanguage":"de","@id":"https:\/\/blog.zeit.de\/ladurnerulrich\/#\/schema\/person\/image\/","url":"https:\/\/secure.gravatar.com\/avatar\/d01052e766579414676df807ab6fd98f6598a3bceab8af45b2984cba94333280?s=96&d=mm&r=g","contentUrl":"https:\/\/secure.gravatar.com\/avatar\/d01052e766579414676df807ab6fd98f6598a3bceab8af45b2984cba94333280?s=96&d=mm&r=g","caption":"Ulrich Ladurner"},"description":"lebt seit 1999 in Hamburg. Seitdem staunt er dar\u00fcber, was man in dieser Stadt erleben kann. Weil das mit dem Wundern nicht aufh\u00f6rt, gibt es diese Kolumne.","sameAs":["http:\/\/www.zeit.de"],"url":"https:\/\/blog.zeit.de\/ladurnerulrich\/author\/ulli-ladurner\/"}]}},"jetpack_featured_media_url":"","jetpack_sharing_enabled":true,"_links":{"self":[{"href":"https:\/\/blog.zeit.de\/ladurnerulrich\/wp-json\/wp\/v2\/posts\/1488","targetHints":{"allow":["GET"]}}],"collection":[{"href":"https:\/\/blog.zeit.de\/ladurnerulrich\/wp-json\/wp\/v2\/posts"}],"about":[{"href":"https:\/\/blog.zeit.de\/ladurnerulrich\/wp-json\/wp\/v2\/types\/post"}],"author":[{"embeddable":true,"href":"https:\/\/blog.zeit.de\/ladurnerulrich\/wp-json\/wp\/v2\/users\/87"}],"replies":[{"embeddable":true,"href":"https:\/\/blog.zeit.de\/ladurnerulrich\/wp-json\/wp\/v2\/comments?post=1488"}],"version-history":[{"count":9,"href":"https:\/\/blog.zeit.de\/ladurnerulrich\/wp-json\/wp\/v2\/posts\/1488\/revisions"}],"predecessor-version":[{"id":1496,"href":"https:\/\/blog.zeit.de\/ladurnerulrich\/wp-json\/wp\/v2\/posts\/1488\/revisions\/1496"}],"wp:attachment":[{"href":"https:\/\/blog.zeit.de\/ladurnerulrich\/wp-json\/wp\/v2\/media?parent=1488"}],"wp:term":[{"taxonomy":"category","embeddable":true,"href":"https:\/\/blog.zeit.de\/ladurnerulrich\/wp-json\/wp\/v2\/categories?post=1488"},{"taxonomy":"post_tag","embeddable":true,"href":"https:\/\/blog.zeit.de\/ladurnerulrich\/wp-json\/wp\/v2\/tags?post=1488"}],"curies":[{"name":"wp","href":"https:\/\/api.w.org\/{rel}","templated":true}]}}