{"id":1682,"date":"2014-08-25T10:01:53","date_gmt":"2014-08-25T08:01:53","guid":{"rendered":"http:\/\/blog.zeit.de\/ladurnerulrich\/?p=1682"},"modified":"2014-08-25T11:07:22","modified_gmt":"2014-08-25T09:07:22","slug":"demokratische-vitalitaet","status":"publish","type":"post","link":"https:\/\/blog.zeit.de\/ladurnerulrich\/2014\/08\/25\/demokratische-vitalitaet\/","title":{"rendered":"Demokratische Vitalit\u00e4t"},"content":{"rendered":"<p>Ebola, Boko Haram, Staatszerfall, B\u00fcrgerkrieg\u00a0\u2014 wenn es Themen aus Afrika in die Schlagzeilen schaffen, dann sind sie derzeit durchweg negativ. Das passt in das Klischee vom Katastrophenkontinent. An dieser Stelle wollen\u00a0wir deshalb \u00fcber eine bemerkenswerte politische Nachricht berichten. Sie ist auf den ersten Blick unspektakul\u00e4r, aber sie kann von gro\u00dfer Tragweite sein.\u00a0Die Nachricht\u00a0erreicht uns aus Burkina Faso.<\/p>\n<p>In der Hauptstadt Ouagadougou\u00a0sind am Wochenende Zehntausende Menschen auf die Stra\u00dfe gegangen, um gegen den Pr\u00e4sidenten Blaise\u00a0Compaor\u00e9 zu demonstrieren. Compaor\u00e9 regiert seit 1987. Bei den Wahlen 2015 darf er nicht mehr antreten, doch angeblich bereitet er ein Referendum f\u00fcr eine Verfassungs\u00e4nderung vor, die ihm eine weitere Amtszeit erlauben w\u00fcrde. Dagegen demonstrieren die Menschen, sie taten es in den vergangenen Monaten wiederholt. Man kann von einem breiten, gesellschaftlichen Widerstand gegen den Pr\u00e4sidenten sprechen, einem demokratischen Widerstand.<\/p>\n<p>Burkina Faso ist ein relativ kleines Land mit etwas mehr als sechzehn Millionen Einwohnern \u2014 es f\u00e4llt nicht besonders ins Gewicht, m\u00f6chte man sagen. Doch dagegen sprechen zwei Gr\u00fcnde, ein aktueller und ein historischer.<\/p>\n<p>Sollte Compaor\u00e9 durch die Bewegung zum R\u00fcckzug gezwungen werden, dann w\u00e4re dies ein weiteres Beispiel f\u00fcr die demokratische Vitalit\u00e4t einer afrikanischen Gesellschaft: Die Demonstranten in Burkina Faso haben sich von der senegalesischen Jugendbewegung\u00a0&#8222;Y&#8217;en a marre&#8220; (&#8222;Wir haben genug!&#8220;) inspirieren lassen, die 2012 entscheidend mithalf, den starrsinnigen, langj\u00e4hrigen Pr\u00e4sidenten Abdulaye Wade aus dem Amt zu dr\u00e4ngen, der f\u00fcr eine dritte Amtszeit kandidieren wollte, obwohl die Verfassung das nicht vorsah.<\/p>\n<p>&#8222;Y&#8217;en a marre&#8220; war ein\u00a0Beweis daf\u00fcr, dass man die scheinbar ewig herrschenden afrikanischen Staatschefs auch auf friedlichem Wege loswerden kann. Jung, fr\u00f6hlich und sehr entschlossen war diese Bewegung. Die Strahlkraft von\u00a0&#8222;Y&#8217;en a marre&#8220;\u00a0ist nicht\u00a0zu untersch\u00e4tzen. Und sie ist von gro\u00dfer Bedeutung in einer Region, in der eine Terrorgruppe wie Boko Haram f\u00fcr junge M\u00e4nner attraktiv ist: Die Terrorgruppe rekrutiert offenbar auch K\u00e4mpfer in\u00a0Burkina Faso und in Senegal.<\/p>\n<p>Burkina Faso hat zudem einen Mann hervorgebracht, der viele\u00a0Afrikaner inspirierte: Oberst Thomas Sankara. Er kam 1983 durch eine Revolution an die Macht und installierte ein linksgerichtetes Regime, das sehr viel Geld in soziale und Entwicklungsprojekte steckte. Sankara wollte die Verbindungen zum &#8222;imperialistischen&#8220; Ausland kappen. Um das zu verdeutlichen, benannte er den Staat, der damals noch Obervolta hie\u00df, in Burkina Faso um. Der Name ist Programm. Burkina Faso bedeutet &#8222;Land der Ehrenwerten&#8220;. Der Kampf gegen Korruption war eines der zentralen Anliegen Sankaras.<\/p>\n<p>1987 wurde Sankara aus dem Amt geputscht, mit stillschweigender Zustimmung der ehemaligen Kolonialmacht Frankreich. Sankara\u00a0und 30 seiner Mitstreiter wurden erschossen. Compaor\u00e9, der ein Weggef\u00e4hrte Sankaras war, wurde\u00a0Pr\u00e4sident. F\u00fcr viele war Sankara so etwas wie eine afrikanischer &#8222;Che Guevara&#8220; , eine mythische Figur.<\/p>\n<p>Junge Demonstranten in Burkina Faso beziehen sich nun auf ihn. Sie h\u00f6ren seine Reden, schauen Videos mit seinen Auftritten und zitieren ihn. Der Rapper Smockey, einer der F\u00fchrer der Bewegung, gebrauchte etwa Sankaras folgende Worte: &#8222;Eine entschlossene Jugend hat vor gar nichts Angst, nicht einmal vor einer Atombombe!&#8220; Und offenbar auch nicht vor einem Pr\u00e4sidenten, der nicht weichen will.<\/p>\n","protected":false},"excerpt":{"rendered":"<p>Ebola, Boko Haram, Staatszerfall, B\u00fcrgerkrieg\u00a0\u2014 wenn es Themen aus Afrika in die Schlagzeilen schaffen, dann sind sie derzeit durchweg negativ. Das passt in das Klischee vom Katastrophenkontinent. An dieser Stelle wollen\u00a0wir deshalb \u00fcber eine bemerkenswerte politische Nachricht berichten. Sie ist auf den ersten Blick unspektakul\u00e4r, aber sie kann von gro\u00dfer Tragweite sein.\u00a0Die Nachricht\u00a0erreicht uns aus [&hellip;]<\/p>\n","protected":false},"author":87,"featured_media":0,"comment_status":"open","ping_status":"open","sticky":false,"template":"","format":"standard","meta":{"_jetpack_memberships_contains_paid_content":false,"footnotes":""},"categories":[1],"tags":[],"class_list":["post-1682","post","type-post","status-publish","format-standard","hentry","category-allgemein"],"yoast_head":"<!-- This site is optimized with the Yoast SEO plugin v21.0 - https:\/\/yoast.com\/wordpress\/plugins\/seo\/ -->\n<title>Demokratische Vitalit\u00e4t - Unterwegs in Europa<\/title>\n<meta name=\"robots\" content=\"index, follow, max-snippet:-1, max-image-preview:large, max-video-preview:-1\" \/>\n<link rel=\"canonical\" href=\"https:\/\/blog.zeit.de\/ladurnerulrich\/2014\/08\/25\/demokratische-vitalitaet\/\" \/>\n<meta property=\"og:locale\" content=\"de_DE\" \/>\n<meta property=\"og:type\" content=\"article\" \/>\n<meta property=\"og:title\" content=\"Demokratische Vitalit\u00e4t - Unterwegs in Europa\" \/>\n<meta property=\"og:description\" content=\"Ebola, Boko Haram, Staatszerfall, B\u00fcrgerkrieg\u00a0\u2014 wenn es Themen aus Afrika in die Schlagzeilen schaffen, dann sind sie derzeit durchweg negativ. Das passt in das Klischee vom Katastrophenkontinent. An dieser Stelle wollen\u00a0wir deshalb \u00fcber eine bemerkenswerte politische Nachricht berichten. Sie ist auf den ersten Blick unspektakul\u00e4r, aber sie kann von gro\u00dfer Tragweite sein.\u00a0Die Nachricht\u00a0erreicht uns aus [&hellip;]\" \/>\n<meta property=\"og:url\" content=\"https:\/\/blog.zeit.de\/ladurnerulrich\/2014\/08\/25\/demokratische-vitalitaet\/\" \/>\n<meta property=\"og:site_name\" content=\"Unterwegs in Europa\" \/>\n<meta property=\"article:published_time\" content=\"2014-08-25T08:01:53+00:00\" \/>\n<meta property=\"article:modified_time\" content=\"2014-08-25T09:07:22+00:00\" \/>\n<meta name=\"author\" content=\"Ulrich Ladurner\" \/>\n<meta name=\"twitter:label1\" content=\"Geschrieben von\" \/>\n\t<meta name=\"twitter:data1\" content=\"Ulrich Ladurner\" \/>\n\t<meta name=\"twitter:label2\" content=\"Gesch\u00e4tzte Lesezeit\" \/>\n\t<meta name=\"twitter:data2\" content=\"3\u00a0Minuten\" \/>\n<script type=\"application\/ld+json\" class=\"yoast-schema-graph\">{\"@context\":\"https:\/\/schema.org\",\"@graph\":[{\"@type\":\"WebPage\",\"@id\":\"https:\/\/blog.zeit.de\/ladurnerulrich\/2014\/08\/25\/demokratische-vitalitaet\/\",\"url\":\"https:\/\/blog.zeit.de\/ladurnerulrich\/2014\/08\/25\/demokratische-vitalitaet\/\",\"name\":\"Demokratische Vitalit\u00e4t - Unterwegs in Europa\",\"isPartOf\":{\"@id\":\"https:\/\/blog.zeit.de\/ladurnerulrich\/#website\"},\"datePublished\":\"2014-08-25T08:01:53+00:00\",\"dateModified\":\"2014-08-25T09:07:22+00:00\",\"author\":{\"@id\":\"https:\/\/blog.zeit.de\/ladurnerulrich\/#\/schema\/person\/41f9ab2ef02a3e3602daf321c07007f6\"},\"breadcrumb\":{\"@id\":\"https:\/\/blog.zeit.de\/ladurnerulrich\/2014\/08\/25\/demokratische-vitalitaet\/#breadcrumb\"},\"inLanguage\":\"de\",\"potentialAction\":[{\"@type\":\"ReadAction\",\"target\":[\"https:\/\/blog.zeit.de\/ladurnerulrich\/2014\/08\/25\/demokratische-vitalitaet\/\"]}]},{\"@type\":\"BreadcrumbList\",\"@id\":\"https:\/\/blog.zeit.de\/ladurnerulrich\/2014\/08\/25\/demokratische-vitalitaet\/#breadcrumb\",\"itemListElement\":[{\"@type\":\"ListItem\",\"position\":1,\"name\":\"Startseite\",\"item\":\"https:\/\/blog.zeit.de\/ladurnerulrich\/\"},{\"@type\":\"ListItem\",\"position\":2,\"name\":\"Demokratische Vitalit\u00e4t\"}]},{\"@type\":\"WebSite\",\"@id\":\"https:\/\/blog.zeit.de\/ladurnerulrich\/#website\",\"url\":\"https:\/\/blog.zeit.de\/ladurnerulrich\/\",\"name\":\"Unterwegs in Europa\",\"description\":\"Ladurners Blog f\u00fcr Einblicke in un\u00fcbersichtliche Landschaften\",\"potentialAction\":[{\"@type\":\"SearchAction\",\"target\":{\"@type\":\"EntryPoint\",\"urlTemplate\":\"https:\/\/blog.zeit.de\/ladurnerulrich\/?s={search_term_string}\"},\"query-input\":\"required name=search_term_string\"}],\"inLanguage\":\"de\"},{\"@type\":\"Person\",\"@id\":\"https:\/\/blog.zeit.de\/ladurnerulrich\/#\/schema\/person\/41f9ab2ef02a3e3602daf321c07007f6\",\"name\":\"Ulrich Ladurner\",\"image\":{\"@type\":\"ImageObject\",\"inLanguage\":\"de\",\"@id\":\"https:\/\/blog.zeit.de\/ladurnerulrich\/#\/schema\/person\/image\/\",\"url\":\"https:\/\/secure.gravatar.com\/avatar\/d01052e766579414676df807ab6fd98f6598a3bceab8af45b2984cba94333280?s=96&d=mm&r=g\",\"contentUrl\":\"https:\/\/secure.gravatar.com\/avatar\/d01052e766579414676df807ab6fd98f6598a3bceab8af45b2984cba94333280?s=96&d=mm&r=g\",\"caption\":\"Ulrich Ladurner\"},\"description\":\"lebt seit 1999 in Hamburg. Seitdem staunt er dar\u00fcber, was man in dieser Stadt erleben kann. Weil das mit dem Wundern nicht aufh\u00f6rt, gibt es diese Kolumne.\",\"sameAs\":[\"http:\/\/www.zeit.de\"],\"url\":\"https:\/\/blog.zeit.de\/ladurnerulrich\/author\/ulli-ladurner\/\"}]}<\/script>\n<!-- \/ Yoast SEO plugin. -->","yoast_head_json":{"title":"Demokratische Vitalit\u00e4t - Unterwegs in Europa","robots":{"index":"index","follow":"follow","max-snippet":"max-snippet:-1","max-image-preview":"max-image-preview:large","max-video-preview":"max-video-preview:-1"},"canonical":"https:\/\/blog.zeit.de\/ladurnerulrich\/2014\/08\/25\/demokratische-vitalitaet\/","og_locale":"de_DE","og_type":"article","og_title":"Demokratische Vitalit\u00e4t - Unterwegs in Europa","og_description":"Ebola, Boko Haram, Staatszerfall, B\u00fcrgerkrieg\u00a0\u2014 wenn es Themen aus Afrika in die Schlagzeilen schaffen, dann sind sie derzeit durchweg negativ. Das passt in das Klischee vom Katastrophenkontinent. An dieser Stelle wollen\u00a0wir deshalb \u00fcber eine bemerkenswerte politische Nachricht berichten. Sie ist auf den ersten Blick unspektakul\u00e4r, aber sie kann von gro\u00dfer Tragweite sein.\u00a0Die Nachricht\u00a0erreicht uns aus [&hellip;]","og_url":"https:\/\/blog.zeit.de\/ladurnerulrich\/2014\/08\/25\/demokratische-vitalitaet\/","og_site_name":"Unterwegs in Europa","article_published_time":"2014-08-25T08:01:53+00:00","article_modified_time":"2014-08-25T09:07:22+00:00","author":"Ulrich Ladurner","twitter_misc":{"Geschrieben von":"Ulrich Ladurner","Gesch\u00e4tzte Lesezeit":"3\u00a0Minuten"},"schema":{"@context":"https:\/\/schema.org","@graph":[{"@type":"WebPage","@id":"https:\/\/blog.zeit.de\/ladurnerulrich\/2014\/08\/25\/demokratische-vitalitaet\/","url":"https:\/\/blog.zeit.de\/ladurnerulrich\/2014\/08\/25\/demokratische-vitalitaet\/","name":"Demokratische Vitalit\u00e4t - Unterwegs in Europa","isPartOf":{"@id":"https:\/\/blog.zeit.de\/ladurnerulrich\/#website"},"datePublished":"2014-08-25T08:01:53+00:00","dateModified":"2014-08-25T09:07:22+00:00","author":{"@id":"https:\/\/blog.zeit.de\/ladurnerulrich\/#\/schema\/person\/41f9ab2ef02a3e3602daf321c07007f6"},"breadcrumb":{"@id":"https:\/\/blog.zeit.de\/ladurnerulrich\/2014\/08\/25\/demokratische-vitalitaet\/#breadcrumb"},"inLanguage":"de","potentialAction":[{"@type":"ReadAction","target":["https:\/\/blog.zeit.de\/ladurnerulrich\/2014\/08\/25\/demokratische-vitalitaet\/"]}]},{"@type":"BreadcrumbList","@id":"https:\/\/blog.zeit.de\/ladurnerulrich\/2014\/08\/25\/demokratische-vitalitaet\/#breadcrumb","itemListElement":[{"@type":"ListItem","position":1,"name":"Startseite","item":"https:\/\/blog.zeit.de\/ladurnerulrich\/"},{"@type":"ListItem","position":2,"name":"Demokratische Vitalit\u00e4t"}]},{"@type":"WebSite","@id":"https:\/\/blog.zeit.de\/ladurnerulrich\/#website","url":"https:\/\/blog.zeit.de\/ladurnerulrich\/","name":"Unterwegs in Europa","description":"Ladurners Blog f\u00fcr Einblicke in un\u00fcbersichtliche Landschaften","potentialAction":[{"@type":"SearchAction","target":{"@type":"EntryPoint","urlTemplate":"https:\/\/blog.zeit.de\/ladurnerulrich\/?s={search_term_string}"},"query-input":"required name=search_term_string"}],"inLanguage":"de"},{"@type":"Person","@id":"https:\/\/blog.zeit.de\/ladurnerulrich\/#\/schema\/person\/41f9ab2ef02a3e3602daf321c07007f6","name":"Ulrich Ladurner","image":{"@type":"ImageObject","inLanguage":"de","@id":"https:\/\/blog.zeit.de\/ladurnerulrich\/#\/schema\/person\/image\/","url":"https:\/\/secure.gravatar.com\/avatar\/d01052e766579414676df807ab6fd98f6598a3bceab8af45b2984cba94333280?s=96&d=mm&r=g","contentUrl":"https:\/\/secure.gravatar.com\/avatar\/d01052e766579414676df807ab6fd98f6598a3bceab8af45b2984cba94333280?s=96&d=mm&r=g","caption":"Ulrich Ladurner"},"description":"lebt seit 1999 in Hamburg. Seitdem staunt er dar\u00fcber, was man in dieser Stadt erleben kann. Weil das mit dem Wundern nicht aufh\u00f6rt, gibt es diese Kolumne.","sameAs":["http:\/\/www.zeit.de"],"url":"https:\/\/blog.zeit.de\/ladurnerulrich\/author\/ulli-ladurner\/"}]}},"jetpack_featured_media_url":"","jetpack_sharing_enabled":true,"_links":{"self":[{"href":"https:\/\/blog.zeit.de\/ladurnerulrich\/wp-json\/wp\/v2\/posts\/1682","targetHints":{"allow":["GET"]}}],"collection":[{"href":"https:\/\/blog.zeit.de\/ladurnerulrich\/wp-json\/wp\/v2\/posts"}],"about":[{"href":"https:\/\/blog.zeit.de\/ladurnerulrich\/wp-json\/wp\/v2\/types\/post"}],"author":[{"embeddable":true,"href":"https:\/\/blog.zeit.de\/ladurnerulrich\/wp-json\/wp\/v2\/users\/87"}],"replies":[{"embeddable":true,"href":"https:\/\/blog.zeit.de\/ladurnerulrich\/wp-json\/wp\/v2\/comments?post=1682"}],"version-history":[{"count":12,"href":"https:\/\/blog.zeit.de\/ladurnerulrich\/wp-json\/wp\/v2\/posts\/1682\/revisions"}],"predecessor-version":[{"id":1694,"href":"https:\/\/blog.zeit.de\/ladurnerulrich\/wp-json\/wp\/v2\/posts\/1682\/revisions\/1694"}],"wp:attachment":[{"href":"https:\/\/blog.zeit.de\/ladurnerulrich\/wp-json\/wp\/v2\/media?parent=1682"}],"wp:term":[{"taxonomy":"category","embeddable":true,"href":"https:\/\/blog.zeit.de\/ladurnerulrich\/wp-json\/wp\/v2\/categories?post=1682"},{"taxonomy":"post_tag","embeddable":true,"href":"https:\/\/blog.zeit.de\/ladurnerulrich\/wp-json\/wp\/v2\/tags?post=1682"}],"curies":[{"name":"wp","href":"https:\/\/api.w.org\/{rel}","templated":true}]}}