{"id":1695,"date":"2014-08-26T10:21:14","date_gmt":"2014-08-26T08:21:14","guid":{"rendered":"http:\/\/blog.zeit.de\/ladurnerulrich\/?p=1695"},"modified":"2014-08-26T10:53:35","modified_gmt":"2014-08-26T08:53:35","slug":"warum-man-auf-afrikaner-hoeren-sollte","status":"publish","type":"post","link":"https:\/\/blog.zeit.de\/ladurnerulrich\/2014\/08\/26\/warum-man-auf-afrikaner-hoeren-sollte\/","title":{"rendered":"Warum man auf Afrikaner h\u00f6ren sollte"},"content":{"rendered":"<p>Europ\u00e4er nehmen\u00a0Ratschl\u00e4ge afrikanischer Politiker in aller Regel nicht an.\u00a0Daf\u00fcr nimmt man sie hierzulande nicht ernst genug. Nur Jahrhundertgestalten wie Nelson Mandela konnten\u00a0die europ\u00e4ische Taubheit \u00fcberwinden. Dabei t\u00e4ten die Europ\u00e4er gut daran, auf Afrikaner zu h\u00f6ren. Sie\u00a0k\u00f6nnten so\u00a0manche Dummheit vermeiden.<\/p>\n<p>Die Entscheidung 2011 in Libyen milit\u00e4risch zu intervenieren war so eine Torheit, begangen vor allem von den Franzosen und den Briten. <a title=\"Libyen ist von der Au\u00dfenwelt abgeschnitten\" href=\"http:\/\/www.zeit.de\/politik\/ausland\/2014-08\/libyen-tripolis-flughafen-miliz\" target=\"_blank\">Libyen versinkt heute in Chaos und Gewalt<\/a>. Genau das hatte der gabunische Politiker Jean Ping vorausgesagt, der damals Vorsitzender der Kommission der Afrikanischen Union war. Heute sagt er voller Entsetzen: &#8222;Ich habe damals alle europ\u00e4ischen Hauptst\u00e4dte besucht, ich bin nach Washington und in das Nato-Hauptquartier, um vor einer Intervention zu warnen. Wir wussten, dass Libyen implodieren w\u00fcrde. Genau das geschieht heute.&#8220;<\/p>\n<p>Aber wer ist schon Jean Ping? Und die Afrikanische Union\u00a0erst? Welche Macht hat sie denn? Ist das nicht eine Ansammlung von Auto-, Klepto- und Gerontokraten? Da m\u00fcssen die Europ\u00e4er erst gar nicht hinh\u00f6ren! 2011 ignorierte man sie komplett.<\/p>\n<p>Ping musste damals darum bitten, dass die Nato ihr Bombardement aussetzte, damit der s\u00fcdafrikanische Pr\u00e4sident Jacob Zuma nach Tripolis reisen konnte, um mit Gaddafi zu verhandeln. Zuma wollte Gaddafi \u00fcberreden, freiwillig zur\u00fcckzutreten. \u00dcber solche Initiativen machte man sich in Europa hinter vorgehaltener Hand lustig.<\/p>\n<p>Und heute?<\/p>\n<p>Heute ist Libyen ein schwarzes Loch vor der Haust\u00fcr Europas. Es wird auf Jahre hinaus eine Quelle der Bedrohung f\u00fcr Europa bleiben.<\/p>\n<p>Recht haben \u2014 das mag zwar ein sch\u00f6nes Gef\u00fchl sein, aber es w\u00e4hrt nicht lange und vor allem: es tr\u00e4gt nichts bei zur L\u00f6sung einer dramatischen Situation. Das wei\u00df auch Jean Ping, das wei\u00df auch die Afrikanische Union.<\/p>\n<p>Aber man kann was lernen f\u00fcr die unmittelbare Zukunft. Eine Lehre ist: Die\u00a0Europ\u00e4er m\u00fcssen sich mit der\u00a0Afrikanischen Union zusammensetzen,\u00a0auf Augenh\u00f6he. Dann m\u00fcssen sie gemeinsam dar\u00fcber beraten, wie man das Chaos in Libyen\u00a0in den Griff kriegen kann.\u00a0Und diesmal sollten die Europ\u00e4er genau hinh\u00f6ren.<\/p>\n","protected":false},"excerpt":{"rendered":"<p>Europ\u00e4er nehmen\u00a0Ratschl\u00e4ge afrikanischer Politiker in aller Regel nicht an.\u00a0Daf\u00fcr nimmt man sie hierzulande nicht ernst genug. Nur Jahrhundertgestalten wie Nelson Mandela konnten\u00a0die europ\u00e4ische Taubheit \u00fcberwinden. Dabei t\u00e4ten die Europ\u00e4er gut daran, auf Afrikaner zu h\u00f6ren. Sie\u00a0k\u00f6nnten so\u00a0manche Dummheit vermeiden. Die Entscheidung 2011 in Libyen milit\u00e4risch zu intervenieren war so eine Torheit, begangen vor allem von [&hellip;]<\/p>\n","protected":false},"author":87,"featured_media":0,"comment_status":"open","ping_status":"open","sticky":false,"template":"","format":"standard","meta":{"_jetpack_memberships_contains_paid_content":false,"footnotes":""},"categories":[1],"tags":[],"class_list":["post-1695","post","type-post","status-publish","format-standard","hentry","category-allgemein"],"yoast_head":"<!-- This site is optimized with the Yoast SEO plugin v21.0 - https:\/\/yoast.com\/wordpress\/plugins\/seo\/ -->\n<title>Warum man auf Afrikaner h\u00f6ren sollte - Unterwegs in Europa<\/title>\n<meta name=\"robots\" content=\"index, follow, max-snippet:-1, max-image-preview:large, max-video-preview:-1\" \/>\n<link rel=\"canonical\" href=\"https:\/\/blog.zeit.de\/ladurnerulrich\/2014\/08\/26\/warum-man-auf-afrikaner-hoeren-sollte\/\" \/>\n<meta property=\"og:locale\" content=\"de_DE\" \/>\n<meta property=\"og:type\" content=\"article\" \/>\n<meta property=\"og:title\" content=\"Warum man auf Afrikaner h\u00f6ren sollte - Unterwegs in Europa\" \/>\n<meta property=\"og:description\" content=\"Europ\u00e4er nehmen\u00a0Ratschl\u00e4ge afrikanischer Politiker in aller Regel nicht an.\u00a0Daf\u00fcr nimmt man sie hierzulande nicht ernst genug. Nur Jahrhundertgestalten wie Nelson Mandela konnten\u00a0die europ\u00e4ische Taubheit \u00fcberwinden. Dabei t\u00e4ten die Europ\u00e4er gut daran, auf Afrikaner zu h\u00f6ren. Sie\u00a0k\u00f6nnten so\u00a0manche Dummheit vermeiden. Die Entscheidung 2011 in Libyen milit\u00e4risch zu intervenieren war so eine Torheit, begangen vor allem von [&hellip;]\" \/>\n<meta property=\"og:url\" content=\"https:\/\/blog.zeit.de\/ladurnerulrich\/2014\/08\/26\/warum-man-auf-afrikaner-hoeren-sollte\/\" \/>\n<meta property=\"og:site_name\" content=\"Unterwegs in Europa\" \/>\n<meta property=\"article:published_time\" content=\"2014-08-26T08:21:14+00:00\" \/>\n<meta property=\"article:modified_time\" content=\"2014-08-26T08:53:35+00:00\" \/>\n<meta name=\"author\" content=\"Ulrich Ladurner\" \/>\n<meta name=\"twitter:label1\" content=\"Geschrieben von\" \/>\n\t<meta name=\"twitter:data1\" content=\"Ulrich Ladurner\" \/>\n\t<meta name=\"twitter:label2\" content=\"Gesch\u00e4tzte Lesezeit\" \/>\n\t<meta name=\"twitter:data2\" content=\"2\u00a0Minuten\" \/>\n<script type=\"application\/ld+json\" class=\"yoast-schema-graph\">{\"@context\":\"https:\/\/schema.org\",\"@graph\":[{\"@type\":\"WebPage\",\"@id\":\"https:\/\/blog.zeit.de\/ladurnerulrich\/2014\/08\/26\/warum-man-auf-afrikaner-hoeren-sollte\/\",\"url\":\"https:\/\/blog.zeit.de\/ladurnerulrich\/2014\/08\/26\/warum-man-auf-afrikaner-hoeren-sollte\/\",\"name\":\"Warum man auf Afrikaner h\u00f6ren sollte - Unterwegs in Europa\",\"isPartOf\":{\"@id\":\"https:\/\/blog.zeit.de\/ladurnerulrich\/#website\"},\"datePublished\":\"2014-08-26T08:21:14+00:00\",\"dateModified\":\"2014-08-26T08:53:35+00:00\",\"author\":{\"@id\":\"https:\/\/blog.zeit.de\/ladurnerulrich\/#\/schema\/person\/41f9ab2ef02a3e3602daf321c07007f6\"},\"breadcrumb\":{\"@id\":\"https:\/\/blog.zeit.de\/ladurnerulrich\/2014\/08\/26\/warum-man-auf-afrikaner-hoeren-sollte\/#breadcrumb\"},\"inLanguage\":\"de\",\"potentialAction\":[{\"@type\":\"ReadAction\",\"target\":[\"https:\/\/blog.zeit.de\/ladurnerulrich\/2014\/08\/26\/warum-man-auf-afrikaner-hoeren-sollte\/\"]}]},{\"@type\":\"BreadcrumbList\",\"@id\":\"https:\/\/blog.zeit.de\/ladurnerulrich\/2014\/08\/26\/warum-man-auf-afrikaner-hoeren-sollte\/#breadcrumb\",\"itemListElement\":[{\"@type\":\"ListItem\",\"position\":1,\"name\":\"Startseite\",\"item\":\"https:\/\/blog.zeit.de\/ladurnerulrich\/\"},{\"@type\":\"ListItem\",\"position\":2,\"name\":\"Warum man auf Afrikaner h\u00f6ren sollte\"}]},{\"@type\":\"WebSite\",\"@id\":\"https:\/\/blog.zeit.de\/ladurnerulrich\/#website\",\"url\":\"https:\/\/blog.zeit.de\/ladurnerulrich\/\",\"name\":\"Unterwegs in Europa\",\"description\":\"Ladurners Blog f\u00fcr Einblicke in un\u00fcbersichtliche Landschaften\",\"potentialAction\":[{\"@type\":\"SearchAction\",\"target\":{\"@type\":\"EntryPoint\",\"urlTemplate\":\"https:\/\/blog.zeit.de\/ladurnerulrich\/?s={search_term_string}\"},\"query-input\":\"required name=search_term_string\"}],\"inLanguage\":\"de\"},{\"@type\":\"Person\",\"@id\":\"https:\/\/blog.zeit.de\/ladurnerulrich\/#\/schema\/person\/41f9ab2ef02a3e3602daf321c07007f6\",\"name\":\"Ulrich Ladurner\",\"image\":{\"@type\":\"ImageObject\",\"inLanguage\":\"de\",\"@id\":\"https:\/\/blog.zeit.de\/ladurnerulrich\/#\/schema\/person\/image\/\",\"url\":\"https:\/\/secure.gravatar.com\/avatar\/d01052e766579414676df807ab6fd98f6598a3bceab8af45b2984cba94333280?s=96&d=mm&r=g\",\"contentUrl\":\"https:\/\/secure.gravatar.com\/avatar\/d01052e766579414676df807ab6fd98f6598a3bceab8af45b2984cba94333280?s=96&d=mm&r=g\",\"caption\":\"Ulrich Ladurner\"},\"description\":\"lebt seit 1999 in Hamburg. Seitdem staunt er dar\u00fcber, was man in dieser Stadt erleben kann. Weil das mit dem Wundern nicht aufh\u00f6rt, gibt es diese Kolumne.\",\"sameAs\":[\"http:\/\/www.zeit.de\"],\"url\":\"https:\/\/blog.zeit.de\/ladurnerulrich\/author\/ulli-ladurner\/\"}]}<\/script>\n<!-- \/ Yoast SEO plugin. -->","yoast_head_json":{"title":"Warum man auf Afrikaner h\u00f6ren sollte - Unterwegs in Europa","robots":{"index":"index","follow":"follow","max-snippet":"max-snippet:-1","max-image-preview":"max-image-preview:large","max-video-preview":"max-video-preview:-1"},"canonical":"https:\/\/blog.zeit.de\/ladurnerulrich\/2014\/08\/26\/warum-man-auf-afrikaner-hoeren-sollte\/","og_locale":"de_DE","og_type":"article","og_title":"Warum man auf Afrikaner h\u00f6ren sollte - Unterwegs in Europa","og_description":"Europ\u00e4er nehmen\u00a0Ratschl\u00e4ge afrikanischer Politiker in aller Regel nicht an.\u00a0Daf\u00fcr nimmt man sie hierzulande nicht ernst genug. Nur Jahrhundertgestalten wie Nelson Mandela konnten\u00a0die europ\u00e4ische Taubheit \u00fcberwinden. Dabei t\u00e4ten die Europ\u00e4er gut daran, auf Afrikaner zu h\u00f6ren. Sie\u00a0k\u00f6nnten so\u00a0manche Dummheit vermeiden. Die Entscheidung 2011 in Libyen milit\u00e4risch zu intervenieren war so eine Torheit, begangen vor allem von [&hellip;]","og_url":"https:\/\/blog.zeit.de\/ladurnerulrich\/2014\/08\/26\/warum-man-auf-afrikaner-hoeren-sollte\/","og_site_name":"Unterwegs in Europa","article_published_time":"2014-08-26T08:21:14+00:00","article_modified_time":"2014-08-26T08:53:35+00:00","author":"Ulrich Ladurner","twitter_misc":{"Geschrieben von":"Ulrich Ladurner","Gesch\u00e4tzte Lesezeit":"2\u00a0Minuten"},"schema":{"@context":"https:\/\/schema.org","@graph":[{"@type":"WebPage","@id":"https:\/\/blog.zeit.de\/ladurnerulrich\/2014\/08\/26\/warum-man-auf-afrikaner-hoeren-sollte\/","url":"https:\/\/blog.zeit.de\/ladurnerulrich\/2014\/08\/26\/warum-man-auf-afrikaner-hoeren-sollte\/","name":"Warum man auf Afrikaner h\u00f6ren sollte - Unterwegs in Europa","isPartOf":{"@id":"https:\/\/blog.zeit.de\/ladurnerulrich\/#website"},"datePublished":"2014-08-26T08:21:14+00:00","dateModified":"2014-08-26T08:53:35+00:00","author":{"@id":"https:\/\/blog.zeit.de\/ladurnerulrich\/#\/schema\/person\/41f9ab2ef02a3e3602daf321c07007f6"},"breadcrumb":{"@id":"https:\/\/blog.zeit.de\/ladurnerulrich\/2014\/08\/26\/warum-man-auf-afrikaner-hoeren-sollte\/#breadcrumb"},"inLanguage":"de","potentialAction":[{"@type":"ReadAction","target":["https:\/\/blog.zeit.de\/ladurnerulrich\/2014\/08\/26\/warum-man-auf-afrikaner-hoeren-sollte\/"]}]},{"@type":"BreadcrumbList","@id":"https:\/\/blog.zeit.de\/ladurnerulrich\/2014\/08\/26\/warum-man-auf-afrikaner-hoeren-sollte\/#breadcrumb","itemListElement":[{"@type":"ListItem","position":1,"name":"Startseite","item":"https:\/\/blog.zeit.de\/ladurnerulrich\/"},{"@type":"ListItem","position":2,"name":"Warum man auf Afrikaner h\u00f6ren sollte"}]},{"@type":"WebSite","@id":"https:\/\/blog.zeit.de\/ladurnerulrich\/#website","url":"https:\/\/blog.zeit.de\/ladurnerulrich\/","name":"Unterwegs in Europa","description":"Ladurners Blog f\u00fcr Einblicke in un\u00fcbersichtliche Landschaften","potentialAction":[{"@type":"SearchAction","target":{"@type":"EntryPoint","urlTemplate":"https:\/\/blog.zeit.de\/ladurnerulrich\/?s={search_term_string}"},"query-input":"required name=search_term_string"}],"inLanguage":"de"},{"@type":"Person","@id":"https:\/\/blog.zeit.de\/ladurnerulrich\/#\/schema\/person\/41f9ab2ef02a3e3602daf321c07007f6","name":"Ulrich Ladurner","image":{"@type":"ImageObject","inLanguage":"de","@id":"https:\/\/blog.zeit.de\/ladurnerulrich\/#\/schema\/person\/image\/","url":"https:\/\/secure.gravatar.com\/avatar\/d01052e766579414676df807ab6fd98f6598a3bceab8af45b2984cba94333280?s=96&d=mm&r=g","contentUrl":"https:\/\/secure.gravatar.com\/avatar\/d01052e766579414676df807ab6fd98f6598a3bceab8af45b2984cba94333280?s=96&d=mm&r=g","caption":"Ulrich Ladurner"},"description":"lebt seit 1999 in Hamburg. Seitdem staunt er dar\u00fcber, was man in dieser Stadt erleben kann. Weil das mit dem Wundern nicht aufh\u00f6rt, gibt es diese Kolumne.","sameAs":["http:\/\/www.zeit.de"],"url":"https:\/\/blog.zeit.de\/ladurnerulrich\/author\/ulli-ladurner\/"}]}},"jetpack_featured_media_url":"","jetpack_sharing_enabled":true,"_links":{"self":[{"href":"https:\/\/blog.zeit.de\/ladurnerulrich\/wp-json\/wp\/v2\/posts\/1695","targetHints":{"allow":["GET"]}}],"collection":[{"href":"https:\/\/blog.zeit.de\/ladurnerulrich\/wp-json\/wp\/v2\/posts"}],"about":[{"href":"https:\/\/blog.zeit.de\/ladurnerulrich\/wp-json\/wp\/v2\/types\/post"}],"author":[{"embeddable":true,"href":"https:\/\/blog.zeit.de\/ladurnerulrich\/wp-json\/wp\/v2\/users\/87"}],"replies":[{"embeddable":true,"href":"https:\/\/blog.zeit.de\/ladurnerulrich\/wp-json\/wp\/v2\/comments?post=1695"}],"version-history":[{"count":10,"href":"https:\/\/blog.zeit.de\/ladurnerulrich\/wp-json\/wp\/v2\/posts\/1695\/revisions"}],"predecessor-version":[{"id":1706,"href":"https:\/\/blog.zeit.de\/ladurnerulrich\/wp-json\/wp\/v2\/posts\/1695\/revisions\/1706"}],"wp:attachment":[{"href":"https:\/\/blog.zeit.de\/ladurnerulrich\/wp-json\/wp\/v2\/media?parent=1695"}],"wp:term":[{"taxonomy":"category","embeddable":true,"href":"https:\/\/blog.zeit.de\/ladurnerulrich\/wp-json\/wp\/v2\/categories?post=1695"},{"taxonomy":"post_tag","embeddable":true,"href":"https:\/\/blog.zeit.de\/ladurnerulrich\/wp-json\/wp\/v2\/tags?post=1695"}],"curies":[{"name":"wp","href":"https:\/\/api.w.org\/{rel}","templated":true}]}}