{"id":1727,"date":"2014-09-04T23:09:20","date_gmt":"2014-09-04T21:09:20","guid":{"rendered":"http:\/\/blog.zeit.de\/ladurnerulrich\/?p=1727"},"modified":"2014-09-08T22:40:52","modified_gmt":"2014-09-08T20:40:52","slug":"die-beschleunigte-angst","status":"publish","type":"post","link":"https:\/\/blog.zeit.de\/ladurnerulrich\/2014\/09\/04\/die-beschleunigte-angst\/","title":{"rendered":"Die beschleunigte Angst"},"content":{"rendered":"<p>Die moderne Kommunikation beschleunigt alles, auch die Angst. Mit ungeheurer\u00a0Geschwindigkeit rauscht sie \u00fcber den Globus. Egal welche Ursache sie\u00a0hat, von welchem Ort sie ausgeht \u2013 die Angst\u00a0wird binnen k\u00fcrzester Zeit\u00a0allgegenw\u00e4rtig.\u00a0Wir sp\u00fcren sie. Selbst dann, wenn wir weit entfernt sind von der Gefahrenquelle.<\/p>\n<p>Das ist eine m\u00f6gliche Erkl\u00e4rung f\u00fcr das, was den westafrikanischen Staaten in diesen Tagen und Wochen widerf\u00e4hrt. Sie geraten nach und nach in eine de facto Quarant\u00e4ne. Der Grund ist die dort ausgebrochene\u00a0Ebola-Epidemie. Rund 3.500 Menschen sind nach offiziellen Angaben mit dem Virus infiziert, schon 1.900 sind gestorben. Die bisher betroffenen Staaten sind Guinea, Liberia, Sierra Leone, Nigeria und Senegal. Es ist der bis dato schlimmste Ausbruch von Ebola\u00a0sei dem dieses t\u00f6dliche Virus im Urwald des Kongo 1976 entdeckt worden ist.<\/p>\n<p>Aber die Reaktion steht in keinem Verh\u00e4ltnis zum Anlass.<\/p>\n<p>Monrovia, die Hauptstadt Liberias, und Freetown, die Hauptstadt Sierra Leonies, \u00a0werden mit zwei Ausnahmen (Royal Air Maroc und Brussels Airlines) von keiner Fluglinie mehr angeflogen. Es gebe &#8211; so hei\u00dft es &#8211; nicht gen\u00fcgend Nachfrage. Eine Reihe von Staaten habe die Grenzen f\u00fcr Westafrikaner dichtgemacht, darunter auch S\u00fcdafrika. Die Hilfsorganisationen klagen dar\u00fcber, dass sie ihre Arbeit\u00a0nicht\u00a0mehr machen k\u00f6nnen, weil es kaum noch Transportm\u00f6glichkeiten gibt. Bauern gehen nicht mehr auf ihre Felder, die Ernte verkommt. In Sierra Leone\u00a0und Liberia ist jetzt schon eine dramatischer Einbruch der Wirtschaftsleistung zu verzeichnen. Der Tourismus kommt zum Erliegen.<\/p>\n<p>Ebola hat bisher weit weniger Schaden angerichtet, als die Angst vor\u00a0dem Virus. Und dabei ist klar, dass die Abschottung\u00a0kontraproduktiv ist. Deborah Almac, US-Botschafterin in Liberia, warnt vergangene Woche deutlich davor Grenzen zu schlie\u00dfen: &#8222;Das bringt nichts!&#8220;<\/p>\n<p>Jede Krankheit, jedes Virus, die die Menschen (noch) nicht heilen\u00a0oder dauerhaft beherrschen k\u00f6nnen,\u00a0wird zu einer\u00a0Projektionsfl\u00e4che unserer Phantasien. So war es\u00a0im 19. Jahrhundert im Fall der Tuberkulose, so war es\u00a0im 20. Jahrhundert bei HIV. \u00a0Die meist furchterregenden Vorstellungen, die wir\u00a0mit diesen &#8222;unbeherrschbaren&#8220; Krankheit verbinden, dr\u00e4ngen die Betroffenen in die soziale Isolation. Das galt lange f\u00fcr Tuberkulosepatienten, und das galt im 20. Jahrhundert\u00a0f\u00fcr HIV-Infizierte (und oft gilt es f\u00fcr sie noch heute).<\/p>\n<p>Bei Ebola ist dasselbe\u00a0Muster zu erkennen, doch\u00a0diesmal sind ganze Staaten und Gesellschaften betroffen und nicht Individuen oder\u00a0soziale Gruppen. Das ist neu.<\/p>\n<p>Dieser\u00a0massive &#8222;Ausschluss&#8220; Westafrikas\u00a0hat gewiss etwas mit der beschleunigten, rasenden, allgegenw\u00e4rtigen Angst unserer Zeit zu tun. Doch es sind auch historische Muster\u00a0erkennbar \u2013 Afrika als ewiger Ort geheimnisvoller, t\u00f6dlicher Krankheiten, das war ein klassischer Topos des Europ\u00e4ischen Kolonialismus. Dieses Konstrukt diente als Rechtfertigung\u00a0f\u00fcr Unterwerfung und gleichzeitig die Trennung\u00a0Afrikas\u00a0von der angeblich gesunden wei\u00dfen &#8222;Zivilisation&#8220;.<\/p>\n<p>In den hysterischen Reaktionen auf Ebola lassen sich Spurenelemente dieser Geschichte erkennen.<\/p>\n","protected":false},"excerpt":{"rendered":"<p>Die moderne Kommunikation beschleunigt alles, auch die Angst. Mit ungeheurer\u00a0Geschwindigkeit rauscht sie \u00fcber den Globus. Egal welche Ursache sie\u00a0hat, von welchem Ort sie ausgeht \u2013 die Angst\u00a0wird binnen k\u00fcrzester Zeit\u00a0allgegenw\u00e4rtig.\u00a0Wir sp\u00fcren sie. Selbst dann, wenn wir weit entfernt sind von der Gefahrenquelle. Das ist eine m\u00f6gliche Erkl\u00e4rung f\u00fcr das, was den westafrikanischen Staaten in diesen [&hellip;]<\/p>\n","protected":false},"author":87,"featured_media":0,"comment_status":"open","ping_status":"open","sticky":false,"template":"","format":"standard","meta":{"_jetpack_memberships_contains_paid_content":false,"footnotes":""},"categories":[1],"tags":[],"class_list":["post-1727","post","type-post","status-publish","format-standard","hentry","category-allgemein"],"yoast_head":"<!-- This site is optimized with the Yoast SEO plugin v21.0 - https:\/\/yoast.com\/wordpress\/plugins\/seo\/ -->\n<title>Die beschleunigte Angst - Unterwegs in Europa<\/title>\n<meta name=\"robots\" content=\"index, follow, max-snippet:-1, max-image-preview:large, max-video-preview:-1\" \/>\n<link rel=\"canonical\" href=\"https:\/\/blog.zeit.de\/ladurnerulrich\/2014\/09\/04\/die-beschleunigte-angst\/\" \/>\n<meta property=\"og:locale\" content=\"de_DE\" \/>\n<meta property=\"og:type\" content=\"article\" \/>\n<meta property=\"og:title\" content=\"Die beschleunigte Angst - Unterwegs in Europa\" \/>\n<meta property=\"og:description\" content=\"Die moderne Kommunikation beschleunigt alles, auch die Angst. Mit ungeheurer\u00a0Geschwindigkeit rauscht sie \u00fcber den Globus. Egal welche Ursache sie\u00a0hat, von welchem Ort sie ausgeht \u2013 die Angst\u00a0wird binnen k\u00fcrzester Zeit\u00a0allgegenw\u00e4rtig.\u00a0Wir sp\u00fcren sie. Selbst dann, wenn wir weit entfernt sind von der Gefahrenquelle. Das ist eine m\u00f6gliche Erkl\u00e4rung f\u00fcr das, was den westafrikanischen Staaten in diesen [&hellip;]\" \/>\n<meta property=\"og:url\" content=\"https:\/\/blog.zeit.de\/ladurnerulrich\/2014\/09\/04\/die-beschleunigte-angst\/\" \/>\n<meta property=\"og:site_name\" content=\"Unterwegs in Europa\" \/>\n<meta property=\"article:published_time\" content=\"2014-09-04T21:09:20+00:00\" \/>\n<meta property=\"article:modified_time\" content=\"2014-09-08T20:40:52+00:00\" \/>\n<meta name=\"author\" content=\"Ulrich Ladurner\" \/>\n<meta name=\"twitter:label1\" content=\"Geschrieben von\" \/>\n\t<meta name=\"twitter:data1\" content=\"Ulrich Ladurner\" \/>\n\t<meta name=\"twitter:label2\" content=\"Gesch\u00e4tzte Lesezeit\" \/>\n\t<meta name=\"twitter:data2\" content=\"2\u00a0Minuten\" \/>\n<script type=\"application\/ld+json\" class=\"yoast-schema-graph\">{\"@context\":\"https:\/\/schema.org\",\"@graph\":[{\"@type\":\"WebPage\",\"@id\":\"https:\/\/blog.zeit.de\/ladurnerulrich\/2014\/09\/04\/die-beschleunigte-angst\/\",\"url\":\"https:\/\/blog.zeit.de\/ladurnerulrich\/2014\/09\/04\/die-beschleunigte-angst\/\",\"name\":\"Die beschleunigte Angst - Unterwegs in Europa\",\"isPartOf\":{\"@id\":\"https:\/\/blog.zeit.de\/ladurnerulrich\/#website\"},\"datePublished\":\"2014-09-04T21:09:20+00:00\",\"dateModified\":\"2014-09-08T20:40:52+00:00\",\"author\":{\"@id\":\"https:\/\/blog.zeit.de\/ladurnerulrich\/#\/schema\/person\/41f9ab2ef02a3e3602daf321c07007f6\"},\"breadcrumb\":{\"@id\":\"https:\/\/blog.zeit.de\/ladurnerulrich\/2014\/09\/04\/die-beschleunigte-angst\/#breadcrumb\"},\"inLanguage\":\"de\",\"potentialAction\":[{\"@type\":\"ReadAction\",\"target\":[\"https:\/\/blog.zeit.de\/ladurnerulrich\/2014\/09\/04\/die-beschleunigte-angst\/\"]}]},{\"@type\":\"BreadcrumbList\",\"@id\":\"https:\/\/blog.zeit.de\/ladurnerulrich\/2014\/09\/04\/die-beschleunigte-angst\/#breadcrumb\",\"itemListElement\":[{\"@type\":\"ListItem\",\"position\":1,\"name\":\"Startseite\",\"item\":\"https:\/\/blog.zeit.de\/ladurnerulrich\/\"},{\"@type\":\"ListItem\",\"position\":2,\"name\":\"Die beschleunigte Angst\"}]},{\"@type\":\"WebSite\",\"@id\":\"https:\/\/blog.zeit.de\/ladurnerulrich\/#website\",\"url\":\"https:\/\/blog.zeit.de\/ladurnerulrich\/\",\"name\":\"Unterwegs in Europa\",\"description\":\"Ladurners Blog f\u00fcr Einblicke in un\u00fcbersichtliche Landschaften\",\"potentialAction\":[{\"@type\":\"SearchAction\",\"target\":{\"@type\":\"EntryPoint\",\"urlTemplate\":\"https:\/\/blog.zeit.de\/ladurnerulrich\/?s={search_term_string}\"},\"query-input\":\"required name=search_term_string\"}],\"inLanguage\":\"de\"},{\"@type\":\"Person\",\"@id\":\"https:\/\/blog.zeit.de\/ladurnerulrich\/#\/schema\/person\/41f9ab2ef02a3e3602daf321c07007f6\",\"name\":\"Ulrich Ladurner\",\"image\":{\"@type\":\"ImageObject\",\"inLanguage\":\"de\",\"@id\":\"https:\/\/blog.zeit.de\/ladurnerulrich\/#\/schema\/person\/image\/\",\"url\":\"https:\/\/secure.gravatar.com\/avatar\/d01052e766579414676df807ab6fd98f6598a3bceab8af45b2984cba94333280?s=96&d=mm&r=g\",\"contentUrl\":\"https:\/\/secure.gravatar.com\/avatar\/d01052e766579414676df807ab6fd98f6598a3bceab8af45b2984cba94333280?s=96&d=mm&r=g\",\"caption\":\"Ulrich Ladurner\"},\"description\":\"lebt seit 1999 in Hamburg. Seitdem staunt er dar\u00fcber, was man in dieser Stadt erleben kann. Weil das mit dem Wundern nicht aufh\u00f6rt, gibt es diese Kolumne.\",\"sameAs\":[\"http:\/\/www.zeit.de\"],\"url\":\"https:\/\/blog.zeit.de\/ladurnerulrich\/author\/ulli-ladurner\/\"}]}<\/script>\n<!-- \/ Yoast SEO plugin. -->","yoast_head_json":{"title":"Die beschleunigte Angst - Unterwegs in Europa","robots":{"index":"index","follow":"follow","max-snippet":"max-snippet:-1","max-image-preview":"max-image-preview:large","max-video-preview":"max-video-preview:-1"},"canonical":"https:\/\/blog.zeit.de\/ladurnerulrich\/2014\/09\/04\/die-beschleunigte-angst\/","og_locale":"de_DE","og_type":"article","og_title":"Die beschleunigte Angst - Unterwegs in Europa","og_description":"Die moderne Kommunikation beschleunigt alles, auch die Angst. Mit ungeheurer\u00a0Geschwindigkeit rauscht sie \u00fcber den Globus. Egal welche Ursache sie\u00a0hat, von welchem Ort sie ausgeht \u2013 die Angst\u00a0wird binnen k\u00fcrzester Zeit\u00a0allgegenw\u00e4rtig.\u00a0Wir sp\u00fcren sie. Selbst dann, wenn wir weit entfernt sind von der Gefahrenquelle. Das ist eine m\u00f6gliche Erkl\u00e4rung f\u00fcr das, was den westafrikanischen Staaten in diesen [&hellip;]","og_url":"https:\/\/blog.zeit.de\/ladurnerulrich\/2014\/09\/04\/die-beschleunigte-angst\/","og_site_name":"Unterwegs in Europa","article_published_time":"2014-09-04T21:09:20+00:00","article_modified_time":"2014-09-08T20:40:52+00:00","author":"Ulrich Ladurner","twitter_misc":{"Geschrieben von":"Ulrich Ladurner","Gesch\u00e4tzte Lesezeit":"2\u00a0Minuten"},"schema":{"@context":"https:\/\/schema.org","@graph":[{"@type":"WebPage","@id":"https:\/\/blog.zeit.de\/ladurnerulrich\/2014\/09\/04\/die-beschleunigte-angst\/","url":"https:\/\/blog.zeit.de\/ladurnerulrich\/2014\/09\/04\/die-beschleunigte-angst\/","name":"Die beschleunigte Angst - Unterwegs in Europa","isPartOf":{"@id":"https:\/\/blog.zeit.de\/ladurnerulrich\/#website"},"datePublished":"2014-09-04T21:09:20+00:00","dateModified":"2014-09-08T20:40:52+00:00","author":{"@id":"https:\/\/blog.zeit.de\/ladurnerulrich\/#\/schema\/person\/41f9ab2ef02a3e3602daf321c07007f6"},"breadcrumb":{"@id":"https:\/\/blog.zeit.de\/ladurnerulrich\/2014\/09\/04\/die-beschleunigte-angst\/#breadcrumb"},"inLanguage":"de","potentialAction":[{"@type":"ReadAction","target":["https:\/\/blog.zeit.de\/ladurnerulrich\/2014\/09\/04\/die-beschleunigte-angst\/"]}]},{"@type":"BreadcrumbList","@id":"https:\/\/blog.zeit.de\/ladurnerulrich\/2014\/09\/04\/die-beschleunigte-angst\/#breadcrumb","itemListElement":[{"@type":"ListItem","position":1,"name":"Startseite","item":"https:\/\/blog.zeit.de\/ladurnerulrich\/"},{"@type":"ListItem","position":2,"name":"Die beschleunigte Angst"}]},{"@type":"WebSite","@id":"https:\/\/blog.zeit.de\/ladurnerulrich\/#website","url":"https:\/\/blog.zeit.de\/ladurnerulrich\/","name":"Unterwegs in Europa","description":"Ladurners Blog f\u00fcr Einblicke in un\u00fcbersichtliche Landschaften","potentialAction":[{"@type":"SearchAction","target":{"@type":"EntryPoint","urlTemplate":"https:\/\/blog.zeit.de\/ladurnerulrich\/?s={search_term_string}"},"query-input":"required name=search_term_string"}],"inLanguage":"de"},{"@type":"Person","@id":"https:\/\/blog.zeit.de\/ladurnerulrich\/#\/schema\/person\/41f9ab2ef02a3e3602daf321c07007f6","name":"Ulrich Ladurner","image":{"@type":"ImageObject","inLanguage":"de","@id":"https:\/\/blog.zeit.de\/ladurnerulrich\/#\/schema\/person\/image\/","url":"https:\/\/secure.gravatar.com\/avatar\/d01052e766579414676df807ab6fd98f6598a3bceab8af45b2984cba94333280?s=96&d=mm&r=g","contentUrl":"https:\/\/secure.gravatar.com\/avatar\/d01052e766579414676df807ab6fd98f6598a3bceab8af45b2984cba94333280?s=96&d=mm&r=g","caption":"Ulrich Ladurner"},"description":"lebt seit 1999 in Hamburg. Seitdem staunt er dar\u00fcber, was man in dieser Stadt erleben kann. Weil das mit dem Wundern nicht aufh\u00f6rt, gibt es diese Kolumne.","sameAs":["http:\/\/www.zeit.de"],"url":"https:\/\/blog.zeit.de\/ladurnerulrich\/author\/ulli-ladurner\/"}]}},"jetpack_featured_media_url":"","jetpack_sharing_enabled":true,"_links":{"self":[{"href":"https:\/\/blog.zeit.de\/ladurnerulrich\/wp-json\/wp\/v2\/posts\/1727","targetHints":{"allow":["GET"]}}],"collection":[{"href":"https:\/\/blog.zeit.de\/ladurnerulrich\/wp-json\/wp\/v2\/posts"}],"about":[{"href":"https:\/\/blog.zeit.de\/ladurnerulrich\/wp-json\/wp\/v2\/types\/post"}],"author":[{"embeddable":true,"href":"https:\/\/blog.zeit.de\/ladurnerulrich\/wp-json\/wp\/v2\/users\/87"}],"replies":[{"embeddable":true,"href":"https:\/\/blog.zeit.de\/ladurnerulrich\/wp-json\/wp\/v2\/comments?post=1727"}],"version-history":[{"count":11,"href":"https:\/\/blog.zeit.de\/ladurnerulrich\/wp-json\/wp\/v2\/posts\/1727\/revisions"}],"predecessor-version":[{"id":1748,"href":"https:\/\/blog.zeit.de\/ladurnerulrich\/wp-json\/wp\/v2\/posts\/1727\/revisions\/1748"}],"wp:attachment":[{"href":"https:\/\/blog.zeit.de\/ladurnerulrich\/wp-json\/wp\/v2\/media?parent=1727"}],"wp:term":[{"taxonomy":"category","embeddable":true,"href":"https:\/\/blog.zeit.de\/ladurnerulrich\/wp-json\/wp\/v2\/categories?post=1727"},{"taxonomy":"post_tag","embeddable":true,"href":"https:\/\/blog.zeit.de\/ladurnerulrich\/wp-json\/wp\/v2\/tags?post=1727"}],"curies":[{"name":"wp","href":"https:\/\/api.w.org\/{rel}","templated":true}]}}