{"id":1738,"date":"2014-09-08T12:25:50","date_gmt":"2014-09-08T10:25:50","guid":{"rendered":"http:\/\/blog.zeit.de\/ladurnerulrich\/?p=1738"},"modified":"2014-09-08T13:32:02","modified_gmt":"2014-09-08T11:32:02","slug":"grillo-in-zeiten-von-ebola","status":"publish","type":"post","link":"https:\/\/blog.zeit.de\/ladurnerulrich\/2014\/09\/08\/grillo-in-zeiten-von-ebola\/","title":{"rendered":"Grillo in Zeiten von Ebola"},"content":{"rendered":"<p>Der italienische Politiker und ehemalige Komiker Beppe Grillo \u00fcberlegt sich jeden Tag, welchen explosiven\u00a0Cocktail er in seiner schummrigen Bar mixen kann, um ihn dann den Italienern zu servieren.<\/p>\n<p>Das spielt sich in etwa folgenderma\u00dfen ab: Der italienische Innenminister gibt bekannt, dass in den ersten sechs Monaten dieses Jahres 100.000 Fl\u00fcchtlinge an den K\u00fcsten Italiens gelandet sind, so viele wie noch nie.<\/p>\n<p>100.000 \u2013 eine Zahl, die viele Italiener verunsichert. Sie sind ohnehin in einer d\u00fcsteren Gem\u00fctsverfassung. Seit Jahren befindet sich die Wirtschaft in einem desolaten Zustand. Die politischen Institutionen sind blockiert. Kurzfristige Aussicht auf Besserung gibt es nicht, auch nicht mit dem dynamischen, jungen Premier Matteo Renzi, der seit Februar im Amt ist. Gute Zeiten f\u00fcr Angstmacher.<\/p>\n<p>Grillo schnappt\u00a0auf, dass eine der Polizeigewerkschaften (es gibt mehrere)\u00a0beklagt, Polizisten seien\u00a0nicht ausreichend\u00a0mit Schutzmasken und Handschuhen ausgestattet, wenn sie mit Fl\u00fcchtlingen in Kontakt kommen. Au\u00dferdem h\u00e4tte man bei 40 von 1.000 untersuchten Polizisten Tuberkulose festgestellt \u2013 eine Behauptung, die vom\u00a0Direktor der\u00a0nationalen Gesundheitsabteilung der Polizei umgehend dementiert wird. &#8222;Kein Polizist ist krank, keiner ist ansteckend!&#8220;<\/p>\n<p>Aber das macht nichts. Grillo wei\u00df jetzt, wie er seinen Cocktail zu mischen hat.<\/p>\n<p>Er rechnet ein bisschen rum und schreibt dann in seinem\u00a0viel gelesenen\u00a0Blog: &#8222;50.000 Polizisten riskieren, mit TBC infiziert zu werden!&#8220;<\/p>\n<p>Wie er auf die Zahl kommt? Keiner wei\u00df es, aber das ist auch nicht mehr wichtig.<\/p>\n<p>Die giftige Botschaft ist drau\u00dfen. &#8222;Grillo: Immigranten schleppen TBC ein!&#8220;, schreiben die Zeitungen.<\/p>\n<p>Die Krankheit, behauptet Grillo, sei in Italien seit Jahren ausgemerzt. Aber jetzt stiegen die Zahlen wieder an. Die Organisation \u00c4rzte ohne Grenzen widerspricht. Erstens sei TBC in Italien nie vollst\u00e4ndig ausgemerzt gewesen, zweitens seien die Zahlen der TBC-F\u00e4lle in Italien r\u00fcckl\u00e4ufig.<\/p>\n<p>Aber wer h\u00f6rt das noch?<\/p>\n<p>Grillo wirft eine weitere Angstpille in seinen Cocktail: Ebola.\u00a0&#8222;Weil wir hier (in Italien, Anm. d. A.) nicht \u00fcber Rassismus reden wollen&#8220;, schreibt er in seinem Blog, &#8222;haben wir die groteske Situation, dass die afrikanischen Staaten ihre Grenzen aus Furcht vor der Ausbreitung von Ebola schlie\u00dfen (&#8230;), w\u00e4hrend wir unserer Grenze weit offen halten und nicht einmal jene, die aus wer-wei\u00df-woher kommen, medizinisch untersuchen&#8220;.<\/p>\n<p>Grillo hat bei den Wahlen im Februar 2013 ein Viertel der Stimmen bekommen \u2014 sein <em>Movimento 5 Stelle<\/em> ist die st\u00e4rkste Partei im italienischen Parlament.<\/p>\n<p>&nbsp;<\/p>\n<p>&nbsp;<\/p>\n<p>&nbsp;<\/p>\n<p>&nbsp;<\/p>\n<p>&nbsp;<\/p>\n<p>&nbsp;<\/p>\n","protected":false},"excerpt":{"rendered":"<p>Der italienische Politiker und ehemalige Komiker Beppe Grillo \u00fcberlegt sich jeden Tag, welchen explosiven\u00a0Cocktail er in seiner schummrigen Bar mixen kann, um ihn dann den Italienern zu servieren. Das spielt sich in etwa folgenderma\u00dfen ab: Der italienische Innenminister gibt bekannt, dass in den ersten sechs Monaten dieses Jahres 100.000 Fl\u00fcchtlinge an den K\u00fcsten Italiens gelandet [&hellip;]<\/p>\n","protected":false},"author":87,"featured_media":0,"comment_status":"open","ping_status":"open","sticky":false,"template":"","format":"standard","meta":{"_jetpack_memberships_contains_paid_content":false,"footnotes":""},"categories":[1],"tags":[],"class_list":["post-1738","post","type-post","status-publish","format-standard","hentry","category-allgemein"],"yoast_head":"<!-- This site is optimized with the Yoast SEO plugin v21.0 - https:\/\/yoast.com\/wordpress\/plugins\/seo\/ -->\n<title>Grillo in Zeiten von Ebola - Unterwegs in Europa<\/title>\n<meta name=\"robots\" content=\"index, follow, max-snippet:-1, max-image-preview:large, max-video-preview:-1\" \/>\n<link rel=\"canonical\" href=\"https:\/\/blog.zeit.de\/ladurnerulrich\/2014\/09\/08\/grillo-in-zeiten-von-ebola\/\" \/>\n<meta property=\"og:locale\" content=\"de_DE\" \/>\n<meta property=\"og:type\" content=\"article\" \/>\n<meta property=\"og:title\" content=\"Grillo in Zeiten von Ebola - Unterwegs in Europa\" \/>\n<meta property=\"og:description\" content=\"Der italienische Politiker und ehemalige Komiker Beppe Grillo \u00fcberlegt sich jeden Tag, welchen explosiven\u00a0Cocktail er in seiner schummrigen Bar mixen kann, um ihn dann den Italienern zu servieren. Das spielt sich in etwa folgenderma\u00dfen ab: Der italienische Innenminister gibt bekannt, dass in den ersten sechs Monaten dieses Jahres 100.000 Fl\u00fcchtlinge an den K\u00fcsten Italiens gelandet [&hellip;]\" \/>\n<meta property=\"og:url\" content=\"https:\/\/blog.zeit.de\/ladurnerulrich\/2014\/09\/08\/grillo-in-zeiten-von-ebola\/\" \/>\n<meta property=\"og:site_name\" content=\"Unterwegs in Europa\" \/>\n<meta property=\"article:published_time\" content=\"2014-09-08T10:25:50+00:00\" \/>\n<meta property=\"article:modified_time\" content=\"2014-09-08T11:32:02+00:00\" \/>\n<meta name=\"author\" content=\"Ulrich Ladurner\" \/>\n<meta name=\"twitter:label1\" content=\"Geschrieben von\" \/>\n\t<meta name=\"twitter:data1\" content=\"Ulrich Ladurner\" \/>\n\t<meta name=\"twitter:label2\" content=\"Gesch\u00e4tzte Lesezeit\" \/>\n\t<meta name=\"twitter:data2\" content=\"2\u00a0Minuten\" \/>\n<script type=\"application\/ld+json\" class=\"yoast-schema-graph\">{\"@context\":\"https:\/\/schema.org\",\"@graph\":[{\"@type\":\"WebPage\",\"@id\":\"https:\/\/blog.zeit.de\/ladurnerulrich\/2014\/09\/08\/grillo-in-zeiten-von-ebola\/\",\"url\":\"https:\/\/blog.zeit.de\/ladurnerulrich\/2014\/09\/08\/grillo-in-zeiten-von-ebola\/\",\"name\":\"Grillo in Zeiten von Ebola - Unterwegs in Europa\",\"isPartOf\":{\"@id\":\"https:\/\/blog.zeit.de\/ladurnerulrich\/#website\"},\"datePublished\":\"2014-09-08T10:25:50+00:00\",\"dateModified\":\"2014-09-08T11:32:02+00:00\",\"author\":{\"@id\":\"https:\/\/blog.zeit.de\/ladurnerulrich\/#\/schema\/person\/41f9ab2ef02a3e3602daf321c07007f6\"},\"breadcrumb\":{\"@id\":\"https:\/\/blog.zeit.de\/ladurnerulrich\/2014\/09\/08\/grillo-in-zeiten-von-ebola\/#breadcrumb\"},\"inLanguage\":\"de\",\"potentialAction\":[{\"@type\":\"ReadAction\",\"target\":[\"https:\/\/blog.zeit.de\/ladurnerulrich\/2014\/09\/08\/grillo-in-zeiten-von-ebola\/\"]}]},{\"@type\":\"BreadcrumbList\",\"@id\":\"https:\/\/blog.zeit.de\/ladurnerulrich\/2014\/09\/08\/grillo-in-zeiten-von-ebola\/#breadcrumb\",\"itemListElement\":[{\"@type\":\"ListItem\",\"position\":1,\"name\":\"Startseite\",\"item\":\"https:\/\/blog.zeit.de\/ladurnerulrich\/\"},{\"@type\":\"ListItem\",\"position\":2,\"name\":\"Grillo in Zeiten von Ebola\"}]},{\"@type\":\"WebSite\",\"@id\":\"https:\/\/blog.zeit.de\/ladurnerulrich\/#website\",\"url\":\"https:\/\/blog.zeit.de\/ladurnerulrich\/\",\"name\":\"Unterwegs in Europa\",\"description\":\"Ladurners Blog f\u00fcr Einblicke in un\u00fcbersichtliche Landschaften\",\"potentialAction\":[{\"@type\":\"SearchAction\",\"target\":{\"@type\":\"EntryPoint\",\"urlTemplate\":\"https:\/\/blog.zeit.de\/ladurnerulrich\/?s={search_term_string}\"},\"query-input\":\"required name=search_term_string\"}],\"inLanguage\":\"de\"},{\"@type\":\"Person\",\"@id\":\"https:\/\/blog.zeit.de\/ladurnerulrich\/#\/schema\/person\/41f9ab2ef02a3e3602daf321c07007f6\",\"name\":\"Ulrich Ladurner\",\"image\":{\"@type\":\"ImageObject\",\"inLanguage\":\"de\",\"@id\":\"https:\/\/blog.zeit.de\/ladurnerulrich\/#\/schema\/person\/image\/\",\"url\":\"https:\/\/secure.gravatar.com\/avatar\/d01052e766579414676df807ab6fd98f6598a3bceab8af45b2984cba94333280?s=96&d=mm&r=g\",\"contentUrl\":\"https:\/\/secure.gravatar.com\/avatar\/d01052e766579414676df807ab6fd98f6598a3bceab8af45b2984cba94333280?s=96&d=mm&r=g\",\"caption\":\"Ulrich Ladurner\"},\"description\":\"lebt seit 1999 in Hamburg. Seitdem staunt er dar\u00fcber, was man in dieser Stadt erleben kann. Weil das mit dem Wundern nicht aufh\u00f6rt, gibt es diese Kolumne.\",\"sameAs\":[\"http:\/\/www.zeit.de\"],\"url\":\"https:\/\/blog.zeit.de\/ladurnerulrich\/author\/ulli-ladurner\/\"}]}<\/script>\n<!-- \/ Yoast SEO plugin. -->","yoast_head_json":{"title":"Grillo in Zeiten von Ebola - Unterwegs in Europa","robots":{"index":"index","follow":"follow","max-snippet":"max-snippet:-1","max-image-preview":"max-image-preview:large","max-video-preview":"max-video-preview:-1"},"canonical":"https:\/\/blog.zeit.de\/ladurnerulrich\/2014\/09\/08\/grillo-in-zeiten-von-ebola\/","og_locale":"de_DE","og_type":"article","og_title":"Grillo in Zeiten von Ebola - Unterwegs in Europa","og_description":"Der italienische Politiker und ehemalige Komiker Beppe Grillo \u00fcberlegt sich jeden Tag, welchen explosiven\u00a0Cocktail er in seiner schummrigen Bar mixen kann, um ihn dann den Italienern zu servieren. Das spielt sich in etwa folgenderma\u00dfen ab: Der italienische Innenminister gibt bekannt, dass in den ersten sechs Monaten dieses Jahres 100.000 Fl\u00fcchtlinge an den K\u00fcsten Italiens gelandet [&hellip;]","og_url":"https:\/\/blog.zeit.de\/ladurnerulrich\/2014\/09\/08\/grillo-in-zeiten-von-ebola\/","og_site_name":"Unterwegs in Europa","article_published_time":"2014-09-08T10:25:50+00:00","article_modified_time":"2014-09-08T11:32:02+00:00","author":"Ulrich Ladurner","twitter_misc":{"Geschrieben von":"Ulrich Ladurner","Gesch\u00e4tzte Lesezeit":"2\u00a0Minuten"},"schema":{"@context":"https:\/\/schema.org","@graph":[{"@type":"WebPage","@id":"https:\/\/blog.zeit.de\/ladurnerulrich\/2014\/09\/08\/grillo-in-zeiten-von-ebola\/","url":"https:\/\/blog.zeit.de\/ladurnerulrich\/2014\/09\/08\/grillo-in-zeiten-von-ebola\/","name":"Grillo in Zeiten von Ebola - Unterwegs in Europa","isPartOf":{"@id":"https:\/\/blog.zeit.de\/ladurnerulrich\/#website"},"datePublished":"2014-09-08T10:25:50+00:00","dateModified":"2014-09-08T11:32:02+00:00","author":{"@id":"https:\/\/blog.zeit.de\/ladurnerulrich\/#\/schema\/person\/41f9ab2ef02a3e3602daf321c07007f6"},"breadcrumb":{"@id":"https:\/\/blog.zeit.de\/ladurnerulrich\/2014\/09\/08\/grillo-in-zeiten-von-ebola\/#breadcrumb"},"inLanguage":"de","potentialAction":[{"@type":"ReadAction","target":["https:\/\/blog.zeit.de\/ladurnerulrich\/2014\/09\/08\/grillo-in-zeiten-von-ebola\/"]}]},{"@type":"BreadcrumbList","@id":"https:\/\/blog.zeit.de\/ladurnerulrich\/2014\/09\/08\/grillo-in-zeiten-von-ebola\/#breadcrumb","itemListElement":[{"@type":"ListItem","position":1,"name":"Startseite","item":"https:\/\/blog.zeit.de\/ladurnerulrich\/"},{"@type":"ListItem","position":2,"name":"Grillo in Zeiten von Ebola"}]},{"@type":"WebSite","@id":"https:\/\/blog.zeit.de\/ladurnerulrich\/#website","url":"https:\/\/blog.zeit.de\/ladurnerulrich\/","name":"Unterwegs in Europa","description":"Ladurners Blog f\u00fcr Einblicke in un\u00fcbersichtliche Landschaften","potentialAction":[{"@type":"SearchAction","target":{"@type":"EntryPoint","urlTemplate":"https:\/\/blog.zeit.de\/ladurnerulrich\/?s={search_term_string}"},"query-input":"required name=search_term_string"}],"inLanguage":"de"},{"@type":"Person","@id":"https:\/\/blog.zeit.de\/ladurnerulrich\/#\/schema\/person\/41f9ab2ef02a3e3602daf321c07007f6","name":"Ulrich Ladurner","image":{"@type":"ImageObject","inLanguage":"de","@id":"https:\/\/blog.zeit.de\/ladurnerulrich\/#\/schema\/person\/image\/","url":"https:\/\/secure.gravatar.com\/avatar\/d01052e766579414676df807ab6fd98f6598a3bceab8af45b2984cba94333280?s=96&d=mm&r=g","contentUrl":"https:\/\/secure.gravatar.com\/avatar\/d01052e766579414676df807ab6fd98f6598a3bceab8af45b2984cba94333280?s=96&d=mm&r=g","caption":"Ulrich Ladurner"},"description":"lebt seit 1999 in Hamburg. Seitdem staunt er dar\u00fcber, was man in dieser Stadt erleben kann. Weil das mit dem Wundern nicht aufh\u00f6rt, gibt es diese Kolumne.","sameAs":["http:\/\/www.zeit.de"],"url":"https:\/\/blog.zeit.de\/ladurnerulrich\/author\/ulli-ladurner\/"}]}},"jetpack_featured_media_url":"","jetpack_sharing_enabled":true,"_links":{"self":[{"href":"https:\/\/blog.zeit.de\/ladurnerulrich\/wp-json\/wp\/v2\/posts\/1738","targetHints":{"allow":["GET"]}}],"collection":[{"href":"https:\/\/blog.zeit.de\/ladurnerulrich\/wp-json\/wp\/v2\/posts"}],"about":[{"href":"https:\/\/blog.zeit.de\/ladurnerulrich\/wp-json\/wp\/v2\/types\/post"}],"author":[{"embeddable":true,"href":"https:\/\/blog.zeit.de\/ladurnerulrich\/wp-json\/wp\/v2\/users\/87"}],"replies":[{"embeddable":true,"href":"https:\/\/blog.zeit.de\/ladurnerulrich\/wp-json\/wp\/v2\/comments?post=1738"}],"version-history":[{"count":7,"href":"https:\/\/blog.zeit.de\/ladurnerulrich\/wp-json\/wp\/v2\/posts\/1738\/revisions"}],"predecessor-version":[{"id":1747,"href":"https:\/\/blog.zeit.de\/ladurnerulrich\/wp-json\/wp\/v2\/posts\/1738\/revisions\/1747"}],"wp:attachment":[{"href":"https:\/\/blog.zeit.de\/ladurnerulrich\/wp-json\/wp\/v2\/media?parent=1738"}],"wp:term":[{"taxonomy":"category","embeddable":true,"href":"https:\/\/blog.zeit.de\/ladurnerulrich\/wp-json\/wp\/v2\/categories?post=1738"},{"taxonomy":"post_tag","embeddable":true,"href":"https:\/\/blog.zeit.de\/ladurnerulrich\/wp-json\/wp\/v2\/tags?post=1738"}],"curies":[{"name":"wp","href":"https:\/\/api.w.org\/{rel}","templated":true}]}}