{"id":1803,"date":"2014-09-26T11:40:14","date_gmt":"2014-09-26T09:40:14","guid":{"rendered":"http:\/\/blog.zeit.de\/ladurnerulrich\/?p=1803"},"modified":"2014-09-26T12:00:30","modified_gmt":"2014-09-26T10:00:30","slug":"soldaten-gegen-die-furcht-vor-den-viren","status":"publish","type":"post","link":"https:\/\/blog.zeit.de\/ladurnerulrich\/2014\/09\/26\/soldaten-gegen-die-furcht-vor-den-viren\/","title":{"rendered":"Soldaten gegen die Furcht vor den Viren"},"content":{"rendered":"<p>Die USA haben 3.000 Soldaten nach Liberia geschickt, um die Ebola-Epidemie einzud\u00e4mmen. Es ist die gr\u00f6\u00dfte milit\u00e4rische Mission\u00a0der USA auf dem Kontinent seit 1992\/93. Damals landeten amerikanische Truppen in Somalia. Sie waren Teil der UN\u2013Operation &#8222;<em>Restore\u00a0Hope&#8220;<\/em>, die das Ziel hatte, den von Hungersnot und B\u00fcrgerkrieg heimgesuchten Somaliern zu helfen. Die Sache ging b\u00f6se aus.<\/p>\n<p>18 US\u2013Soldaten starben bei K\u00e4mpfen gegen somalische Kriegsherren in den Stra\u00dfen von Mogadischu. Die toten Soldaten wurden von einer jubelnden Menge durch die Stra\u00dfen der Stadt geschleift. F\u00fcr die USA war es eine traumatische Erfahrung. Der damalige Pr\u00e4sident Bill Clinton zog die Truppen aus Somalia schnell zur\u00fcck. Interventionen betrachtete er\u00a0danach mit gr\u00f6\u00dfter Skepsis.\u00a0Das hatte weitreichende Folgen.<\/p>\n<p>Als sich 1994 in Ruanda der V\u00f6lkermord ereignete, schauten die USA (und nicht nur sie) tatenlos zu \u2013 auch aus Angst vor einem zweiten Mogadischu. Und Osama bin Laden verwies in seinen Reden immer wieder auf den \u00fcberst\u00fcrzten\u00a0R\u00fcckzug der US-Armee aus Somalia, um seine Anh\u00e4nger von der Schw\u00e4che der USA zu \u00fcberzeugen.<\/p>\n<p>Ist es denkbar, dass die US-Soldaten in Liberia in eine vergleichbare Situation kommen? Ja und Nein.<\/p>\n<p>Die Liberianer erhoffen sich viel von der Hilfe der USA,\u00a0auch weil die eigene Regierung im Kampf gegen Ebola versagt hat. Die Erwartungen sind hoch, und die Soldaten sind willkommen.<\/p>\n<p>Doch dann gibt es diese andere Geschichte. Im benachbarten Guinea sind vor wenigen Tagen acht Hilfskr\u00e4fte ermordet worden, die in ein Dorf gefahren waren, um die Menschen \u00fcber Ebola aufzukl\u00e4ren. Ein Journalist, der das Team begleitet hatte und fliehen konnte, berichtete, dass die Helfer von einer Menschenmenge\u00a0zun\u00e4chst mit Steinen beworfen und dann mit Macheten und Kn\u00fcppeln erschlagen wurde.\u00a0Es ist nicht klar, weshalb es zu den Morden kam, aber offenbar glaubten die Leute, dass die Fremden in Schutzanz\u00fcgen gekommen waren, um die Menschen zu infizieren.<\/p>\n<p>Mangelnde Aufkl\u00e4rung und fehlendes Vertrauen in die Beh\u00f6rden \u2014 das ergab den\u00a0t\u00f6dlichen Mix. Den gibt es auch in Liberia. Und beigemischt werden nun Soldaten aus einem fremden Land. Ohnehin genie\u00dfen Uniformierte\u00a0in dem bis vor wenigen Jahren von einem B\u00fcrgerkrieg ersch\u00fctterten Land einen zweifelhaften Ruf.<\/p>\n<p>Bei aller Freude \u00fcber ihr Kommen, die Amerikaner werden sich mit gro\u00dfer Umsicht bewegen m\u00fcssen. Das gilt auch f\u00fcr die 500\u00a0Bundeswehrsoldaten, die in die von Ebola betroffenen Gebiete entsendet werden.<\/p>\n<p>Auch wenn es nicht wahrscheinlich sein mag \u2013 die Regierungen, die ihre Soldaten jetzt nach Westafrika schicken, m\u00fcssen sich auch diese Frage stellen: Was w\u00fcrden wir tun, wenn ein Dutzend unserer Soldaten erschlagen w\u00fcrde?<\/p>\n","protected":false},"excerpt":{"rendered":"<p>Die USA haben 3.000 Soldaten nach Liberia geschickt, um die Ebola-Epidemie einzud\u00e4mmen. Es ist die gr\u00f6\u00dfte milit\u00e4rische Mission\u00a0der USA auf dem Kontinent seit 1992\/93. Damals landeten amerikanische Truppen in Somalia. Sie waren Teil der UN\u2013Operation &#8222;Restore\u00a0Hope&#8220;, die das Ziel hatte, den von Hungersnot und B\u00fcrgerkrieg heimgesuchten Somaliern zu helfen. Die Sache ging b\u00f6se aus. 18 [&hellip;]<\/p>\n","protected":false},"author":87,"featured_media":0,"comment_status":"open","ping_status":"open","sticky":false,"template":"","format":"standard","meta":{"_jetpack_memberships_contains_paid_content":false,"footnotes":""},"categories":[1],"tags":[38449,24013,185,24014,28239,4381,125],"class_list":["post-1803","post","type-post","status-publish","format-standard","hentry","category-allgemein","tag-bundeswehr","tag-ebola","tag-liberia","tag-militaer","tag-soldaten","tag-somalia","tag-usa"],"yoast_head":"<!-- This site is optimized with the Yoast SEO plugin v21.0 - https:\/\/yoast.com\/wordpress\/plugins\/seo\/ -->\n<title>Soldaten gegen die Furcht vor den Viren - Unterwegs in Europa<\/title>\n<meta name=\"robots\" content=\"index, follow, max-snippet:-1, max-image-preview:large, max-video-preview:-1\" \/>\n<link rel=\"canonical\" href=\"https:\/\/blog.zeit.de\/ladurnerulrich\/2014\/09\/26\/soldaten-gegen-die-furcht-vor-den-viren\/\" \/>\n<meta property=\"og:locale\" content=\"de_DE\" \/>\n<meta property=\"og:type\" content=\"article\" \/>\n<meta property=\"og:title\" content=\"Soldaten gegen die Furcht vor den Viren - Unterwegs in Europa\" \/>\n<meta property=\"og:description\" content=\"Die USA haben 3.000 Soldaten nach Liberia geschickt, um die Ebola-Epidemie einzud\u00e4mmen. Es ist die gr\u00f6\u00dfte milit\u00e4rische Mission\u00a0der USA auf dem Kontinent seit 1992\/93. Damals landeten amerikanische Truppen in Somalia. Sie waren Teil der UN\u2013Operation &#8222;Restore\u00a0Hope&#8220;, die das Ziel hatte, den von Hungersnot und B\u00fcrgerkrieg heimgesuchten Somaliern zu helfen. Die Sache ging b\u00f6se aus. 18 [&hellip;]\" \/>\n<meta property=\"og:url\" content=\"https:\/\/blog.zeit.de\/ladurnerulrich\/2014\/09\/26\/soldaten-gegen-die-furcht-vor-den-viren\/\" \/>\n<meta property=\"og:site_name\" content=\"Unterwegs in Europa\" \/>\n<meta property=\"article:published_time\" content=\"2014-09-26T09:40:14+00:00\" \/>\n<meta property=\"article:modified_time\" content=\"2014-09-26T10:00:30+00:00\" \/>\n<meta name=\"author\" content=\"Ulrich Ladurner\" \/>\n<meta name=\"twitter:label1\" content=\"Geschrieben von\" \/>\n\t<meta name=\"twitter:data1\" content=\"Ulrich Ladurner\" \/>\n\t<meta name=\"twitter:label2\" content=\"Gesch\u00e4tzte Lesezeit\" \/>\n\t<meta name=\"twitter:data2\" content=\"2\u00a0Minuten\" \/>\n<script type=\"application\/ld+json\" class=\"yoast-schema-graph\">{\"@context\":\"https:\/\/schema.org\",\"@graph\":[{\"@type\":\"WebPage\",\"@id\":\"https:\/\/blog.zeit.de\/ladurnerulrich\/2014\/09\/26\/soldaten-gegen-die-furcht-vor-den-viren\/\",\"url\":\"https:\/\/blog.zeit.de\/ladurnerulrich\/2014\/09\/26\/soldaten-gegen-die-furcht-vor-den-viren\/\",\"name\":\"Soldaten gegen die Furcht vor den Viren - Unterwegs in Europa\",\"isPartOf\":{\"@id\":\"https:\/\/blog.zeit.de\/ladurnerulrich\/#website\"},\"datePublished\":\"2014-09-26T09:40:14+00:00\",\"dateModified\":\"2014-09-26T10:00:30+00:00\",\"author\":{\"@id\":\"https:\/\/blog.zeit.de\/ladurnerulrich\/#\/schema\/person\/41f9ab2ef02a3e3602daf321c07007f6\"},\"breadcrumb\":{\"@id\":\"https:\/\/blog.zeit.de\/ladurnerulrich\/2014\/09\/26\/soldaten-gegen-die-furcht-vor-den-viren\/#breadcrumb\"},\"inLanguage\":\"de\",\"potentialAction\":[{\"@type\":\"ReadAction\",\"target\":[\"https:\/\/blog.zeit.de\/ladurnerulrich\/2014\/09\/26\/soldaten-gegen-die-furcht-vor-den-viren\/\"]}]},{\"@type\":\"BreadcrumbList\",\"@id\":\"https:\/\/blog.zeit.de\/ladurnerulrich\/2014\/09\/26\/soldaten-gegen-die-furcht-vor-den-viren\/#breadcrumb\",\"itemListElement\":[{\"@type\":\"ListItem\",\"position\":1,\"name\":\"Startseite\",\"item\":\"https:\/\/blog.zeit.de\/ladurnerulrich\/\"},{\"@type\":\"ListItem\",\"position\":2,\"name\":\"Soldaten gegen die Furcht vor den Viren\"}]},{\"@type\":\"WebSite\",\"@id\":\"https:\/\/blog.zeit.de\/ladurnerulrich\/#website\",\"url\":\"https:\/\/blog.zeit.de\/ladurnerulrich\/\",\"name\":\"Unterwegs in Europa\",\"description\":\"Ladurners Blog f\u00fcr Einblicke in un\u00fcbersichtliche Landschaften\",\"potentialAction\":[{\"@type\":\"SearchAction\",\"target\":{\"@type\":\"EntryPoint\",\"urlTemplate\":\"https:\/\/blog.zeit.de\/ladurnerulrich\/?s={search_term_string}\"},\"query-input\":\"required name=search_term_string\"}],\"inLanguage\":\"de\"},{\"@type\":\"Person\",\"@id\":\"https:\/\/blog.zeit.de\/ladurnerulrich\/#\/schema\/person\/41f9ab2ef02a3e3602daf321c07007f6\",\"name\":\"Ulrich Ladurner\",\"image\":{\"@type\":\"ImageObject\",\"inLanguage\":\"de\",\"@id\":\"https:\/\/blog.zeit.de\/ladurnerulrich\/#\/schema\/person\/image\/\",\"url\":\"https:\/\/secure.gravatar.com\/avatar\/d01052e766579414676df807ab6fd98f6598a3bceab8af45b2984cba94333280?s=96&d=mm&r=g\",\"contentUrl\":\"https:\/\/secure.gravatar.com\/avatar\/d01052e766579414676df807ab6fd98f6598a3bceab8af45b2984cba94333280?s=96&d=mm&r=g\",\"caption\":\"Ulrich Ladurner\"},\"description\":\"lebt seit 1999 in Hamburg. Seitdem staunt er dar\u00fcber, was man in dieser Stadt erleben kann. Weil das mit dem Wundern nicht aufh\u00f6rt, gibt es diese Kolumne.\",\"sameAs\":[\"http:\/\/www.zeit.de\"],\"url\":\"https:\/\/blog.zeit.de\/ladurnerulrich\/author\/ulli-ladurner\/\"}]}<\/script>\n<!-- \/ Yoast SEO plugin. -->","yoast_head_json":{"title":"Soldaten gegen die Furcht vor den Viren - Unterwegs in Europa","robots":{"index":"index","follow":"follow","max-snippet":"max-snippet:-1","max-image-preview":"max-image-preview:large","max-video-preview":"max-video-preview:-1"},"canonical":"https:\/\/blog.zeit.de\/ladurnerulrich\/2014\/09\/26\/soldaten-gegen-die-furcht-vor-den-viren\/","og_locale":"de_DE","og_type":"article","og_title":"Soldaten gegen die Furcht vor den Viren - Unterwegs in Europa","og_description":"Die USA haben 3.000 Soldaten nach Liberia geschickt, um die Ebola-Epidemie einzud\u00e4mmen. Es ist die gr\u00f6\u00dfte milit\u00e4rische Mission\u00a0der USA auf dem Kontinent seit 1992\/93. Damals landeten amerikanische Truppen in Somalia. Sie waren Teil der UN\u2013Operation &#8222;Restore\u00a0Hope&#8220;, die das Ziel hatte, den von Hungersnot und B\u00fcrgerkrieg heimgesuchten Somaliern zu helfen. Die Sache ging b\u00f6se aus. 18 [&hellip;]","og_url":"https:\/\/blog.zeit.de\/ladurnerulrich\/2014\/09\/26\/soldaten-gegen-die-furcht-vor-den-viren\/","og_site_name":"Unterwegs in Europa","article_published_time":"2014-09-26T09:40:14+00:00","article_modified_time":"2014-09-26T10:00:30+00:00","author":"Ulrich Ladurner","twitter_misc":{"Geschrieben von":"Ulrich Ladurner","Gesch\u00e4tzte Lesezeit":"2\u00a0Minuten"},"schema":{"@context":"https:\/\/schema.org","@graph":[{"@type":"WebPage","@id":"https:\/\/blog.zeit.de\/ladurnerulrich\/2014\/09\/26\/soldaten-gegen-die-furcht-vor-den-viren\/","url":"https:\/\/blog.zeit.de\/ladurnerulrich\/2014\/09\/26\/soldaten-gegen-die-furcht-vor-den-viren\/","name":"Soldaten gegen die Furcht vor den Viren - Unterwegs in Europa","isPartOf":{"@id":"https:\/\/blog.zeit.de\/ladurnerulrich\/#website"},"datePublished":"2014-09-26T09:40:14+00:00","dateModified":"2014-09-26T10:00:30+00:00","author":{"@id":"https:\/\/blog.zeit.de\/ladurnerulrich\/#\/schema\/person\/41f9ab2ef02a3e3602daf321c07007f6"},"breadcrumb":{"@id":"https:\/\/blog.zeit.de\/ladurnerulrich\/2014\/09\/26\/soldaten-gegen-die-furcht-vor-den-viren\/#breadcrumb"},"inLanguage":"de","potentialAction":[{"@type":"ReadAction","target":["https:\/\/blog.zeit.de\/ladurnerulrich\/2014\/09\/26\/soldaten-gegen-die-furcht-vor-den-viren\/"]}]},{"@type":"BreadcrumbList","@id":"https:\/\/blog.zeit.de\/ladurnerulrich\/2014\/09\/26\/soldaten-gegen-die-furcht-vor-den-viren\/#breadcrumb","itemListElement":[{"@type":"ListItem","position":1,"name":"Startseite","item":"https:\/\/blog.zeit.de\/ladurnerulrich\/"},{"@type":"ListItem","position":2,"name":"Soldaten gegen die Furcht vor den Viren"}]},{"@type":"WebSite","@id":"https:\/\/blog.zeit.de\/ladurnerulrich\/#website","url":"https:\/\/blog.zeit.de\/ladurnerulrich\/","name":"Unterwegs in Europa","description":"Ladurners Blog f\u00fcr Einblicke in un\u00fcbersichtliche Landschaften","potentialAction":[{"@type":"SearchAction","target":{"@type":"EntryPoint","urlTemplate":"https:\/\/blog.zeit.de\/ladurnerulrich\/?s={search_term_string}"},"query-input":"required name=search_term_string"}],"inLanguage":"de"},{"@type":"Person","@id":"https:\/\/blog.zeit.de\/ladurnerulrich\/#\/schema\/person\/41f9ab2ef02a3e3602daf321c07007f6","name":"Ulrich Ladurner","image":{"@type":"ImageObject","inLanguage":"de","@id":"https:\/\/blog.zeit.de\/ladurnerulrich\/#\/schema\/person\/image\/","url":"https:\/\/secure.gravatar.com\/avatar\/d01052e766579414676df807ab6fd98f6598a3bceab8af45b2984cba94333280?s=96&d=mm&r=g","contentUrl":"https:\/\/secure.gravatar.com\/avatar\/d01052e766579414676df807ab6fd98f6598a3bceab8af45b2984cba94333280?s=96&d=mm&r=g","caption":"Ulrich Ladurner"},"description":"lebt seit 1999 in Hamburg. Seitdem staunt er dar\u00fcber, was man in dieser Stadt erleben kann. Weil das mit dem Wundern nicht aufh\u00f6rt, gibt es diese Kolumne.","sameAs":["http:\/\/www.zeit.de"],"url":"https:\/\/blog.zeit.de\/ladurnerulrich\/author\/ulli-ladurner\/"}]}},"jetpack_featured_media_url":"","jetpack_sharing_enabled":true,"_links":{"self":[{"href":"https:\/\/blog.zeit.de\/ladurnerulrich\/wp-json\/wp\/v2\/posts\/1803","targetHints":{"allow":["GET"]}}],"collection":[{"href":"https:\/\/blog.zeit.de\/ladurnerulrich\/wp-json\/wp\/v2\/posts"}],"about":[{"href":"https:\/\/blog.zeit.de\/ladurnerulrich\/wp-json\/wp\/v2\/types\/post"}],"author":[{"embeddable":true,"href":"https:\/\/blog.zeit.de\/ladurnerulrich\/wp-json\/wp\/v2\/users\/87"}],"replies":[{"embeddable":true,"href":"https:\/\/blog.zeit.de\/ladurnerulrich\/wp-json\/wp\/v2\/comments?post=1803"}],"version-history":[{"count":14,"href":"https:\/\/blog.zeit.de\/ladurnerulrich\/wp-json\/wp\/v2\/posts\/1803\/revisions"}],"predecessor-version":[{"id":1822,"href":"https:\/\/blog.zeit.de\/ladurnerulrich\/wp-json\/wp\/v2\/posts\/1803\/revisions\/1822"}],"wp:attachment":[{"href":"https:\/\/blog.zeit.de\/ladurnerulrich\/wp-json\/wp\/v2\/media?parent=1803"}],"wp:term":[{"taxonomy":"category","embeddable":true,"href":"https:\/\/blog.zeit.de\/ladurnerulrich\/wp-json\/wp\/v2\/categories?post=1803"},{"taxonomy":"post_tag","embeddable":true,"href":"https:\/\/blog.zeit.de\/ladurnerulrich\/wp-json\/wp\/v2\/tags?post=1803"}],"curies":[{"name":"wp","href":"https:\/\/api.w.org\/{rel}","templated":true}]}}