{"id":1827,"date":"2014-09-29T17:52:11","date_gmt":"2014-09-29T15:52:11","guid":{"rendered":"http:\/\/blog.zeit.de\/ladurnerulrich\/?p=1827"},"modified":"2014-09-29T18:20:20","modified_gmt":"2014-09-29T16:20:20","slug":"der-kampf-gegen-ebola-dient-auch-militaer-interessen","status":"publish","type":"post","link":"https:\/\/blog.zeit.de\/ladurnerulrich\/2014\/09\/29\/der-kampf-gegen-ebola-dient-auch-militaer-interessen\/","title":{"rendered":"Der Kampf gegen Ebola dient auch Milit\u00e4r-Interessen"},"content":{"rendered":"<p>Es ist ein Gl\u00fcck, dass US-Pr\u00e4sident Obama Soldaten einsetzt, um die Ebola-Epidemie in Westafrika zu bek\u00e4mpfen. Ein Gl\u00fcck, weil niemand sonst sich so massiv engagiert, weder Deutschland noch andere europ\u00e4ische Staaten, die \u00fcber die Ressourcen verf\u00fcgen, um den \u00fcberforderten westafrikanischen Staaten beizustehen.<\/p>\n<p>Trotzdem: Armeen verfolgen die strategischen Ziele ihres Staates. Das ist ihre Aufgabe. Auch wenn Soldaten\u00a0helfen, sind sind sie keine Hilfsorganisationen \u2013 sie sind immer Partei.<\/p>\n<p>Das Handbuch der amerikanischen Armee zur Aufstandsbek\u00e4mpfung, FM-3-24, bezeichnet alles von &#8222;medizinischer Hilfe\u00a0bis zu Infrastrukturprojekten&#8220; als Form der &#8222;Sicherheitskooperation&#8220;. \u00a0In FM 3-24\u00a0 \u2013 eine Art Bibel des US- Milit\u00e4rs \u2013 steht in umst\u00e4ndlichen S\u00e4tzen zu lesen: &#8222;Auch wenn nicht jede Aktivit\u00e4t der Sicherheitskooperation der Aufstandsbek\u00e4mpfung dient, so kann Sicherheitskooperation ein effizientes Instrument zur Aufstandsbek\u00e4mpfung sein. Diese Aktivit\u00e4ten helfen den USA und dem Gastgeberland, Glaubw\u00fcrdigkeit zu gewinnen und f\u00fcr das Gastgeberland Glaubw\u00fcrdigkeit aufzubauen. Das kann Aufst\u00e4nde verhindern helfen, bevor sie entstehen&#8230;&#8220;<\/p>\n<p>Umgem\u00fcnzt auf\u00a0Liberia, wo derzeit 3.000 US-Soldaten eingesetzt sind,\u00a0hei\u00dft das: Die Soldaten d\u00e4mmen Ebola ein, sie stabilisieren aber auch die liberianische\u00a0Regierung und sie polieren den Ruf der USA auf. Die strategische Bedeutung dieses\u00a0Einsatzes wird klar, wenn\u00a0man sich den geopolitischen und milit\u00e4rischen Kontext der\u00a0amerikanischen Hilfe vergegenw\u00e4rtigt: Die USA k\u00e4mpfen an mehreren Fronten um Afrika.<\/p>\n<p>Da ist zun\u00e4chst die wirtschaftspolitische.\u00a0China ist heute in vielen Bereichen die einflussreichste Nation in betr\u00e4chtlichen Teilen des Kontinents. Die USA haben das geschehen lassen. Erst Pr\u00e4sident Obama versucht nun an Boden zu gewinnen. Anfang August lud\u00a0er zum US-Afrika Gipfel nach Washington. Fast f\u00fcnfzig afrikanische Staatschefs kamen. Es war der gr\u00f6\u00dfte Gipfel dieser Art in der Geschichte. Amerikanische Unternehmen\u00a0versprachen Investitionen in H\u00f6he von 33 Milliarden Dollar.<\/p>\n<p>Dann gibt es die sicherheitspolitische, die milit\u00e4rische Front. Die\u00a0USA f\u00fchren seit einigen Jahren einen\u00a0verborgenen, aber sehr intensiven Krieg gegen den Terror in Afrika. Offiziell hat Amerika nur eine einzige Milit\u00e4rbasis auf dem afrikanischen Kontinent: Camp Lemonnier in Djibouti. Doch die US-Armee hat vor acht Jahren Africom gegr\u00fcndet,\u00a0ihr sechstes\u00a0Regionalkommando. Allein das ist\u00a0ein Zeichen f\u00fcr die gestiegene sicherheitspolitische Bedeutung Afrikas f\u00fcr die USA. Africom koordiniert alle milit\u00e4rischen Aktivit\u00e4ten auf dem afrikanischen Kontinent: von Drohnenangriffen \u00fcber die Entsendung von Spezialeinheiten bis hin zur Ausbildung afrikanischer Partner-Armeen.<\/p>\n<p>Seit einiger Zeit arbeiten die amerikanische und die franz\u00f6sische Armee eng zusammen, insbesondere in der Sahelzone, aber nicht nur dort. J\u00fcngst haben amerikanische Spezialeinheiten einen Kommandanten der somalischen Al Shabaab Miliz ums Leben gebracht, angeblich kam der entscheidenden Tipp von den Franzosen.<\/p>\n<p>Die Militarisierung Afrikas schreitet voran \u2014 auch die durchaus willkommene Hilfe der USA in Liberia ist ein Teil dieses Trends.<\/p>\n<p>\u00dcbrigens: Das Hauptquartier von Africom liegt Deutschland, um den Sitz beworben hatte sich vor acht Jahren Liberia. Die USA lehnte das Angebot ab. Stuttgart schien ihnen sicherer als Monrovia.<\/p>\n","protected":false},"excerpt":{"rendered":"<p>Es ist ein Gl\u00fcck, dass US-Pr\u00e4sident Obama Soldaten einsetzt, um die Ebola-Epidemie in Westafrika zu bek\u00e4mpfen. Ein Gl\u00fcck, weil niemand sonst sich so massiv engagiert, weder Deutschland noch andere europ\u00e4ische Staaten, die \u00fcber die Ressourcen verf\u00fcgen, um den \u00fcberforderten westafrikanischen Staaten beizustehen. Trotzdem: Armeen verfolgen die strategischen Ziele ihres Staates. Das ist ihre Aufgabe. Auch [&hellip;]<\/p>\n","protected":false},"author":87,"featured_media":0,"comment_status":"open","ping_status":"open","sticky":false,"template":"","format":"standard","meta":{"_jetpack_memberships_contains_paid_content":false,"footnotes":""},"categories":[1],"tags":[],"class_list":["post-1827","post","type-post","status-publish","format-standard","hentry","category-allgemein"],"yoast_head":"<!-- This site is optimized with the Yoast SEO plugin v21.0 - https:\/\/yoast.com\/wordpress\/plugins\/seo\/ -->\n<title>Der Kampf gegen Ebola dient auch Milit\u00e4r-Interessen - Unterwegs in Europa<\/title>\n<meta name=\"robots\" content=\"index, follow, max-snippet:-1, max-image-preview:large, max-video-preview:-1\" \/>\n<link rel=\"canonical\" href=\"https:\/\/blog.zeit.de\/ladurnerulrich\/2014\/09\/29\/der-kampf-gegen-ebola-dient-auch-militaer-interessen\/\" \/>\n<meta property=\"og:locale\" content=\"de_DE\" \/>\n<meta property=\"og:type\" content=\"article\" \/>\n<meta property=\"og:title\" content=\"Der Kampf gegen Ebola dient auch Milit\u00e4r-Interessen - Unterwegs in Europa\" \/>\n<meta property=\"og:description\" content=\"Es ist ein Gl\u00fcck, dass US-Pr\u00e4sident Obama Soldaten einsetzt, um die Ebola-Epidemie in Westafrika zu bek\u00e4mpfen. Ein Gl\u00fcck, weil niemand sonst sich so massiv engagiert, weder Deutschland noch andere europ\u00e4ische Staaten, die \u00fcber die Ressourcen verf\u00fcgen, um den \u00fcberforderten westafrikanischen Staaten beizustehen. Trotzdem: Armeen verfolgen die strategischen Ziele ihres Staates. Das ist ihre Aufgabe. Auch [&hellip;]\" \/>\n<meta property=\"og:url\" content=\"https:\/\/blog.zeit.de\/ladurnerulrich\/2014\/09\/29\/der-kampf-gegen-ebola-dient-auch-militaer-interessen\/\" \/>\n<meta property=\"og:site_name\" content=\"Unterwegs in Europa\" \/>\n<meta property=\"article:published_time\" content=\"2014-09-29T15:52:11+00:00\" \/>\n<meta property=\"article:modified_time\" content=\"2014-09-29T16:20:20+00:00\" \/>\n<meta name=\"author\" content=\"Ulrich Ladurner\" \/>\n<meta name=\"twitter:label1\" content=\"Geschrieben von\" \/>\n\t<meta name=\"twitter:data1\" content=\"Ulrich Ladurner\" \/>\n\t<meta name=\"twitter:label2\" content=\"Gesch\u00e4tzte Lesezeit\" \/>\n\t<meta name=\"twitter:data2\" content=\"2\u00a0Minuten\" \/>\n<script type=\"application\/ld+json\" class=\"yoast-schema-graph\">{\"@context\":\"https:\/\/schema.org\",\"@graph\":[{\"@type\":\"WebPage\",\"@id\":\"https:\/\/blog.zeit.de\/ladurnerulrich\/2014\/09\/29\/der-kampf-gegen-ebola-dient-auch-militaer-interessen\/\",\"url\":\"https:\/\/blog.zeit.de\/ladurnerulrich\/2014\/09\/29\/der-kampf-gegen-ebola-dient-auch-militaer-interessen\/\",\"name\":\"Der Kampf gegen Ebola dient auch Milit\u00e4r-Interessen - Unterwegs in Europa\",\"isPartOf\":{\"@id\":\"https:\/\/blog.zeit.de\/ladurnerulrich\/#website\"},\"datePublished\":\"2014-09-29T15:52:11+00:00\",\"dateModified\":\"2014-09-29T16:20:20+00:00\",\"author\":{\"@id\":\"https:\/\/blog.zeit.de\/ladurnerulrich\/#\/schema\/person\/41f9ab2ef02a3e3602daf321c07007f6\"},\"breadcrumb\":{\"@id\":\"https:\/\/blog.zeit.de\/ladurnerulrich\/2014\/09\/29\/der-kampf-gegen-ebola-dient-auch-militaer-interessen\/#breadcrumb\"},\"inLanguage\":\"de\",\"potentialAction\":[{\"@type\":\"ReadAction\",\"target\":[\"https:\/\/blog.zeit.de\/ladurnerulrich\/2014\/09\/29\/der-kampf-gegen-ebola-dient-auch-militaer-interessen\/\"]}]},{\"@type\":\"BreadcrumbList\",\"@id\":\"https:\/\/blog.zeit.de\/ladurnerulrich\/2014\/09\/29\/der-kampf-gegen-ebola-dient-auch-militaer-interessen\/#breadcrumb\",\"itemListElement\":[{\"@type\":\"ListItem\",\"position\":1,\"name\":\"Startseite\",\"item\":\"https:\/\/blog.zeit.de\/ladurnerulrich\/\"},{\"@type\":\"ListItem\",\"position\":2,\"name\":\"Der Kampf gegen Ebola dient auch Milit\u00e4r-Interessen\"}]},{\"@type\":\"WebSite\",\"@id\":\"https:\/\/blog.zeit.de\/ladurnerulrich\/#website\",\"url\":\"https:\/\/blog.zeit.de\/ladurnerulrich\/\",\"name\":\"Unterwegs in Europa\",\"description\":\"Ladurners Blog f\u00fcr Einblicke in un\u00fcbersichtliche Landschaften\",\"potentialAction\":[{\"@type\":\"SearchAction\",\"target\":{\"@type\":\"EntryPoint\",\"urlTemplate\":\"https:\/\/blog.zeit.de\/ladurnerulrich\/?s={search_term_string}\"},\"query-input\":\"required name=search_term_string\"}],\"inLanguage\":\"de\"},{\"@type\":\"Person\",\"@id\":\"https:\/\/blog.zeit.de\/ladurnerulrich\/#\/schema\/person\/41f9ab2ef02a3e3602daf321c07007f6\",\"name\":\"Ulrich Ladurner\",\"image\":{\"@type\":\"ImageObject\",\"inLanguage\":\"de\",\"@id\":\"https:\/\/blog.zeit.de\/ladurnerulrich\/#\/schema\/person\/image\/\",\"url\":\"https:\/\/secure.gravatar.com\/avatar\/d01052e766579414676df807ab6fd98f6598a3bceab8af45b2984cba94333280?s=96&d=mm&r=g\",\"contentUrl\":\"https:\/\/secure.gravatar.com\/avatar\/d01052e766579414676df807ab6fd98f6598a3bceab8af45b2984cba94333280?s=96&d=mm&r=g\",\"caption\":\"Ulrich Ladurner\"},\"description\":\"lebt seit 1999 in Hamburg. Seitdem staunt er dar\u00fcber, was man in dieser Stadt erleben kann. Weil das mit dem Wundern nicht aufh\u00f6rt, gibt es diese Kolumne.\",\"sameAs\":[\"http:\/\/www.zeit.de\"],\"url\":\"https:\/\/blog.zeit.de\/ladurnerulrich\/author\/ulli-ladurner\/\"}]}<\/script>\n<!-- \/ Yoast SEO plugin. -->","yoast_head_json":{"title":"Der Kampf gegen Ebola dient auch Milit\u00e4r-Interessen - Unterwegs in Europa","robots":{"index":"index","follow":"follow","max-snippet":"max-snippet:-1","max-image-preview":"max-image-preview:large","max-video-preview":"max-video-preview:-1"},"canonical":"https:\/\/blog.zeit.de\/ladurnerulrich\/2014\/09\/29\/der-kampf-gegen-ebola-dient-auch-militaer-interessen\/","og_locale":"de_DE","og_type":"article","og_title":"Der Kampf gegen Ebola dient auch Milit\u00e4r-Interessen - Unterwegs in Europa","og_description":"Es ist ein Gl\u00fcck, dass US-Pr\u00e4sident Obama Soldaten einsetzt, um die Ebola-Epidemie in Westafrika zu bek\u00e4mpfen. Ein Gl\u00fcck, weil niemand sonst sich so massiv engagiert, weder Deutschland noch andere europ\u00e4ische Staaten, die \u00fcber die Ressourcen verf\u00fcgen, um den \u00fcberforderten westafrikanischen Staaten beizustehen. Trotzdem: Armeen verfolgen die strategischen Ziele ihres Staates. Das ist ihre Aufgabe. Auch [&hellip;]","og_url":"https:\/\/blog.zeit.de\/ladurnerulrich\/2014\/09\/29\/der-kampf-gegen-ebola-dient-auch-militaer-interessen\/","og_site_name":"Unterwegs in Europa","article_published_time":"2014-09-29T15:52:11+00:00","article_modified_time":"2014-09-29T16:20:20+00:00","author":"Ulrich Ladurner","twitter_misc":{"Geschrieben von":"Ulrich Ladurner","Gesch\u00e4tzte Lesezeit":"2\u00a0Minuten"},"schema":{"@context":"https:\/\/schema.org","@graph":[{"@type":"WebPage","@id":"https:\/\/blog.zeit.de\/ladurnerulrich\/2014\/09\/29\/der-kampf-gegen-ebola-dient-auch-militaer-interessen\/","url":"https:\/\/blog.zeit.de\/ladurnerulrich\/2014\/09\/29\/der-kampf-gegen-ebola-dient-auch-militaer-interessen\/","name":"Der Kampf gegen Ebola dient auch Milit\u00e4r-Interessen - Unterwegs in Europa","isPartOf":{"@id":"https:\/\/blog.zeit.de\/ladurnerulrich\/#website"},"datePublished":"2014-09-29T15:52:11+00:00","dateModified":"2014-09-29T16:20:20+00:00","author":{"@id":"https:\/\/blog.zeit.de\/ladurnerulrich\/#\/schema\/person\/41f9ab2ef02a3e3602daf321c07007f6"},"breadcrumb":{"@id":"https:\/\/blog.zeit.de\/ladurnerulrich\/2014\/09\/29\/der-kampf-gegen-ebola-dient-auch-militaer-interessen\/#breadcrumb"},"inLanguage":"de","potentialAction":[{"@type":"ReadAction","target":["https:\/\/blog.zeit.de\/ladurnerulrich\/2014\/09\/29\/der-kampf-gegen-ebola-dient-auch-militaer-interessen\/"]}]},{"@type":"BreadcrumbList","@id":"https:\/\/blog.zeit.de\/ladurnerulrich\/2014\/09\/29\/der-kampf-gegen-ebola-dient-auch-militaer-interessen\/#breadcrumb","itemListElement":[{"@type":"ListItem","position":1,"name":"Startseite","item":"https:\/\/blog.zeit.de\/ladurnerulrich\/"},{"@type":"ListItem","position":2,"name":"Der Kampf gegen Ebola dient auch Milit\u00e4r-Interessen"}]},{"@type":"WebSite","@id":"https:\/\/blog.zeit.de\/ladurnerulrich\/#website","url":"https:\/\/blog.zeit.de\/ladurnerulrich\/","name":"Unterwegs in Europa","description":"Ladurners Blog f\u00fcr Einblicke in un\u00fcbersichtliche Landschaften","potentialAction":[{"@type":"SearchAction","target":{"@type":"EntryPoint","urlTemplate":"https:\/\/blog.zeit.de\/ladurnerulrich\/?s={search_term_string}"},"query-input":"required name=search_term_string"}],"inLanguage":"de"},{"@type":"Person","@id":"https:\/\/blog.zeit.de\/ladurnerulrich\/#\/schema\/person\/41f9ab2ef02a3e3602daf321c07007f6","name":"Ulrich Ladurner","image":{"@type":"ImageObject","inLanguage":"de","@id":"https:\/\/blog.zeit.de\/ladurnerulrich\/#\/schema\/person\/image\/","url":"https:\/\/secure.gravatar.com\/avatar\/d01052e766579414676df807ab6fd98f6598a3bceab8af45b2984cba94333280?s=96&d=mm&r=g","contentUrl":"https:\/\/secure.gravatar.com\/avatar\/d01052e766579414676df807ab6fd98f6598a3bceab8af45b2984cba94333280?s=96&d=mm&r=g","caption":"Ulrich Ladurner"},"description":"lebt seit 1999 in Hamburg. Seitdem staunt er dar\u00fcber, was man in dieser Stadt erleben kann. Weil das mit dem Wundern nicht aufh\u00f6rt, gibt es diese Kolumne.","sameAs":["http:\/\/www.zeit.de"],"url":"https:\/\/blog.zeit.de\/ladurnerulrich\/author\/ulli-ladurner\/"}]}},"jetpack_featured_media_url":"","jetpack_sharing_enabled":true,"_links":{"self":[{"href":"https:\/\/blog.zeit.de\/ladurnerulrich\/wp-json\/wp\/v2\/posts\/1827","targetHints":{"allow":["GET"]}}],"collection":[{"href":"https:\/\/blog.zeit.de\/ladurnerulrich\/wp-json\/wp\/v2\/posts"}],"about":[{"href":"https:\/\/blog.zeit.de\/ladurnerulrich\/wp-json\/wp\/v2\/types\/post"}],"author":[{"embeddable":true,"href":"https:\/\/blog.zeit.de\/ladurnerulrich\/wp-json\/wp\/v2\/users\/87"}],"replies":[{"embeddable":true,"href":"https:\/\/blog.zeit.de\/ladurnerulrich\/wp-json\/wp\/v2\/comments?post=1827"}],"version-history":[{"count":13,"href":"https:\/\/blog.zeit.de\/ladurnerulrich\/wp-json\/wp\/v2\/posts\/1827\/revisions"}],"predecessor-version":[{"id":1841,"href":"https:\/\/blog.zeit.de\/ladurnerulrich\/wp-json\/wp\/v2\/posts\/1827\/revisions\/1841"}],"wp:attachment":[{"href":"https:\/\/blog.zeit.de\/ladurnerulrich\/wp-json\/wp\/v2\/media?parent=1827"}],"wp:term":[{"taxonomy":"category","embeddable":true,"href":"https:\/\/blog.zeit.de\/ladurnerulrich\/wp-json\/wp\/v2\/categories?post=1827"},{"taxonomy":"post_tag","embeddable":true,"href":"https:\/\/blog.zeit.de\/ladurnerulrich\/wp-json\/wp\/v2\/tags?post=1827"}],"curies":[{"name":"wp","href":"https:\/\/api.w.org\/{rel}","templated":true}]}}