{"id":2014,"date":"2015-04-16T15:43:23","date_gmt":"2015-04-16T13:43:23","guid":{"rendered":"http:\/\/blog.zeit.de\/ladurnerulrich\/?p=2014"},"modified":"2015-04-16T16:52:50","modified_gmt":"2015-04-16T14:52:50","slug":"man-gegen-die-katastrophe-im-mittelmeer-tun-kann","status":"publish","type":"post","link":"https:\/\/blog.zeit.de\/ladurnerulrich\/2015\/04\/16\/man-gegen-die-katastrophe-im-mittelmeer-tun-kann\/","title":{"rendered":"Was man gegen die Katastrophen im Mittelmeer tun kann"},"content":{"rendered":"<p>Auf dem Mittelmeer sind 400 Migranten verschwunden, vermutlich sind sie ertrunken. Wieder stellt sich angesichts dieser schrecklichen Nachricht die Frage: Wie kann man derlei Trag\u00f6dien verhindern?<\/p>\n<p><!--more--><\/p>\n<p>Zun\u00e4chst: Es gibt eine ganze Reihe von Ursachen, warum derzeit so viele Menschen nach Europa kommen wollen. Sie lassen sich grob zusammenfassen: Da sind die Kriege im Nahen Osten (Syrien, Irak), da ist die Flucht vor der Diktatur, beispielsweise Eritrea, da sind zerfallene Staaten wie Libyen, da ist das ungehindert bl\u00fchende Gesch\u00e4ft der Menschenh\u00e4ndler, da ist das allzu gro\u00dfe Gef\u00e4lle zwischen Arm und Reich.<\/p>\n<p>An diesen Ursachen muss man ansetzen. Es lie\u00dfe sich durchaus einiges tun:<\/p>\n<p>Europa muss noch mehr Fl\u00fcchtlinge aus dem Nahen Osten aufnehmen, und zwar direkt aus den riesigen Fl\u00fcchtlingslagern des Nahen Ostens. Jeder Mensch, der die M\u00f6glichkeit hat, in den Lagern selbst einen Weg nach Europa zu finden, wird ihn nicht mehr auf dem gef\u00e4hrlichen Weg \u00fcber das Meer suchen.<\/p>\n<p>Die Europ\u00e4ische Union muss das zerfallene Libyen als europ\u00e4isches Problem begreifen und eine Strategie entwickeln, welche die Stabilisierung und die Wiederherstellung staatlicher Autorit\u00e4t in diesem Land ins Zentrum r\u00fcckt.\u00a0Das ist eine vordringliche Aufgabe. Libyen ist n\u00e4mlich zum Paradies der Menschenh\u00e4ndler geworden \u2013 zudem breitet sich dort der &#8222;Islamische Staat&#8220; aus.<\/p>\n<p>Die Tatsache, dass Menschenh\u00e4ndler beste Gesch\u00e4fte machen, wird in der \u00d6ffentlichkeit oft als eine Art Naturereignis betrachtet: schlimm aber unvermeidbar. Dabei kann man Menschenh\u00e4ndlern das Handwerk legen. Dazu geh\u00f6rt, dass die Polizei und die zust\u00e4ndigen Beh\u00f6rden mit entsprechenden materiellen und juristischen Mitteln ausgestattet werden. Bis heute fehlen in vielen F\u00e4llen die Voraussetzungen f\u00fcr grenz\u00fcbergreifende Kooperation zwischen Polizeibeh\u00f6rden. Die aber br\u00e4uchte es dringend, denn Menschenh\u00e4ndler sind global aktiv.<\/p>\n<p>Schlie\u00dflich muss die EU eine Handelspolitik betreiben, die afrikanische M\u00e4rkte nicht kaputtmacht, sondern ihnen hilft, sich zu entwickeln.<\/p>\n<p>Auch wenn das alles passieren w\u00fcrde, darf man sich keinen Illusionen hingeben. Nichts davon wird schnell wirken. Wir werden weiter Nachrichten von Hunderten Ertrunkenen h\u00f6ren \u2013 und sie werden oft nur als kleine Meldungen in den Medien auftauchen.<\/p>\n","protected":false},"excerpt":{"rendered":"<p>Auf dem Mittelmeer sind 400 Migranten verschwunden, vermutlich sind sie ertrunken. Wieder stellt sich angesichts dieser schrecklichen Nachricht die Frage: Wie kann man derlei Trag\u00f6dien verhindern?<\/p>\n","protected":false},"author":87,"featured_media":0,"comment_status":"open","ping_status":"open","sticky":false,"template":"","format":"standard","meta":{"_jetpack_memberships_contains_paid_content":false,"footnotes":""},"categories":[1],"tags":[178,38459,38458,27360],"class_list":["post-2014","post","type-post","status-publish","format-standard","hentry","category-allgemein","tag-afrika","tag-fluechtlinge","tag-libyen","tag-mittelmeer"],"yoast_head":"<!-- This site is optimized with the Yoast SEO plugin v21.0 - https:\/\/yoast.com\/wordpress\/plugins\/seo\/ -->\n<title>Trag\u00f6die im Mittelmeer<\/title>\n<meta name=\"description\" content=\"Auf dem Mittelmeer sind 400 Migranten verschwunden, vermutlich sind sie ertrunken. Wie k\u00f6nnen wir solche Katastrophen verhindern?\" \/>\n<meta name=\"robots\" content=\"index, follow, max-snippet:-1, max-image-preview:large, max-video-preview:-1\" \/>\n<link rel=\"canonical\" href=\"https:\/\/blog.zeit.de\/ladurnerulrich\/2015\/04\/16\/man-gegen-die-katastrophe-im-mittelmeer-tun-kann\/\" \/>\n<meta property=\"og:locale\" content=\"de_DE\" \/>\n<meta property=\"og:type\" content=\"article\" \/>\n<meta property=\"og:title\" content=\"Trag\u00f6die im Mittelmeer\" \/>\n<meta property=\"og:description\" content=\"Auf dem Mittelmeer sind 400 Migranten verschwunden, vermutlich sind sie ertrunken. Wie k\u00f6nnen wir solche Katastrophen verhindern?\" \/>\n<meta property=\"og:url\" content=\"https:\/\/blog.zeit.de\/ladurnerulrich\/2015\/04\/16\/man-gegen-die-katastrophe-im-mittelmeer-tun-kann\/\" \/>\n<meta property=\"og:site_name\" content=\"Unterwegs in Europa\" \/>\n<meta property=\"article:published_time\" content=\"2015-04-16T13:43:23+00:00\" \/>\n<meta property=\"article:modified_time\" content=\"2015-04-16T14:52:50+00:00\" \/>\n<meta name=\"author\" content=\"Ulrich Ladurner\" \/>\n<meta name=\"twitter:label1\" content=\"Geschrieben von\" \/>\n\t<meta name=\"twitter:data1\" content=\"Ulrich Ladurner\" \/>\n\t<meta name=\"twitter:label2\" content=\"Gesch\u00e4tzte Lesezeit\" \/>\n\t<meta name=\"twitter:data2\" content=\"2\u00a0Minuten\" \/>\n<script type=\"application\/ld+json\" class=\"yoast-schema-graph\">{\"@context\":\"https:\/\/schema.org\",\"@graph\":[{\"@type\":\"WebPage\",\"@id\":\"https:\/\/blog.zeit.de\/ladurnerulrich\/2015\/04\/16\/man-gegen-die-katastrophe-im-mittelmeer-tun-kann\/\",\"url\":\"https:\/\/blog.zeit.de\/ladurnerulrich\/2015\/04\/16\/man-gegen-die-katastrophe-im-mittelmeer-tun-kann\/\",\"name\":\"Trag\u00f6die im Mittelmeer\",\"isPartOf\":{\"@id\":\"https:\/\/blog.zeit.de\/ladurnerulrich\/#website\"},\"datePublished\":\"2015-04-16T13:43:23+00:00\",\"dateModified\":\"2015-04-16T14:52:50+00:00\",\"author\":{\"@id\":\"https:\/\/blog.zeit.de\/ladurnerulrich\/#\/schema\/person\/41f9ab2ef02a3e3602daf321c07007f6\"},\"description\":\"Auf dem Mittelmeer sind 400 Migranten verschwunden, vermutlich sind sie ertrunken. Wie k\u00f6nnen wir solche Katastrophen verhindern?\",\"breadcrumb\":{\"@id\":\"https:\/\/blog.zeit.de\/ladurnerulrich\/2015\/04\/16\/man-gegen-die-katastrophe-im-mittelmeer-tun-kann\/#breadcrumb\"},\"inLanguage\":\"de\",\"potentialAction\":[{\"@type\":\"ReadAction\",\"target\":[\"https:\/\/blog.zeit.de\/ladurnerulrich\/2015\/04\/16\/man-gegen-die-katastrophe-im-mittelmeer-tun-kann\/\"]}]},{\"@type\":\"BreadcrumbList\",\"@id\":\"https:\/\/blog.zeit.de\/ladurnerulrich\/2015\/04\/16\/man-gegen-die-katastrophe-im-mittelmeer-tun-kann\/#breadcrumb\",\"itemListElement\":[{\"@type\":\"ListItem\",\"position\":1,\"name\":\"Startseite\",\"item\":\"https:\/\/blog.zeit.de\/ladurnerulrich\/\"},{\"@type\":\"ListItem\",\"position\":2,\"name\":\"Was man gegen die Katastrophen im Mittelmeer tun kann\"}]},{\"@type\":\"WebSite\",\"@id\":\"https:\/\/blog.zeit.de\/ladurnerulrich\/#website\",\"url\":\"https:\/\/blog.zeit.de\/ladurnerulrich\/\",\"name\":\"Unterwegs in Europa\",\"description\":\"Ladurners Blog f\u00fcr Einblicke in un\u00fcbersichtliche Landschaften\",\"potentialAction\":[{\"@type\":\"SearchAction\",\"target\":{\"@type\":\"EntryPoint\",\"urlTemplate\":\"https:\/\/blog.zeit.de\/ladurnerulrich\/?s={search_term_string}\"},\"query-input\":\"required name=search_term_string\"}],\"inLanguage\":\"de\"},{\"@type\":\"Person\",\"@id\":\"https:\/\/blog.zeit.de\/ladurnerulrich\/#\/schema\/person\/41f9ab2ef02a3e3602daf321c07007f6\",\"name\":\"Ulrich Ladurner\",\"image\":{\"@type\":\"ImageObject\",\"inLanguage\":\"de\",\"@id\":\"https:\/\/blog.zeit.de\/ladurnerulrich\/#\/schema\/person\/image\/\",\"url\":\"https:\/\/secure.gravatar.com\/avatar\/d01052e766579414676df807ab6fd98f6598a3bceab8af45b2984cba94333280?s=96&d=mm&r=g\",\"contentUrl\":\"https:\/\/secure.gravatar.com\/avatar\/d01052e766579414676df807ab6fd98f6598a3bceab8af45b2984cba94333280?s=96&d=mm&r=g\",\"caption\":\"Ulrich Ladurner\"},\"description\":\"lebt seit 1999 in Hamburg. Seitdem staunt er dar\u00fcber, was man in dieser Stadt erleben kann. Weil das mit dem Wundern nicht aufh\u00f6rt, gibt es diese Kolumne.\",\"sameAs\":[\"http:\/\/www.zeit.de\"],\"url\":\"https:\/\/blog.zeit.de\/ladurnerulrich\/author\/ulli-ladurner\/\"}]}<\/script>\n<!-- \/ Yoast SEO plugin. -->","yoast_head_json":{"title":"Trag\u00f6die im Mittelmeer","description":"Auf dem Mittelmeer sind 400 Migranten verschwunden, vermutlich sind sie ertrunken. Wie k\u00f6nnen wir solche Katastrophen verhindern?","robots":{"index":"index","follow":"follow","max-snippet":"max-snippet:-1","max-image-preview":"max-image-preview:large","max-video-preview":"max-video-preview:-1"},"canonical":"https:\/\/blog.zeit.de\/ladurnerulrich\/2015\/04\/16\/man-gegen-die-katastrophe-im-mittelmeer-tun-kann\/","og_locale":"de_DE","og_type":"article","og_title":"Trag\u00f6die im Mittelmeer","og_description":"Auf dem Mittelmeer sind 400 Migranten verschwunden, vermutlich sind sie ertrunken. Wie k\u00f6nnen wir solche Katastrophen verhindern?","og_url":"https:\/\/blog.zeit.de\/ladurnerulrich\/2015\/04\/16\/man-gegen-die-katastrophe-im-mittelmeer-tun-kann\/","og_site_name":"Unterwegs in Europa","article_published_time":"2015-04-16T13:43:23+00:00","article_modified_time":"2015-04-16T14:52:50+00:00","author":"Ulrich Ladurner","twitter_misc":{"Geschrieben von":"Ulrich Ladurner","Gesch\u00e4tzte Lesezeit":"2\u00a0Minuten"},"schema":{"@context":"https:\/\/schema.org","@graph":[{"@type":"WebPage","@id":"https:\/\/blog.zeit.de\/ladurnerulrich\/2015\/04\/16\/man-gegen-die-katastrophe-im-mittelmeer-tun-kann\/","url":"https:\/\/blog.zeit.de\/ladurnerulrich\/2015\/04\/16\/man-gegen-die-katastrophe-im-mittelmeer-tun-kann\/","name":"Trag\u00f6die im Mittelmeer","isPartOf":{"@id":"https:\/\/blog.zeit.de\/ladurnerulrich\/#website"},"datePublished":"2015-04-16T13:43:23+00:00","dateModified":"2015-04-16T14:52:50+00:00","author":{"@id":"https:\/\/blog.zeit.de\/ladurnerulrich\/#\/schema\/person\/41f9ab2ef02a3e3602daf321c07007f6"},"description":"Auf dem Mittelmeer sind 400 Migranten verschwunden, vermutlich sind sie ertrunken. Wie k\u00f6nnen wir solche Katastrophen verhindern?","breadcrumb":{"@id":"https:\/\/blog.zeit.de\/ladurnerulrich\/2015\/04\/16\/man-gegen-die-katastrophe-im-mittelmeer-tun-kann\/#breadcrumb"},"inLanguage":"de","potentialAction":[{"@type":"ReadAction","target":["https:\/\/blog.zeit.de\/ladurnerulrich\/2015\/04\/16\/man-gegen-die-katastrophe-im-mittelmeer-tun-kann\/"]}]},{"@type":"BreadcrumbList","@id":"https:\/\/blog.zeit.de\/ladurnerulrich\/2015\/04\/16\/man-gegen-die-katastrophe-im-mittelmeer-tun-kann\/#breadcrumb","itemListElement":[{"@type":"ListItem","position":1,"name":"Startseite","item":"https:\/\/blog.zeit.de\/ladurnerulrich\/"},{"@type":"ListItem","position":2,"name":"Was man gegen die Katastrophen im Mittelmeer tun kann"}]},{"@type":"WebSite","@id":"https:\/\/blog.zeit.de\/ladurnerulrich\/#website","url":"https:\/\/blog.zeit.de\/ladurnerulrich\/","name":"Unterwegs in Europa","description":"Ladurners Blog f\u00fcr Einblicke in un\u00fcbersichtliche Landschaften","potentialAction":[{"@type":"SearchAction","target":{"@type":"EntryPoint","urlTemplate":"https:\/\/blog.zeit.de\/ladurnerulrich\/?s={search_term_string}"},"query-input":"required name=search_term_string"}],"inLanguage":"de"},{"@type":"Person","@id":"https:\/\/blog.zeit.de\/ladurnerulrich\/#\/schema\/person\/41f9ab2ef02a3e3602daf321c07007f6","name":"Ulrich Ladurner","image":{"@type":"ImageObject","inLanguage":"de","@id":"https:\/\/blog.zeit.de\/ladurnerulrich\/#\/schema\/person\/image\/","url":"https:\/\/secure.gravatar.com\/avatar\/d01052e766579414676df807ab6fd98f6598a3bceab8af45b2984cba94333280?s=96&d=mm&r=g","contentUrl":"https:\/\/secure.gravatar.com\/avatar\/d01052e766579414676df807ab6fd98f6598a3bceab8af45b2984cba94333280?s=96&d=mm&r=g","caption":"Ulrich Ladurner"},"description":"lebt seit 1999 in Hamburg. Seitdem staunt er dar\u00fcber, was man in dieser Stadt erleben kann. Weil das mit dem Wundern nicht aufh\u00f6rt, gibt es diese Kolumne.","sameAs":["http:\/\/www.zeit.de"],"url":"https:\/\/blog.zeit.de\/ladurnerulrich\/author\/ulli-ladurner\/"}]}},"jetpack_featured_media_url":"","jetpack_sharing_enabled":true,"_links":{"self":[{"href":"https:\/\/blog.zeit.de\/ladurnerulrich\/wp-json\/wp\/v2\/posts\/2014","targetHints":{"allow":["GET"]}}],"collection":[{"href":"https:\/\/blog.zeit.de\/ladurnerulrich\/wp-json\/wp\/v2\/posts"}],"about":[{"href":"https:\/\/blog.zeit.de\/ladurnerulrich\/wp-json\/wp\/v2\/types\/post"}],"author":[{"embeddable":true,"href":"https:\/\/blog.zeit.de\/ladurnerulrich\/wp-json\/wp\/v2\/users\/87"}],"replies":[{"embeddable":true,"href":"https:\/\/blog.zeit.de\/ladurnerulrich\/wp-json\/wp\/v2\/comments?post=2014"}],"version-history":[{"count":11,"href":"https:\/\/blog.zeit.de\/ladurnerulrich\/wp-json\/wp\/v2\/posts\/2014\/revisions"}],"predecessor-version":[{"id":2027,"href":"https:\/\/blog.zeit.de\/ladurnerulrich\/wp-json\/wp\/v2\/posts\/2014\/revisions\/2027"}],"wp:attachment":[{"href":"https:\/\/blog.zeit.de\/ladurnerulrich\/wp-json\/wp\/v2\/media?parent=2014"}],"wp:term":[{"taxonomy":"category","embeddable":true,"href":"https:\/\/blog.zeit.de\/ladurnerulrich\/wp-json\/wp\/v2\/categories?post=2014"},{"taxonomy":"post_tag","embeddable":true,"href":"https:\/\/blog.zeit.de\/ladurnerulrich\/wp-json\/wp\/v2\/tags?post=2014"}],"curies":[{"name":"wp","href":"https:\/\/api.w.org\/{rel}","templated":true}]}}