{"id":243,"date":"2009-08-17T14:53:18","date_gmt":"2009-08-17T14:53:18","guid":{"rendered":"http:\/\/ladurnerulrich.wordpress.com\/?p=243"},"modified":"2009-08-17T14:53:18","modified_gmt":"2009-08-17T14:53:18","slug":"soldner","status":"publish","type":"post","link":"https:\/\/blog.zeit.de\/ladurnerulrich\/2009\/08\/17\/soldner\/","title":{"rendered":"S\u00f6ldner"},"content":{"rendered":"<p>S\u00f6ldner ist ein belasteter Begriff &#8211; er suggierert das Menschen f\u00fcr Geld alles tun. Private Sicherheitsfirmen wehren sich deswegen dagegen als S\u00f6ldnerheer bezeichnet zu werden. In ihre <a href=\"http:\/\/www.aegisworld.com\/\">Selbstdarstellung<\/a> sind sie Sicherheitsdienstleiser, die gegebene Auftr\u00e4ge nach Recht und Gesetz erf\u00fcllen. Manchmal geht nat\u00fcrlich etwas schief, wie am 16. September  2007 im Irak. Damals erschossen Leute der  Sicherheitsfirma <a href=\"http:\/\/www.amazon.de\/Blackwater-Aufstieg-m%C3%A4chtigsten-Privatarmee-Welt\/dp\/3499624869\/ref=sr_1_1?ie=UTF8&amp;s=books&amp;qid=1250519119&amp;sr=1-1\">Blackwater<\/a> 16 Iraker. Dieser Skandal machte zum ersten mal eine breitere <a href=\"http:\/\/www.zeit.de\/2007\/40\/Blackwater\">\u00d6ffentlichkeit<\/a> mit der Rolle der Sicherheitsfirmen im Irak bekannt. Es kam zu einer Anh\u00f6rung im amerikanischen Kongress. Dabei wurde unter anderem klar, dass dei USA ihren Krieg im Irak ohne Sicherheitsfirmen gar nicht h\u00e4tten f\u00fchren k\u00f6nnen. Auf \u00fcber 100.000 wurde die Zahl ihrer Mitarbeiter im Irak gesch\u00e4tzt. Wobei der Gro\u00dfteil der Mitarbeiter dieser Firmen Zivilisten sind. Darunter sind sehr viele Menschen aus der Dritten Welt, weil sie die <a href=\"http:\/\/www.propublica.org\/feature\/sometimes-its-not-your-war-but-you-sacrifice-anyway-817\">billigsten Arbeitskr\u00e4fte <\/a>sind.<\/p>\n<p>Auch der Krieg in Afghanistan ist ohne die Sicherheitsfirmen nicht zu f\u00fchren. 70.000 S\u00f6ldner soll es in Afghanistan geben. Und auch in Afghanistan ist ihre Arbeit nicht ohne <a href=\"http:\/\/www.latimes.com\/news\/nationworld\/world\/la-fg-afghan-contractors13-2009aug13,0,4756623.story\">Probleme<\/a>. Es ist jedenfalls ein Thema, das weiterer Aufmerksamkeit bedarf.<\/p>\n","protected":false},"excerpt":{"rendered":"<p>S\u00f6ldner ist ein belasteter Begriff &#8211; er suggierert das Menschen f\u00fcr Geld alles tun. Private Sicherheitsfirmen wehren sich deswegen dagegen als S\u00f6ldnerheer bezeichnet zu werden. In ihre Selbstdarstellung sind sie Sicherheitsdienstleiser, die gegebene Auftr\u00e4ge nach Recht und Gesetz erf\u00fcllen. Manchmal geht nat\u00fcrlich etwas schief, wie am 16. September 2007 im Irak. Damals erschossen Leute der [&hellip;]<\/p>\n","protected":false},"author":87,"featured_media":0,"comment_status":"open","ping_status":"open","sticky":false,"template":"","format":"standard","meta":{"_jetpack_memberships_contains_paid_content":false,"footnotes":""},"categories":[151,1202,1203,1204,1205,172,187,1210],"tags":[38439,38451,38452,38453,38443,38446,38457],"class_list":["post-243","post","type-post","status-publish","format-standard","hentry","category-afghanistan","category-international","category-internationale-politik","category-kabul","category-krieg","category-pakistan","category-politik","category-terror","tag-afghanistan","tag-international","tag-internationale-politik","tag-krieg","tag-menschenrechte","tag-politik","tag-terror"],"yoast_head":"<!-- This site is optimized with the Yoast SEO plugin v21.0 - https:\/\/yoast.com\/wordpress\/plugins\/seo\/ -->\n<title>S\u00f6ldner - Unterwegs in Europa<\/title>\n<meta name=\"robots\" content=\"index, follow, max-snippet:-1, max-image-preview:large, max-video-preview:-1\" \/>\n<link rel=\"canonical\" href=\"https:\/\/blog.zeit.de\/ladurnerulrich\/2009\/08\/17\/soldner\/\" \/>\n<meta property=\"og:locale\" content=\"de_DE\" \/>\n<meta property=\"og:type\" content=\"article\" \/>\n<meta property=\"og:title\" content=\"S\u00f6ldner - Unterwegs in Europa\" \/>\n<meta property=\"og:description\" content=\"S\u00f6ldner ist ein belasteter Begriff &#8211; er suggierert das Menschen f\u00fcr Geld alles tun. Private Sicherheitsfirmen wehren sich deswegen dagegen als S\u00f6ldnerheer bezeichnet zu werden. In ihre Selbstdarstellung sind sie Sicherheitsdienstleiser, die gegebene Auftr\u00e4ge nach Recht und Gesetz erf\u00fcllen. Manchmal geht nat\u00fcrlich etwas schief, wie am 16. September 2007 im Irak. Damals erschossen Leute der [&hellip;]\" \/>\n<meta property=\"og:url\" content=\"https:\/\/blog.zeit.de\/ladurnerulrich\/2009\/08\/17\/soldner\/\" \/>\n<meta property=\"og:site_name\" content=\"Unterwegs in Europa\" \/>\n<meta property=\"article:published_time\" content=\"2009-08-17T14:53:18+00:00\" \/>\n<meta name=\"author\" content=\"Ulrich Ladurner\" \/>\n<meta name=\"twitter:label1\" content=\"Geschrieben von\" \/>\n\t<meta name=\"twitter:data1\" content=\"Ulrich Ladurner\" \/>\n\t<meta name=\"twitter:label2\" content=\"Gesch\u00e4tzte Lesezeit\" \/>\n\t<meta name=\"twitter:data2\" content=\"1\u00a0Minute\" \/>\n<script type=\"application\/ld+json\" class=\"yoast-schema-graph\">{\"@context\":\"https:\/\/schema.org\",\"@graph\":[{\"@type\":\"WebPage\",\"@id\":\"https:\/\/blog.zeit.de\/ladurnerulrich\/2009\/08\/17\/soldner\/\",\"url\":\"https:\/\/blog.zeit.de\/ladurnerulrich\/2009\/08\/17\/soldner\/\",\"name\":\"S\u00f6ldner - Unterwegs in Europa\",\"isPartOf\":{\"@id\":\"https:\/\/blog.zeit.de\/ladurnerulrich\/#website\"},\"datePublished\":\"2009-08-17T14:53:18+00:00\",\"dateModified\":\"2009-08-17T14:53:18+00:00\",\"author\":{\"@id\":\"https:\/\/blog.zeit.de\/ladurnerulrich\/#\/schema\/person\/41f9ab2ef02a3e3602daf321c07007f6\"},\"breadcrumb\":{\"@id\":\"https:\/\/blog.zeit.de\/ladurnerulrich\/2009\/08\/17\/soldner\/#breadcrumb\"},\"inLanguage\":\"de\",\"potentialAction\":[{\"@type\":\"ReadAction\",\"target\":[\"https:\/\/blog.zeit.de\/ladurnerulrich\/2009\/08\/17\/soldner\/\"]}]},{\"@type\":\"BreadcrumbList\",\"@id\":\"https:\/\/blog.zeit.de\/ladurnerulrich\/2009\/08\/17\/soldner\/#breadcrumb\",\"itemListElement\":[{\"@type\":\"ListItem\",\"position\":1,\"name\":\"Startseite\",\"item\":\"https:\/\/blog.zeit.de\/ladurnerulrich\/\"},{\"@type\":\"ListItem\",\"position\":2,\"name\":\"S\u00f6ldner\"}]},{\"@type\":\"WebSite\",\"@id\":\"https:\/\/blog.zeit.de\/ladurnerulrich\/#website\",\"url\":\"https:\/\/blog.zeit.de\/ladurnerulrich\/\",\"name\":\"Unterwegs in Europa\",\"description\":\"Ladurners Blog f\u00fcr Einblicke in un\u00fcbersichtliche Landschaften\",\"potentialAction\":[{\"@type\":\"SearchAction\",\"target\":{\"@type\":\"EntryPoint\",\"urlTemplate\":\"https:\/\/blog.zeit.de\/ladurnerulrich\/?s={search_term_string}\"},\"query-input\":\"required name=search_term_string\"}],\"inLanguage\":\"de\"},{\"@type\":\"Person\",\"@id\":\"https:\/\/blog.zeit.de\/ladurnerulrich\/#\/schema\/person\/41f9ab2ef02a3e3602daf321c07007f6\",\"name\":\"Ulrich Ladurner\",\"image\":{\"@type\":\"ImageObject\",\"inLanguage\":\"de\",\"@id\":\"https:\/\/blog.zeit.de\/ladurnerulrich\/#\/schema\/person\/image\/\",\"url\":\"https:\/\/secure.gravatar.com\/avatar\/d01052e766579414676df807ab6fd98f6598a3bceab8af45b2984cba94333280?s=96&d=mm&r=g\",\"contentUrl\":\"https:\/\/secure.gravatar.com\/avatar\/d01052e766579414676df807ab6fd98f6598a3bceab8af45b2984cba94333280?s=96&d=mm&r=g\",\"caption\":\"Ulrich Ladurner\"},\"description\":\"lebt seit 1999 in Hamburg. Seitdem staunt er dar\u00fcber, was man in dieser Stadt erleben kann. Weil das mit dem Wundern nicht aufh\u00f6rt, gibt es diese Kolumne.\",\"sameAs\":[\"http:\/\/www.zeit.de\"],\"url\":\"https:\/\/blog.zeit.de\/ladurnerulrich\/author\/ulli-ladurner\/\"}]}<\/script>\n<!-- \/ Yoast SEO plugin. -->","yoast_head_json":{"title":"S\u00f6ldner - Unterwegs in Europa","robots":{"index":"index","follow":"follow","max-snippet":"max-snippet:-1","max-image-preview":"max-image-preview:large","max-video-preview":"max-video-preview:-1"},"canonical":"https:\/\/blog.zeit.de\/ladurnerulrich\/2009\/08\/17\/soldner\/","og_locale":"de_DE","og_type":"article","og_title":"S\u00f6ldner - Unterwegs in Europa","og_description":"S\u00f6ldner ist ein belasteter Begriff &#8211; er suggierert das Menschen f\u00fcr Geld alles tun. Private Sicherheitsfirmen wehren sich deswegen dagegen als S\u00f6ldnerheer bezeichnet zu werden. In ihre Selbstdarstellung sind sie Sicherheitsdienstleiser, die gegebene Auftr\u00e4ge nach Recht und Gesetz erf\u00fcllen. Manchmal geht nat\u00fcrlich etwas schief, wie am 16. September 2007 im Irak. Damals erschossen Leute der [&hellip;]","og_url":"https:\/\/blog.zeit.de\/ladurnerulrich\/2009\/08\/17\/soldner\/","og_site_name":"Unterwegs in Europa","article_published_time":"2009-08-17T14:53:18+00:00","author":"Ulrich Ladurner","twitter_misc":{"Geschrieben von":"Ulrich Ladurner","Gesch\u00e4tzte Lesezeit":"1\u00a0Minute"},"schema":{"@context":"https:\/\/schema.org","@graph":[{"@type":"WebPage","@id":"https:\/\/blog.zeit.de\/ladurnerulrich\/2009\/08\/17\/soldner\/","url":"https:\/\/blog.zeit.de\/ladurnerulrich\/2009\/08\/17\/soldner\/","name":"S\u00f6ldner - Unterwegs in Europa","isPartOf":{"@id":"https:\/\/blog.zeit.de\/ladurnerulrich\/#website"},"datePublished":"2009-08-17T14:53:18+00:00","dateModified":"2009-08-17T14:53:18+00:00","author":{"@id":"https:\/\/blog.zeit.de\/ladurnerulrich\/#\/schema\/person\/41f9ab2ef02a3e3602daf321c07007f6"},"breadcrumb":{"@id":"https:\/\/blog.zeit.de\/ladurnerulrich\/2009\/08\/17\/soldner\/#breadcrumb"},"inLanguage":"de","potentialAction":[{"@type":"ReadAction","target":["https:\/\/blog.zeit.de\/ladurnerulrich\/2009\/08\/17\/soldner\/"]}]},{"@type":"BreadcrumbList","@id":"https:\/\/blog.zeit.de\/ladurnerulrich\/2009\/08\/17\/soldner\/#breadcrumb","itemListElement":[{"@type":"ListItem","position":1,"name":"Startseite","item":"https:\/\/blog.zeit.de\/ladurnerulrich\/"},{"@type":"ListItem","position":2,"name":"S\u00f6ldner"}]},{"@type":"WebSite","@id":"https:\/\/blog.zeit.de\/ladurnerulrich\/#website","url":"https:\/\/blog.zeit.de\/ladurnerulrich\/","name":"Unterwegs in Europa","description":"Ladurners Blog f\u00fcr Einblicke in un\u00fcbersichtliche Landschaften","potentialAction":[{"@type":"SearchAction","target":{"@type":"EntryPoint","urlTemplate":"https:\/\/blog.zeit.de\/ladurnerulrich\/?s={search_term_string}"},"query-input":"required name=search_term_string"}],"inLanguage":"de"},{"@type":"Person","@id":"https:\/\/blog.zeit.de\/ladurnerulrich\/#\/schema\/person\/41f9ab2ef02a3e3602daf321c07007f6","name":"Ulrich Ladurner","image":{"@type":"ImageObject","inLanguage":"de","@id":"https:\/\/blog.zeit.de\/ladurnerulrich\/#\/schema\/person\/image\/","url":"https:\/\/secure.gravatar.com\/avatar\/d01052e766579414676df807ab6fd98f6598a3bceab8af45b2984cba94333280?s=96&d=mm&r=g","contentUrl":"https:\/\/secure.gravatar.com\/avatar\/d01052e766579414676df807ab6fd98f6598a3bceab8af45b2984cba94333280?s=96&d=mm&r=g","caption":"Ulrich Ladurner"},"description":"lebt seit 1999 in Hamburg. Seitdem staunt er dar\u00fcber, was man in dieser Stadt erleben kann. Weil das mit dem Wundern nicht aufh\u00f6rt, gibt es diese Kolumne.","sameAs":["http:\/\/www.zeit.de"],"url":"https:\/\/blog.zeit.de\/ladurnerulrich\/author\/ulli-ladurner\/"}]}},"jetpack_featured_media_url":"","jetpack_sharing_enabled":true,"_links":{"self":[{"href":"https:\/\/blog.zeit.de\/ladurnerulrich\/wp-json\/wp\/v2\/posts\/243","targetHints":{"allow":["GET"]}}],"collection":[{"href":"https:\/\/blog.zeit.de\/ladurnerulrich\/wp-json\/wp\/v2\/posts"}],"about":[{"href":"https:\/\/blog.zeit.de\/ladurnerulrich\/wp-json\/wp\/v2\/types\/post"}],"author":[{"embeddable":true,"href":"https:\/\/blog.zeit.de\/ladurnerulrich\/wp-json\/wp\/v2\/users\/87"}],"replies":[{"embeddable":true,"href":"https:\/\/blog.zeit.de\/ladurnerulrich\/wp-json\/wp\/v2\/comments?post=243"}],"version-history":[{"count":0,"href":"https:\/\/blog.zeit.de\/ladurnerulrich\/wp-json\/wp\/v2\/posts\/243\/revisions"}],"wp:attachment":[{"href":"https:\/\/blog.zeit.de\/ladurnerulrich\/wp-json\/wp\/v2\/media?parent=243"}],"wp:term":[{"taxonomy":"category","embeddable":true,"href":"https:\/\/blog.zeit.de\/ladurnerulrich\/wp-json\/wp\/v2\/categories?post=243"},{"taxonomy":"post_tag","embeddable":true,"href":"https:\/\/blog.zeit.de\/ladurnerulrich\/wp-json\/wp\/v2\/tags?post=243"}],"curies":[{"name":"wp","href":"https:\/\/api.w.org\/{rel}","templated":true}]}}