{"id":2541,"date":"2015-10-01T10:08:31","date_gmt":"2015-10-01T08:08:31","guid":{"rendered":"http:\/\/blog.zeit.de\/ladurnerulrich\/?p=2541"},"modified":"2015-10-02T13:13:26","modified_gmt":"2015-10-02T11:13:26","slug":"der-fall-kunduz","status":"publish","type":"post","link":"https:\/\/blog.zeit.de\/ladurnerulrich\/2015\/10\/01\/der-fall-kunduz\/","title":{"rendered":"Der Fall Kundus"},"content":{"rendered":"<p>Am 30. Juli 2015 wurde der Tod des F\u00fchrers der Taliban, Mullah Omar, offiziell bekannt gegeben. Am\u00a029. September 2015 eroberten die Taliban die 300.000-Einwohner-Stadt Kundus im Norden Afghanistans.<\/p>\n<p>Spezialeinheiten der afghanischen Armee haben inzwischen Kundus wieder in ihre Hand bekommen, doch die Taliban haben einen wichtigen symbolischen Sieg eingefahren: Kundus n\u00e4mlich ist die erste\u00a0gr\u00f6\u00dfere Stadt, die sie seit ihrer Vertreibung aus Kabul vor 14 Jahren f\u00fcr kurze Zeit einnehmen konnten.<\/p>\n<p>Keine zwei Monate brauchten die Taliban also, um sich vom Verlust ihres charismatischen, historischen F\u00fchrers zu erholen und st\u00e4rker aufzutreten als je zuvor. Wie war das m\u00f6glich?<!--more--><\/p>\n<p>Auf dem Papier sind die Taliban\u00a0der Afghanischen Nationalarmee \u2013 sie wird von den westlichen Verb\u00fcndeten immer noch massiv unterst\u00fctzt\u00a0 \u2013 unterlegen. Sie haben weniger K\u00e4mpfer, weniger Soldaten, schlechtere Waffen. Und nach\u00a0dem Tod Mullah Omars taten sich bei der &#8222;Wahl&#8220; seines Nachfolgers bedrohliche Risse auf. Nicht alle waren mit dem neuen F\u00fchrer Akhtar Mansur gl\u00fccklich. Es gab Ger\u00fcchte von einer m\u00f6glichen Spaltung der Bewegung.<\/p>\n<p>Gleichzeitig tauchte in den letzten Monaten\u00a0mit dem &#8222;Islamischen Staat&#8220; (IS) ein neuer Konkurrent auf. Der IS ist\u00a0in Afghanistan zwar immer noch\u00a0von\u00a0eher schattenhafter Pr\u00e4senz, aber f\u00fcr viele hoch ideologisierte K\u00e4mpfer ist er schon als M\u00f6glichkeit attraktiv.<\/p>\n<p>Schnelles, entschlossenes Handeln war da notwendig. Die Eroberung der Stadt Kundus muss man in diesem Kontext sehen. Trotz der R\u00fcckeroberung von Kundus durch die Regierungstruppen hat Akhtar Mansur erreicht, was er erreichen wollte: Er hat bewiesen, dass die Taliban unter seiner F\u00fchrung sehr erfolgreich sein k\u00f6nnen. Es ist eine starkes Signal, auch gegen\u00fcber dem Konkurrenten IS.<\/p>\n<p>Demgegen\u00fcber gab\u00a0die afghanische Regierung zun\u00e4chst ein gespenstisches Bild\u00a0ab. Pr\u00e4sident Aschraf Ghani richtete sich\u00a0nach der\u00a0Eroberung Kundus&#8216; mit einer\u00a0Fernsehansprache an sein Volk. Er sagte: &#8222;Trotz der Probleme, die es in Kundus gibt, m\u00f6chte ich meinen Mitb\u00fcrger versichern, dass Kundus unter unserer Kontrolle ist!&#8220;<\/p>\n<p>Offenbar war der Pr\u00e4sident zu dem Zeitpunkt nicht in Kontakt mit der Realit\u00e4t. Soldaten und Polizisten waren n\u00e4mlich vor den\u00a0Taliban geflohen. Dabei waren sie zahlenm\u00e4\u00dfig weit \u00fcberlegen. Nach Angaben der <em>New York Times<\/em> waren es 7.000, w\u00e4hrend die Taliban rund 500 K\u00e4mpfer in Kundus haben. Auch mit der schnellen R\u00fcckeroberung wollte es nicht so recht\u00a0klappen, die aus Kabul entsandten Verst\u00e4rkungen blieben zuerst einmal auf dem Weg liegen.\u00a0Ohne die Luftunterst\u00fctzung von US-Bombern h\u00e4tten die Taliban auch den Flughafen von Kundus eingenommen, dort hatten sich die Soldaten der afghanischen Armee zur\u00fcckgezogen.<\/p>\n<p>Es ist kein Zufall, dass die Taliban in Kundus diesen Erfolg hatten. Die lokale\u00a0Polizei drangsaliert die eigene Bev\u00f6lkerung. Sie stiehlt, erpresst und vergewaltigt. Dazu gibt es eine ganze Reihe von glaubw\u00fcrdigen Berichten.<\/p>\n<p>Wie\u00a0soll ein Staat attraktiv\u00a0sein, wenn seine eigenen Vertreter sich wie R\u00e4uber auff\u00fchren?<\/p>\n<p>Es ist in erster Linie die mangelnde Popularit\u00e4t des Staates, die die Taliban stark macht.<\/p>\n","protected":false},"excerpt":{"rendered":"<p>Am 30. Juli 2015 wurde der Tod des F\u00fchrers der Taliban, Mullah Omar, offiziell bekannt gegeben. Am\u00a029. September 2015 eroberten die Taliban die 300.000-Einwohner-Stadt Kundus im Norden Afghanistans. Spezialeinheiten der afghanischen Armee haben inzwischen Kundus wieder in ihre Hand bekommen, doch die Taliban haben einen wichtigen symbolischen Sieg eingefahren: Kundus n\u00e4mlich ist die erste\u00a0gr\u00f6\u00dfere Stadt, [&hellip;]<\/p>\n","protected":false},"author":87,"featured_media":0,"comment_status":"open","ping_status":"open","sticky":false,"template":"","format":"standard","meta":{"_jetpack_memberships_contains_paid_content":false,"footnotes":""},"categories":[151],"tags":[],"class_list":["post-2541","post","type-post","status-publish","format-standard","hentry","category-afghanistan"],"yoast_head":"<!-- This site is optimized with the Yoast SEO plugin v21.0 - https:\/\/yoast.com\/wordpress\/plugins\/seo\/ -->\n<title>Der Fall Kundus<\/title>\n<meta name=\"description\" content=\"Auch wenn Kundus jetzt wieder in der Hand der Regierungstruppen ist: Die Taliban haben gezeigt, wozu sie f\u00e4hig sind.\" \/>\n<meta name=\"robots\" content=\"index, follow, max-snippet:-1, max-image-preview:large, max-video-preview:-1\" \/>\n<link rel=\"canonical\" href=\"https:\/\/blog.zeit.de\/ladurnerulrich\/2015\/10\/01\/der-fall-kunduz\/\" \/>\n<meta property=\"og:locale\" content=\"de_DE\" \/>\n<meta property=\"og:type\" content=\"article\" \/>\n<meta property=\"og:title\" content=\"Der Fall Kundus\" \/>\n<meta property=\"og:description\" content=\"Auch wenn Kundus jetzt wieder in der Hand der Regierungstruppen ist: Die Taliban haben gezeigt, wozu sie f\u00e4hig sind.\" \/>\n<meta property=\"og:url\" content=\"https:\/\/blog.zeit.de\/ladurnerulrich\/2015\/10\/01\/der-fall-kunduz\/\" \/>\n<meta property=\"og:site_name\" content=\"Unterwegs in Europa\" \/>\n<meta property=\"article:published_time\" content=\"2015-10-01T08:08:31+00:00\" \/>\n<meta property=\"article:modified_time\" content=\"2015-10-02T11:13:26+00:00\" \/>\n<meta name=\"author\" content=\"Ulrich Ladurner\" \/>\n<meta name=\"twitter:label1\" content=\"Geschrieben von\" \/>\n\t<meta name=\"twitter:data1\" content=\"Ulrich Ladurner\" \/>\n\t<meta name=\"twitter:label2\" content=\"Gesch\u00e4tzte Lesezeit\" \/>\n\t<meta name=\"twitter:data2\" content=\"2\u00a0Minuten\" \/>\n<script type=\"application\/ld+json\" class=\"yoast-schema-graph\">{\"@context\":\"https:\/\/schema.org\",\"@graph\":[{\"@type\":\"WebPage\",\"@id\":\"https:\/\/blog.zeit.de\/ladurnerulrich\/2015\/10\/01\/der-fall-kunduz\/\",\"url\":\"https:\/\/blog.zeit.de\/ladurnerulrich\/2015\/10\/01\/der-fall-kunduz\/\",\"name\":\"Der Fall Kundus\",\"isPartOf\":{\"@id\":\"https:\/\/blog.zeit.de\/ladurnerulrich\/#website\"},\"datePublished\":\"2015-10-01T08:08:31+00:00\",\"dateModified\":\"2015-10-02T11:13:26+00:00\",\"author\":{\"@id\":\"https:\/\/blog.zeit.de\/ladurnerulrich\/#\/schema\/person\/41f9ab2ef02a3e3602daf321c07007f6\"},\"description\":\"Auch wenn Kundus jetzt wieder in der Hand der Regierungstruppen ist: Die Taliban haben gezeigt, wozu sie f\u00e4hig sind.\",\"breadcrumb\":{\"@id\":\"https:\/\/blog.zeit.de\/ladurnerulrich\/2015\/10\/01\/der-fall-kunduz\/#breadcrumb\"},\"inLanguage\":\"de\",\"potentialAction\":[{\"@type\":\"ReadAction\",\"target\":[\"https:\/\/blog.zeit.de\/ladurnerulrich\/2015\/10\/01\/der-fall-kunduz\/\"]}]},{\"@type\":\"BreadcrumbList\",\"@id\":\"https:\/\/blog.zeit.de\/ladurnerulrich\/2015\/10\/01\/der-fall-kunduz\/#breadcrumb\",\"itemListElement\":[{\"@type\":\"ListItem\",\"position\":1,\"name\":\"Startseite\",\"item\":\"https:\/\/blog.zeit.de\/ladurnerulrich\/\"},{\"@type\":\"ListItem\",\"position\":2,\"name\":\"Der Fall Kundus\"}]},{\"@type\":\"WebSite\",\"@id\":\"https:\/\/blog.zeit.de\/ladurnerulrich\/#website\",\"url\":\"https:\/\/blog.zeit.de\/ladurnerulrich\/\",\"name\":\"Unterwegs in Europa\",\"description\":\"Ladurners Blog f\u00fcr Einblicke in un\u00fcbersichtliche Landschaften\",\"potentialAction\":[{\"@type\":\"SearchAction\",\"target\":{\"@type\":\"EntryPoint\",\"urlTemplate\":\"https:\/\/blog.zeit.de\/ladurnerulrich\/?s={search_term_string}\"},\"query-input\":\"required name=search_term_string\"}],\"inLanguage\":\"de\"},{\"@type\":\"Person\",\"@id\":\"https:\/\/blog.zeit.de\/ladurnerulrich\/#\/schema\/person\/41f9ab2ef02a3e3602daf321c07007f6\",\"name\":\"Ulrich Ladurner\",\"image\":{\"@type\":\"ImageObject\",\"inLanguage\":\"de\",\"@id\":\"https:\/\/blog.zeit.de\/ladurnerulrich\/#\/schema\/person\/image\/\",\"url\":\"https:\/\/secure.gravatar.com\/avatar\/d01052e766579414676df807ab6fd98f6598a3bceab8af45b2984cba94333280?s=96&d=mm&r=g\",\"contentUrl\":\"https:\/\/secure.gravatar.com\/avatar\/d01052e766579414676df807ab6fd98f6598a3bceab8af45b2984cba94333280?s=96&d=mm&r=g\",\"caption\":\"Ulrich Ladurner\"},\"description\":\"lebt seit 1999 in Hamburg. Seitdem staunt er dar\u00fcber, was man in dieser Stadt erleben kann. Weil das mit dem Wundern nicht aufh\u00f6rt, gibt es diese Kolumne.\",\"sameAs\":[\"http:\/\/www.zeit.de\"],\"url\":\"https:\/\/blog.zeit.de\/ladurnerulrich\/author\/ulli-ladurner\/\"}]}<\/script>\n<!-- \/ Yoast SEO plugin. -->","yoast_head_json":{"title":"Der Fall Kundus","description":"Auch wenn Kundus jetzt wieder in der Hand der Regierungstruppen ist: Die Taliban haben gezeigt, wozu sie f\u00e4hig sind.","robots":{"index":"index","follow":"follow","max-snippet":"max-snippet:-1","max-image-preview":"max-image-preview:large","max-video-preview":"max-video-preview:-1"},"canonical":"https:\/\/blog.zeit.de\/ladurnerulrich\/2015\/10\/01\/der-fall-kunduz\/","og_locale":"de_DE","og_type":"article","og_title":"Der Fall Kundus","og_description":"Auch wenn Kundus jetzt wieder in der Hand der Regierungstruppen ist: Die Taliban haben gezeigt, wozu sie f\u00e4hig sind.","og_url":"https:\/\/blog.zeit.de\/ladurnerulrich\/2015\/10\/01\/der-fall-kunduz\/","og_site_name":"Unterwegs in Europa","article_published_time":"2015-10-01T08:08:31+00:00","article_modified_time":"2015-10-02T11:13:26+00:00","author":"Ulrich Ladurner","twitter_misc":{"Geschrieben von":"Ulrich Ladurner","Gesch\u00e4tzte Lesezeit":"2\u00a0Minuten"},"schema":{"@context":"https:\/\/schema.org","@graph":[{"@type":"WebPage","@id":"https:\/\/blog.zeit.de\/ladurnerulrich\/2015\/10\/01\/der-fall-kunduz\/","url":"https:\/\/blog.zeit.de\/ladurnerulrich\/2015\/10\/01\/der-fall-kunduz\/","name":"Der Fall Kundus","isPartOf":{"@id":"https:\/\/blog.zeit.de\/ladurnerulrich\/#website"},"datePublished":"2015-10-01T08:08:31+00:00","dateModified":"2015-10-02T11:13:26+00:00","author":{"@id":"https:\/\/blog.zeit.de\/ladurnerulrich\/#\/schema\/person\/41f9ab2ef02a3e3602daf321c07007f6"},"description":"Auch wenn Kundus jetzt wieder in der Hand der Regierungstruppen ist: Die Taliban haben gezeigt, wozu sie f\u00e4hig sind.","breadcrumb":{"@id":"https:\/\/blog.zeit.de\/ladurnerulrich\/2015\/10\/01\/der-fall-kunduz\/#breadcrumb"},"inLanguage":"de","potentialAction":[{"@type":"ReadAction","target":["https:\/\/blog.zeit.de\/ladurnerulrich\/2015\/10\/01\/der-fall-kunduz\/"]}]},{"@type":"BreadcrumbList","@id":"https:\/\/blog.zeit.de\/ladurnerulrich\/2015\/10\/01\/der-fall-kunduz\/#breadcrumb","itemListElement":[{"@type":"ListItem","position":1,"name":"Startseite","item":"https:\/\/blog.zeit.de\/ladurnerulrich\/"},{"@type":"ListItem","position":2,"name":"Der Fall Kundus"}]},{"@type":"WebSite","@id":"https:\/\/blog.zeit.de\/ladurnerulrich\/#website","url":"https:\/\/blog.zeit.de\/ladurnerulrich\/","name":"Unterwegs in Europa","description":"Ladurners Blog f\u00fcr Einblicke in un\u00fcbersichtliche Landschaften","potentialAction":[{"@type":"SearchAction","target":{"@type":"EntryPoint","urlTemplate":"https:\/\/blog.zeit.de\/ladurnerulrich\/?s={search_term_string}"},"query-input":"required name=search_term_string"}],"inLanguage":"de"},{"@type":"Person","@id":"https:\/\/blog.zeit.de\/ladurnerulrich\/#\/schema\/person\/41f9ab2ef02a3e3602daf321c07007f6","name":"Ulrich Ladurner","image":{"@type":"ImageObject","inLanguage":"de","@id":"https:\/\/blog.zeit.de\/ladurnerulrich\/#\/schema\/person\/image\/","url":"https:\/\/secure.gravatar.com\/avatar\/d01052e766579414676df807ab6fd98f6598a3bceab8af45b2984cba94333280?s=96&d=mm&r=g","contentUrl":"https:\/\/secure.gravatar.com\/avatar\/d01052e766579414676df807ab6fd98f6598a3bceab8af45b2984cba94333280?s=96&d=mm&r=g","caption":"Ulrich Ladurner"},"description":"lebt seit 1999 in Hamburg. Seitdem staunt er dar\u00fcber, was man in dieser Stadt erleben kann. Weil das mit dem Wundern nicht aufh\u00f6rt, gibt es diese Kolumne.","sameAs":["http:\/\/www.zeit.de"],"url":"https:\/\/blog.zeit.de\/ladurnerulrich\/author\/ulli-ladurner\/"}]}},"jetpack_featured_media_url":"","jetpack_sharing_enabled":true,"_links":{"self":[{"href":"https:\/\/blog.zeit.de\/ladurnerulrich\/wp-json\/wp\/v2\/posts\/2541","targetHints":{"allow":["GET"]}}],"collection":[{"href":"https:\/\/blog.zeit.de\/ladurnerulrich\/wp-json\/wp\/v2\/posts"}],"about":[{"href":"https:\/\/blog.zeit.de\/ladurnerulrich\/wp-json\/wp\/v2\/types\/post"}],"author":[{"embeddable":true,"href":"https:\/\/blog.zeit.de\/ladurnerulrich\/wp-json\/wp\/v2\/users\/87"}],"replies":[{"embeddable":true,"href":"https:\/\/blog.zeit.de\/ladurnerulrich\/wp-json\/wp\/v2\/comments?post=2541"}],"version-history":[{"count":14,"href":"https:\/\/blog.zeit.de\/ladurnerulrich\/wp-json\/wp\/v2\/posts\/2541\/revisions"}],"predecessor-version":[{"id":2579,"href":"https:\/\/blog.zeit.de\/ladurnerulrich\/wp-json\/wp\/v2\/posts\/2541\/revisions\/2579"}],"wp:attachment":[{"href":"https:\/\/blog.zeit.de\/ladurnerulrich\/wp-json\/wp\/v2\/media?parent=2541"}],"wp:term":[{"taxonomy":"category","embeddable":true,"href":"https:\/\/blog.zeit.de\/ladurnerulrich\/wp-json\/wp\/v2\/categories?post=2541"},{"taxonomy":"post_tag","embeddable":true,"href":"https:\/\/blog.zeit.de\/ladurnerulrich\/wp-json\/wp\/v2\/tags?post=2541"}],"curies":[{"name":"wp","href":"https:\/\/api.w.org\/{rel}","templated":true}]}}