{"id":2805,"date":"2016-02-05T11:09:19","date_gmt":"2016-02-05T10:09:19","guid":{"rendered":"http:\/\/blog.zeit.de\/ladurnerulrich\/?p=2805"},"modified":"2016-02-05T12:21:42","modified_gmt":"2016-02-05T11:21:42","slug":"wir-werden-getotet-und-unsere-organe-werden-verkauft","status":"publish","type":"post","link":"https:\/\/blog.zeit.de\/ladurnerulrich\/2016\/02\/05\/wir-werden-getotet-und-unsere-organe-werden-verkauft\/","title":{"rendered":"&#8222;Wir werden get\u00f6tet und unsere Organe werden verkauft!&#8220;"},"content":{"rendered":"<p>Am Rande der Europastra\u00dfe E75, auf der griechischen Seite, kurz vor dem Grenz\u00fcbergang Idomeni nach Mazedonien, steht ein mehrst\u00f6ckiges Geb\u00e4ude, das schon seit vielen Jahren leer steht. Die Fensterh\u00f6hlen sind schwarz, die Balkone zerbrochen, die W\u00e4nde mit L\u00f6chern \u00fcbers\u00e4t, vor dem, was einmal der Haupteingang gewesen sein muss, wuchert dichtes Strauchwerk. Das Geb\u00e4ude war gewiss mal ein Hotel, in dem Reisende \u00fcbernachten konnten, bevor sie ihre Fahrt fortsetzten. Wenn sie nach Norden fuhren, ging es \u00fcber Jugoslawien nach Westeuropa. Ja, sehr wahrscheinlich existierte Jugoslawien noch, als das Hotel in Betrieb war.<!--more--><\/p>\n<p>Jugoslawien zerfiel vor knapp 25 Jahren. Es ging in einem Krieg unter. Daran wird in diesen Tagen in Deutschland immer wieder erinnert. Damals sind\u00a0binnen wenigen Monaten eine halbe Million Menschen vom Balkan nach Deutschland geflohen, eine riesige Zahl, die vielen Deutschen Sorge bereitete. Doch alles ist, das wei\u00df man heute, recht gut gegangen. Deutschland hat die Aufgabe bew\u00e4ltigt, die Kriegsfl\u00fcchtlinge\u00a0\u00fcbrigens auch. 70 Prozent von ihnen sind nach dem Ende des Krieges wieder in ihre Heimat zur\u00fcckgekehrt. Das rief Kanzlerin Angela Merkel k\u00fcrzlich in Erinnerung. Sie wollte die Deutschen damit beruhigen und gleichzeitig an die Fl\u00fcchtlinge und Migranten von heute ein Signal aussenden. Nicht alle werden bleiben d\u00fcrfen. Die meisten werden wieder in ihre Heimatl\u00e4nder zur\u00fcckgehen m\u00fcssen, wenn der Krieg vorbei ist, gemeint ist der Krieg in Syrien. Wann das sein wird, wei\u00df nat\u00fcrlich auch die Kanzlerin nicht.<\/p>\n<p>Die Zahlen der Menschen, die kommen, sind heute vergleichsweise viel gr\u00f6\u00dfer als in den neunziger Jahren, eine Million ist allein 2015 nach Deutschland gekommen, eine weitere Million, wenn nicht mehr, k\u00f6nnte auch in diesem Jahr kommen und wann die Zahlen geringer werden, wer wei\u00df das schon?<\/p>\n<p>\u00dcberhaupt ist die Massenflucht aus dem zerfallenen Jugoslawien aus sehr vielen Gr\u00fcnden nicht mit der Massenwanderung von heute zu vergleichen.\u00a0Einen Grund findet man ausgerechnet in dem verfallenen Hotel an der Grenze zu Mazedonien.<\/p>\n<p>Dutzende junge M\u00e4nner haben sich ins Innere der Ruine zur\u00fcckgezogen. Sie suchen Schutz vor der Nacht, die mit schnellen Schritten kommt und empfindlich kalt wird. Morgen dann wollen sie weiter \u00fcber die Grenze. Wie sie das bewerkstelligen k\u00f6nnen, wissen sie nicht. Auf legalem Wege jedenfalls wird es nicht m\u00f6glich sein. Denn die M\u00e4nner stammen aus Marokko, Algerien und Tunesien. F\u00fcr sie ist die Grenze geschlossen. Sie sind keine Kriegsfl\u00fcchtlinge, sie sind Migranten. Keiner hier w\u00fcrde das Gegenteil behaupten.<\/p>\n<p><strong>Keine Perspektive, keine Arbeit, kein Geld<\/strong><\/p>\n<p>&#8222;Wir haben in unseren Heimatl\u00e4ndern keine Perspektive, keine Arbeit&#8220;, sagt ein junger Mann, der sich mit dem Namen Raschid vorstellt. Er tr\u00e4gt einen dicken Pullover und eine Wollm\u00fctze, um sich vor der K\u00e4lte zu sch\u00fctzen.<\/p>\n<p>Die vier anderen M\u00e4nner, die sich zu uns gesellen, nicken zustimmend. Keine Arbeit, kein Geld, keine Zukunft \u2013 deswegen: Auf nach Deutschland!<\/p>\n<p>Sie sind teilweise schon seit Wochen hier. Zuerst haben sie es mit Tausenden anderen an den Bahngleisen versucht, die ein paar Kilometer weiter, am Talgrund, \u00fcber die Grenze f\u00fchren. Dort, am Bahnhof\u00a0von Idomeni, kommen auch heute Tausende Migranten an. Es sind\u00a0Syrer, Afghanen\u00a0und Iraker. Sie werden durchgelassen. Die Nordafrikaner m\u00fcssen aber f\u00fcrchten,\u00a0deportiert zu werden, seit klar ist, dass ihnen der Grenz\u00fcbertritt nicht erlaubt wird. Die Polizei k\u00f6nnte sie jederzeit aufgreifen. Deswegen haben sie sich von der Bahnstation\u00a0Idomeni entfernt und in dieser Hotelruine Zuflucht gefunden. Die Polizei wei\u00df freilich, wo sie sind. Jeder wei\u00df es.<\/p>\n<p>&#8222;Wie soll es jetzt mit euch weitergehen? Was wollt ihr machen?&#8220;<\/p>\n<p>&#8222;Wir schauen, wie wir weiter kommen \u2026 wir suchen nach M\u00f6glichkeiten!&#8220;, antwortet Raschid.<\/p>\n<p>&#8222;Gibt es Leute, die euch \u00fcber die Grenze bringen?&#8220;<\/p>\n<p>Raschid z\u00f6gert.<\/p>\n<p>&#8222;Es ist gef\u00e4hrlich. Man kann ausgeraubt werden. Alles wird einem abgenommen, alles. Und &#8230;&#8220;, Raschid f\u00e4hrt sich mit einer schnellen Handbewegung \u00fcber den Bauch, &#8222;es gibt eine Mafia, die uns t\u00f6tet und uns die Organe entnimmt, um sie zu verkaufen.&#8220;<\/p>\n<p>&#8222;Bist du sicher? Organe verkaufen?&#8220;<\/p>\n<p>&#8222;Das haben wir geh\u00f6rt.&#8220;<\/p>\n<p>&#8222;Von wem?&#8220;<\/p>\n<p>&#8222;Wir haben es geh\u00f6rt.&#8220;<\/p>\n<p>&#8222;Kennst du jemanden, der Genaueres wei\u00df, etwas Konkreteres?&#8220;<\/p>\n<p>&#8222;Wir haben es geh\u00f6rt?&#8220;<\/p>\n<p>&#8222;Du hast keine Gewissheit?&#8220;<\/p>\n<p>&#8222;Das h\u00f6rt man.&#8220;<\/p>\n<p>&#8222;Und glaubt ihr diese Geschichte vom Organhandel?&#8220;<\/p>\n<p>&#8222;Ja, ich glaube das&#8220;, sagt Raschid, die anderen nicken zustimmend.<\/p>\n<p>Auch wenn es schwer zu glaubende Ger\u00fcchte sind, die M\u00e4nner gehen vom Schlimmsten aus.<\/p>\n<p>&#8222;Und wie lange wollt ihr hier an der Grenze ausharren?&#8220;<\/p>\n<p>&#8222;So lange wie n\u00f6tig!&#8220;<\/p>\n<p>&#8222;Geht ihr nach Hause zur\u00fcck, wenn es hier nicht mehr weitergeht?&#8220;<\/p>\n<p>Raschid antwortet: &#8222;Nach Hause? Nein, lieber sterbe ich hier!&#8220;<\/p>\n<p>Und wieder nicken alle anderen, um ihre Zustimmung zu bekunden.<\/p>\n","protected":false},"excerpt":{"rendered":"<p>Am Rande der Europastra\u00dfe E75, auf der griechischen Seite, kurz vor dem Grenz\u00fcbergang Idomeni nach Mazedonien, steht ein mehrst\u00f6ckiges Geb\u00e4ude, das schon seit vielen Jahren leer steht. Die Fensterh\u00f6hlen sind schwarz, die Balkone zerbrochen, die W\u00e4nde mit L\u00f6chern \u00fcbers\u00e4t, vor dem, was einmal der Haupteingang gewesen sein muss, wuchert dichtes Strauchwerk. Das Geb\u00e4ude war gewiss [&hellip;]<\/p>\n","protected":false},"author":87,"featured_media":0,"comment_status":"open","ping_status":"open","sticky":false,"template":"","format":"standard","meta":{"_jetpack_memberships_contains_paid_content":false,"footnotes":""},"categories":[1],"tags":[],"class_list":["post-2805","post","type-post","status-publish","format-standard","hentry","category-allgemein"],"yoast_head":"<!-- This site is optimized with the Yoast SEO plugin v21.0 - https:\/\/yoast.com\/wordpress\/plugins\/seo\/ -->\n<title>&quot;Wir werden get\u00f6tet und unsere Organe werden verkauft!&quot;<\/title>\n<meta name=\"description\" content=\"Unter Fl\u00fcchtlingen macht das Ger\u00fccht die Runde, die Mafia wolle ihnen ihre Organe stehlen.\" \/>\n<meta name=\"robots\" content=\"index, follow, max-snippet:-1, max-image-preview:large, max-video-preview:-1\" \/>\n<link rel=\"canonical\" href=\"https:\/\/blog.zeit.de\/ladurnerulrich\/2016\/02\/05\/wir-werden-getotet-und-unsere-organe-werden-verkauft\/\" \/>\n<meta property=\"og:locale\" content=\"de_DE\" \/>\n<meta property=\"og:type\" content=\"article\" \/>\n<meta property=\"og:title\" content=\"&quot;Wir werden get\u00f6tet und unsere Organe werden verkauft!&quot;\" \/>\n<meta property=\"og:description\" content=\"Unter Fl\u00fcchtlingen macht das Ger\u00fccht die Runde, die Mafia wolle ihnen ihre Organe stehlen.\" \/>\n<meta property=\"og:url\" content=\"https:\/\/blog.zeit.de\/ladurnerulrich\/2016\/02\/05\/wir-werden-getotet-und-unsere-organe-werden-verkauft\/\" \/>\n<meta property=\"og:site_name\" content=\"Unterwegs in Europa\" \/>\n<meta property=\"article:published_time\" content=\"2016-02-05T10:09:19+00:00\" \/>\n<meta property=\"article:modified_time\" content=\"2016-02-05T11:21:42+00:00\" \/>\n<meta name=\"author\" content=\"Ulrich Ladurner\" \/>\n<meta name=\"twitter:label1\" content=\"Geschrieben von\" \/>\n\t<meta name=\"twitter:data1\" content=\"Ulrich Ladurner\" \/>\n\t<meta name=\"twitter:label2\" content=\"Gesch\u00e4tzte Lesezeit\" \/>\n\t<meta name=\"twitter:data2\" content=\"4\u00a0Minuten\" \/>\n<script type=\"application\/ld+json\" class=\"yoast-schema-graph\">{\"@context\":\"https:\/\/schema.org\",\"@graph\":[{\"@type\":\"WebPage\",\"@id\":\"https:\/\/blog.zeit.de\/ladurnerulrich\/2016\/02\/05\/wir-werden-getotet-und-unsere-organe-werden-verkauft\/\",\"url\":\"https:\/\/blog.zeit.de\/ladurnerulrich\/2016\/02\/05\/wir-werden-getotet-und-unsere-organe-werden-verkauft\/\",\"name\":\"\\\"Wir werden get\u00f6tet und unsere Organe werden verkauft!\\\"\",\"isPartOf\":{\"@id\":\"https:\/\/blog.zeit.de\/ladurnerulrich\/#website\"},\"datePublished\":\"2016-02-05T10:09:19+00:00\",\"dateModified\":\"2016-02-05T11:21:42+00:00\",\"author\":{\"@id\":\"https:\/\/blog.zeit.de\/ladurnerulrich\/#\/schema\/person\/41f9ab2ef02a3e3602daf321c07007f6\"},\"description\":\"Unter Fl\u00fcchtlingen macht das Ger\u00fccht die Runde, die Mafia wolle ihnen ihre Organe stehlen.\",\"breadcrumb\":{\"@id\":\"https:\/\/blog.zeit.de\/ladurnerulrich\/2016\/02\/05\/wir-werden-getotet-und-unsere-organe-werden-verkauft\/#breadcrumb\"},\"inLanguage\":\"de\",\"potentialAction\":[{\"@type\":\"ReadAction\",\"target\":[\"https:\/\/blog.zeit.de\/ladurnerulrich\/2016\/02\/05\/wir-werden-getotet-und-unsere-organe-werden-verkauft\/\"]}]},{\"@type\":\"BreadcrumbList\",\"@id\":\"https:\/\/blog.zeit.de\/ladurnerulrich\/2016\/02\/05\/wir-werden-getotet-und-unsere-organe-werden-verkauft\/#breadcrumb\",\"itemListElement\":[{\"@type\":\"ListItem\",\"position\":1,\"name\":\"Startseite\",\"item\":\"https:\/\/blog.zeit.de\/ladurnerulrich\/\"},{\"@type\":\"ListItem\",\"position\":2,\"name\":\"&#8222;Wir werden get\u00f6tet und unsere Organe werden verkauft!&#8220;\"}]},{\"@type\":\"WebSite\",\"@id\":\"https:\/\/blog.zeit.de\/ladurnerulrich\/#website\",\"url\":\"https:\/\/blog.zeit.de\/ladurnerulrich\/\",\"name\":\"Unterwegs in Europa\",\"description\":\"Ladurners Blog f\u00fcr Einblicke in un\u00fcbersichtliche Landschaften\",\"potentialAction\":[{\"@type\":\"SearchAction\",\"target\":{\"@type\":\"EntryPoint\",\"urlTemplate\":\"https:\/\/blog.zeit.de\/ladurnerulrich\/?s={search_term_string}\"},\"query-input\":\"required name=search_term_string\"}],\"inLanguage\":\"de\"},{\"@type\":\"Person\",\"@id\":\"https:\/\/blog.zeit.de\/ladurnerulrich\/#\/schema\/person\/41f9ab2ef02a3e3602daf321c07007f6\",\"name\":\"Ulrich Ladurner\",\"image\":{\"@type\":\"ImageObject\",\"inLanguage\":\"de\",\"@id\":\"https:\/\/blog.zeit.de\/ladurnerulrich\/#\/schema\/person\/image\/\",\"url\":\"https:\/\/secure.gravatar.com\/avatar\/d01052e766579414676df807ab6fd98f6598a3bceab8af45b2984cba94333280?s=96&d=mm&r=g\",\"contentUrl\":\"https:\/\/secure.gravatar.com\/avatar\/d01052e766579414676df807ab6fd98f6598a3bceab8af45b2984cba94333280?s=96&d=mm&r=g\",\"caption\":\"Ulrich Ladurner\"},\"description\":\"lebt seit 1999 in Hamburg. Seitdem staunt er dar\u00fcber, was man in dieser Stadt erleben kann. Weil das mit dem Wundern nicht aufh\u00f6rt, gibt es diese Kolumne.\",\"sameAs\":[\"http:\/\/www.zeit.de\"],\"url\":\"https:\/\/blog.zeit.de\/ladurnerulrich\/author\/ulli-ladurner\/\"}]}<\/script>\n<!-- \/ Yoast SEO plugin. -->","yoast_head_json":{"title":"\"Wir werden get\u00f6tet und unsere Organe werden verkauft!\"","description":"Unter Fl\u00fcchtlingen macht das Ger\u00fccht die Runde, die Mafia wolle ihnen ihre Organe stehlen.","robots":{"index":"index","follow":"follow","max-snippet":"max-snippet:-1","max-image-preview":"max-image-preview:large","max-video-preview":"max-video-preview:-1"},"canonical":"https:\/\/blog.zeit.de\/ladurnerulrich\/2016\/02\/05\/wir-werden-getotet-und-unsere-organe-werden-verkauft\/","og_locale":"de_DE","og_type":"article","og_title":"\"Wir werden get\u00f6tet und unsere Organe werden verkauft!\"","og_description":"Unter Fl\u00fcchtlingen macht das Ger\u00fccht die Runde, die Mafia wolle ihnen ihre Organe stehlen.","og_url":"https:\/\/blog.zeit.de\/ladurnerulrich\/2016\/02\/05\/wir-werden-getotet-und-unsere-organe-werden-verkauft\/","og_site_name":"Unterwegs in Europa","article_published_time":"2016-02-05T10:09:19+00:00","article_modified_time":"2016-02-05T11:21:42+00:00","author":"Ulrich Ladurner","twitter_misc":{"Geschrieben von":"Ulrich Ladurner","Gesch\u00e4tzte Lesezeit":"4\u00a0Minuten"},"schema":{"@context":"https:\/\/schema.org","@graph":[{"@type":"WebPage","@id":"https:\/\/blog.zeit.de\/ladurnerulrich\/2016\/02\/05\/wir-werden-getotet-und-unsere-organe-werden-verkauft\/","url":"https:\/\/blog.zeit.de\/ladurnerulrich\/2016\/02\/05\/wir-werden-getotet-und-unsere-organe-werden-verkauft\/","name":"\"Wir werden get\u00f6tet und unsere Organe werden verkauft!\"","isPartOf":{"@id":"https:\/\/blog.zeit.de\/ladurnerulrich\/#website"},"datePublished":"2016-02-05T10:09:19+00:00","dateModified":"2016-02-05T11:21:42+00:00","author":{"@id":"https:\/\/blog.zeit.de\/ladurnerulrich\/#\/schema\/person\/41f9ab2ef02a3e3602daf321c07007f6"},"description":"Unter Fl\u00fcchtlingen macht das Ger\u00fccht die Runde, die Mafia wolle ihnen ihre Organe stehlen.","breadcrumb":{"@id":"https:\/\/blog.zeit.de\/ladurnerulrich\/2016\/02\/05\/wir-werden-getotet-und-unsere-organe-werden-verkauft\/#breadcrumb"},"inLanguage":"de","potentialAction":[{"@type":"ReadAction","target":["https:\/\/blog.zeit.de\/ladurnerulrich\/2016\/02\/05\/wir-werden-getotet-und-unsere-organe-werden-verkauft\/"]}]},{"@type":"BreadcrumbList","@id":"https:\/\/blog.zeit.de\/ladurnerulrich\/2016\/02\/05\/wir-werden-getotet-und-unsere-organe-werden-verkauft\/#breadcrumb","itemListElement":[{"@type":"ListItem","position":1,"name":"Startseite","item":"https:\/\/blog.zeit.de\/ladurnerulrich\/"},{"@type":"ListItem","position":2,"name":"&#8222;Wir werden get\u00f6tet und unsere Organe werden verkauft!&#8220;"}]},{"@type":"WebSite","@id":"https:\/\/blog.zeit.de\/ladurnerulrich\/#website","url":"https:\/\/blog.zeit.de\/ladurnerulrich\/","name":"Unterwegs in Europa","description":"Ladurners Blog f\u00fcr Einblicke in un\u00fcbersichtliche Landschaften","potentialAction":[{"@type":"SearchAction","target":{"@type":"EntryPoint","urlTemplate":"https:\/\/blog.zeit.de\/ladurnerulrich\/?s={search_term_string}"},"query-input":"required name=search_term_string"}],"inLanguage":"de"},{"@type":"Person","@id":"https:\/\/blog.zeit.de\/ladurnerulrich\/#\/schema\/person\/41f9ab2ef02a3e3602daf321c07007f6","name":"Ulrich Ladurner","image":{"@type":"ImageObject","inLanguage":"de","@id":"https:\/\/blog.zeit.de\/ladurnerulrich\/#\/schema\/person\/image\/","url":"https:\/\/secure.gravatar.com\/avatar\/d01052e766579414676df807ab6fd98f6598a3bceab8af45b2984cba94333280?s=96&d=mm&r=g","contentUrl":"https:\/\/secure.gravatar.com\/avatar\/d01052e766579414676df807ab6fd98f6598a3bceab8af45b2984cba94333280?s=96&d=mm&r=g","caption":"Ulrich Ladurner"},"description":"lebt seit 1999 in Hamburg. Seitdem staunt er dar\u00fcber, was man in dieser Stadt erleben kann. Weil das mit dem Wundern nicht aufh\u00f6rt, gibt es diese Kolumne.","sameAs":["http:\/\/www.zeit.de"],"url":"https:\/\/blog.zeit.de\/ladurnerulrich\/author\/ulli-ladurner\/"}]}},"jetpack_featured_media_url":"","jetpack_sharing_enabled":true,"_links":{"self":[{"href":"https:\/\/blog.zeit.de\/ladurnerulrich\/wp-json\/wp\/v2\/posts\/2805","targetHints":{"allow":["GET"]}}],"collection":[{"href":"https:\/\/blog.zeit.de\/ladurnerulrich\/wp-json\/wp\/v2\/posts"}],"about":[{"href":"https:\/\/blog.zeit.de\/ladurnerulrich\/wp-json\/wp\/v2\/types\/post"}],"author":[{"embeddable":true,"href":"https:\/\/blog.zeit.de\/ladurnerulrich\/wp-json\/wp\/v2\/users\/87"}],"replies":[{"embeddable":true,"href":"https:\/\/blog.zeit.de\/ladurnerulrich\/wp-json\/wp\/v2\/comments?post=2805"}],"version-history":[{"count":11,"href":"https:\/\/blog.zeit.de\/ladurnerulrich\/wp-json\/wp\/v2\/posts\/2805\/revisions"}],"predecessor-version":[{"id":2818,"href":"https:\/\/blog.zeit.de\/ladurnerulrich\/wp-json\/wp\/v2\/posts\/2805\/revisions\/2818"}],"wp:attachment":[{"href":"https:\/\/blog.zeit.de\/ladurnerulrich\/wp-json\/wp\/v2\/media?parent=2805"}],"wp:term":[{"taxonomy":"category","embeddable":true,"href":"https:\/\/blog.zeit.de\/ladurnerulrich\/wp-json\/wp\/v2\/categories?post=2805"},{"taxonomy":"post_tag","embeddable":true,"href":"https:\/\/blog.zeit.de\/ladurnerulrich\/wp-json\/wp\/v2\/tags?post=2805"}],"curies":[{"name":"wp","href":"https:\/\/api.w.org\/{rel}","templated":true}]}}