{"id":2822,"date":"2016-02-15T10:50:44","date_gmt":"2016-02-15T09:50:44","guid":{"rendered":"http:\/\/blog.zeit.de\/ladurnerulrich\/?p=2822"},"modified":"2016-02-15T11:43:54","modified_gmt":"2016-02-15T10:43:54","slug":"ungarns-zaun-wird-lochrig","status":"publish","type":"post","link":"https:\/\/blog.zeit.de\/ladurnerulrich\/2016\/02\/15\/ungarns-zaun-wird-lochrig\/","title":{"rendered":"Ungarns Zaun wird l\u00f6chrig"},"content":{"rendered":"<p><figure id=\"attachment_2824\" aria-describedby=\"caption-attachment-2824\" style=\"width: 580px\" class=\"wp-caption aligncenter\"><img loading=\"lazy\" decoding=\"async\" class=\"wp-image-2824 size-full\" src=\"https:\/\/blog.zeit.de\/ladurnerulrich\/files\/2016\/02\/Pakistani-in-Belgrad-e1455468344600.jpg\" alt=\"Ungarns Zaun wird l\u00f6chrig\" width=\"580\" height=\"326\" \/><figcaption id=\"caption-attachment-2824\" class=\"wp-caption-text\">Pakistaner im B\u00fcro des serbischen Menschrechtszentrums in Belgrad<\/figcaption><\/figure><\/p>\n<p>&nbsp;<\/p>\n<p>Das\u00a0serbische Menschenrechtszentrum betreibt wenige Schritte vom\u00a0Belgrader Bahnhof entfernt ein B\u00fcro. Fl\u00fcchtlinge und Migranten erhalten hier Informationen \u00fcber Schlafpl\u00e4tze, Essenausgaben, Transportm\u00f6glichkeiten und \u00fcber andere Dinge, die ihnen helfen k\u00f6nnen.\u00a0Vier Computer mit Internetverbindung stehen zur Verf\u00fcgung. Meist bildet sich davor eine dichte Menschentraube. Die Migranten und Fl\u00fcchtlinge werden hier unter anderem dar\u00fcber aufgekl\u00e4rt, dass sie in Serbien Asyl beantragen k\u00f6nnen. Das wollen aber die wenigsten. Deutschland bleibt das Ziel, auch wenn sich hier langsam herumspricht, dass es nicht mehr so einfach ist, dorthin zu kommen wie noch im vergangenen Sommer. Viele von ihnen sind hier stecken geblieben. Marokkaner und Algerier in erster Linie, aber es sind auch Pakistaner darunter und der eine oder andere Afghane, der nicht weiterkommt. Einige von ihnen haben schon versucht, nach Kroatien zu gelangen, sind aber gescheitert. Andere sind gerade erst in Belgrad angekommen und saugen begierig jede Information auf.<\/p>\n<p>Wie kommen wir weiter? Welchen Weg m\u00fcssen wir gehen? Worauf m\u00fcssen wir achten?<!--more--><\/p>\n<p>In diesen Tagen kursiert hier zum Beispiel die Nachricht, dass immer mehr Fl\u00fcchtlinge \u00fcber Ungarn nach Nordeuropa gehen. Das ist im ersten Moment schwer zu glauben. Immerhin br\u00fcstet sich Ungarns Premierminister Viktor Orb\u00e1n damit, dass er die Grenze seines Landes geschlossen und damit die Massenwanderung\u00a0durch\u00a0sein Land gestoppt habe. Orb\u00e1n empfiehlt seine harte Politik den anderen europ\u00e4ischen Staaten als Modell. Doch wenn es stimmt, was man hier im B\u00fcro des serbischen Menschenrechtszentrum h\u00f6rt, dann ist das mit der geschlossenen ungarischen Grenze nicht so weit her. Viele seien es noch nicht, die es versuchen, aber doch einige \u2013 und zwar in der berechtigten Hoffnung, durchzukommen. Wenn sie einmal durch den Zaun sind, das wird berichtet, k\u00f6nnten sie es bis \u00d6sterreich schaffen.<\/p>\n<p>In Ungarn wird der illegale Grenz\u00fcbertritt seit dem Sommer mit einer Gef\u00e4ngnisstrafe belegt. Doch so bedrohlich das auch klingt, es muss erst einmal durchgesetzt werden. Dazu braucht es viele Polizisten, viele Gef\u00e4ngniszellen, viele Ressourcen. Es braucht dazu einen starken Staat, das aber scheint Ungarn nicht zu sein. Orb\u00e1n pflegt zwar eine autorit\u00e4re Sprache, doch das sagt \u00fcber die reale Kraft Ungarns wenig aus.<\/p>\n<p>Zu den Gestrandeten in Belgrad geh\u00f6rt auch die 61-j\u00e4hrige Halima Hussein. Sie ist Kurdin und stammt aus Dohuk, im Norden Iraks. Sie ist vor einigen Wochen gemeinsam mit ihrem Mann, Yussuf, aufgebrochen. Jetzt liegt Yussuf auf der Intensivstation eines Belgrader Krankenhauses. Er ist ins Koma gefallen.<\/p>\n<p><figure id=\"attachment_2825\" aria-describedby=\"caption-attachment-2825\" style=\"width: 580px\" class=\"wp-caption aligncenter\"><img loading=\"lazy\" decoding=\"async\" class=\"wp-image-2825 size-full\" src=\"https:\/\/blog.zeit.de\/ladurnerulrich\/files\/2016\/02\/Halima-Hussein-e1455468833952.jpg\" alt=\"\" width=\"580\" height=\"326\" \/><figcaption id=\"caption-attachment-2825\" class=\"wp-caption-text\">Halima Hussein aus dem Norden Iraks ist mit ihrem Mann Yussuf in Belgrad gestrandet.<\/figcaption><\/figure><\/p>\n<p>Das Ehepaar hat Dohuk verlassen, weil Yussuf eine neue Leber braucht. Und wir haben geh\u00f6rt, dass er in Deutschland eine neue Leber bekommen wird&#8220;, erz\u00e4hlt Halima.<\/p>\n<p>Sie will nicht glauben, dass es nicht so einfach sei, eine Leber zu bekommen, auch f\u00fcr Deutsche nicht. Sie will das gar nicht h\u00f6ren. Sobald ihr Mann aus dem Krankenhaus entlassen sein wird, und sie hat keinen Zweifel daran, dass das so sein wird, werden sie sich wieder nach Deutschland aufmachen.<\/p>\n<p>&#8222;Die Deutschen&#8220;, sagt Halima unbeirrt, &#8222;werden uns helfen!&#8220;<\/p>\n<p>&nbsp;<\/p>\n","protected":false},"excerpt":{"rendered":"<p>&nbsp; Das\u00a0serbische Menschenrechtszentrum betreibt wenige Schritte vom\u00a0Belgrader Bahnhof entfernt ein B\u00fcro. Fl\u00fcchtlinge und Migranten erhalten hier Informationen \u00fcber Schlafpl\u00e4tze, Essenausgaben, Transportm\u00f6glichkeiten und \u00fcber andere Dinge, die ihnen helfen k\u00f6nnen.\u00a0Vier Computer mit Internetverbindung stehen zur Verf\u00fcgung. Meist bildet sich davor eine dichte Menschentraube. Die Migranten und Fl\u00fcchtlinge werden hier unter anderem dar\u00fcber aufgekl\u00e4rt, dass sie in [&hellip;]<\/p>\n","protected":false},"author":87,"featured_media":2825,"comment_status":"open","ping_status":"open","sticky":false,"template":"","format":"standard","meta":{"_jetpack_memberships_contains_paid_content":false,"footnotes":""},"categories":[1],"tags":[],"class_list":["post-2822","post","type-post","status-publish","format-standard","has-post-thumbnail","hentry","category-allgemein"],"yoast_head":"<!-- This site is optimized with the Yoast SEO plugin v21.0 - https:\/\/yoast.com\/wordpress\/plugins\/seo\/ -->\n<title>Ungarns Zaun wird l\u00f6chrig<\/title>\n<meta name=\"description\" content=\"Der Zaun um Ungarn scheint nicht so dicht zu sein, wie behauptet. Viele Fl\u00fcchtlinge setzen ihren Weg unbeirrt fort.\" \/>\n<meta name=\"robots\" content=\"index, follow, max-snippet:-1, max-image-preview:large, max-video-preview:-1\" \/>\n<link rel=\"canonical\" href=\"https:\/\/blog.zeit.de\/ladurnerulrich\/2016\/02\/15\/ungarns-zaun-wird-lochrig\/\" \/>\n<meta property=\"og:locale\" content=\"de_DE\" \/>\n<meta property=\"og:type\" content=\"article\" \/>\n<meta property=\"og:title\" content=\"Ungarns Zaun wird l\u00f6chrig\" \/>\n<meta property=\"og:description\" content=\"Der Zaun um Ungarn scheint nicht so dicht zu sein, wie behauptet. Viele Fl\u00fcchtlinge setzen ihren Weg unbeirrt fort.\" \/>\n<meta property=\"og:url\" content=\"https:\/\/blog.zeit.de\/ladurnerulrich\/2016\/02\/15\/ungarns-zaun-wird-lochrig\/\" \/>\n<meta property=\"og:site_name\" content=\"Unterwegs in Europa\" \/>\n<meta property=\"article:published_time\" content=\"2016-02-15T09:50:44+00:00\" \/>\n<meta property=\"article:modified_time\" content=\"2016-02-15T10:43:54+00:00\" \/>\n<meta property=\"og:image\" content=\"https:\/\/blog.zeit.de\/ladurnerulrich\/files\/2016\/02\/Halima-Hussein-e1455468833952.jpg\" \/>\n\t<meta property=\"og:image:width\" content=\"580\" \/>\n\t<meta property=\"og:image:height\" content=\"326\" \/>\n\t<meta property=\"og:image:type\" content=\"image\/jpeg\" \/>\n<meta name=\"author\" content=\"Ulrich Ladurner\" \/>\n<meta name=\"twitter:label1\" content=\"Geschrieben von\" \/>\n\t<meta name=\"twitter:data1\" content=\"Ulrich Ladurner\" \/>\n\t<meta name=\"twitter:label2\" content=\"Gesch\u00e4tzte Lesezeit\" \/>\n\t<meta name=\"twitter:data2\" content=\"3\u00a0Minuten\" \/>\n<script type=\"application\/ld+json\" class=\"yoast-schema-graph\">{\"@context\":\"https:\/\/schema.org\",\"@graph\":[{\"@type\":\"WebPage\",\"@id\":\"https:\/\/blog.zeit.de\/ladurnerulrich\/2016\/02\/15\/ungarns-zaun-wird-lochrig\/\",\"url\":\"https:\/\/blog.zeit.de\/ladurnerulrich\/2016\/02\/15\/ungarns-zaun-wird-lochrig\/\",\"name\":\"Ungarns Zaun wird l\u00f6chrig\",\"isPartOf\":{\"@id\":\"https:\/\/blog.zeit.de\/ladurnerulrich\/#website\"},\"datePublished\":\"2016-02-15T09:50:44+00:00\",\"dateModified\":\"2016-02-15T10:43:54+00:00\",\"author\":{\"@id\":\"https:\/\/blog.zeit.de\/ladurnerulrich\/#\/schema\/person\/41f9ab2ef02a3e3602daf321c07007f6\"},\"description\":\"Der Zaun um Ungarn scheint nicht so dicht zu sein, wie behauptet. Viele Fl\u00fcchtlinge setzen ihren Weg unbeirrt fort.\",\"breadcrumb\":{\"@id\":\"https:\/\/blog.zeit.de\/ladurnerulrich\/2016\/02\/15\/ungarns-zaun-wird-lochrig\/#breadcrumb\"},\"inLanguage\":\"de\",\"potentialAction\":[{\"@type\":\"ReadAction\",\"target\":[\"https:\/\/blog.zeit.de\/ladurnerulrich\/2016\/02\/15\/ungarns-zaun-wird-lochrig\/\"]}]},{\"@type\":\"BreadcrumbList\",\"@id\":\"https:\/\/blog.zeit.de\/ladurnerulrich\/2016\/02\/15\/ungarns-zaun-wird-lochrig\/#breadcrumb\",\"itemListElement\":[{\"@type\":\"ListItem\",\"position\":1,\"name\":\"Startseite\",\"item\":\"https:\/\/blog.zeit.de\/ladurnerulrich\/\"},{\"@type\":\"ListItem\",\"position\":2,\"name\":\"Ungarns Zaun wird l\u00f6chrig\"}]},{\"@type\":\"WebSite\",\"@id\":\"https:\/\/blog.zeit.de\/ladurnerulrich\/#website\",\"url\":\"https:\/\/blog.zeit.de\/ladurnerulrich\/\",\"name\":\"Unterwegs in Europa\",\"description\":\"Ladurners Blog f\u00fcr Einblicke in un\u00fcbersichtliche Landschaften\",\"potentialAction\":[{\"@type\":\"SearchAction\",\"target\":{\"@type\":\"EntryPoint\",\"urlTemplate\":\"https:\/\/blog.zeit.de\/ladurnerulrich\/?s={search_term_string}\"},\"query-input\":\"required name=search_term_string\"}],\"inLanguage\":\"de\"},{\"@type\":\"Person\",\"@id\":\"https:\/\/blog.zeit.de\/ladurnerulrich\/#\/schema\/person\/41f9ab2ef02a3e3602daf321c07007f6\",\"name\":\"Ulrich Ladurner\",\"image\":{\"@type\":\"ImageObject\",\"inLanguage\":\"de\",\"@id\":\"https:\/\/blog.zeit.de\/ladurnerulrich\/#\/schema\/person\/image\/\",\"url\":\"https:\/\/secure.gravatar.com\/avatar\/d01052e766579414676df807ab6fd98f6598a3bceab8af45b2984cba94333280?s=96&d=mm&r=g\",\"contentUrl\":\"https:\/\/secure.gravatar.com\/avatar\/d01052e766579414676df807ab6fd98f6598a3bceab8af45b2984cba94333280?s=96&d=mm&r=g\",\"caption\":\"Ulrich Ladurner\"},\"description\":\"lebt seit 1999 in Hamburg. Seitdem staunt er dar\u00fcber, was man in dieser Stadt erleben kann. Weil das mit dem Wundern nicht aufh\u00f6rt, gibt es diese Kolumne.\",\"sameAs\":[\"http:\/\/www.zeit.de\"],\"url\":\"https:\/\/blog.zeit.de\/ladurnerulrich\/author\/ulli-ladurner\/\"}]}<\/script>\n<!-- \/ Yoast SEO plugin. -->","yoast_head_json":{"title":"Ungarns Zaun wird l\u00f6chrig","description":"Der Zaun um Ungarn scheint nicht so dicht zu sein, wie behauptet. Viele Fl\u00fcchtlinge setzen ihren Weg unbeirrt fort.","robots":{"index":"index","follow":"follow","max-snippet":"max-snippet:-1","max-image-preview":"max-image-preview:large","max-video-preview":"max-video-preview:-1"},"canonical":"https:\/\/blog.zeit.de\/ladurnerulrich\/2016\/02\/15\/ungarns-zaun-wird-lochrig\/","og_locale":"de_DE","og_type":"article","og_title":"Ungarns Zaun wird l\u00f6chrig","og_description":"Der Zaun um Ungarn scheint nicht so dicht zu sein, wie behauptet. Viele Fl\u00fcchtlinge setzen ihren Weg unbeirrt fort.","og_url":"https:\/\/blog.zeit.de\/ladurnerulrich\/2016\/02\/15\/ungarns-zaun-wird-lochrig\/","og_site_name":"Unterwegs in Europa","article_published_time":"2016-02-15T09:50:44+00:00","article_modified_time":"2016-02-15T10:43:54+00:00","og_image":[{"width":580,"height":326,"url":"https:\/\/blog.zeit.de\/ladurnerulrich\/files\/2016\/02\/Halima-Hussein-e1455468833952.jpg","type":"image\/jpeg"}],"author":"Ulrich Ladurner","twitter_misc":{"Geschrieben von":"Ulrich Ladurner","Gesch\u00e4tzte Lesezeit":"3\u00a0Minuten"},"schema":{"@context":"https:\/\/schema.org","@graph":[{"@type":"WebPage","@id":"https:\/\/blog.zeit.de\/ladurnerulrich\/2016\/02\/15\/ungarns-zaun-wird-lochrig\/","url":"https:\/\/blog.zeit.de\/ladurnerulrich\/2016\/02\/15\/ungarns-zaun-wird-lochrig\/","name":"Ungarns Zaun wird l\u00f6chrig","isPartOf":{"@id":"https:\/\/blog.zeit.de\/ladurnerulrich\/#website"},"datePublished":"2016-02-15T09:50:44+00:00","dateModified":"2016-02-15T10:43:54+00:00","author":{"@id":"https:\/\/blog.zeit.de\/ladurnerulrich\/#\/schema\/person\/41f9ab2ef02a3e3602daf321c07007f6"},"description":"Der Zaun um Ungarn scheint nicht so dicht zu sein, wie behauptet. Viele Fl\u00fcchtlinge setzen ihren Weg unbeirrt fort.","breadcrumb":{"@id":"https:\/\/blog.zeit.de\/ladurnerulrich\/2016\/02\/15\/ungarns-zaun-wird-lochrig\/#breadcrumb"},"inLanguage":"de","potentialAction":[{"@type":"ReadAction","target":["https:\/\/blog.zeit.de\/ladurnerulrich\/2016\/02\/15\/ungarns-zaun-wird-lochrig\/"]}]},{"@type":"BreadcrumbList","@id":"https:\/\/blog.zeit.de\/ladurnerulrich\/2016\/02\/15\/ungarns-zaun-wird-lochrig\/#breadcrumb","itemListElement":[{"@type":"ListItem","position":1,"name":"Startseite","item":"https:\/\/blog.zeit.de\/ladurnerulrich\/"},{"@type":"ListItem","position":2,"name":"Ungarns Zaun wird l\u00f6chrig"}]},{"@type":"WebSite","@id":"https:\/\/blog.zeit.de\/ladurnerulrich\/#website","url":"https:\/\/blog.zeit.de\/ladurnerulrich\/","name":"Unterwegs in Europa","description":"Ladurners Blog f\u00fcr Einblicke in un\u00fcbersichtliche Landschaften","potentialAction":[{"@type":"SearchAction","target":{"@type":"EntryPoint","urlTemplate":"https:\/\/blog.zeit.de\/ladurnerulrich\/?s={search_term_string}"},"query-input":"required name=search_term_string"}],"inLanguage":"de"},{"@type":"Person","@id":"https:\/\/blog.zeit.de\/ladurnerulrich\/#\/schema\/person\/41f9ab2ef02a3e3602daf321c07007f6","name":"Ulrich Ladurner","image":{"@type":"ImageObject","inLanguage":"de","@id":"https:\/\/blog.zeit.de\/ladurnerulrich\/#\/schema\/person\/image\/","url":"https:\/\/secure.gravatar.com\/avatar\/d01052e766579414676df807ab6fd98f6598a3bceab8af45b2984cba94333280?s=96&d=mm&r=g","contentUrl":"https:\/\/secure.gravatar.com\/avatar\/d01052e766579414676df807ab6fd98f6598a3bceab8af45b2984cba94333280?s=96&d=mm&r=g","caption":"Ulrich Ladurner"},"description":"lebt seit 1999 in Hamburg. Seitdem staunt er dar\u00fcber, was man in dieser Stadt erleben kann. Weil das mit dem Wundern nicht aufh\u00f6rt, gibt es diese Kolumne.","sameAs":["http:\/\/www.zeit.de"],"url":"https:\/\/blog.zeit.de\/ladurnerulrich\/author\/ulli-ladurner\/"}]}},"jetpack_featured_media_url":"https:\/\/blog.zeit.de\/ladurnerulrich\/files\/2016\/02\/Halima-Hussein-e1455468833952.jpg","jetpack_sharing_enabled":true,"_links":{"self":[{"href":"https:\/\/blog.zeit.de\/ladurnerulrich\/wp-json\/wp\/v2\/posts\/2822","targetHints":{"allow":["GET"]}}],"collection":[{"href":"https:\/\/blog.zeit.de\/ladurnerulrich\/wp-json\/wp\/v2\/posts"}],"about":[{"href":"https:\/\/blog.zeit.de\/ladurnerulrich\/wp-json\/wp\/v2\/types\/post"}],"author":[{"embeddable":true,"href":"https:\/\/blog.zeit.de\/ladurnerulrich\/wp-json\/wp\/v2\/users\/87"}],"replies":[{"embeddable":true,"href":"https:\/\/blog.zeit.de\/ladurnerulrich\/wp-json\/wp\/v2\/comments?post=2822"}],"version-history":[{"count":12,"href":"https:\/\/blog.zeit.de\/ladurnerulrich\/wp-json\/wp\/v2\/posts\/2822\/revisions"}],"predecessor-version":[{"id":2840,"href":"https:\/\/blog.zeit.de\/ladurnerulrich\/wp-json\/wp\/v2\/posts\/2822\/revisions\/2840"}],"wp:featuredmedia":[{"embeddable":true,"href":"https:\/\/blog.zeit.de\/ladurnerulrich\/wp-json\/wp\/v2\/media\/2825"}],"wp:attachment":[{"href":"https:\/\/blog.zeit.de\/ladurnerulrich\/wp-json\/wp\/v2\/media?parent=2822"}],"wp:term":[{"taxonomy":"category","embeddable":true,"href":"https:\/\/blog.zeit.de\/ladurnerulrich\/wp-json\/wp\/v2\/categories?post=2822"},{"taxonomy":"post_tag","embeddable":true,"href":"https:\/\/blog.zeit.de\/ladurnerulrich\/wp-json\/wp\/v2\/tags?post=2822"}],"curies":[{"name":"wp","href":"https:\/\/api.w.org\/{rel}","templated":true}]}}