{"id":2920,"date":"2016-03-29T18:08:12","date_gmt":"2016-03-29T16:08:12","guid":{"rendered":"http:\/\/blog.zeit.de\/ladurnerulrich\/?p=2920"},"modified":"2016-03-29T18:51:01","modified_gmt":"2016-03-29T16:51:01","slug":"lahore-ein-anschlag-gegen-christen","status":"publish","type":"post","link":"https:\/\/blog.zeit.de\/ladurnerulrich\/2016\/03\/29\/lahore-ein-anschlag-gegen-christen\/","title":{"rendered":"Ein Anschlag gegen Christen"},"content":{"rendered":"<p>Am Ostersonntag sprengte sich ein Selbstmordattent\u00e4ter im pakistanischen Lahore in die Luft. Er hatte sich einen Spielplatz in dem popul\u00e4ren\u00a0Gulshan-e-Iqbal-Park ausgesucht. Im Park feierten viele Christen das Osterfest mit einem Picknick. Nur wenige Meter von den Schaukeln und Karussellen entfernt z\u00fcndete der Angreifer eine 20-Kilo-Bombe. Mindestens 72 Menschen starben, darunter 35 Kinder. Mehr als 230 Menschen wurden verletzt.\u00a0Der Attent\u00e4ter war der\u00a028-j\u00e4hrige Lehrer einer Koranschule. Die Organisation, die ihn geschickt hatte, ist eine Splittergruppe der pakistanischen Taliban. In einer Botschaft lie\u00df sie keinen Zweifel \u00fcber die Motive f\u00fcr den Anschlag: &#8222;Wir haben das Attentat begangen, weil wir Christen treffen wollten!&#8220;<!--more--><\/p>\n<p>Der Anschlag hat weltweit Entsetzen\u00a0hervorgerufen. Das\u00a0deutsche Au\u00dfenministerium lie\u00df verlauten: &#8222;Dieser abscheuliche Anschlag gegen Familien in einem belebten Park zeigt, dass sich Terrorismus in seinem m\u00f6rderischen Wahn gegen alle Menschen gleicherma\u00dfen richtet, gleich ob Mann oder Frau, jung oder alt, gleich welchen Glaubens und welcher Hautfarbe.&#8220;<\/p>\n<p>Das ist routinierte Diplomatensprache. An der Stellungnahme ist nichts falsch. Aber sie \u00fcberzeugt nicht.<\/p>\n<p>Denn es fehlt auch nur ein Hinweis auf die Motive der Attent\u00e4ter: &#8222;Wir wollten Christen treffen!&#8220;<\/p>\n<p>Warum wird das in den Trauerbekundungen wie in jener des Ausw\u00e4rtigen Amtes nicht erw\u00e4hnt?<\/p>\n<p>Freilich, in dem\u00a0Gulshan-e-Iqbal-Park sind auch viele Muslime ums Leben gekommen. Und es stimmt auch, dass die Taliban ebenso\u00a0absichtsvoll Muslime t\u00f6ten, Schiiten zum Beispiel oder gem\u00e4\u00dfigte Sunniten.<\/p>\n<p>Das Ausw\u00e4rtige Amt muss\u00a0nicht gleich von Christenverfolgung sprechen, doch ein wenig konkreter d\u00fcrfte es schon werden.<\/p>\n<p>Man stelle sich nur mal vor, die\u00a0pakistanischen Christen, die gerade ihre Kinder in Lahore verloren haben, l\u00e4sen die Stellungnahme des Ausw\u00e4rtigen Amtes, dass &#8222;sich der\u00a0Terrorismus in seinem m\u00f6rderischen Wahn gegen alle Menschen gleicherma\u00dfen richtet&#8220;. Sie werden zustimmend nicken, und doch das Gef\u00fchl haben, dass ihr Leid untergeht im Leid der vielen anderen Opfer. Was hier steht, das ist richtig, werden sie vermutlich sagen: &#8222;Aber dieses Attentat galt ausdr\u00fccklich uns!&#8220;<\/p>\n<p>Und das ist ein Unterschied, der ohne Not verwischt wird.<\/p>\n<p>&nbsp;<\/p>\n","protected":false},"excerpt":{"rendered":"<p>Am Ostersonntag sprengte sich ein Selbstmordattent\u00e4ter im pakistanischen Lahore in die Luft. Er hatte sich einen Spielplatz in dem popul\u00e4ren\u00a0Gulshan-e-Iqbal-Park ausgesucht. Im Park feierten viele Christen das Osterfest mit einem Picknick. Nur wenige Meter von den Schaukeln und Karussellen entfernt z\u00fcndete der Angreifer eine 20-Kilo-Bombe. Mindestens 72 Menschen starben, darunter 35 Kinder. Mehr als 230 [&hellip;]<\/p>\n","protected":false},"author":87,"featured_media":0,"comment_status":"open","ping_status":"open","sticky":false,"template":"","format":"standard","meta":{"_jetpack_memberships_contains_paid_content":false,"footnotes":""},"categories":[1],"tags":[],"class_list":["post-2920","post","type-post","status-publish","format-standard","hentry","category-allgemein"],"yoast_head":"<!-- This site is optimized with the Yoast SEO plugin v21.0 - https:\/\/yoast.com\/wordpress\/plugins\/seo\/ -->\n<title>Lahore: Ein Anschlag gegen Christen<\/title>\n<meta name=\"description\" content=\"Das Ausw\u00e4rtige Amt muss beim Anschlag in Lahore nicht gleich von Christenverfolgung sprechen, doch ein wenig konkreter d\u00fcrfte es schon sein.\" \/>\n<meta name=\"robots\" content=\"index, follow, max-snippet:-1, max-image-preview:large, max-video-preview:-1\" \/>\n<link rel=\"canonical\" href=\"https:\/\/blog.zeit.de\/ladurnerulrich\/2016\/03\/29\/lahore-ein-anschlag-gegen-christen\/\" \/>\n<meta property=\"og:locale\" content=\"de_DE\" \/>\n<meta property=\"og:type\" content=\"article\" \/>\n<meta property=\"og:title\" content=\"Lahore: Ein Anschlag gegen Christen\" \/>\n<meta property=\"og:description\" content=\"Das Ausw\u00e4rtige Amt muss beim Anschlag in Lahore nicht gleich von Christenverfolgung sprechen, doch ein wenig konkreter d\u00fcrfte es schon sein.\" \/>\n<meta property=\"og:url\" content=\"https:\/\/blog.zeit.de\/ladurnerulrich\/2016\/03\/29\/lahore-ein-anschlag-gegen-christen\/\" \/>\n<meta property=\"og:site_name\" content=\"Unterwegs in Europa\" \/>\n<meta property=\"article:published_time\" content=\"2016-03-29T16:08:12+00:00\" \/>\n<meta property=\"article:modified_time\" content=\"2016-03-29T16:51:01+00:00\" \/>\n<meta name=\"author\" content=\"Ulrich Ladurner\" \/>\n<meta name=\"twitter:label1\" content=\"Geschrieben von\" \/>\n\t<meta name=\"twitter:data1\" content=\"Ulrich Ladurner\" \/>\n\t<meta name=\"twitter:label2\" content=\"Gesch\u00e4tzte Lesezeit\" \/>\n\t<meta name=\"twitter:data2\" content=\"2\u00a0Minuten\" \/>\n<script type=\"application\/ld+json\" class=\"yoast-schema-graph\">{\"@context\":\"https:\/\/schema.org\",\"@graph\":[{\"@type\":\"WebPage\",\"@id\":\"https:\/\/blog.zeit.de\/ladurnerulrich\/2016\/03\/29\/lahore-ein-anschlag-gegen-christen\/\",\"url\":\"https:\/\/blog.zeit.de\/ladurnerulrich\/2016\/03\/29\/lahore-ein-anschlag-gegen-christen\/\",\"name\":\"Lahore: Ein Anschlag gegen Christen\",\"isPartOf\":{\"@id\":\"https:\/\/blog.zeit.de\/ladurnerulrich\/#website\"},\"datePublished\":\"2016-03-29T16:08:12+00:00\",\"dateModified\":\"2016-03-29T16:51:01+00:00\",\"author\":{\"@id\":\"https:\/\/blog.zeit.de\/ladurnerulrich\/#\/schema\/person\/41f9ab2ef02a3e3602daf321c07007f6\"},\"description\":\"Das Ausw\u00e4rtige Amt muss beim Anschlag in Lahore nicht gleich von Christenverfolgung sprechen, doch ein wenig konkreter d\u00fcrfte es schon sein.\",\"breadcrumb\":{\"@id\":\"https:\/\/blog.zeit.de\/ladurnerulrich\/2016\/03\/29\/lahore-ein-anschlag-gegen-christen\/#breadcrumb\"},\"inLanguage\":\"de\",\"potentialAction\":[{\"@type\":\"ReadAction\",\"target\":[\"https:\/\/blog.zeit.de\/ladurnerulrich\/2016\/03\/29\/lahore-ein-anschlag-gegen-christen\/\"]}]},{\"@type\":\"BreadcrumbList\",\"@id\":\"https:\/\/blog.zeit.de\/ladurnerulrich\/2016\/03\/29\/lahore-ein-anschlag-gegen-christen\/#breadcrumb\",\"itemListElement\":[{\"@type\":\"ListItem\",\"position\":1,\"name\":\"Startseite\",\"item\":\"https:\/\/blog.zeit.de\/ladurnerulrich\/\"},{\"@type\":\"ListItem\",\"position\":2,\"name\":\"Ein Anschlag gegen Christen\"}]},{\"@type\":\"WebSite\",\"@id\":\"https:\/\/blog.zeit.de\/ladurnerulrich\/#website\",\"url\":\"https:\/\/blog.zeit.de\/ladurnerulrich\/\",\"name\":\"Unterwegs in Europa\",\"description\":\"Ladurners Blog f\u00fcr Einblicke in un\u00fcbersichtliche Landschaften\",\"potentialAction\":[{\"@type\":\"SearchAction\",\"target\":{\"@type\":\"EntryPoint\",\"urlTemplate\":\"https:\/\/blog.zeit.de\/ladurnerulrich\/?s={search_term_string}\"},\"query-input\":\"required name=search_term_string\"}],\"inLanguage\":\"de\"},{\"@type\":\"Person\",\"@id\":\"https:\/\/blog.zeit.de\/ladurnerulrich\/#\/schema\/person\/41f9ab2ef02a3e3602daf321c07007f6\",\"name\":\"Ulrich Ladurner\",\"image\":{\"@type\":\"ImageObject\",\"inLanguage\":\"de\",\"@id\":\"https:\/\/blog.zeit.de\/ladurnerulrich\/#\/schema\/person\/image\/\",\"url\":\"https:\/\/secure.gravatar.com\/avatar\/d01052e766579414676df807ab6fd98f6598a3bceab8af45b2984cba94333280?s=96&d=mm&r=g\",\"contentUrl\":\"https:\/\/secure.gravatar.com\/avatar\/d01052e766579414676df807ab6fd98f6598a3bceab8af45b2984cba94333280?s=96&d=mm&r=g\",\"caption\":\"Ulrich Ladurner\"},\"description\":\"lebt seit 1999 in Hamburg. Seitdem staunt er dar\u00fcber, was man in dieser Stadt erleben kann. Weil das mit dem Wundern nicht aufh\u00f6rt, gibt es diese Kolumne.\",\"sameAs\":[\"http:\/\/www.zeit.de\"],\"url\":\"https:\/\/blog.zeit.de\/ladurnerulrich\/author\/ulli-ladurner\/\"}]}<\/script>\n<!-- \/ Yoast SEO plugin. -->","yoast_head_json":{"title":"Lahore: Ein Anschlag gegen Christen","description":"Das Ausw\u00e4rtige Amt muss beim Anschlag in Lahore nicht gleich von Christenverfolgung sprechen, doch ein wenig konkreter d\u00fcrfte es schon sein.","robots":{"index":"index","follow":"follow","max-snippet":"max-snippet:-1","max-image-preview":"max-image-preview:large","max-video-preview":"max-video-preview:-1"},"canonical":"https:\/\/blog.zeit.de\/ladurnerulrich\/2016\/03\/29\/lahore-ein-anschlag-gegen-christen\/","og_locale":"de_DE","og_type":"article","og_title":"Lahore: Ein Anschlag gegen Christen","og_description":"Das Ausw\u00e4rtige Amt muss beim Anschlag in Lahore nicht gleich von Christenverfolgung sprechen, doch ein wenig konkreter d\u00fcrfte es schon sein.","og_url":"https:\/\/blog.zeit.de\/ladurnerulrich\/2016\/03\/29\/lahore-ein-anschlag-gegen-christen\/","og_site_name":"Unterwegs in Europa","article_published_time":"2016-03-29T16:08:12+00:00","article_modified_time":"2016-03-29T16:51:01+00:00","author":"Ulrich Ladurner","twitter_misc":{"Geschrieben von":"Ulrich Ladurner","Gesch\u00e4tzte Lesezeit":"2\u00a0Minuten"},"schema":{"@context":"https:\/\/schema.org","@graph":[{"@type":"WebPage","@id":"https:\/\/blog.zeit.de\/ladurnerulrich\/2016\/03\/29\/lahore-ein-anschlag-gegen-christen\/","url":"https:\/\/blog.zeit.de\/ladurnerulrich\/2016\/03\/29\/lahore-ein-anschlag-gegen-christen\/","name":"Lahore: Ein Anschlag gegen Christen","isPartOf":{"@id":"https:\/\/blog.zeit.de\/ladurnerulrich\/#website"},"datePublished":"2016-03-29T16:08:12+00:00","dateModified":"2016-03-29T16:51:01+00:00","author":{"@id":"https:\/\/blog.zeit.de\/ladurnerulrich\/#\/schema\/person\/41f9ab2ef02a3e3602daf321c07007f6"},"description":"Das Ausw\u00e4rtige Amt muss beim Anschlag in Lahore nicht gleich von Christenverfolgung sprechen, doch ein wenig konkreter d\u00fcrfte es schon sein.","breadcrumb":{"@id":"https:\/\/blog.zeit.de\/ladurnerulrich\/2016\/03\/29\/lahore-ein-anschlag-gegen-christen\/#breadcrumb"},"inLanguage":"de","potentialAction":[{"@type":"ReadAction","target":["https:\/\/blog.zeit.de\/ladurnerulrich\/2016\/03\/29\/lahore-ein-anschlag-gegen-christen\/"]}]},{"@type":"BreadcrumbList","@id":"https:\/\/blog.zeit.de\/ladurnerulrich\/2016\/03\/29\/lahore-ein-anschlag-gegen-christen\/#breadcrumb","itemListElement":[{"@type":"ListItem","position":1,"name":"Startseite","item":"https:\/\/blog.zeit.de\/ladurnerulrich\/"},{"@type":"ListItem","position":2,"name":"Ein Anschlag gegen Christen"}]},{"@type":"WebSite","@id":"https:\/\/blog.zeit.de\/ladurnerulrich\/#website","url":"https:\/\/blog.zeit.de\/ladurnerulrich\/","name":"Unterwegs in Europa","description":"Ladurners Blog f\u00fcr Einblicke in un\u00fcbersichtliche Landschaften","potentialAction":[{"@type":"SearchAction","target":{"@type":"EntryPoint","urlTemplate":"https:\/\/blog.zeit.de\/ladurnerulrich\/?s={search_term_string}"},"query-input":"required name=search_term_string"}],"inLanguage":"de"},{"@type":"Person","@id":"https:\/\/blog.zeit.de\/ladurnerulrich\/#\/schema\/person\/41f9ab2ef02a3e3602daf321c07007f6","name":"Ulrich Ladurner","image":{"@type":"ImageObject","inLanguage":"de","@id":"https:\/\/blog.zeit.de\/ladurnerulrich\/#\/schema\/person\/image\/","url":"https:\/\/secure.gravatar.com\/avatar\/d01052e766579414676df807ab6fd98f6598a3bceab8af45b2984cba94333280?s=96&d=mm&r=g","contentUrl":"https:\/\/secure.gravatar.com\/avatar\/d01052e766579414676df807ab6fd98f6598a3bceab8af45b2984cba94333280?s=96&d=mm&r=g","caption":"Ulrich Ladurner"},"description":"lebt seit 1999 in Hamburg. Seitdem staunt er dar\u00fcber, was man in dieser Stadt erleben kann. Weil das mit dem Wundern nicht aufh\u00f6rt, gibt es diese Kolumne.","sameAs":["http:\/\/www.zeit.de"],"url":"https:\/\/blog.zeit.de\/ladurnerulrich\/author\/ulli-ladurner\/"}]}},"jetpack_featured_media_url":"","jetpack_sharing_enabled":true,"_links":{"self":[{"href":"https:\/\/blog.zeit.de\/ladurnerulrich\/wp-json\/wp\/v2\/posts\/2920","targetHints":{"allow":["GET"]}}],"collection":[{"href":"https:\/\/blog.zeit.de\/ladurnerulrich\/wp-json\/wp\/v2\/posts"}],"about":[{"href":"https:\/\/blog.zeit.de\/ladurnerulrich\/wp-json\/wp\/v2\/types\/post"}],"author":[{"embeddable":true,"href":"https:\/\/blog.zeit.de\/ladurnerulrich\/wp-json\/wp\/v2\/users\/87"}],"replies":[{"embeddable":true,"href":"https:\/\/blog.zeit.de\/ladurnerulrich\/wp-json\/wp\/v2\/comments?post=2920"}],"version-history":[{"count":11,"href":"https:\/\/blog.zeit.de\/ladurnerulrich\/wp-json\/wp\/v2\/posts\/2920\/revisions"}],"predecessor-version":[{"id":2934,"href":"https:\/\/blog.zeit.de\/ladurnerulrich\/wp-json\/wp\/v2\/posts\/2920\/revisions\/2934"}],"wp:attachment":[{"href":"https:\/\/blog.zeit.de\/ladurnerulrich\/wp-json\/wp\/v2\/media?parent=2920"}],"wp:term":[{"taxonomy":"category","embeddable":true,"href":"https:\/\/blog.zeit.de\/ladurnerulrich\/wp-json\/wp\/v2\/categories?post=2920"},{"taxonomy":"post_tag","embeddable":true,"href":"https:\/\/blog.zeit.de\/ladurnerulrich\/wp-json\/wp\/v2\/tags?post=2920"}],"curies":[{"name":"wp","href":"https:\/\/api.w.org\/{rel}","templated":true}]}}