{"id":2952,"date":"2016-04-14T08:25:06","date_gmt":"2016-04-14T06:25:06","guid":{"rendered":"http:\/\/blog.zeit.de\/ladurnerulrich\/?p=2952"},"modified":"2016-04-14T08:38:32","modified_gmt":"2016-04-14T06:38:32","slug":"blinde-angst-am-brenner","status":"publish","type":"post","link":"https:\/\/blog.zeit.de\/ladurnerulrich\/2016\/04\/14\/blinde-angst-am-brenner\/","title":{"rendered":"Blinde Angst am Brenner"},"content":{"rendered":"<p>Die Regierung in Wien hat Angst vor einer neuen unkontrollierten Massenwanderung. Diesmal sollen die Migranten und Fl\u00fcchtlinge\u00a0aus Libyen \u00fcber Italien nach Norden kommen. Von Hunderttausenden ist die Rede. Deswegen l\u00e4sst die Wiener Regierung\u00a0am Brenner eine 250 Meter lange Barriere errichten \u2013 vorsorglich. Niemand soll unkontrolliert durchkommen.<\/p>\n<p>Nun, das ist ein verst\u00e4ndlicher Wunsch. Das Problem allerdings ist, dass \u00d6sterreich einseitig handelt. Die italienische Regierung ist zwar \u00fcber die Ma\u00dfnahmen am Brenner informiert worden, aber mehr auch nicht. Kooperation sieht anders aus.<!--more--><\/p>\n<p>Die Botschaft \u00d6sterreichs an Rom ist simpel: Wenn ihr die angeblich bevorstehende Massenwanderung nicht in den Griff bekommt, dann werden\u00a0wir den Brenner sperren, zur Not mit Soldaten. Es\u00a0besteht kein Zweifel, dass die Wiener Regierung den italienischen Beh\u00f6rden nicht traut.<\/p>\n<p>Italiens Premier Matteo Renzi hat heftig gegen das Vorgehen \u00d6sterreichs protestiert. Die Zeitungen in Italien sind voll sch\u00e4umender Kommentare. In all diesem Get\u00f6se sind die Konturen eines f\u00fcrchterlichen Gespenstes aus der Vergangenheit wiederzuerkennen. Italien und \u00d6sterreich waren \u00fcber fast das gesamte 19. Jahrhundert bis zum Ende des Ersten Weltkriegs Gegner. Was f\u00fcr Deutschland Frankreich war, das ist f\u00fcr \u00d6sterreich Italien \u2013 der Erzfeind, beladen mit all den Klischees und Vorurteilen. Wir erleben in diesen Tagen die R\u00fcckkehr einer unseligen Geschichte. Das ist heikel, das ist explosiv.<\/p>\n<p>Die Debatte um die Grenzsperren\u00a0am Brenner muss daher schleunigst beruhigt und entdramatisiert werden.<\/p>\n<p><strong>Au\u00dfengrenzen sch\u00fctzen, das ist Konsens<\/strong><\/p>\n<p>Man kann sich \u00fcber die Panik\u00a0der Wiener Regierung mokieren, man kann sie auch als eine Art Angstfantasie abtun, denn noch sind ja keine Hunderttausenden unterwegs. Doch das w\u00e4re falsch, und es w\u00e4re ungerecht. Wiens Sorgen muss man ernst nehmen. Es ist ja in der Sache richtig,\u00a0eine\u00a0Situation wie im Sommer 2015 vermeiden zu wollen. Dar\u00fcber besteht europaweit Konsens.<\/p>\n<p>Streit gibt es \u00fcber die Mittel und Methoden \u2013 wie kann man das erreichen, mit wem?<\/p>\n<p>Es gibt gute Gr\u00fcnde, den italienischen Beh\u00f6rden nicht zu vertrauen. Doch man muss trotzdem mit ihnen kooperieren, weil die Migrationskrise nur zusammen gel\u00f6st werden kann. Die\u00a0\u00a0europ\u00e4ischen Au\u00dfengrenzen m\u00fcssen besser gesch\u00fctzt werden. Das ist dringend erforderlich. Das geht aber nur, wenn man gemeinsam und abgestimmt handelt. Die Wiener Regierung hat nicht\u00a0erkennen lassen, dass sie\u00a0zu einer solchen Kooperation mit Rom \u00a0bereit ist. Sie hat von Anfang an auf eine verbale Eskalation gesetzt.<\/p>\n<p><strong>Irreparabler Schaden?<\/strong><\/p>\n<p>Die Regierung\u00a0glaubt vermutlich, mit dieser\u00a0harten Haltung\u00a0einen Gro\u00dfteil der \u00f6sterreichischen, aber auch der europ\u00e4ischen Bev\u00f6lkerung hinter sich zu haben. \u00d6sterreich hatte im M\u00e4rz bereits die Sperrung der Balkanroute angesto\u00dfen. Daf\u00fcr ist es scharf kritisiert worden, besonders von Deutschland. Tatsache ist aber, dass diese Sperrung Deutschland Luft verschafft hat. Die \u00d6sterreicher haben die h\u00e4ssliche Arbeit \u00fcbernommen, die man in Deutschland nicht machen wollte. Der von \u00d6sterreich initiierte Grenzzaun von Idomeni ist die andere Seite der deutschen Politik der offenen Grenzen.<\/p>\n<p>Am Brenner ist \u00d6sterreichs\u00a0Eskalationsstrategie allerdings falsch. Die Integration \u00fcber Grenzen hinweg ist in dieser Region weit fortgeschritten. Der politische und psychologische Schaden ist daher enorm, vielleicht sogar irreparabel.<\/p>\n<p>Dabei k\u00f6nnte\u00a0man gerade am Brenner jetzt beweisen, dass die europ\u00e4ische Integration in Krisenzeiten eine Ressource ist, eine Chance. Es gibt hier durchaus ein handlungswilliges und handlungsf\u00e4higes Subjekt: die Europaregion Tirol. Sie umfasst Nord- und S\u00fcdtirol sowie das Trentino. Die Landeshauptleute dieser Regionen haben sich schon mehrmals getroffen, um Notfallpl\u00e4ne f\u00fcr den Fall einer Massenwanderung auszuarbeiten. Man hat den Kontakt zu Rom und zu Wien gesucht. Das reicht vielleicht nicht, aber die Richtung stimmt:\u00a0Kooperation auf regionaler wie auf zentraler Ebene, Zusammenhalt auf der Grundlage der in den vergangenen Jahrzehnten geschaffenen Integration. Das ist das Rezept.<\/p>\n<p>Die Wiener Regierung sieht\u00a0diese M\u00f6glichkeiten nicht. Sie ist blind vor Angst.<\/p>\n","protected":false},"excerpt":{"rendered":"<p>Die Regierung in Wien hat Angst vor einer neuen unkontrollierten Massenwanderung. Diesmal sollen die Migranten und Fl\u00fcchtlinge\u00a0aus Libyen \u00fcber Italien nach Norden kommen. Von Hunderttausenden ist die Rede. Deswegen l\u00e4sst die Wiener Regierung\u00a0am Brenner eine 250 Meter lange Barriere errichten \u2013 vorsorglich. Niemand soll unkontrolliert durchkommen. Nun, das ist ein verst\u00e4ndlicher Wunsch. Das Problem allerdings [&hellip;]<\/p>\n","protected":false},"author":87,"featured_media":2958,"comment_status":"open","ping_status":"open","sticky":false,"template":"","format":"standard","meta":{"_jetpack_memberships_contains_paid_content":false,"footnotes":""},"categories":[1],"tags":[38274,36622,38058,648,67,28199,36618,38438,38442,38458,974,38448,17462],"class_list":["post-2952","post","type-post","status-publish","format-standard","has-post-thumbnail","hentry","category-allgemein","tag-balkan-route","tag-brenner","tag-brenner-pass","tag-deutschland","tag-europa","tag-fluchtling","tag-fluchtlingskrise","tag-idomeni","tag-italien","tag-libyen","tag-migration","tag-osterreich","tag-tirol"],"yoast_head":"<!-- This site is optimized with the Yoast SEO plugin v21.0 - https:\/\/yoast.com\/wordpress\/plugins\/seo\/ -->\n<title>Blinde Angst am Brenner<\/title>\n<meta name=\"description\" content=\"\u00d6sterreich baut am Brenner eine Barriere gegen Fl\u00fcchtlinge. Einseitig, statt mit Italien zu kooperieren.\" \/>\n<meta name=\"robots\" content=\"index, follow, max-snippet:-1, max-image-preview:large, max-video-preview:-1\" \/>\n<link rel=\"canonical\" href=\"https:\/\/blog.zeit.de\/ladurnerulrich\/2016\/04\/14\/blinde-angst-am-brenner\/\" \/>\n<meta property=\"og:locale\" content=\"de_DE\" \/>\n<meta property=\"og:type\" content=\"article\" \/>\n<meta property=\"og:title\" content=\"Blinde Angst am Brenner\" \/>\n<meta property=\"og:description\" content=\"\u00d6sterreich baut am Brenner eine Barriere gegen Fl\u00fcchtlinge. Einseitig, statt mit Italien zu kooperieren.\" \/>\n<meta property=\"og:url\" content=\"https:\/\/blog.zeit.de\/ladurnerulrich\/2016\/04\/14\/blinde-angst-am-brenner\/\" \/>\n<meta property=\"og:site_name\" content=\"Unterwegs in Europa\" \/>\n<meta property=\"article:published_time\" content=\"2016-04-14T06:25:06+00:00\" \/>\n<meta property=\"article:modified_time\" content=\"2016-04-14T06:38:32+00:00\" \/>\n<meta property=\"og:image\" content=\"https:\/\/blog.zeit.de\/ladurnerulrich\/files\/2016\/04\/GettyImages-486282698-1024x683.jpg\" \/>\n\t<meta property=\"og:image:width\" content=\"1024\" \/>\n\t<meta property=\"og:image:height\" content=\"683\" \/>\n\t<meta property=\"og:image:type\" content=\"image\/jpeg\" \/>\n<meta name=\"author\" content=\"Ulrich Ladurner\" \/>\n<meta name=\"twitter:label1\" content=\"Geschrieben von\" \/>\n\t<meta name=\"twitter:data1\" content=\"Ulrich Ladurner\" \/>\n\t<meta name=\"twitter:label2\" content=\"Gesch\u00e4tzte Lesezeit\" \/>\n\t<meta name=\"twitter:data2\" content=\"3\u00a0Minuten\" \/>\n<script type=\"application\/ld+json\" class=\"yoast-schema-graph\">{\"@context\":\"https:\/\/schema.org\",\"@graph\":[{\"@type\":\"WebPage\",\"@id\":\"https:\/\/blog.zeit.de\/ladurnerulrich\/2016\/04\/14\/blinde-angst-am-brenner\/\",\"url\":\"https:\/\/blog.zeit.de\/ladurnerulrich\/2016\/04\/14\/blinde-angst-am-brenner\/\",\"name\":\"Blinde Angst am Brenner\",\"isPartOf\":{\"@id\":\"https:\/\/blog.zeit.de\/ladurnerulrich\/#website\"},\"datePublished\":\"2016-04-14T06:25:06+00:00\",\"dateModified\":\"2016-04-14T06:38:32+00:00\",\"author\":{\"@id\":\"https:\/\/blog.zeit.de\/ladurnerulrich\/#\/schema\/person\/41f9ab2ef02a3e3602daf321c07007f6\"},\"description\":\"\u00d6sterreich baut am Brenner eine Barriere gegen Fl\u00fcchtlinge. Einseitig, statt mit Italien zu kooperieren.\",\"breadcrumb\":{\"@id\":\"https:\/\/blog.zeit.de\/ladurnerulrich\/2016\/04\/14\/blinde-angst-am-brenner\/#breadcrumb\"},\"inLanguage\":\"de\",\"potentialAction\":[{\"@type\":\"ReadAction\",\"target\":[\"https:\/\/blog.zeit.de\/ladurnerulrich\/2016\/04\/14\/blinde-angst-am-brenner\/\"]}]},{\"@type\":\"BreadcrumbList\",\"@id\":\"https:\/\/blog.zeit.de\/ladurnerulrich\/2016\/04\/14\/blinde-angst-am-brenner\/#breadcrumb\",\"itemListElement\":[{\"@type\":\"ListItem\",\"position\":1,\"name\":\"Startseite\",\"item\":\"https:\/\/blog.zeit.de\/ladurnerulrich\/\"},{\"@type\":\"ListItem\",\"position\":2,\"name\":\"Blinde Angst am Brenner\"}]},{\"@type\":\"WebSite\",\"@id\":\"https:\/\/blog.zeit.de\/ladurnerulrich\/#website\",\"url\":\"https:\/\/blog.zeit.de\/ladurnerulrich\/\",\"name\":\"Unterwegs in Europa\",\"description\":\"Ladurners Blog f\u00fcr Einblicke in un\u00fcbersichtliche Landschaften\",\"potentialAction\":[{\"@type\":\"SearchAction\",\"target\":{\"@type\":\"EntryPoint\",\"urlTemplate\":\"https:\/\/blog.zeit.de\/ladurnerulrich\/?s={search_term_string}\"},\"query-input\":\"required name=search_term_string\"}],\"inLanguage\":\"de\"},{\"@type\":\"Person\",\"@id\":\"https:\/\/blog.zeit.de\/ladurnerulrich\/#\/schema\/person\/41f9ab2ef02a3e3602daf321c07007f6\",\"name\":\"Ulrich Ladurner\",\"image\":{\"@type\":\"ImageObject\",\"inLanguage\":\"de\",\"@id\":\"https:\/\/blog.zeit.de\/ladurnerulrich\/#\/schema\/person\/image\/\",\"url\":\"https:\/\/secure.gravatar.com\/avatar\/d01052e766579414676df807ab6fd98f6598a3bceab8af45b2984cba94333280?s=96&d=mm&r=g\",\"contentUrl\":\"https:\/\/secure.gravatar.com\/avatar\/d01052e766579414676df807ab6fd98f6598a3bceab8af45b2984cba94333280?s=96&d=mm&r=g\",\"caption\":\"Ulrich Ladurner\"},\"description\":\"lebt seit 1999 in Hamburg. Seitdem staunt er dar\u00fcber, was man in dieser Stadt erleben kann. Weil das mit dem Wundern nicht aufh\u00f6rt, gibt es diese Kolumne.\",\"sameAs\":[\"http:\/\/www.zeit.de\"],\"url\":\"https:\/\/blog.zeit.de\/ladurnerulrich\/author\/ulli-ladurner\/\"}]}<\/script>\n<!-- \/ Yoast SEO plugin. -->","yoast_head_json":{"title":"Blinde Angst am Brenner","description":"\u00d6sterreich baut am Brenner eine Barriere gegen Fl\u00fcchtlinge. Einseitig, statt mit Italien zu kooperieren.","robots":{"index":"index","follow":"follow","max-snippet":"max-snippet:-1","max-image-preview":"max-image-preview:large","max-video-preview":"max-video-preview:-1"},"canonical":"https:\/\/blog.zeit.de\/ladurnerulrich\/2016\/04\/14\/blinde-angst-am-brenner\/","og_locale":"de_DE","og_type":"article","og_title":"Blinde Angst am Brenner","og_description":"\u00d6sterreich baut am Brenner eine Barriere gegen Fl\u00fcchtlinge. Einseitig, statt mit Italien zu kooperieren.","og_url":"https:\/\/blog.zeit.de\/ladurnerulrich\/2016\/04\/14\/blinde-angst-am-brenner\/","og_site_name":"Unterwegs in Europa","article_published_time":"2016-04-14T06:25:06+00:00","article_modified_time":"2016-04-14T06:38:32+00:00","og_image":[{"width":1024,"height":683,"url":"https:\/\/blog.zeit.de\/ladurnerulrich\/files\/2016\/04\/GettyImages-486282698-1024x683.jpg","type":"image\/jpeg"}],"author":"Ulrich Ladurner","twitter_misc":{"Geschrieben von":"Ulrich Ladurner","Gesch\u00e4tzte Lesezeit":"3\u00a0Minuten"},"schema":{"@context":"https:\/\/schema.org","@graph":[{"@type":"WebPage","@id":"https:\/\/blog.zeit.de\/ladurnerulrich\/2016\/04\/14\/blinde-angst-am-brenner\/","url":"https:\/\/blog.zeit.de\/ladurnerulrich\/2016\/04\/14\/blinde-angst-am-brenner\/","name":"Blinde Angst am Brenner","isPartOf":{"@id":"https:\/\/blog.zeit.de\/ladurnerulrich\/#website"},"datePublished":"2016-04-14T06:25:06+00:00","dateModified":"2016-04-14T06:38:32+00:00","author":{"@id":"https:\/\/blog.zeit.de\/ladurnerulrich\/#\/schema\/person\/41f9ab2ef02a3e3602daf321c07007f6"},"description":"\u00d6sterreich baut am Brenner eine Barriere gegen Fl\u00fcchtlinge. Einseitig, statt mit Italien zu kooperieren.","breadcrumb":{"@id":"https:\/\/blog.zeit.de\/ladurnerulrich\/2016\/04\/14\/blinde-angst-am-brenner\/#breadcrumb"},"inLanguage":"de","potentialAction":[{"@type":"ReadAction","target":["https:\/\/blog.zeit.de\/ladurnerulrich\/2016\/04\/14\/blinde-angst-am-brenner\/"]}]},{"@type":"BreadcrumbList","@id":"https:\/\/blog.zeit.de\/ladurnerulrich\/2016\/04\/14\/blinde-angst-am-brenner\/#breadcrumb","itemListElement":[{"@type":"ListItem","position":1,"name":"Startseite","item":"https:\/\/blog.zeit.de\/ladurnerulrich\/"},{"@type":"ListItem","position":2,"name":"Blinde Angst am Brenner"}]},{"@type":"WebSite","@id":"https:\/\/blog.zeit.de\/ladurnerulrich\/#website","url":"https:\/\/blog.zeit.de\/ladurnerulrich\/","name":"Unterwegs in Europa","description":"Ladurners Blog f\u00fcr Einblicke in un\u00fcbersichtliche Landschaften","potentialAction":[{"@type":"SearchAction","target":{"@type":"EntryPoint","urlTemplate":"https:\/\/blog.zeit.de\/ladurnerulrich\/?s={search_term_string}"},"query-input":"required name=search_term_string"}],"inLanguage":"de"},{"@type":"Person","@id":"https:\/\/blog.zeit.de\/ladurnerulrich\/#\/schema\/person\/41f9ab2ef02a3e3602daf321c07007f6","name":"Ulrich Ladurner","image":{"@type":"ImageObject","inLanguage":"de","@id":"https:\/\/blog.zeit.de\/ladurnerulrich\/#\/schema\/person\/image\/","url":"https:\/\/secure.gravatar.com\/avatar\/d01052e766579414676df807ab6fd98f6598a3bceab8af45b2984cba94333280?s=96&d=mm&r=g","contentUrl":"https:\/\/secure.gravatar.com\/avatar\/d01052e766579414676df807ab6fd98f6598a3bceab8af45b2984cba94333280?s=96&d=mm&r=g","caption":"Ulrich Ladurner"},"description":"lebt seit 1999 in Hamburg. Seitdem staunt er dar\u00fcber, was man in dieser Stadt erleben kann. Weil das mit dem Wundern nicht aufh\u00f6rt, gibt es diese Kolumne.","sameAs":["http:\/\/www.zeit.de"],"url":"https:\/\/blog.zeit.de\/ladurnerulrich\/author\/ulli-ladurner\/"}]}},"jetpack_featured_media_url":"https:\/\/blog.zeit.de\/ladurnerulrich\/files\/2016\/04\/GettyImages-486282698.jpg","jetpack_sharing_enabled":true,"_links":{"self":[{"href":"https:\/\/blog.zeit.de\/ladurnerulrich\/wp-json\/wp\/v2\/posts\/2952","targetHints":{"allow":["GET"]}}],"collection":[{"href":"https:\/\/blog.zeit.de\/ladurnerulrich\/wp-json\/wp\/v2\/posts"}],"about":[{"href":"https:\/\/blog.zeit.de\/ladurnerulrich\/wp-json\/wp\/v2\/types\/post"}],"author":[{"embeddable":true,"href":"https:\/\/blog.zeit.de\/ladurnerulrich\/wp-json\/wp\/v2\/users\/87"}],"replies":[{"embeddable":true,"href":"https:\/\/blog.zeit.de\/ladurnerulrich\/wp-json\/wp\/v2\/comments?post=2952"}],"version-history":[{"count":7,"href":"https:\/\/blog.zeit.de\/ladurnerulrich\/wp-json\/wp\/v2\/posts\/2952\/revisions"}],"predecessor-version":[{"id":2965,"href":"https:\/\/blog.zeit.de\/ladurnerulrich\/wp-json\/wp\/v2\/posts\/2952\/revisions\/2965"}],"wp:featuredmedia":[{"embeddable":true,"href":"https:\/\/blog.zeit.de\/ladurnerulrich\/wp-json\/wp\/v2\/media\/2958"}],"wp:attachment":[{"href":"https:\/\/blog.zeit.de\/ladurnerulrich\/wp-json\/wp\/v2\/media?parent=2952"}],"wp:term":[{"taxonomy":"category","embeddable":true,"href":"https:\/\/blog.zeit.de\/ladurnerulrich\/wp-json\/wp\/v2\/categories?post=2952"},{"taxonomy":"post_tag","embeddable":true,"href":"https:\/\/blog.zeit.de\/ladurnerulrich\/wp-json\/wp\/v2\/tags?post=2952"}],"curies":[{"name":"wp","href":"https:\/\/api.w.org\/{rel}","templated":true}]}}