{"id":303,"date":"2009-08-31T13:45:29","date_gmt":"2009-08-31T13:45:29","guid":{"rendered":"http:\/\/ladurnerulrich.wordpress.com\/?p=303"},"modified":"2009-08-31T13:45:29","modified_gmt":"2009-08-31T13:45:29","slug":"mehr-soldaten","status":"publish","type":"post","link":"https:\/\/blog.zeit.de\/ladurnerulrich\/2009\/08\/31\/mehr-soldaten\/","title":{"rendered":"Mehr Soldaten"},"content":{"rendered":"<p><figure id=\"attachment_305\" aria-describedby=\"caption-attachment-305\" style=\"width: 300px\" class=\"wp-caption aligncenter\"><img loading=\"lazy\" decoding=\"async\" class=\"size-medium wp-image-305\" title=\"Soldat, Afghanistan\" src=\"https:\/\/blog.zeit.de\/ladurnerulrich\/files\/2009\/08\/soldat-afghanistan.jpg?w=300\" alt=\"Soldat, Afghanistan\" width=\"300\" height=\"200\" srcset=\"https:\/\/blog.zeit.de\/ladurnerulrich\/files\/2009\/08\/soldat-afghanistan.jpg 3456w, https:\/\/blog.zeit.de\/ladurnerulrich\/files\/2009\/08\/soldat-afghanistan-300x200.jpg 300w, https:\/\/blog.zeit.de\/ladurnerulrich\/files\/2009\/08\/soldat-afghanistan-1024x682.jpg 1024w\" sizes=\"auto, (max-width: 300px) 100vw, 300px\" \/><figcaption id=\"caption-attachment-305\" class=\"wp-caption-text\">Truppen\u00fcbungsplatz in Bamiyan @ulrich Ladurner, Bamiyan, Afghanistan, 2007<\/figcaption><\/figure><\/p>\n<p style=\"text-align:center;\">\n<p>Us-Pr\u00e4sident Barack Obama hat den Afghanistankrieg zu <a href=\"http:\/\/www.falter.at\/web\/print\/detail.php?id=834\">seinem Krieg <\/a>gemacht. Er nennt ihn einen &#8222;war of necessity&#8220;, im Gegensatz zu Irakkrieg, der f\u00fcr ihn ein &#8222;war of choice&#8220; ist. Eine seiner ersten au\u00dfenpolitischen Amtshandlungen bestand folgerichtig darin, 17.000 zus\u00e4tzliche Soldaten nach Afghanistan zu schicken. Das ist gerade mal drei Monate her. Jetzt fordert  Admiral Mullen, der h\u00f6chste Milit\u00e4r der USA, eine weitere <a href=\"http:\/\/politicalticker.blogs.cnn.com\/2009\/08\/24\/more-troops-may-be-needed-to-bolster-afghanistan\/\">Aufstockung<\/a> der Truppen. Der Befehlshaber der Nato-Truppen in Afghanistan, Stanley McChristal, wird in wenigen Tagen einen neuen Bericht vorlegen. Es wird erwartet, dass er noch mal 17.000 Truppen f\u00fcr Afghanistan anfordert wird. Obama wird sie ihm nicht verwehren, zu sehr hat diesen Krieg zu seinem eigenen gemacht . Der US\u2013Pr\u00e4sident wird sich also weiter in einen Sumpf hineinbegeben, in dem er zu versinken droht. Auch Zeitschriften, die den Krieg  bef\u00fcrworten, sehen inzwischen Parallelen zum <a href=\"http:\/\/www.newsweek.com\/id\/182650\">Vietnamkrieg<\/a>.<\/p>\n<p>Das betrifft auch die Deutschen. Die Forderung nach <a href=\"http:\/\/www.welt.de\/politik\/deutschland\/article4421894\/USA-wollen-mehr-deutsche-Truppen-fuer-Afghanistan.html\">mehr Truppen<\/a> soll Berlin schon erreicht haben &#8211; noch ist Wahlkampf, und wollen die Parteien nicht \u00fcber Afghanistan reden. Doch nach geschlagener Wahl wird es ernst. Deutschland wird endlich dar\u00fcber <a href=\"http:\/\/www.lr-online.de\/nachrichten\/Tagesthemen%3Bart1065,2657862\">diskutieren<\/a> m\u00fcssen, was es in Afghanistan eigentlich erreichen will und kann.<\/p>\n<p>Einen zentralen Baustein in der Afghanistanstrategie des Westens nimmt der Aufbau einer schlagkr\u00e4ftigen Armee (Afghan National Army; ANA) ein. Das gezeigte Bild stammt von einem Truppen\u00fcbungsplatz der ANA im zentralen Hochland.<\/p>\n","protected":false},"excerpt":{"rendered":"<p>Us-Pr\u00e4sident Barack Obama hat den Afghanistankrieg zu seinem Krieg gemacht. Er nennt ihn einen &#8222;war of necessity&#8220;, im Gegensatz zu Irakkrieg, der f\u00fcr ihn ein &#8222;war of choice&#8220; ist. Eine seiner ersten au\u00dfenpolitischen Amtshandlungen bestand folgerichtig darin, 17.000 zus\u00e4tzliche Soldaten nach Afghanistan zu schicken. Das ist gerade mal drei Monate her. Jetzt fordert Admiral Mullen, [&hellip;]<\/p>\n","protected":false},"author":87,"featured_media":0,"comment_status":"open","ping_status":"open","sticky":false,"template":"","format":"standard","meta":{"_jetpack_memberships_contains_paid_content":false,"footnotes":""},"categories":[151,23,1202,1203,1204,1205,170,93,172,187,1210],"tags":[38439,38451,38452,38453,38443,38446,38455],"class_list":["post-303","post","type-post","status-publish","format-standard","hentry","category-afghanistan","category-foto","category-international","category-internationale-politik","category-kabul","category-krieg","category-menschenrechte","category-obama","category-pakistan","category-politik","category-terror","tag-afghanistan","tag-international","tag-internationale-politik","tag-krieg","tag-menschenrechte","tag-politik","tag-reisen"],"yoast_head":"<!-- This site is optimized with the Yoast SEO plugin v21.0 - https:\/\/yoast.com\/wordpress\/plugins\/seo\/ -->\n<title>Mehr Soldaten - Unterwegs in Europa<\/title>\n<meta name=\"robots\" content=\"index, follow, max-snippet:-1, max-image-preview:large, max-video-preview:-1\" \/>\n<link rel=\"canonical\" href=\"https:\/\/blog.zeit.de\/ladurnerulrich\/2009\/08\/31\/mehr-soldaten\/\" \/>\n<meta property=\"og:locale\" content=\"de_DE\" \/>\n<meta property=\"og:type\" content=\"article\" \/>\n<meta property=\"og:title\" content=\"Mehr Soldaten - Unterwegs in Europa\" \/>\n<meta property=\"og:description\" content=\"Us-Pr\u00e4sident Barack Obama hat den Afghanistankrieg zu seinem Krieg gemacht. Er nennt ihn einen &#8222;war of necessity&#8220;, im Gegensatz zu Irakkrieg, der f\u00fcr ihn ein &#8222;war of choice&#8220; ist. Eine seiner ersten au\u00dfenpolitischen Amtshandlungen bestand folgerichtig darin, 17.000 zus\u00e4tzliche Soldaten nach Afghanistan zu schicken. Das ist gerade mal drei Monate her. Jetzt fordert Admiral Mullen, [&hellip;]\" \/>\n<meta property=\"og:url\" content=\"https:\/\/blog.zeit.de\/ladurnerulrich\/2009\/08\/31\/mehr-soldaten\/\" \/>\n<meta property=\"og:site_name\" content=\"Unterwegs in Europa\" \/>\n<meta property=\"article:published_time\" content=\"2009-08-31T13:45:29+00:00\" \/>\n<meta property=\"og:image\" content=\"https:\/\/blog.zeit.de\/ladurnerulrich\/files\/2009\/08\/soldat-afghanistan.jpg?w=300\" \/>\n<meta name=\"author\" content=\"Ulrich Ladurner\" \/>\n<meta name=\"twitter:label1\" content=\"Geschrieben von\" \/>\n\t<meta name=\"twitter:data1\" content=\"Ulrich Ladurner\" \/>\n\t<meta name=\"twitter:label2\" content=\"Gesch\u00e4tzte Lesezeit\" \/>\n\t<meta name=\"twitter:data2\" content=\"1\u00a0Minute\" \/>\n<script type=\"application\/ld+json\" class=\"yoast-schema-graph\">{\"@context\":\"https:\/\/schema.org\",\"@graph\":[{\"@type\":\"WebPage\",\"@id\":\"https:\/\/blog.zeit.de\/ladurnerulrich\/2009\/08\/31\/mehr-soldaten\/\",\"url\":\"https:\/\/blog.zeit.de\/ladurnerulrich\/2009\/08\/31\/mehr-soldaten\/\",\"name\":\"Mehr Soldaten - Unterwegs in Europa\",\"isPartOf\":{\"@id\":\"https:\/\/blog.zeit.de\/ladurnerulrich\/#website\"},\"datePublished\":\"2009-08-31T13:45:29+00:00\",\"dateModified\":\"2009-08-31T13:45:29+00:00\",\"author\":{\"@id\":\"https:\/\/blog.zeit.de\/ladurnerulrich\/#\/schema\/person\/41f9ab2ef02a3e3602daf321c07007f6\"},\"breadcrumb\":{\"@id\":\"https:\/\/blog.zeit.de\/ladurnerulrich\/2009\/08\/31\/mehr-soldaten\/#breadcrumb\"},\"inLanguage\":\"de\",\"potentialAction\":[{\"@type\":\"ReadAction\",\"target\":[\"https:\/\/blog.zeit.de\/ladurnerulrich\/2009\/08\/31\/mehr-soldaten\/\"]}]},{\"@type\":\"BreadcrumbList\",\"@id\":\"https:\/\/blog.zeit.de\/ladurnerulrich\/2009\/08\/31\/mehr-soldaten\/#breadcrumb\",\"itemListElement\":[{\"@type\":\"ListItem\",\"position\":1,\"name\":\"Startseite\",\"item\":\"https:\/\/blog.zeit.de\/ladurnerulrich\/\"},{\"@type\":\"ListItem\",\"position\":2,\"name\":\"Mehr Soldaten\"}]},{\"@type\":\"WebSite\",\"@id\":\"https:\/\/blog.zeit.de\/ladurnerulrich\/#website\",\"url\":\"https:\/\/blog.zeit.de\/ladurnerulrich\/\",\"name\":\"Unterwegs in Europa\",\"description\":\"Ladurners Blog f\u00fcr Einblicke in un\u00fcbersichtliche Landschaften\",\"potentialAction\":[{\"@type\":\"SearchAction\",\"target\":{\"@type\":\"EntryPoint\",\"urlTemplate\":\"https:\/\/blog.zeit.de\/ladurnerulrich\/?s={search_term_string}\"},\"query-input\":\"required name=search_term_string\"}],\"inLanguage\":\"de\"},{\"@type\":\"Person\",\"@id\":\"https:\/\/blog.zeit.de\/ladurnerulrich\/#\/schema\/person\/41f9ab2ef02a3e3602daf321c07007f6\",\"name\":\"Ulrich Ladurner\",\"image\":{\"@type\":\"ImageObject\",\"inLanguage\":\"de\",\"@id\":\"https:\/\/blog.zeit.de\/ladurnerulrich\/#\/schema\/person\/image\/\",\"url\":\"https:\/\/secure.gravatar.com\/avatar\/d01052e766579414676df807ab6fd98f6598a3bceab8af45b2984cba94333280?s=96&d=mm&r=g\",\"contentUrl\":\"https:\/\/secure.gravatar.com\/avatar\/d01052e766579414676df807ab6fd98f6598a3bceab8af45b2984cba94333280?s=96&d=mm&r=g\",\"caption\":\"Ulrich Ladurner\"},\"description\":\"lebt seit 1999 in Hamburg. Seitdem staunt er dar\u00fcber, was man in dieser Stadt erleben kann. Weil das mit dem Wundern nicht aufh\u00f6rt, gibt es diese Kolumne.\",\"sameAs\":[\"http:\/\/www.zeit.de\"],\"url\":\"https:\/\/blog.zeit.de\/ladurnerulrich\/author\/ulli-ladurner\/\"}]}<\/script>\n<!-- \/ Yoast SEO plugin. -->","yoast_head_json":{"title":"Mehr Soldaten - Unterwegs in Europa","robots":{"index":"index","follow":"follow","max-snippet":"max-snippet:-1","max-image-preview":"max-image-preview:large","max-video-preview":"max-video-preview:-1"},"canonical":"https:\/\/blog.zeit.de\/ladurnerulrich\/2009\/08\/31\/mehr-soldaten\/","og_locale":"de_DE","og_type":"article","og_title":"Mehr Soldaten - Unterwegs in Europa","og_description":"Us-Pr\u00e4sident Barack Obama hat den Afghanistankrieg zu seinem Krieg gemacht. Er nennt ihn einen &#8222;war of necessity&#8220;, im Gegensatz zu Irakkrieg, der f\u00fcr ihn ein &#8222;war of choice&#8220; ist. Eine seiner ersten au\u00dfenpolitischen Amtshandlungen bestand folgerichtig darin, 17.000 zus\u00e4tzliche Soldaten nach Afghanistan zu schicken. Das ist gerade mal drei Monate her. Jetzt fordert Admiral Mullen, [&hellip;]","og_url":"https:\/\/blog.zeit.de\/ladurnerulrich\/2009\/08\/31\/mehr-soldaten\/","og_site_name":"Unterwegs in Europa","article_published_time":"2009-08-31T13:45:29+00:00","og_image":[{"url":"https:\/\/blog.zeit.de\/ladurnerulrich\/files\/2009\/08\/soldat-afghanistan.jpg?w=300"}],"author":"Ulrich Ladurner","twitter_misc":{"Geschrieben von":"Ulrich Ladurner","Gesch\u00e4tzte Lesezeit":"1\u00a0Minute"},"schema":{"@context":"https:\/\/schema.org","@graph":[{"@type":"WebPage","@id":"https:\/\/blog.zeit.de\/ladurnerulrich\/2009\/08\/31\/mehr-soldaten\/","url":"https:\/\/blog.zeit.de\/ladurnerulrich\/2009\/08\/31\/mehr-soldaten\/","name":"Mehr Soldaten - Unterwegs in Europa","isPartOf":{"@id":"https:\/\/blog.zeit.de\/ladurnerulrich\/#website"},"datePublished":"2009-08-31T13:45:29+00:00","dateModified":"2009-08-31T13:45:29+00:00","author":{"@id":"https:\/\/blog.zeit.de\/ladurnerulrich\/#\/schema\/person\/41f9ab2ef02a3e3602daf321c07007f6"},"breadcrumb":{"@id":"https:\/\/blog.zeit.de\/ladurnerulrich\/2009\/08\/31\/mehr-soldaten\/#breadcrumb"},"inLanguage":"de","potentialAction":[{"@type":"ReadAction","target":["https:\/\/blog.zeit.de\/ladurnerulrich\/2009\/08\/31\/mehr-soldaten\/"]}]},{"@type":"BreadcrumbList","@id":"https:\/\/blog.zeit.de\/ladurnerulrich\/2009\/08\/31\/mehr-soldaten\/#breadcrumb","itemListElement":[{"@type":"ListItem","position":1,"name":"Startseite","item":"https:\/\/blog.zeit.de\/ladurnerulrich\/"},{"@type":"ListItem","position":2,"name":"Mehr Soldaten"}]},{"@type":"WebSite","@id":"https:\/\/blog.zeit.de\/ladurnerulrich\/#website","url":"https:\/\/blog.zeit.de\/ladurnerulrich\/","name":"Unterwegs in Europa","description":"Ladurners Blog f\u00fcr Einblicke in un\u00fcbersichtliche Landschaften","potentialAction":[{"@type":"SearchAction","target":{"@type":"EntryPoint","urlTemplate":"https:\/\/blog.zeit.de\/ladurnerulrich\/?s={search_term_string}"},"query-input":"required name=search_term_string"}],"inLanguage":"de"},{"@type":"Person","@id":"https:\/\/blog.zeit.de\/ladurnerulrich\/#\/schema\/person\/41f9ab2ef02a3e3602daf321c07007f6","name":"Ulrich Ladurner","image":{"@type":"ImageObject","inLanguage":"de","@id":"https:\/\/blog.zeit.de\/ladurnerulrich\/#\/schema\/person\/image\/","url":"https:\/\/secure.gravatar.com\/avatar\/d01052e766579414676df807ab6fd98f6598a3bceab8af45b2984cba94333280?s=96&d=mm&r=g","contentUrl":"https:\/\/secure.gravatar.com\/avatar\/d01052e766579414676df807ab6fd98f6598a3bceab8af45b2984cba94333280?s=96&d=mm&r=g","caption":"Ulrich Ladurner"},"description":"lebt seit 1999 in Hamburg. Seitdem staunt er dar\u00fcber, was man in dieser Stadt erleben kann. Weil das mit dem Wundern nicht aufh\u00f6rt, gibt es diese Kolumne.","sameAs":["http:\/\/www.zeit.de"],"url":"https:\/\/blog.zeit.de\/ladurnerulrich\/author\/ulli-ladurner\/"}]}},"jetpack_featured_media_url":"","jetpack_sharing_enabled":true,"_links":{"self":[{"href":"https:\/\/blog.zeit.de\/ladurnerulrich\/wp-json\/wp\/v2\/posts\/303","targetHints":{"allow":["GET"]}}],"collection":[{"href":"https:\/\/blog.zeit.de\/ladurnerulrich\/wp-json\/wp\/v2\/posts"}],"about":[{"href":"https:\/\/blog.zeit.de\/ladurnerulrich\/wp-json\/wp\/v2\/types\/post"}],"author":[{"embeddable":true,"href":"https:\/\/blog.zeit.de\/ladurnerulrich\/wp-json\/wp\/v2\/users\/87"}],"replies":[{"embeddable":true,"href":"https:\/\/blog.zeit.de\/ladurnerulrich\/wp-json\/wp\/v2\/comments?post=303"}],"version-history":[{"count":0,"href":"https:\/\/blog.zeit.de\/ladurnerulrich\/wp-json\/wp\/v2\/posts\/303\/revisions"}],"wp:attachment":[{"href":"https:\/\/blog.zeit.de\/ladurnerulrich\/wp-json\/wp\/v2\/media?parent=303"}],"wp:term":[{"taxonomy":"category","embeddable":true,"href":"https:\/\/blog.zeit.de\/ladurnerulrich\/wp-json\/wp\/v2\/categories?post=303"},{"taxonomy":"post_tag","embeddable":true,"href":"https:\/\/blog.zeit.de\/ladurnerulrich\/wp-json\/wp\/v2\/tags?post=303"}],"curies":[{"name":"wp","href":"https:\/\/api.w.org\/{rel}","templated":true}]}}