{"id":3037,"date":"2016-04-29T15:43:27","date_gmt":"2016-04-29T13:43:27","guid":{"rendered":"http:\/\/blog.zeit.de\/ladurnerulrich\/?p=3037"},"modified":"2016-04-29T16:47:13","modified_gmt":"2016-04-29T14:47:13","slug":"osterreichs-mitte-lost-sich-auf","status":"publish","type":"post","link":"https:\/\/blog.zeit.de\/ladurnerulrich\/2016\/04\/29\/osterreichs-mitte-lost-sich-auf\/","title":{"rendered":"\u00d6sterreichs Mitte l\u00f6st sich auf"},"content":{"rendered":"<p>\u00d6sterreich hat 2015 hat binnen weniger Monate 90.000 Asylbewerber aufgenommen und k\u00fcmmert sich um diese Menschen, vielleicht nicht auf vorbildliche Weise, aber doch viel besser, als es viele andere europ\u00e4ische Staaten tun \u2013 etwa Italien oder Frankreich, von den osteurop\u00e4ischen L\u00e4ndern m\u00fcssen wir erst gar nicht reden. Das \u00d6sterreich der Willkommenskultur gibt es also. Nun hat das Parlament \u00d6sterreichs ein neues Asylgesetz verabschiedet, das de facto dessen Abschaffung gleichkommt. Die Regierung \u00d6sterreichs ist drauf und dran, einen Zaun am Brenner zu errichten. Soldaten und Panzer sollen auch schon in Bereitschaft stehen. Das ist das \u00d6sterreich der Angstkultur. Auch das ist eine Realit\u00e4t.<!--more--><\/p>\n<p>Wie passen Angst- und Willkommenskultur zusammen?<\/p>\n<p>Sie passen \u00fcberhaupt nicht zusammen.<\/p>\n<p>Darum ist \u00d6sterreich tief gespalten. Das spiegelt sich im Pr\u00e4sidentenwahlkampf wider, in dem sich der Kandidat der FP\u00d6, Norbert Hofer, und einer der Gr\u00fcnen, Alexander van der Bellen, in der Stichwahl am 22. Mai gegen\u00fcberstehen.<\/p>\n<p>\u00d6sterreichs politische Mitte l\u00f6st sich unter dem Druck der Migrationskrise auf. Die Fl\u00fcchtlinge sind nicht die Ursache daf\u00fcr. Aber die hohe Zahl an Fl\u00fcchtlingen hat den \u00d6sterreichern offenbart, dass hinter der Fassade der beiden Regierungsparteien SP\u00d6 und \u00d6VP nichts als g\u00e4hnende Leere herrscht \u2013 ein Abgrund der Ideen-, Willens- und Gestaltungslosigkeit. Diese Leere macht den \u00d6sterreichern Angst.<\/p>\n<p>Die rechtspopulistische FP\u00d6 st\u00f6\u00dft in diese Leere vor, besetzt sie forsch mit ihren Parolen und baut an einem neuen, <a href=\"http:\/\/www.zeit.de\/politik\/ausland\/2016-04\/norbert-hofer-oesterreich-fpoe-beliebtheit-maennliche-waehler\">autorit\u00e4ren \u00d6sterreich<\/a>. Die von den Sozialdemokraten gef\u00fchrte gro\u00dfe Koalition wehrt sich dagegen nicht, sondern versucht, den Wettkampf zu gewinnen: Wir k\u00f6nnen noch h\u00e4rter sein als die FP\u00d6! Das ist die Botschaft, die die Regierungsparteien mit ihrem Asylgesetz und ihrer Drohung, den Brenner zu schlie\u00dfen, vermitteln wollen.<\/p>\n<p>Im Kern geht es in \u00d6sterreich um die Frage, die alle europ\u00e4ischen L\u00e4nder umtreibt: Wie k\u00f6nnen wir die Fl\u00fcchtlings- und Migrantenzahlen verringern? Wie kann man die Migrationskrise auf eine vertretbare Weise in die Griff bekommen? Wie k\u00f6nnen wir unsere Grenzen kontrollieren?<\/p>\n<p>\u00d6sterreichs Problem, das ist das Problem Europas. Doch \u00d6sterreich gibt in den letzten Monaten immer h\u00e4rtere, extremistischere Antworten. Eine politische Mitte, die eine ebenso pragmatische und wirkungsvolle Politik formulieren k\u00f6nnte, fehlt. Das ist das Drama, das sich in diesen Tagen vor unseren Augen entfaltet.<\/p>\n","protected":false},"excerpt":{"rendered":"<p>\u00d6sterreich hat 2015 hat binnen weniger Monate 90.000 Asylbewerber aufgenommen und k\u00fcmmert sich um diese Menschen, vielleicht nicht auf vorbildliche Weise, aber doch viel besser, als es viele andere europ\u00e4ische Staaten tun \u2013 etwa Italien oder Frankreich, von den osteurop\u00e4ischen L\u00e4ndern m\u00fcssen wir erst gar nicht reden. Das \u00d6sterreich der Willkommenskultur gibt es also. Nun [&hellip;]<\/p>\n","protected":false},"author":87,"featured_media":0,"comment_status":"open","ping_status":"open","sticky":false,"template":"","format":"standard","meta":{"_jetpack_memberships_contains_paid_content":false,"footnotes":""},"categories":[1],"tags":[],"class_list":["post-3037","post","type-post","status-publish","format-standard","hentry","category-allgemein"],"yoast_head":"<!-- This site is optimized with the Yoast SEO plugin v21.0 - https:\/\/yoast.com\/wordpress\/plugins\/seo\/ -->\n<title>Asylgesetz: \u00d6sterreichs Mitte l\u00f6st sich auf<\/title>\n<meta name=\"description\" content=\"\u00d6sterreich verabschiedet ein Asylgesetz, das es erm\u00f6glicht, einen Zaun am Brenner zu errichten. Das ist das \u00d6sterreich der Angstkultur.\" \/>\n<meta name=\"robots\" content=\"index, follow, max-snippet:-1, max-image-preview:large, max-video-preview:-1\" \/>\n<link rel=\"canonical\" href=\"https:\/\/blog.zeit.de\/ladurnerulrich\/2016\/04\/29\/osterreichs-mitte-lost-sich-auf\/\" \/>\n<meta property=\"og:locale\" content=\"de_DE\" \/>\n<meta property=\"og:type\" content=\"article\" \/>\n<meta property=\"og:title\" content=\"Asylgesetz: \u00d6sterreichs Mitte l\u00f6st sich auf\" \/>\n<meta property=\"og:description\" content=\"\u00d6sterreich verabschiedet ein Asylgesetz, das es erm\u00f6glicht, einen Zaun am Brenner zu errichten. Das ist das \u00d6sterreich der Angstkultur.\" \/>\n<meta property=\"og:url\" content=\"https:\/\/blog.zeit.de\/ladurnerulrich\/2016\/04\/29\/osterreichs-mitte-lost-sich-auf\/\" \/>\n<meta property=\"og:site_name\" content=\"Unterwegs in Europa\" \/>\n<meta property=\"article:published_time\" content=\"2016-04-29T13:43:27+00:00\" \/>\n<meta property=\"article:modified_time\" content=\"2016-04-29T14:47:13+00:00\" \/>\n<meta name=\"author\" content=\"Ulrich Ladurner\" \/>\n<meta name=\"twitter:label1\" content=\"Geschrieben von\" \/>\n\t<meta name=\"twitter:data1\" content=\"Ulrich Ladurner\" \/>\n\t<meta name=\"twitter:label2\" content=\"Gesch\u00e4tzte Lesezeit\" \/>\n\t<meta name=\"twitter:data2\" content=\"2\u00a0Minuten\" \/>\n<script type=\"application\/ld+json\" class=\"yoast-schema-graph\">{\"@context\":\"https:\/\/schema.org\",\"@graph\":[{\"@type\":\"WebPage\",\"@id\":\"https:\/\/blog.zeit.de\/ladurnerulrich\/2016\/04\/29\/osterreichs-mitte-lost-sich-auf\/\",\"url\":\"https:\/\/blog.zeit.de\/ladurnerulrich\/2016\/04\/29\/osterreichs-mitte-lost-sich-auf\/\",\"name\":\"Asylgesetz: \u00d6sterreichs Mitte l\u00f6st sich auf\",\"isPartOf\":{\"@id\":\"https:\/\/blog.zeit.de\/ladurnerulrich\/#website\"},\"datePublished\":\"2016-04-29T13:43:27+00:00\",\"dateModified\":\"2016-04-29T14:47:13+00:00\",\"author\":{\"@id\":\"https:\/\/blog.zeit.de\/ladurnerulrich\/#\/schema\/person\/41f9ab2ef02a3e3602daf321c07007f6\"},\"description\":\"\u00d6sterreich verabschiedet ein Asylgesetz, das es erm\u00f6glicht, einen Zaun am Brenner zu errichten. Das ist das \u00d6sterreich der Angstkultur.\",\"breadcrumb\":{\"@id\":\"https:\/\/blog.zeit.de\/ladurnerulrich\/2016\/04\/29\/osterreichs-mitte-lost-sich-auf\/#breadcrumb\"},\"inLanguage\":\"de\",\"potentialAction\":[{\"@type\":\"ReadAction\",\"target\":[\"https:\/\/blog.zeit.de\/ladurnerulrich\/2016\/04\/29\/osterreichs-mitte-lost-sich-auf\/\"]}]},{\"@type\":\"BreadcrumbList\",\"@id\":\"https:\/\/blog.zeit.de\/ladurnerulrich\/2016\/04\/29\/osterreichs-mitte-lost-sich-auf\/#breadcrumb\",\"itemListElement\":[{\"@type\":\"ListItem\",\"position\":1,\"name\":\"Startseite\",\"item\":\"https:\/\/blog.zeit.de\/ladurnerulrich\/\"},{\"@type\":\"ListItem\",\"position\":2,\"name\":\"\u00d6sterreichs Mitte l\u00f6st sich auf\"}]},{\"@type\":\"WebSite\",\"@id\":\"https:\/\/blog.zeit.de\/ladurnerulrich\/#website\",\"url\":\"https:\/\/blog.zeit.de\/ladurnerulrich\/\",\"name\":\"Unterwegs in Europa\",\"description\":\"Ladurners Blog f\u00fcr Einblicke in un\u00fcbersichtliche Landschaften\",\"potentialAction\":[{\"@type\":\"SearchAction\",\"target\":{\"@type\":\"EntryPoint\",\"urlTemplate\":\"https:\/\/blog.zeit.de\/ladurnerulrich\/?s={search_term_string}\"},\"query-input\":\"required name=search_term_string\"}],\"inLanguage\":\"de\"},{\"@type\":\"Person\",\"@id\":\"https:\/\/blog.zeit.de\/ladurnerulrich\/#\/schema\/person\/41f9ab2ef02a3e3602daf321c07007f6\",\"name\":\"Ulrich Ladurner\",\"image\":{\"@type\":\"ImageObject\",\"inLanguage\":\"de\",\"@id\":\"https:\/\/blog.zeit.de\/ladurnerulrich\/#\/schema\/person\/image\/\",\"url\":\"https:\/\/secure.gravatar.com\/avatar\/d01052e766579414676df807ab6fd98f6598a3bceab8af45b2984cba94333280?s=96&d=mm&r=g\",\"contentUrl\":\"https:\/\/secure.gravatar.com\/avatar\/d01052e766579414676df807ab6fd98f6598a3bceab8af45b2984cba94333280?s=96&d=mm&r=g\",\"caption\":\"Ulrich Ladurner\"},\"description\":\"lebt seit 1999 in Hamburg. Seitdem staunt er dar\u00fcber, was man in dieser Stadt erleben kann. Weil das mit dem Wundern nicht aufh\u00f6rt, gibt es diese Kolumne.\",\"sameAs\":[\"http:\/\/www.zeit.de\"],\"url\":\"https:\/\/blog.zeit.de\/ladurnerulrich\/author\/ulli-ladurner\/\"}]}<\/script>\n<!-- \/ Yoast SEO plugin. -->","yoast_head_json":{"title":"Asylgesetz: \u00d6sterreichs Mitte l\u00f6st sich auf","description":"\u00d6sterreich verabschiedet ein Asylgesetz, das es erm\u00f6glicht, einen Zaun am Brenner zu errichten. Das ist das \u00d6sterreich der Angstkultur.","robots":{"index":"index","follow":"follow","max-snippet":"max-snippet:-1","max-image-preview":"max-image-preview:large","max-video-preview":"max-video-preview:-1"},"canonical":"https:\/\/blog.zeit.de\/ladurnerulrich\/2016\/04\/29\/osterreichs-mitte-lost-sich-auf\/","og_locale":"de_DE","og_type":"article","og_title":"Asylgesetz: \u00d6sterreichs Mitte l\u00f6st sich auf","og_description":"\u00d6sterreich verabschiedet ein Asylgesetz, das es erm\u00f6glicht, einen Zaun am Brenner zu errichten. Das ist das \u00d6sterreich der Angstkultur.","og_url":"https:\/\/blog.zeit.de\/ladurnerulrich\/2016\/04\/29\/osterreichs-mitte-lost-sich-auf\/","og_site_name":"Unterwegs in Europa","article_published_time":"2016-04-29T13:43:27+00:00","article_modified_time":"2016-04-29T14:47:13+00:00","author":"Ulrich Ladurner","twitter_misc":{"Geschrieben von":"Ulrich Ladurner","Gesch\u00e4tzte Lesezeit":"2\u00a0Minuten"},"schema":{"@context":"https:\/\/schema.org","@graph":[{"@type":"WebPage","@id":"https:\/\/blog.zeit.de\/ladurnerulrich\/2016\/04\/29\/osterreichs-mitte-lost-sich-auf\/","url":"https:\/\/blog.zeit.de\/ladurnerulrich\/2016\/04\/29\/osterreichs-mitte-lost-sich-auf\/","name":"Asylgesetz: \u00d6sterreichs Mitte l\u00f6st sich auf","isPartOf":{"@id":"https:\/\/blog.zeit.de\/ladurnerulrich\/#website"},"datePublished":"2016-04-29T13:43:27+00:00","dateModified":"2016-04-29T14:47:13+00:00","author":{"@id":"https:\/\/blog.zeit.de\/ladurnerulrich\/#\/schema\/person\/41f9ab2ef02a3e3602daf321c07007f6"},"description":"\u00d6sterreich verabschiedet ein Asylgesetz, das es erm\u00f6glicht, einen Zaun am Brenner zu errichten. Das ist das \u00d6sterreich der Angstkultur.","breadcrumb":{"@id":"https:\/\/blog.zeit.de\/ladurnerulrich\/2016\/04\/29\/osterreichs-mitte-lost-sich-auf\/#breadcrumb"},"inLanguage":"de","potentialAction":[{"@type":"ReadAction","target":["https:\/\/blog.zeit.de\/ladurnerulrich\/2016\/04\/29\/osterreichs-mitte-lost-sich-auf\/"]}]},{"@type":"BreadcrumbList","@id":"https:\/\/blog.zeit.de\/ladurnerulrich\/2016\/04\/29\/osterreichs-mitte-lost-sich-auf\/#breadcrumb","itemListElement":[{"@type":"ListItem","position":1,"name":"Startseite","item":"https:\/\/blog.zeit.de\/ladurnerulrich\/"},{"@type":"ListItem","position":2,"name":"\u00d6sterreichs Mitte l\u00f6st sich auf"}]},{"@type":"WebSite","@id":"https:\/\/blog.zeit.de\/ladurnerulrich\/#website","url":"https:\/\/blog.zeit.de\/ladurnerulrich\/","name":"Unterwegs in Europa","description":"Ladurners Blog f\u00fcr Einblicke in un\u00fcbersichtliche Landschaften","potentialAction":[{"@type":"SearchAction","target":{"@type":"EntryPoint","urlTemplate":"https:\/\/blog.zeit.de\/ladurnerulrich\/?s={search_term_string}"},"query-input":"required name=search_term_string"}],"inLanguage":"de"},{"@type":"Person","@id":"https:\/\/blog.zeit.de\/ladurnerulrich\/#\/schema\/person\/41f9ab2ef02a3e3602daf321c07007f6","name":"Ulrich Ladurner","image":{"@type":"ImageObject","inLanguage":"de","@id":"https:\/\/blog.zeit.de\/ladurnerulrich\/#\/schema\/person\/image\/","url":"https:\/\/secure.gravatar.com\/avatar\/d01052e766579414676df807ab6fd98f6598a3bceab8af45b2984cba94333280?s=96&d=mm&r=g","contentUrl":"https:\/\/secure.gravatar.com\/avatar\/d01052e766579414676df807ab6fd98f6598a3bceab8af45b2984cba94333280?s=96&d=mm&r=g","caption":"Ulrich Ladurner"},"description":"lebt seit 1999 in Hamburg. Seitdem staunt er dar\u00fcber, was man in dieser Stadt erleben kann. Weil das mit dem Wundern nicht aufh\u00f6rt, gibt es diese Kolumne.","sameAs":["http:\/\/www.zeit.de"],"url":"https:\/\/blog.zeit.de\/ladurnerulrich\/author\/ulli-ladurner\/"}]}},"jetpack_featured_media_url":"","jetpack_sharing_enabled":true,"_links":{"self":[{"href":"https:\/\/blog.zeit.de\/ladurnerulrich\/wp-json\/wp\/v2\/posts\/3037","targetHints":{"allow":["GET"]}}],"collection":[{"href":"https:\/\/blog.zeit.de\/ladurnerulrich\/wp-json\/wp\/v2\/posts"}],"about":[{"href":"https:\/\/blog.zeit.de\/ladurnerulrich\/wp-json\/wp\/v2\/types\/post"}],"author":[{"embeddable":true,"href":"https:\/\/blog.zeit.de\/ladurnerulrich\/wp-json\/wp\/v2\/users\/87"}],"replies":[{"embeddable":true,"href":"https:\/\/blog.zeit.de\/ladurnerulrich\/wp-json\/wp\/v2\/comments?post=3037"}],"version-history":[{"count":15,"href":"https:\/\/blog.zeit.de\/ladurnerulrich\/wp-json\/wp\/v2\/posts\/3037\/revisions"}],"predecessor-version":[{"id":3054,"href":"https:\/\/blog.zeit.de\/ladurnerulrich\/wp-json\/wp\/v2\/posts\/3037\/revisions\/3054"}],"wp:attachment":[{"href":"https:\/\/blog.zeit.de\/ladurnerulrich\/wp-json\/wp\/v2\/media?parent=3037"}],"wp:term":[{"taxonomy":"category","embeddable":true,"href":"https:\/\/blog.zeit.de\/ladurnerulrich\/wp-json\/wp\/v2\/categories?post=3037"},{"taxonomy":"post_tag","embeddable":true,"href":"https:\/\/blog.zeit.de\/ladurnerulrich\/wp-json\/wp\/v2\/tags?post=3037"}],"curies":[{"name":"wp","href":"https:\/\/api.w.org\/{rel}","templated":true}]}}