{"id":3132,"date":"2016-06-28T13:09:46","date_gmt":"2016-06-28T11:09:46","guid":{"rendered":"http:\/\/blog.zeit.de\/ladurnerulrich\/?p=3132"},"modified":"2016-06-28T13:38:48","modified_gmt":"2016-06-28T11:38:48","slug":"fuer-grossbritannien-muss-es-kaelter-werden","status":"publish","type":"post","link":"https:\/\/blog.zeit.de\/ladurnerulrich\/2016\/06\/28\/fuer-grossbritannien-muss-es-kaelter-werden\/","title":{"rendered":"F\u00fcr Gro\u00dfbritannien muss es k\u00e4lter werden"},"content":{"rendered":"<p>Die\u00a0Briten tr\u00e4umen von den\u00a0Weltmeeren, die ihnen die Gr\u00fcndung eines\u00a0Imperiums\u00a0erm\u00f6glichten.\u00a0Und die\u00a0Kontinentaleurop\u00e4er m\u00f6chten am liebsten, dass diese Insel voller Querulanten und Egozentriker am Horizont verschwindet. So lie\u00dfe sich die Gef\u00fchlslage zwischen vielen\u00a0Briten und den vielen\u00a0Kontinentaleurop\u00e4ern derzeit wohl beschreiben.<!--more--><\/p>\n<p>Doch alle W\u00fcnsche, auch die\u00a0b\u00f6sen W\u00fcnsche,\u00a0helfen nichts: Die Briten entkommen Europa nicht, und die Kontinentaleurop\u00e4er den Briten nicht. Geografie und Geschichte zwingen sie zusammen. Gro\u00dfbritannien bleibt\u00a0auch nach dem Brexit ein Teil Europas.<\/p>\n<p>Das ist die Grundvoraussetzung einer schwierigen, einer bleibenden Beziehung.<\/p>\n<p>Dieser Tage wird heftig dar\u00fcber diskutiert, wie sich die EU gegen\u00fcber Gro\u00dfbritannien verhalten soll. Hart sein? Oder nachgiebig? Gnadenlos? Oder verst\u00e4ndnisvoll?<\/p>\n<p>Kanzlerin Angela Merkel pl\u00e4diert f\u00fcr Geduld. Erst mal abwarten. Die Briten sollen ihren Austrittsantrag stellen, dann wird man weitersehen. Man d\u00fcrfe jetzt nicht zu &#8222;garstig&#8220; zu ihnen sein. Das ist Merkels Stil. Sie spielt gerne auf Zeit.<\/p>\n<p>Andere hingegen haben weniger Geduld. Die EU, sagen sie, m\u00fcsse schnell handeln und H\u00e4rte zeigen. So argumentierte etwa SPD-Chef Sigmar Gabriel. Der franz\u00f6sische Pr\u00e4sident Fran\u00e7ois Hollande und Italiens Matteo Renzi dr\u00e4ngen ebenfalls zur Eile.<\/p>\n<p>Nun, Strafe brauchen die Briten derzeit gewiss nicht. Sie besorgen das Strafen schon selber.\u00a0Die Parteien sind in Aufruhr, Schottland k\u00f6nnte sich abspalten, Millionen Menschen wollen die Abstimmung wiederholen, das Volk ist zerrissen, das gesellschaftliche Klima vergiftet, die Eliten diskreditiert.\u00a0Gro\u00dfbritannien steuert plan- und f\u00fchrungslos aus der EU heraus.<\/p>\n<p>Die Briten\u00a0haben sich selbst dahin bef\u00f6rdert. Das ist kein Anlass zur Schadenfreude, sondern zur tiefen Besorgnis. Wenn die f\u00fcr ihren pragmatischen Geist so viel ger\u00fchmten Briten einem Populisten wie Boris Johnson auf den Leim gehen, dann ist das kein gutes Zeichen f\u00fcr den Rest Europas.<\/p>\n<p>Die Kontinentaleurop\u00e4er sind sicher nicht auf Dauer immun gegen die Vereinfacher.<\/p>\n<p>Die Briten haben nun eine Entscheidung getroffen, sie\u00a0muss respektiert werden. Wie\u00a0sie nun\u00a0mit den Folgen zurechtkommen, das m\u00fcssen sie erst einmal selbst unter sich kl\u00e4ren. Das wird ein chaotischer, ein schmerzhafter Prozess mit ungewissem Ausgang. Am Ende k\u00f6nnte das Vereinigte K\u00f6nigreich Geschichte sein.<\/p>\n<p>Dennoch ist es richtig, dass die EU jetzt Druck auf Gro\u00dfbritannien aus\u00fcbt, damit es den Austrittsantrag stellt. Je\u00a0schneller und geordneter Gro\u00dfbritannien geht, desto geringer die Gefahr f\u00fcr die anderen Mitglieder der EU.<\/p>\n<p>Danach wird man im Dialog die Bedingungen des weiteren Zusammenlebens neu definieren. Und sie m\u00fcssen schlechter sein als die Bedingungen, die Gro\u00dfbritannien vor dem Brexit hatte. Nicht dramatisch schlechter, aber doch deutlich sp\u00fcrbar schlechter.<\/p>\n<p>Wenn n\u00e4mlich Gro\u00dfbritannien aus der EU austreten kann und daf\u00fcr am Ende keine Nachteile in Kauf nehmen muss, welchen Sinn hat es dann, Mitglied der EU zu sein?<\/p>\n<p>Abschreckung ist f\u00fcr den Umgang der EU mit Gro\u00dfbritannien nicht das richtige Wort. Aber es muss sich lohnen, Mitglied der Union zu sein.<\/p>\n<p>Was die EU seinen Mitgliedern zu bringen \u00fcberhaupt in der Lage ist, auch dar\u00fcber muss dringend debattiert werden. Denn das Votum der Briten sagt auch einiges\u00a0\u00fcber den Zustand der\u00a0EU aus.<\/p>\n<p>Tritt ein so\u00a0gewichtiges Mitglied der EU aus, dann ist das ein Zeichen daf\u00fcr, dass diese Union schwer krank ist.<\/p>\n<p>Es w\u00e4re zu bequem und dar\u00fcber hinaus falsch, den Briten antieurop\u00e4ische Tollheit zu unterstellen. Die Sache ist viel komplizierter.<\/p>\n<p>Also: Keine H\u00e4me, keinen Hass, keine Aggression, aber die EU muss eine klare Botschaft nach London \u00fcbermitteln: Drau\u00dfen ist drau\u00dfen. Und drau\u00dfen ist k\u00e4lter.<\/p>\n","protected":false},"excerpt":{"rendered":"<p>Die\u00a0Briten tr\u00e4umen von den\u00a0Weltmeeren, die ihnen die Gr\u00fcndung eines\u00a0Imperiums\u00a0erm\u00f6glichten.\u00a0Und die\u00a0Kontinentaleurop\u00e4er m\u00f6chten am liebsten, dass diese Insel voller Querulanten und Egozentriker am Horizont verschwindet. So lie\u00dfe sich die Gef\u00fchlslage zwischen vielen\u00a0Briten und den vielen\u00a0Kontinentaleurop\u00e4ern derzeit wohl beschreiben.<\/p>\n","protected":false},"author":87,"featured_media":0,"comment_status":"open","ping_status":"open","sticky":false,"template":"","format":"standard","meta":{"_jetpack_memberships_contains_paid_content":false,"footnotes":""},"categories":[1],"tags":[],"class_list":["post-3132","post","type-post","status-publish","format-standard","hentry","category-allgemein"],"yoast_head":"<!-- This site is optimized with the Yoast SEO plugin v21.0 - https:\/\/yoast.com\/wordpress\/plugins\/seo\/ -->\n<title>F\u00fcr Gro\u00dfbritannien muss es k\u00e4lter werden<\/title>\n<meta name=\"description\" content=\"Diese Tage wird heftig dar\u00fcber diskutiert, wie sich die EU gegen\u00fcber Gro\u00dfbritannien verhalten soll. Gnadenlos? Oder verst\u00e4ndnisvoll?\" \/>\n<meta name=\"robots\" content=\"index, follow, max-snippet:-1, max-image-preview:large, max-video-preview:-1\" \/>\n<link rel=\"canonical\" href=\"https:\/\/blog.zeit.de\/ladurnerulrich\/2016\/06\/28\/fuer-grossbritannien-muss-es-kaelter-werden\/\" \/>\n<meta property=\"og:locale\" content=\"de_DE\" \/>\n<meta property=\"og:type\" content=\"article\" \/>\n<meta property=\"og:title\" content=\"F\u00fcr Gro\u00dfbritannien muss es k\u00e4lter werden\" \/>\n<meta property=\"og:description\" content=\"Diese Tage wird heftig dar\u00fcber diskutiert, wie sich die EU gegen\u00fcber Gro\u00dfbritannien verhalten soll. Gnadenlos? Oder verst\u00e4ndnisvoll?\" \/>\n<meta property=\"og:url\" content=\"https:\/\/blog.zeit.de\/ladurnerulrich\/2016\/06\/28\/fuer-grossbritannien-muss-es-kaelter-werden\/\" \/>\n<meta property=\"og:site_name\" content=\"Unterwegs in Europa\" \/>\n<meta property=\"article:published_time\" content=\"2016-06-28T11:09:46+00:00\" \/>\n<meta property=\"article:modified_time\" content=\"2016-06-28T11:38:48+00:00\" \/>\n<meta name=\"author\" content=\"Ulrich Ladurner\" \/>\n<meta name=\"twitter:label1\" content=\"Geschrieben von\" \/>\n\t<meta name=\"twitter:data1\" content=\"Ulrich Ladurner\" \/>\n\t<meta name=\"twitter:label2\" content=\"Gesch\u00e4tzte Lesezeit\" \/>\n\t<meta name=\"twitter:data2\" content=\"3\u00a0Minuten\" \/>\n<script type=\"application\/ld+json\" class=\"yoast-schema-graph\">{\"@context\":\"https:\/\/schema.org\",\"@graph\":[{\"@type\":\"WebPage\",\"@id\":\"https:\/\/blog.zeit.de\/ladurnerulrich\/2016\/06\/28\/fuer-grossbritannien-muss-es-kaelter-werden\/\",\"url\":\"https:\/\/blog.zeit.de\/ladurnerulrich\/2016\/06\/28\/fuer-grossbritannien-muss-es-kaelter-werden\/\",\"name\":\"F\u00fcr Gro\u00dfbritannien muss es k\u00e4lter werden\",\"isPartOf\":{\"@id\":\"https:\/\/blog.zeit.de\/ladurnerulrich\/#website\"},\"datePublished\":\"2016-06-28T11:09:46+00:00\",\"dateModified\":\"2016-06-28T11:38:48+00:00\",\"author\":{\"@id\":\"https:\/\/blog.zeit.de\/ladurnerulrich\/#\/schema\/person\/41f9ab2ef02a3e3602daf321c07007f6\"},\"description\":\"Diese Tage wird heftig dar\u00fcber diskutiert, wie sich die EU gegen\u00fcber Gro\u00dfbritannien verhalten soll. Gnadenlos? Oder verst\u00e4ndnisvoll?\",\"breadcrumb\":{\"@id\":\"https:\/\/blog.zeit.de\/ladurnerulrich\/2016\/06\/28\/fuer-grossbritannien-muss-es-kaelter-werden\/#breadcrumb\"},\"inLanguage\":\"de\",\"potentialAction\":[{\"@type\":\"ReadAction\",\"target\":[\"https:\/\/blog.zeit.de\/ladurnerulrich\/2016\/06\/28\/fuer-grossbritannien-muss-es-kaelter-werden\/\"]}]},{\"@type\":\"BreadcrumbList\",\"@id\":\"https:\/\/blog.zeit.de\/ladurnerulrich\/2016\/06\/28\/fuer-grossbritannien-muss-es-kaelter-werden\/#breadcrumb\",\"itemListElement\":[{\"@type\":\"ListItem\",\"position\":1,\"name\":\"Startseite\",\"item\":\"https:\/\/blog.zeit.de\/ladurnerulrich\/\"},{\"@type\":\"ListItem\",\"position\":2,\"name\":\"F\u00fcr Gro\u00dfbritannien muss es k\u00e4lter werden\"}]},{\"@type\":\"WebSite\",\"@id\":\"https:\/\/blog.zeit.de\/ladurnerulrich\/#website\",\"url\":\"https:\/\/blog.zeit.de\/ladurnerulrich\/\",\"name\":\"Unterwegs in Europa\",\"description\":\"Ladurners Blog f\u00fcr Einblicke in un\u00fcbersichtliche Landschaften\",\"potentialAction\":[{\"@type\":\"SearchAction\",\"target\":{\"@type\":\"EntryPoint\",\"urlTemplate\":\"https:\/\/blog.zeit.de\/ladurnerulrich\/?s={search_term_string}\"},\"query-input\":\"required name=search_term_string\"}],\"inLanguage\":\"de\"},{\"@type\":\"Person\",\"@id\":\"https:\/\/blog.zeit.de\/ladurnerulrich\/#\/schema\/person\/41f9ab2ef02a3e3602daf321c07007f6\",\"name\":\"Ulrich Ladurner\",\"image\":{\"@type\":\"ImageObject\",\"inLanguage\":\"de\",\"@id\":\"https:\/\/blog.zeit.de\/ladurnerulrich\/#\/schema\/person\/image\/\",\"url\":\"https:\/\/secure.gravatar.com\/avatar\/d01052e766579414676df807ab6fd98f6598a3bceab8af45b2984cba94333280?s=96&d=mm&r=g\",\"contentUrl\":\"https:\/\/secure.gravatar.com\/avatar\/d01052e766579414676df807ab6fd98f6598a3bceab8af45b2984cba94333280?s=96&d=mm&r=g\",\"caption\":\"Ulrich Ladurner\"},\"description\":\"lebt seit 1999 in Hamburg. Seitdem staunt er dar\u00fcber, was man in dieser Stadt erleben kann. Weil das mit dem Wundern nicht aufh\u00f6rt, gibt es diese Kolumne.\",\"sameAs\":[\"http:\/\/www.zeit.de\"],\"url\":\"https:\/\/blog.zeit.de\/ladurnerulrich\/author\/ulli-ladurner\/\"}]}<\/script>\n<!-- \/ Yoast SEO plugin. -->","yoast_head_json":{"title":"F\u00fcr Gro\u00dfbritannien muss es k\u00e4lter werden","description":"Diese Tage wird heftig dar\u00fcber diskutiert, wie sich die EU gegen\u00fcber Gro\u00dfbritannien verhalten soll. Gnadenlos? Oder verst\u00e4ndnisvoll?","robots":{"index":"index","follow":"follow","max-snippet":"max-snippet:-1","max-image-preview":"max-image-preview:large","max-video-preview":"max-video-preview:-1"},"canonical":"https:\/\/blog.zeit.de\/ladurnerulrich\/2016\/06\/28\/fuer-grossbritannien-muss-es-kaelter-werden\/","og_locale":"de_DE","og_type":"article","og_title":"F\u00fcr Gro\u00dfbritannien muss es k\u00e4lter werden","og_description":"Diese Tage wird heftig dar\u00fcber diskutiert, wie sich die EU gegen\u00fcber Gro\u00dfbritannien verhalten soll. Gnadenlos? Oder verst\u00e4ndnisvoll?","og_url":"https:\/\/blog.zeit.de\/ladurnerulrich\/2016\/06\/28\/fuer-grossbritannien-muss-es-kaelter-werden\/","og_site_name":"Unterwegs in Europa","article_published_time":"2016-06-28T11:09:46+00:00","article_modified_time":"2016-06-28T11:38:48+00:00","author":"Ulrich Ladurner","twitter_misc":{"Geschrieben von":"Ulrich Ladurner","Gesch\u00e4tzte Lesezeit":"3\u00a0Minuten"},"schema":{"@context":"https:\/\/schema.org","@graph":[{"@type":"WebPage","@id":"https:\/\/blog.zeit.de\/ladurnerulrich\/2016\/06\/28\/fuer-grossbritannien-muss-es-kaelter-werden\/","url":"https:\/\/blog.zeit.de\/ladurnerulrich\/2016\/06\/28\/fuer-grossbritannien-muss-es-kaelter-werden\/","name":"F\u00fcr Gro\u00dfbritannien muss es k\u00e4lter werden","isPartOf":{"@id":"https:\/\/blog.zeit.de\/ladurnerulrich\/#website"},"datePublished":"2016-06-28T11:09:46+00:00","dateModified":"2016-06-28T11:38:48+00:00","author":{"@id":"https:\/\/blog.zeit.de\/ladurnerulrich\/#\/schema\/person\/41f9ab2ef02a3e3602daf321c07007f6"},"description":"Diese Tage wird heftig dar\u00fcber diskutiert, wie sich die EU gegen\u00fcber Gro\u00dfbritannien verhalten soll. Gnadenlos? Oder verst\u00e4ndnisvoll?","breadcrumb":{"@id":"https:\/\/blog.zeit.de\/ladurnerulrich\/2016\/06\/28\/fuer-grossbritannien-muss-es-kaelter-werden\/#breadcrumb"},"inLanguage":"de","potentialAction":[{"@type":"ReadAction","target":["https:\/\/blog.zeit.de\/ladurnerulrich\/2016\/06\/28\/fuer-grossbritannien-muss-es-kaelter-werden\/"]}]},{"@type":"BreadcrumbList","@id":"https:\/\/blog.zeit.de\/ladurnerulrich\/2016\/06\/28\/fuer-grossbritannien-muss-es-kaelter-werden\/#breadcrumb","itemListElement":[{"@type":"ListItem","position":1,"name":"Startseite","item":"https:\/\/blog.zeit.de\/ladurnerulrich\/"},{"@type":"ListItem","position":2,"name":"F\u00fcr Gro\u00dfbritannien muss es k\u00e4lter werden"}]},{"@type":"WebSite","@id":"https:\/\/blog.zeit.de\/ladurnerulrich\/#website","url":"https:\/\/blog.zeit.de\/ladurnerulrich\/","name":"Unterwegs in Europa","description":"Ladurners Blog f\u00fcr Einblicke in un\u00fcbersichtliche Landschaften","potentialAction":[{"@type":"SearchAction","target":{"@type":"EntryPoint","urlTemplate":"https:\/\/blog.zeit.de\/ladurnerulrich\/?s={search_term_string}"},"query-input":"required name=search_term_string"}],"inLanguage":"de"},{"@type":"Person","@id":"https:\/\/blog.zeit.de\/ladurnerulrich\/#\/schema\/person\/41f9ab2ef02a3e3602daf321c07007f6","name":"Ulrich Ladurner","image":{"@type":"ImageObject","inLanguage":"de","@id":"https:\/\/blog.zeit.de\/ladurnerulrich\/#\/schema\/person\/image\/","url":"https:\/\/secure.gravatar.com\/avatar\/d01052e766579414676df807ab6fd98f6598a3bceab8af45b2984cba94333280?s=96&d=mm&r=g","contentUrl":"https:\/\/secure.gravatar.com\/avatar\/d01052e766579414676df807ab6fd98f6598a3bceab8af45b2984cba94333280?s=96&d=mm&r=g","caption":"Ulrich Ladurner"},"description":"lebt seit 1999 in Hamburg. Seitdem staunt er dar\u00fcber, was man in dieser Stadt erleben kann. Weil das mit dem Wundern nicht aufh\u00f6rt, gibt es diese Kolumne.","sameAs":["http:\/\/www.zeit.de"],"url":"https:\/\/blog.zeit.de\/ladurnerulrich\/author\/ulli-ladurner\/"}]}},"jetpack_featured_media_url":"","jetpack_sharing_enabled":true,"_links":{"self":[{"href":"https:\/\/blog.zeit.de\/ladurnerulrich\/wp-json\/wp\/v2\/posts\/3132","targetHints":{"allow":["GET"]}}],"collection":[{"href":"https:\/\/blog.zeit.de\/ladurnerulrich\/wp-json\/wp\/v2\/posts"}],"about":[{"href":"https:\/\/blog.zeit.de\/ladurnerulrich\/wp-json\/wp\/v2\/types\/post"}],"author":[{"embeddable":true,"href":"https:\/\/blog.zeit.de\/ladurnerulrich\/wp-json\/wp\/v2\/users\/87"}],"replies":[{"embeddable":true,"href":"https:\/\/blog.zeit.de\/ladurnerulrich\/wp-json\/wp\/v2\/comments?post=3132"}],"version-history":[{"count":15,"href":"https:\/\/blog.zeit.de\/ladurnerulrich\/wp-json\/wp\/v2\/posts\/3132\/revisions"}],"predecessor-version":[{"id":3150,"href":"https:\/\/blog.zeit.de\/ladurnerulrich\/wp-json\/wp\/v2\/posts\/3132\/revisions\/3150"}],"wp:attachment":[{"href":"https:\/\/blog.zeit.de\/ladurnerulrich\/wp-json\/wp\/v2\/media?parent=3132"}],"wp:term":[{"taxonomy":"category","embeddable":true,"href":"https:\/\/blog.zeit.de\/ladurnerulrich\/wp-json\/wp\/v2\/categories?post=3132"},{"taxonomy":"post_tag","embeddable":true,"href":"https:\/\/blog.zeit.de\/ladurnerulrich\/wp-json\/wp\/v2\/tags?post=3132"}],"curies":[{"name":"wp","href":"https:\/\/api.w.org\/{rel}","templated":true}]}}