{"id":315,"date":"2009-09-07T07:14:01","date_gmt":"2009-09-07T07:14:01","guid":{"rendered":"http:\/\/ladurnerulrich.wordpress.com\/?p=315"},"modified":"2009-09-07T07:14:01","modified_gmt":"2009-09-07T07:14:01","slug":"315","status":"publish","type":"post","link":"https:\/\/blog.zeit.de\/ladurnerulrich\/2009\/09\/07\/315\/","title":{"rendered":"Schwere Zeiten"},"content":{"rendered":"<p>Die Ereignisse in Afghanistan \u00fcberschlagen sich. Da ist es gut, einen Augenblick inne zu halten, und sich zu vergegenw\u00e4rtigen, was allein in den vergangenen Tagen passiert ist. Am Donnerstag, den 3. September, wurden Bilder von einer <a href=\"http:\/\/www.spiegel.de\/politik\/ausland\/0,1518,647045,00.html\">&#8222;Sex-Party&#8220;<\/a> in der US-Botschaft in Kabul \u00f6ffentlich und brachten die Regierung in Washington in Verlegenheit.\u00a0 Am selben Tag schickte der Oberfehlshaber der\u00a0 Natotruppen, General <a href=\"http:\/\/\">Stanley McChrystal<\/a>, einen Bericht nach Washington. Darin wird offenbar eine neue Afghanistanstrategie entworfen, die noch mehr Truppen ben\u00f6tigt. Im Zentrum dieser Strategie steht der Schutz der afghanischen Bev\u00f6lkerung, vor den Taliban aber auch vor Nato-Soldaten, insbesondere vor Luftangriffen. In der Nacht zum Freitag, den 5. September, forderte die deutsche <a href=\"http:\/\/www.zeit.de\/politik\/ausland\/2009-09\/afghanistan-merkel-aufklaerung\">Bundeswehr<\/a> Luftunterst\u00fctzung an. Zwischen 50 und 125 Menschen sollen gestorben sein, davon viele Zivilisten. Gleichzeitig werden immer noch die W\u00e4hlerstimmen der Pr\u00e4sidentschaftswahlen vom 20. August ausgez\u00e4hlt &#8211; wobei immer massiver <a href=\"http:\/\/www.nytimes.com\/2009\/09\/02\/world\/asia\/02fraud.html\">Wahlf\u00e4lschungen<\/a> zu erkennen sind.<\/p>\n","protected":false},"excerpt":{"rendered":"<p>Die Ereignisse in Afghanistan \u00fcberschlagen sich. Da ist es gut, einen Augenblick inne zu halten, und sich zu vergegenw\u00e4rtigen, was allein in den vergangenen Tagen passiert ist. Am Donnerstag, den 3. September, wurden Bilder von einer &#8222;Sex-Party&#8220; in der US-Botschaft in Kabul \u00f6ffentlich und brachten die Regierung in Washington in Verlegenheit.\u00a0 Am selben Tag schickte [&hellip;]<\/p>\n","protected":false},"author":87,"featured_media":0,"comment_status":"open","ping_status":"open","sticky":false,"template":"","format":"standard","meta":{"_jetpack_memberships_contains_paid_content":false,"footnotes":""},"categories":[151,1202,1203,1204,170,187,1210],"tags":[38439,38451,38452,38453,38443,38457],"class_list":["post-315","post","type-post","status-publish","format-standard","hentry","category-afghanistan","category-international","category-internationale-politik","category-kabul","category-menschenrechte","category-politik","category-terror","tag-afghanistan","tag-international","tag-internationale-politik","tag-krieg","tag-menschenrechte","tag-terror"],"yoast_head":"<!-- This site is optimized with the Yoast SEO plugin v21.0 - https:\/\/yoast.com\/wordpress\/plugins\/seo\/ -->\n<title>Schwere Zeiten - Unterwegs in Europa<\/title>\n<meta name=\"robots\" content=\"index, follow, max-snippet:-1, max-image-preview:large, max-video-preview:-1\" \/>\n<link rel=\"canonical\" href=\"https:\/\/blog.zeit.de\/ladurnerulrich\/2009\/09\/07\/315\/\" \/>\n<meta property=\"og:locale\" content=\"de_DE\" \/>\n<meta property=\"og:type\" content=\"article\" \/>\n<meta property=\"og:title\" content=\"Schwere Zeiten - Unterwegs in Europa\" \/>\n<meta property=\"og:description\" content=\"Die Ereignisse in Afghanistan \u00fcberschlagen sich. Da ist es gut, einen Augenblick inne zu halten, und sich zu vergegenw\u00e4rtigen, was allein in den vergangenen Tagen passiert ist. Am Donnerstag, den 3. September, wurden Bilder von einer &#8222;Sex-Party&#8220; in der US-Botschaft in Kabul \u00f6ffentlich und brachten die Regierung in Washington in Verlegenheit.\u00a0 Am selben Tag schickte [&hellip;]\" \/>\n<meta property=\"og:url\" content=\"https:\/\/blog.zeit.de\/ladurnerulrich\/2009\/09\/07\/315\/\" \/>\n<meta property=\"og:site_name\" content=\"Unterwegs in Europa\" \/>\n<meta property=\"article:published_time\" content=\"2009-09-07T07:14:01+00:00\" \/>\n<meta name=\"author\" content=\"Ulrich Ladurner\" \/>\n<meta name=\"twitter:label1\" content=\"Geschrieben von\" \/>\n\t<meta name=\"twitter:data1\" content=\"Ulrich Ladurner\" \/>\n\t<meta name=\"twitter:label2\" content=\"Gesch\u00e4tzte Lesezeit\" \/>\n\t<meta name=\"twitter:data2\" content=\"1\u00a0Minute\" \/>\n<script type=\"application\/ld+json\" class=\"yoast-schema-graph\">{\"@context\":\"https:\/\/schema.org\",\"@graph\":[{\"@type\":\"WebPage\",\"@id\":\"https:\/\/blog.zeit.de\/ladurnerulrich\/2009\/09\/07\/315\/\",\"url\":\"https:\/\/blog.zeit.de\/ladurnerulrich\/2009\/09\/07\/315\/\",\"name\":\"Schwere Zeiten - Unterwegs in Europa\",\"isPartOf\":{\"@id\":\"https:\/\/blog.zeit.de\/ladurnerulrich\/#website\"},\"datePublished\":\"2009-09-07T07:14:01+00:00\",\"dateModified\":\"2009-09-07T07:14:01+00:00\",\"author\":{\"@id\":\"https:\/\/blog.zeit.de\/ladurnerulrich\/#\/schema\/person\/41f9ab2ef02a3e3602daf321c07007f6\"},\"breadcrumb\":{\"@id\":\"https:\/\/blog.zeit.de\/ladurnerulrich\/2009\/09\/07\/315\/#breadcrumb\"},\"inLanguage\":\"de\",\"potentialAction\":[{\"@type\":\"ReadAction\",\"target\":[\"https:\/\/blog.zeit.de\/ladurnerulrich\/2009\/09\/07\/315\/\"]}]},{\"@type\":\"BreadcrumbList\",\"@id\":\"https:\/\/blog.zeit.de\/ladurnerulrich\/2009\/09\/07\/315\/#breadcrumb\",\"itemListElement\":[{\"@type\":\"ListItem\",\"position\":1,\"name\":\"Startseite\",\"item\":\"https:\/\/blog.zeit.de\/ladurnerulrich\/\"},{\"@type\":\"ListItem\",\"position\":2,\"name\":\"Schwere Zeiten\"}]},{\"@type\":\"WebSite\",\"@id\":\"https:\/\/blog.zeit.de\/ladurnerulrich\/#website\",\"url\":\"https:\/\/blog.zeit.de\/ladurnerulrich\/\",\"name\":\"Unterwegs in Europa\",\"description\":\"Ladurners Blog f\u00fcr Einblicke in un\u00fcbersichtliche Landschaften\",\"potentialAction\":[{\"@type\":\"SearchAction\",\"target\":{\"@type\":\"EntryPoint\",\"urlTemplate\":\"https:\/\/blog.zeit.de\/ladurnerulrich\/?s={search_term_string}\"},\"query-input\":\"required name=search_term_string\"}],\"inLanguage\":\"de\"},{\"@type\":\"Person\",\"@id\":\"https:\/\/blog.zeit.de\/ladurnerulrich\/#\/schema\/person\/41f9ab2ef02a3e3602daf321c07007f6\",\"name\":\"Ulrich Ladurner\",\"image\":{\"@type\":\"ImageObject\",\"inLanguage\":\"de\",\"@id\":\"https:\/\/blog.zeit.de\/ladurnerulrich\/#\/schema\/person\/image\/\",\"url\":\"https:\/\/secure.gravatar.com\/avatar\/d01052e766579414676df807ab6fd98f6598a3bceab8af45b2984cba94333280?s=96&d=mm&r=g\",\"contentUrl\":\"https:\/\/secure.gravatar.com\/avatar\/d01052e766579414676df807ab6fd98f6598a3bceab8af45b2984cba94333280?s=96&d=mm&r=g\",\"caption\":\"Ulrich Ladurner\"},\"description\":\"lebt seit 1999 in Hamburg. Seitdem staunt er dar\u00fcber, was man in dieser Stadt erleben kann. Weil das mit dem Wundern nicht aufh\u00f6rt, gibt es diese Kolumne.\",\"sameAs\":[\"http:\/\/www.zeit.de\"],\"url\":\"https:\/\/blog.zeit.de\/ladurnerulrich\/author\/ulli-ladurner\/\"}]}<\/script>\n<!-- \/ Yoast SEO plugin. -->","yoast_head_json":{"title":"Schwere Zeiten - Unterwegs in Europa","robots":{"index":"index","follow":"follow","max-snippet":"max-snippet:-1","max-image-preview":"max-image-preview:large","max-video-preview":"max-video-preview:-1"},"canonical":"https:\/\/blog.zeit.de\/ladurnerulrich\/2009\/09\/07\/315\/","og_locale":"de_DE","og_type":"article","og_title":"Schwere Zeiten - Unterwegs in Europa","og_description":"Die Ereignisse in Afghanistan \u00fcberschlagen sich. Da ist es gut, einen Augenblick inne zu halten, und sich zu vergegenw\u00e4rtigen, was allein in den vergangenen Tagen passiert ist. Am Donnerstag, den 3. September, wurden Bilder von einer &#8222;Sex-Party&#8220; in der US-Botschaft in Kabul \u00f6ffentlich und brachten die Regierung in Washington in Verlegenheit.\u00a0 Am selben Tag schickte [&hellip;]","og_url":"https:\/\/blog.zeit.de\/ladurnerulrich\/2009\/09\/07\/315\/","og_site_name":"Unterwegs in Europa","article_published_time":"2009-09-07T07:14:01+00:00","author":"Ulrich Ladurner","twitter_misc":{"Geschrieben von":"Ulrich Ladurner","Gesch\u00e4tzte Lesezeit":"1\u00a0Minute"},"schema":{"@context":"https:\/\/schema.org","@graph":[{"@type":"WebPage","@id":"https:\/\/blog.zeit.de\/ladurnerulrich\/2009\/09\/07\/315\/","url":"https:\/\/blog.zeit.de\/ladurnerulrich\/2009\/09\/07\/315\/","name":"Schwere Zeiten - Unterwegs in Europa","isPartOf":{"@id":"https:\/\/blog.zeit.de\/ladurnerulrich\/#website"},"datePublished":"2009-09-07T07:14:01+00:00","dateModified":"2009-09-07T07:14:01+00:00","author":{"@id":"https:\/\/blog.zeit.de\/ladurnerulrich\/#\/schema\/person\/41f9ab2ef02a3e3602daf321c07007f6"},"breadcrumb":{"@id":"https:\/\/blog.zeit.de\/ladurnerulrich\/2009\/09\/07\/315\/#breadcrumb"},"inLanguage":"de","potentialAction":[{"@type":"ReadAction","target":["https:\/\/blog.zeit.de\/ladurnerulrich\/2009\/09\/07\/315\/"]}]},{"@type":"BreadcrumbList","@id":"https:\/\/blog.zeit.de\/ladurnerulrich\/2009\/09\/07\/315\/#breadcrumb","itemListElement":[{"@type":"ListItem","position":1,"name":"Startseite","item":"https:\/\/blog.zeit.de\/ladurnerulrich\/"},{"@type":"ListItem","position":2,"name":"Schwere Zeiten"}]},{"@type":"WebSite","@id":"https:\/\/blog.zeit.de\/ladurnerulrich\/#website","url":"https:\/\/blog.zeit.de\/ladurnerulrich\/","name":"Unterwegs in Europa","description":"Ladurners Blog f\u00fcr Einblicke in un\u00fcbersichtliche Landschaften","potentialAction":[{"@type":"SearchAction","target":{"@type":"EntryPoint","urlTemplate":"https:\/\/blog.zeit.de\/ladurnerulrich\/?s={search_term_string}"},"query-input":"required name=search_term_string"}],"inLanguage":"de"},{"@type":"Person","@id":"https:\/\/blog.zeit.de\/ladurnerulrich\/#\/schema\/person\/41f9ab2ef02a3e3602daf321c07007f6","name":"Ulrich Ladurner","image":{"@type":"ImageObject","inLanguage":"de","@id":"https:\/\/blog.zeit.de\/ladurnerulrich\/#\/schema\/person\/image\/","url":"https:\/\/secure.gravatar.com\/avatar\/d01052e766579414676df807ab6fd98f6598a3bceab8af45b2984cba94333280?s=96&d=mm&r=g","contentUrl":"https:\/\/secure.gravatar.com\/avatar\/d01052e766579414676df807ab6fd98f6598a3bceab8af45b2984cba94333280?s=96&d=mm&r=g","caption":"Ulrich Ladurner"},"description":"lebt seit 1999 in Hamburg. Seitdem staunt er dar\u00fcber, was man in dieser Stadt erleben kann. Weil das mit dem Wundern nicht aufh\u00f6rt, gibt es diese Kolumne.","sameAs":["http:\/\/www.zeit.de"],"url":"https:\/\/blog.zeit.de\/ladurnerulrich\/author\/ulli-ladurner\/"}]}},"jetpack_featured_media_url":"","jetpack_sharing_enabled":true,"_links":{"self":[{"href":"https:\/\/blog.zeit.de\/ladurnerulrich\/wp-json\/wp\/v2\/posts\/315","targetHints":{"allow":["GET"]}}],"collection":[{"href":"https:\/\/blog.zeit.de\/ladurnerulrich\/wp-json\/wp\/v2\/posts"}],"about":[{"href":"https:\/\/blog.zeit.de\/ladurnerulrich\/wp-json\/wp\/v2\/types\/post"}],"author":[{"embeddable":true,"href":"https:\/\/blog.zeit.de\/ladurnerulrich\/wp-json\/wp\/v2\/users\/87"}],"replies":[{"embeddable":true,"href":"https:\/\/blog.zeit.de\/ladurnerulrich\/wp-json\/wp\/v2\/comments?post=315"}],"version-history":[{"count":0,"href":"https:\/\/blog.zeit.de\/ladurnerulrich\/wp-json\/wp\/v2\/posts\/315\/revisions"}],"wp:attachment":[{"href":"https:\/\/blog.zeit.de\/ladurnerulrich\/wp-json\/wp\/v2\/media?parent=315"}],"wp:term":[{"taxonomy":"category","embeddable":true,"href":"https:\/\/blog.zeit.de\/ladurnerulrich\/wp-json\/wp\/v2\/categories?post=315"},{"taxonomy":"post_tag","embeddable":true,"href":"https:\/\/blog.zeit.de\/ladurnerulrich\/wp-json\/wp\/v2\/tags?post=315"}],"curies":[{"name":"wp","href":"https:\/\/api.w.org\/{rel}","templated":true}]}}