{"id":3396,"date":"2016-10-11T18:57:21","date_gmt":"2016-10-11T16:57:21","guid":{"rendered":"http:\/\/blog.zeit.de\/ladurnerulrich\/?p=3396"},"modified":"2016-10-11T21:54:17","modified_gmt":"2016-10-11T19:54:17","slug":"das-tuerkei-abkommen-ist-kein-modell-fuer-afrika","status":"publish","type":"post","link":"https:\/\/blog.zeit.de\/ladurnerulrich\/2016\/10\/11\/das-tuerkei-abkommen-ist-kein-modell-fuer-afrika\/","title":{"rendered":"Das T\u00fcrkei-Abkommen ist kein Modell f\u00fcr Afrika"},"content":{"rendered":"<p>Bundeskanzlerin Angela Merkel wird nicht m\u00fcde, das Fl\u00fcchtlingsabkommen mit der T\u00fcrkei zu preisen. Sie hat daf\u00fcr\u00a0gute Gr\u00fcnde. Immerhin ertrinken seit dem Abschluss des Abkommens kaum mehr Fl\u00fcchtlinge in der \u00c4g\u00e4is, immerhin hat sich der Migrationsdruck auf Deutschland verringert, immerhin haben sich ihre eigenen\u00a0Aussichten f\u00fcr das Wahljahr 2017 (sofern sie antritt) verbessert.<\/p>\n<p><!--more-->Doch die Kanzlerin geht zu weit, wenn sie das &#8222;Abkommen mit der T\u00fcrkei als Modell f\u00fcr weitere solche\u00a0Abkommen&#8220; mit anderen L\u00e4ndern bezeichnet.<\/p>\n<p>Die Frage ist sicher naheliegend: Warum sollte, was mit der T\u00fcrkei (sehr) leidlich funktioniert, nicht auch mit afrikanischen Staaten gehen? Mit Mali, Niger oder \u00c4thiopien etwa, den drei L\u00e4ndern, in denen\u00a0Angela Merkel auf ihrer Afrikareise Station macht?<\/p>\n<p>Nun, das\u00a0Abkommen mit der T\u00fcrkei ist in vielerlei Hinsicht ein Sonderfall. Der Gro\u00dfteil der Fl\u00fcchtlinge ist aus Syrien. Diese Menschen fliehen vor einem Krieg, der in ihrem Heimatland w\u00fctet. Im Gegensatz dazu sind die Menschen, die via Libyen\u00a0\u00fcber das Mittelmeer nach Europa kommen, in ihrer Mehrheit Migranten, die in ihrer eigenen Heimat keine wirtschaftliche Perspektive sehen.<\/p>\n<p>W\u00e4hrend die Zahl der Fl\u00fcchtlinge, die in die T\u00fcrkei kommen, sich schnell verringern k\u00f6nnte, wenn der Krieg in Syrien zu Ende geht, wird der Migrationsdruck aus den afrikanischen L\u00e4ndern nicht so schnell abnehmen. Dazu m\u00fcsste das wirtschaftliche Gef\u00e4lle zwischen Europa und Afrika kleiner werden. Wenn das \u00fcberhaupt gelingen sollte, dann wird das gewiss\u00a0seine Zeit dauern.<\/p>\n<p>Es ist durchaus richtig, dass L\u00e4nder wie Mali oder Niger Deutschland durch Migration n\u00e4her ger\u00fcckt sind.\u00a0Deshalb ist Merkel nach Afrika aufgebrochen. Und ihre Reise wird hoffentlich dazu beitragen, die N\u00e4he Afrikas im Bewusstsein der Deutschen zu festigen. Aber es kann sehr negative Folgen haben, wenn die Kanzlerin\u00a0den Eindruck erweckt, man k\u00f6nnte mit diesen L\u00e4ndern ein Abkommen wie jenes zwischen der EU und der T\u00fcrkei abschlie\u00dfen.<\/p>\n<p>Die Nachricht, dass die T\u00fcrkei von der Europ\u00e4ischen Union 6 Milliarden Dollar zugesagt bekam, wird unter den herrschenden Eliten in afrikanischen L\u00e4ndern nicht auf taube Ohren gesto\u00dfen sein. Das Risiko des T\u00fcrkei-Deals als Vorbild ist deshalb folgendes: Der Fl\u00fcchtling wird in Zukunft zum Exportgut.\u00a0Die Migration wird monetarisiert.<\/p>\n<p>Nat\u00fcrlich kann, soll und muss Geld an Herkunfts- und Transitl\u00e4nder flie\u00dfen. Das ist nichts Verwerfliches. Geld ist allerdings kein Zaubermittel. Entscheidend ist, ob die Staaten und Gesellschaften, die Hilfen empfangen, auch in der Lage sind, sie zu\u00a0nutzen. Und leider sind die Beispiele nicht ermutigend, wie wir aus einem Land wissen, das im Jahr 2001 Europa pl\u00f6tzlich und unerwartet sehr nahe gekommen ist: Afghanistan. 60 Milliarden an Finanzhilfen sind in den vergangenen 15 Jahren dorthin geflossen, und heute kommen so viele Afghanen nach Europa wie noch nie zuvor.<\/p>\n","protected":false},"excerpt":{"rendered":"<p>Bundeskanzlerin Angela Merkel wird nicht m\u00fcde, das Fl\u00fcchtlingsabkommen mit der T\u00fcrkei zu preisen. Sie hat daf\u00fcr\u00a0gute Gr\u00fcnde. Immerhin ertrinken seit dem Abschluss des Abkommens kaum mehr Fl\u00fcchtlinge in der \u00c4g\u00e4is, immerhin hat sich der Migrationsdruck auf Deutschland verringert, immerhin haben sich ihre eigenen\u00a0Aussichten f\u00fcr das Wahljahr 2017 (sofern sie antritt) verbessert.<\/p>\n","protected":false},"author":87,"featured_media":0,"comment_status":"open","ping_status":"open","sticky":false,"template":"","format":"standard","meta":{"_jetpack_memberships_contains_paid_content":false,"footnotes":""},"categories":[1],"tags":[],"class_list":["post-3396","post","type-post","status-publish","format-standard","hentry","category-allgemein"],"yoast_head":"<!-- This site is optimized with the Yoast SEO plugin v21.0 - https:\/\/yoast.com\/wordpress\/plugins\/seo\/ -->\n<title>Das T\u00fcrkei-Abkommen ist kein Modell f\u00fcr Afrika - Unterwegs in Europa<\/title>\n<meta name=\"description\" content=\"Das Abkommen mit der T\u00fcrkei war aus Sicht der Kanzlerin ein Erfolg. Doch auf Afrika l\u00e4sst sich nicht die selbe Taktik anwenden.\" \/>\n<meta name=\"robots\" content=\"index, follow, max-snippet:-1, max-image-preview:large, max-video-preview:-1\" \/>\n<link rel=\"canonical\" href=\"https:\/\/blog.zeit.de\/ladurnerulrich\/2016\/10\/11\/das-tuerkei-abkommen-ist-kein-modell-fuer-afrika\/\" \/>\n<meta property=\"og:locale\" content=\"de_DE\" \/>\n<meta property=\"og:type\" content=\"article\" \/>\n<meta property=\"og:title\" content=\"Das T\u00fcrkei-Abkommen ist kein Modell f\u00fcr Afrika - Unterwegs in Europa\" \/>\n<meta property=\"og:description\" content=\"Das Abkommen mit der T\u00fcrkei war aus Sicht der Kanzlerin ein Erfolg. Doch auf Afrika l\u00e4sst sich nicht die selbe Taktik anwenden.\" \/>\n<meta property=\"og:url\" content=\"https:\/\/blog.zeit.de\/ladurnerulrich\/2016\/10\/11\/das-tuerkei-abkommen-ist-kein-modell-fuer-afrika\/\" \/>\n<meta property=\"og:site_name\" content=\"Unterwegs in Europa\" \/>\n<meta property=\"article:published_time\" content=\"2016-10-11T16:57:21+00:00\" \/>\n<meta property=\"article:modified_time\" content=\"2016-10-11T19:54:17+00:00\" \/>\n<meta name=\"author\" content=\"Ulrich Ladurner\" \/>\n<meta name=\"twitter:label1\" content=\"Geschrieben von\" \/>\n\t<meta name=\"twitter:data1\" content=\"Ulrich Ladurner\" \/>\n\t<meta name=\"twitter:label2\" content=\"Gesch\u00e4tzte Lesezeit\" \/>\n\t<meta name=\"twitter:data2\" content=\"2\u00a0Minuten\" \/>\n<script type=\"application\/ld+json\" class=\"yoast-schema-graph\">{\"@context\":\"https:\/\/schema.org\",\"@graph\":[{\"@type\":\"WebPage\",\"@id\":\"https:\/\/blog.zeit.de\/ladurnerulrich\/2016\/10\/11\/das-tuerkei-abkommen-ist-kein-modell-fuer-afrika\/\",\"url\":\"https:\/\/blog.zeit.de\/ladurnerulrich\/2016\/10\/11\/das-tuerkei-abkommen-ist-kein-modell-fuer-afrika\/\",\"name\":\"Das T\u00fcrkei-Abkommen ist kein Modell f\u00fcr Afrika - Unterwegs in Europa\",\"isPartOf\":{\"@id\":\"https:\/\/blog.zeit.de\/ladurnerulrich\/#website\"},\"datePublished\":\"2016-10-11T16:57:21+00:00\",\"dateModified\":\"2016-10-11T19:54:17+00:00\",\"author\":{\"@id\":\"https:\/\/blog.zeit.de\/ladurnerulrich\/#\/schema\/person\/41f9ab2ef02a3e3602daf321c07007f6\"},\"description\":\"Das Abkommen mit der T\u00fcrkei war aus Sicht der Kanzlerin ein Erfolg. Doch auf Afrika l\u00e4sst sich nicht die selbe Taktik anwenden.\",\"breadcrumb\":{\"@id\":\"https:\/\/blog.zeit.de\/ladurnerulrich\/2016\/10\/11\/das-tuerkei-abkommen-ist-kein-modell-fuer-afrika\/#breadcrumb\"},\"inLanguage\":\"de\",\"potentialAction\":[{\"@type\":\"ReadAction\",\"target\":[\"https:\/\/blog.zeit.de\/ladurnerulrich\/2016\/10\/11\/das-tuerkei-abkommen-ist-kein-modell-fuer-afrika\/\"]}]},{\"@type\":\"BreadcrumbList\",\"@id\":\"https:\/\/blog.zeit.de\/ladurnerulrich\/2016\/10\/11\/das-tuerkei-abkommen-ist-kein-modell-fuer-afrika\/#breadcrumb\",\"itemListElement\":[{\"@type\":\"ListItem\",\"position\":1,\"name\":\"Startseite\",\"item\":\"https:\/\/blog.zeit.de\/ladurnerulrich\/\"},{\"@type\":\"ListItem\",\"position\":2,\"name\":\"Das T\u00fcrkei-Abkommen ist kein Modell f\u00fcr Afrika\"}]},{\"@type\":\"WebSite\",\"@id\":\"https:\/\/blog.zeit.de\/ladurnerulrich\/#website\",\"url\":\"https:\/\/blog.zeit.de\/ladurnerulrich\/\",\"name\":\"Unterwegs in Europa\",\"description\":\"Ladurners Blog f\u00fcr Einblicke in un\u00fcbersichtliche Landschaften\",\"potentialAction\":[{\"@type\":\"SearchAction\",\"target\":{\"@type\":\"EntryPoint\",\"urlTemplate\":\"https:\/\/blog.zeit.de\/ladurnerulrich\/?s={search_term_string}\"},\"query-input\":\"required name=search_term_string\"}],\"inLanguage\":\"de\"},{\"@type\":\"Person\",\"@id\":\"https:\/\/blog.zeit.de\/ladurnerulrich\/#\/schema\/person\/41f9ab2ef02a3e3602daf321c07007f6\",\"name\":\"Ulrich Ladurner\",\"image\":{\"@type\":\"ImageObject\",\"inLanguage\":\"de\",\"@id\":\"https:\/\/blog.zeit.de\/ladurnerulrich\/#\/schema\/person\/image\/\",\"url\":\"https:\/\/secure.gravatar.com\/avatar\/d01052e766579414676df807ab6fd98f6598a3bceab8af45b2984cba94333280?s=96&d=mm&r=g\",\"contentUrl\":\"https:\/\/secure.gravatar.com\/avatar\/d01052e766579414676df807ab6fd98f6598a3bceab8af45b2984cba94333280?s=96&d=mm&r=g\",\"caption\":\"Ulrich Ladurner\"},\"description\":\"lebt seit 1999 in Hamburg. Seitdem staunt er dar\u00fcber, was man in dieser Stadt erleben kann. Weil das mit dem Wundern nicht aufh\u00f6rt, gibt es diese Kolumne.\",\"sameAs\":[\"http:\/\/www.zeit.de\"],\"url\":\"https:\/\/blog.zeit.de\/ladurnerulrich\/author\/ulli-ladurner\/\"}]}<\/script>\n<!-- \/ Yoast SEO plugin. -->","yoast_head_json":{"title":"Das T\u00fcrkei-Abkommen ist kein Modell f\u00fcr Afrika - Unterwegs in Europa","description":"Das Abkommen mit der T\u00fcrkei war aus Sicht der Kanzlerin ein Erfolg. Doch auf Afrika l\u00e4sst sich nicht die selbe Taktik anwenden.","robots":{"index":"index","follow":"follow","max-snippet":"max-snippet:-1","max-image-preview":"max-image-preview:large","max-video-preview":"max-video-preview:-1"},"canonical":"https:\/\/blog.zeit.de\/ladurnerulrich\/2016\/10\/11\/das-tuerkei-abkommen-ist-kein-modell-fuer-afrika\/","og_locale":"de_DE","og_type":"article","og_title":"Das T\u00fcrkei-Abkommen ist kein Modell f\u00fcr Afrika - Unterwegs in Europa","og_description":"Das Abkommen mit der T\u00fcrkei war aus Sicht der Kanzlerin ein Erfolg. Doch auf Afrika l\u00e4sst sich nicht die selbe Taktik anwenden.","og_url":"https:\/\/blog.zeit.de\/ladurnerulrich\/2016\/10\/11\/das-tuerkei-abkommen-ist-kein-modell-fuer-afrika\/","og_site_name":"Unterwegs in Europa","article_published_time":"2016-10-11T16:57:21+00:00","article_modified_time":"2016-10-11T19:54:17+00:00","author":"Ulrich Ladurner","twitter_misc":{"Geschrieben von":"Ulrich Ladurner","Gesch\u00e4tzte Lesezeit":"2\u00a0Minuten"},"schema":{"@context":"https:\/\/schema.org","@graph":[{"@type":"WebPage","@id":"https:\/\/blog.zeit.de\/ladurnerulrich\/2016\/10\/11\/das-tuerkei-abkommen-ist-kein-modell-fuer-afrika\/","url":"https:\/\/blog.zeit.de\/ladurnerulrich\/2016\/10\/11\/das-tuerkei-abkommen-ist-kein-modell-fuer-afrika\/","name":"Das T\u00fcrkei-Abkommen ist kein Modell f\u00fcr Afrika - Unterwegs in Europa","isPartOf":{"@id":"https:\/\/blog.zeit.de\/ladurnerulrich\/#website"},"datePublished":"2016-10-11T16:57:21+00:00","dateModified":"2016-10-11T19:54:17+00:00","author":{"@id":"https:\/\/blog.zeit.de\/ladurnerulrich\/#\/schema\/person\/41f9ab2ef02a3e3602daf321c07007f6"},"description":"Das Abkommen mit der T\u00fcrkei war aus Sicht der Kanzlerin ein Erfolg. Doch auf Afrika l\u00e4sst sich nicht die selbe Taktik anwenden.","breadcrumb":{"@id":"https:\/\/blog.zeit.de\/ladurnerulrich\/2016\/10\/11\/das-tuerkei-abkommen-ist-kein-modell-fuer-afrika\/#breadcrumb"},"inLanguage":"de","potentialAction":[{"@type":"ReadAction","target":["https:\/\/blog.zeit.de\/ladurnerulrich\/2016\/10\/11\/das-tuerkei-abkommen-ist-kein-modell-fuer-afrika\/"]}]},{"@type":"BreadcrumbList","@id":"https:\/\/blog.zeit.de\/ladurnerulrich\/2016\/10\/11\/das-tuerkei-abkommen-ist-kein-modell-fuer-afrika\/#breadcrumb","itemListElement":[{"@type":"ListItem","position":1,"name":"Startseite","item":"https:\/\/blog.zeit.de\/ladurnerulrich\/"},{"@type":"ListItem","position":2,"name":"Das T\u00fcrkei-Abkommen ist kein Modell f\u00fcr Afrika"}]},{"@type":"WebSite","@id":"https:\/\/blog.zeit.de\/ladurnerulrich\/#website","url":"https:\/\/blog.zeit.de\/ladurnerulrich\/","name":"Unterwegs in Europa","description":"Ladurners Blog f\u00fcr Einblicke in un\u00fcbersichtliche Landschaften","potentialAction":[{"@type":"SearchAction","target":{"@type":"EntryPoint","urlTemplate":"https:\/\/blog.zeit.de\/ladurnerulrich\/?s={search_term_string}"},"query-input":"required name=search_term_string"}],"inLanguage":"de"},{"@type":"Person","@id":"https:\/\/blog.zeit.de\/ladurnerulrich\/#\/schema\/person\/41f9ab2ef02a3e3602daf321c07007f6","name":"Ulrich Ladurner","image":{"@type":"ImageObject","inLanguage":"de","@id":"https:\/\/blog.zeit.de\/ladurnerulrich\/#\/schema\/person\/image\/","url":"https:\/\/secure.gravatar.com\/avatar\/d01052e766579414676df807ab6fd98f6598a3bceab8af45b2984cba94333280?s=96&d=mm&r=g","contentUrl":"https:\/\/secure.gravatar.com\/avatar\/d01052e766579414676df807ab6fd98f6598a3bceab8af45b2984cba94333280?s=96&d=mm&r=g","caption":"Ulrich Ladurner"},"description":"lebt seit 1999 in Hamburg. Seitdem staunt er dar\u00fcber, was man in dieser Stadt erleben kann. Weil das mit dem Wundern nicht aufh\u00f6rt, gibt es diese Kolumne.","sameAs":["http:\/\/www.zeit.de"],"url":"https:\/\/blog.zeit.de\/ladurnerulrich\/author\/ulli-ladurner\/"}]}},"jetpack_featured_media_url":"","jetpack_sharing_enabled":true,"_links":{"self":[{"href":"https:\/\/blog.zeit.de\/ladurnerulrich\/wp-json\/wp\/v2\/posts\/3396","targetHints":{"allow":["GET"]}}],"collection":[{"href":"https:\/\/blog.zeit.de\/ladurnerulrich\/wp-json\/wp\/v2\/posts"}],"about":[{"href":"https:\/\/blog.zeit.de\/ladurnerulrich\/wp-json\/wp\/v2\/types\/post"}],"author":[{"embeddable":true,"href":"https:\/\/blog.zeit.de\/ladurnerulrich\/wp-json\/wp\/v2\/users\/87"}],"replies":[{"embeddable":true,"href":"https:\/\/blog.zeit.de\/ladurnerulrich\/wp-json\/wp\/v2\/comments?post=3396"}],"version-history":[{"count":11,"href":"https:\/\/blog.zeit.de\/ladurnerulrich\/wp-json\/wp\/v2\/posts\/3396\/revisions"}],"predecessor-version":[{"id":3408,"href":"https:\/\/blog.zeit.de\/ladurnerulrich\/wp-json\/wp\/v2\/posts\/3396\/revisions\/3408"}],"wp:attachment":[{"href":"https:\/\/blog.zeit.de\/ladurnerulrich\/wp-json\/wp\/v2\/media?parent=3396"}],"wp:term":[{"taxonomy":"category","embeddable":true,"href":"https:\/\/blog.zeit.de\/ladurnerulrich\/wp-json\/wp\/v2\/categories?post=3396"},{"taxonomy":"post_tag","embeddable":true,"href":"https:\/\/blog.zeit.de\/ladurnerulrich\/wp-json\/wp\/v2\/tags?post=3396"}],"curies":[{"name":"wp","href":"https:\/\/api.w.org\/{rel}","templated":true}]}}