{"id":3652,"date":"2017-01-10T18:12:15","date_gmt":"2017-01-10T17:12:15","guid":{"rendered":"http:\/\/blog.zeit.de\/ladurnerulrich\/?p=3652"},"modified":"2017-01-10T19:44:49","modified_gmt":"2017-01-10T18:44:49","slug":"wildes-geschacher-warum-auch-nicht","status":"publish","type":"post","link":"https:\/\/blog.zeit.de\/ladurnerulrich\/2017\/01\/10\/wildes-geschacher-warum-auch-nicht\/","title":{"rendered":"Wildes Geschacher, warum auch nicht"},"content":{"rendered":"<p>Am Montag w\u00e4re dem belgischen Liberalen Guy Verhofstadt fast ein Coup gelungen. Er wollte die euroskeptische italienische Bewegung M5S in seine liberale Fraktion (Alde) holen. Die M5S des Komikers Beppe Grillo hatte sich daf\u00fcr schon bereit erkl\u00e4rt, doch im letzten Moment machte\u00a0Verhofstadt einen R\u00fcckzieher. Allzu gro\u00df war der Widerstand innerhalb seiner Fraktion gegen eine Aufnahme der Populisten der F\u00fcnf-Sterne-Bewegung.<\/p>\n<p>Man wird nicht fehl gehen, wenn man Verhofstadt opportunistische Motive bei diesem Man\u00f6ver unterstellt. Er\u00a0kandidiert n\u00e4mlich f\u00fcr das\u00a0Amt des Parlamentspr\u00e4sidenten, das nach\u00a0dem Abgang von Martin Schulz freigeworden ist. Am 17. Januar wird gew\u00e4hlt. Die Hilfe der 17 EU-Abgeordneten der M5S h\u00e4tte Verhofstadt gebrauchen k\u00f6nnen, denn er hat nur\u00a0Au\u00dfenseiterchancen.<\/p>\n<p>Am Dienstag\u00a0ver\u00f6ffentlichte der Fraktionsvorsitzende der Konservativen (EVP) im Europaparlament, Manfred Weber, eine Vereinbarung,\u00a0die seine Fraktion im Jahr 2014 mit den sozialdemokratischen\u00a0Fraktion (S&amp;D) getroffen hat.\u00a0&#8222;Sie stimmen \u00fcberein, dass die S&amp;D-Gruppe den Pr\u00e4sidenten des Europ\u00e4ischen Parlaments in der ersten H\u00e4lfte der Legislaturperiode bestimmt und die EVP in der zweiten H\u00e4lfte&#8220;, hei\u00dft es in dem kurzen Papier. Es tr\u00e4gt die Unterschriften von Martin Schulz und Manfred Weber.<\/p>\n<p>Weber wollte mit der Ver\u00f6ffentlichung den Druck auf die Sozialdemokraten erh\u00f6hen. Er sagte: &#8222;Jene, die die Vereinbarung brechen, tragen die volle Verantwortung, sollten antieurop\u00e4ische Kr\u00e4fte Einfluss gewinnen!&#8220;<\/p>\n<p>Die Sozialdemokraten\u00a0aber verweigern sich. Es\u00a0k\u00f6nne nicht sein, behaupten sie, dass drei Spitzenjobs der EU mit EVP-Politikern\u00a0besetzt werden:\u00a0Kommissionspr\u00e4sident Jean-Claude Juncker, Ratspr\u00e4sident Donald Tusk \u2013\u00a0und eben\u00a0der k\u00fcnftige Parlamentspr\u00e4sident. Das sei zu dem Zeitpunkt, als die Vereinbarung geschlossen wurde, nicht absehbar gewesen. Darum\u00a0halten die Sozialdemokraten an einem eigenen Kandidaten fest.<\/p>\n<p>Es ist also im Europarlament dieser Tage ein wildes Geschacher\u00a0im Gange. Ist das ein Beweis f\u00fcr die intensive Selbstbesch\u00e4ftigung einer abgehobenen politischen Kaste? Ein Beleg f\u00fcr ihre Distanz zum europ\u00e4ischen B\u00fcrger? Alles in allem ein Graus also?<\/p>\n<p>Das kann man so sehen, doch ist eine andere Lesart wohl zutreffender. Der Streit ist so heftig, weil es um etwas geht. Das Amt des Parlamentspr\u00e4sidenten der EU ist heute wichtiger als je zuvor. Das ist unbestritten ein Verdienst von Martin Schulz, dem scheidenden Pr\u00e4sidenten.<\/p>\n<p>Doch hat dieses Amt paradoxerweise auch mehr Gewicht bekommen, weil die EU in einer existenziellen\u00a0Krise steckt. Dem\u00a0Europarlament kommt darin eine entscheidende Rolle zu.\u00a0Denn es kann helfen, eine der Ursachen f\u00fcr die Krise der EU zu beseitigen: das demokratische Defizit.<\/p>\n<p>Es nicht unbedingt sch\u00f6n anzusehen, was das Europarlament derzeit bietet, aber es ist doch nicht mehr als das Ringen um Macht. Das darf und soll man von Parteien auch erwarten.<\/p>\n<p>Die eigentlich\u00a0wichtige Frage kommt ohnehin erst danach: Kann der neue Parlamentspr\u00e4sident mit der Macht etwas anfangen? Kann er sie zum Wohl der europ\u00e4ischen B\u00fcrger einsetzen?<\/p>\n","protected":false},"excerpt":{"rendered":"<p>Am Montag w\u00e4re dem belgischen Liberalen Guy Verhofstadt fast ein Coup gelungen. Er wollte die euroskeptische italienische Bewegung M5S in seine liberale Fraktion (Alde) holen. Die M5S des Komikers Beppe Grillo hatte sich daf\u00fcr schon bereit erkl\u00e4rt, doch im letzten Moment machte\u00a0Verhofstadt einen R\u00fcckzieher. Allzu gro\u00df war der Widerstand innerhalb seiner Fraktion gegen eine Aufnahme [&hellip;]<\/p>\n","protected":false},"author":87,"featured_media":3665,"comment_status":"open","ping_status":"open","sticky":false,"template":"","format":"standard","meta":{"_jetpack_memberships_contains_paid_content":false,"footnotes":""},"categories":[1],"tags":[],"class_list":["post-3652","post","type-post","status-publish","format-standard","has-post-thumbnail","hentry","category-allgemein"],"yoast_head":"<!-- This site is optimized with the Yoast SEO plugin v21.0 - https:\/\/yoast.com\/wordpress\/plugins\/seo\/ -->\n<title>Wildes Geschacher, warum auch nicht - Unterwegs in Europa<\/title>\n<meta name=\"robots\" content=\"index, follow, max-snippet:-1, max-image-preview:large, max-video-preview:-1\" \/>\n<link rel=\"canonical\" href=\"https:\/\/blog.zeit.de\/ladurnerulrich\/2017\/01\/10\/wildes-geschacher-warum-auch-nicht\/\" \/>\n<meta property=\"og:locale\" content=\"de_DE\" \/>\n<meta property=\"og:type\" content=\"article\" \/>\n<meta property=\"og:title\" content=\"Wildes Geschacher, warum auch nicht - Unterwegs in Europa\" \/>\n<meta property=\"og:description\" content=\"Am Montag w\u00e4re dem belgischen Liberalen Guy Verhofstadt fast ein Coup gelungen. Er wollte die euroskeptische italienische Bewegung M5S in seine liberale Fraktion (Alde) holen. Die M5S des Komikers Beppe Grillo hatte sich daf\u00fcr schon bereit erkl\u00e4rt, doch im letzten Moment machte\u00a0Verhofstadt einen R\u00fcckzieher. Allzu gro\u00df war der Widerstand innerhalb seiner Fraktion gegen eine Aufnahme [&hellip;]\" \/>\n<meta property=\"og:url\" content=\"https:\/\/blog.zeit.de\/ladurnerulrich\/2017\/01\/10\/wildes-geschacher-warum-auch-nicht\/\" \/>\n<meta property=\"og:site_name\" content=\"Unterwegs in Europa\" \/>\n<meta property=\"article:published_time\" content=\"2017-01-10T17:12:15+00:00\" \/>\n<meta property=\"article:modified_time\" content=\"2017-01-10T18:44:49+00:00\" \/>\n<meta property=\"og:image\" content=\"https:\/\/blog.zeit.de\/ladurnerulrich\/files\/2017\/01\/guy-1024x734.jpg\" \/>\n\t<meta property=\"og:image:width\" content=\"1024\" \/>\n\t<meta property=\"og:image:height\" content=\"734\" \/>\n\t<meta property=\"og:image:type\" content=\"image\/jpeg\" \/>\n<meta name=\"author\" content=\"Ulrich Ladurner\" \/>\n<meta name=\"twitter:label1\" content=\"Geschrieben von\" \/>\n\t<meta name=\"twitter:data1\" content=\"Ulrich Ladurner\" \/>\n\t<meta name=\"twitter:label2\" content=\"Gesch\u00e4tzte Lesezeit\" \/>\n\t<meta name=\"twitter:data2\" content=\"2\u00a0Minuten\" \/>\n<script type=\"application\/ld+json\" class=\"yoast-schema-graph\">{\"@context\":\"https:\/\/schema.org\",\"@graph\":[{\"@type\":\"WebPage\",\"@id\":\"https:\/\/blog.zeit.de\/ladurnerulrich\/2017\/01\/10\/wildes-geschacher-warum-auch-nicht\/\",\"url\":\"https:\/\/blog.zeit.de\/ladurnerulrich\/2017\/01\/10\/wildes-geschacher-warum-auch-nicht\/\",\"name\":\"Wildes Geschacher, warum auch nicht - Unterwegs in Europa\",\"isPartOf\":{\"@id\":\"https:\/\/blog.zeit.de\/ladurnerulrich\/#website\"},\"datePublished\":\"2017-01-10T17:12:15+00:00\",\"dateModified\":\"2017-01-10T18:44:49+00:00\",\"author\":{\"@id\":\"https:\/\/blog.zeit.de\/ladurnerulrich\/#\/schema\/person\/41f9ab2ef02a3e3602daf321c07007f6\"},\"breadcrumb\":{\"@id\":\"https:\/\/blog.zeit.de\/ladurnerulrich\/2017\/01\/10\/wildes-geschacher-warum-auch-nicht\/#breadcrumb\"},\"inLanguage\":\"de\",\"potentialAction\":[{\"@type\":\"ReadAction\",\"target\":[\"https:\/\/blog.zeit.de\/ladurnerulrich\/2017\/01\/10\/wildes-geschacher-warum-auch-nicht\/\"]}]},{\"@type\":\"BreadcrumbList\",\"@id\":\"https:\/\/blog.zeit.de\/ladurnerulrich\/2017\/01\/10\/wildes-geschacher-warum-auch-nicht\/#breadcrumb\",\"itemListElement\":[{\"@type\":\"ListItem\",\"position\":1,\"name\":\"Startseite\",\"item\":\"https:\/\/blog.zeit.de\/ladurnerulrich\/\"},{\"@type\":\"ListItem\",\"position\":2,\"name\":\"Wildes Geschacher, warum auch nicht\"}]},{\"@type\":\"WebSite\",\"@id\":\"https:\/\/blog.zeit.de\/ladurnerulrich\/#website\",\"url\":\"https:\/\/blog.zeit.de\/ladurnerulrich\/\",\"name\":\"Unterwegs in Europa\",\"description\":\"Ladurners Blog f\u00fcr Einblicke in un\u00fcbersichtliche Landschaften\",\"potentialAction\":[{\"@type\":\"SearchAction\",\"target\":{\"@type\":\"EntryPoint\",\"urlTemplate\":\"https:\/\/blog.zeit.de\/ladurnerulrich\/?s={search_term_string}\"},\"query-input\":\"required name=search_term_string\"}],\"inLanguage\":\"de\"},{\"@type\":\"Person\",\"@id\":\"https:\/\/blog.zeit.de\/ladurnerulrich\/#\/schema\/person\/41f9ab2ef02a3e3602daf321c07007f6\",\"name\":\"Ulrich Ladurner\",\"image\":{\"@type\":\"ImageObject\",\"inLanguage\":\"de\",\"@id\":\"https:\/\/blog.zeit.de\/ladurnerulrich\/#\/schema\/person\/image\/\",\"url\":\"https:\/\/secure.gravatar.com\/avatar\/d01052e766579414676df807ab6fd98f6598a3bceab8af45b2984cba94333280?s=96&d=mm&r=g\",\"contentUrl\":\"https:\/\/secure.gravatar.com\/avatar\/d01052e766579414676df807ab6fd98f6598a3bceab8af45b2984cba94333280?s=96&d=mm&r=g\",\"caption\":\"Ulrich Ladurner\"},\"description\":\"lebt seit 1999 in Hamburg. Seitdem staunt er dar\u00fcber, was man in dieser Stadt erleben kann. Weil das mit dem Wundern nicht aufh\u00f6rt, gibt es diese Kolumne.\",\"sameAs\":[\"http:\/\/www.zeit.de\"],\"url\":\"https:\/\/blog.zeit.de\/ladurnerulrich\/author\/ulli-ladurner\/\"}]}<\/script>\n<!-- \/ Yoast SEO plugin. -->","yoast_head_json":{"title":"Wildes Geschacher, warum auch nicht - Unterwegs in Europa","robots":{"index":"index","follow":"follow","max-snippet":"max-snippet:-1","max-image-preview":"max-image-preview:large","max-video-preview":"max-video-preview:-1"},"canonical":"https:\/\/blog.zeit.de\/ladurnerulrich\/2017\/01\/10\/wildes-geschacher-warum-auch-nicht\/","og_locale":"de_DE","og_type":"article","og_title":"Wildes Geschacher, warum auch nicht - Unterwegs in Europa","og_description":"Am Montag w\u00e4re dem belgischen Liberalen Guy Verhofstadt fast ein Coup gelungen. Er wollte die euroskeptische italienische Bewegung M5S in seine liberale Fraktion (Alde) holen. Die M5S des Komikers Beppe Grillo hatte sich daf\u00fcr schon bereit erkl\u00e4rt, doch im letzten Moment machte\u00a0Verhofstadt einen R\u00fcckzieher. Allzu gro\u00df war der Widerstand innerhalb seiner Fraktion gegen eine Aufnahme [&hellip;]","og_url":"https:\/\/blog.zeit.de\/ladurnerulrich\/2017\/01\/10\/wildes-geschacher-warum-auch-nicht\/","og_site_name":"Unterwegs in Europa","article_published_time":"2017-01-10T17:12:15+00:00","article_modified_time":"2017-01-10T18:44:49+00:00","og_image":[{"width":1024,"height":734,"url":"https:\/\/blog.zeit.de\/ladurnerulrich\/files\/2017\/01\/guy-1024x734.jpg","type":"image\/jpeg"}],"author":"Ulrich Ladurner","twitter_misc":{"Geschrieben von":"Ulrich Ladurner","Gesch\u00e4tzte Lesezeit":"2\u00a0Minuten"},"schema":{"@context":"https:\/\/schema.org","@graph":[{"@type":"WebPage","@id":"https:\/\/blog.zeit.de\/ladurnerulrich\/2017\/01\/10\/wildes-geschacher-warum-auch-nicht\/","url":"https:\/\/blog.zeit.de\/ladurnerulrich\/2017\/01\/10\/wildes-geschacher-warum-auch-nicht\/","name":"Wildes Geschacher, warum auch nicht - Unterwegs in Europa","isPartOf":{"@id":"https:\/\/blog.zeit.de\/ladurnerulrich\/#website"},"datePublished":"2017-01-10T17:12:15+00:00","dateModified":"2017-01-10T18:44:49+00:00","author":{"@id":"https:\/\/blog.zeit.de\/ladurnerulrich\/#\/schema\/person\/41f9ab2ef02a3e3602daf321c07007f6"},"breadcrumb":{"@id":"https:\/\/blog.zeit.de\/ladurnerulrich\/2017\/01\/10\/wildes-geschacher-warum-auch-nicht\/#breadcrumb"},"inLanguage":"de","potentialAction":[{"@type":"ReadAction","target":["https:\/\/blog.zeit.de\/ladurnerulrich\/2017\/01\/10\/wildes-geschacher-warum-auch-nicht\/"]}]},{"@type":"BreadcrumbList","@id":"https:\/\/blog.zeit.de\/ladurnerulrich\/2017\/01\/10\/wildes-geschacher-warum-auch-nicht\/#breadcrumb","itemListElement":[{"@type":"ListItem","position":1,"name":"Startseite","item":"https:\/\/blog.zeit.de\/ladurnerulrich\/"},{"@type":"ListItem","position":2,"name":"Wildes Geschacher, warum auch nicht"}]},{"@type":"WebSite","@id":"https:\/\/blog.zeit.de\/ladurnerulrich\/#website","url":"https:\/\/blog.zeit.de\/ladurnerulrich\/","name":"Unterwegs in Europa","description":"Ladurners Blog f\u00fcr Einblicke in un\u00fcbersichtliche Landschaften","potentialAction":[{"@type":"SearchAction","target":{"@type":"EntryPoint","urlTemplate":"https:\/\/blog.zeit.de\/ladurnerulrich\/?s={search_term_string}"},"query-input":"required name=search_term_string"}],"inLanguage":"de"},{"@type":"Person","@id":"https:\/\/blog.zeit.de\/ladurnerulrich\/#\/schema\/person\/41f9ab2ef02a3e3602daf321c07007f6","name":"Ulrich Ladurner","image":{"@type":"ImageObject","inLanguage":"de","@id":"https:\/\/blog.zeit.de\/ladurnerulrich\/#\/schema\/person\/image\/","url":"https:\/\/secure.gravatar.com\/avatar\/d01052e766579414676df807ab6fd98f6598a3bceab8af45b2984cba94333280?s=96&d=mm&r=g","contentUrl":"https:\/\/secure.gravatar.com\/avatar\/d01052e766579414676df807ab6fd98f6598a3bceab8af45b2984cba94333280?s=96&d=mm&r=g","caption":"Ulrich Ladurner"},"description":"lebt seit 1999 in Hamburg. Seitdem staunt er dar\u00fcber, was man in dieser Stadt erleben kann. Weil das mit dem Wundern nicht aufh\u00f6rt, gibt es diese Kolumne.","sameAs":["http:\/\/www.zeit.de"],"url":"https:\/\/blog.zeit.de\/ladurnerulrich\/author\/ulli-ladurner\/"}]}},"jetpack_featured_media_url":"https:\/\/blog.zeit.de\/ladurnerulrich\/files\/2017\/01\/guy.jpg","jetpack_sharing_enabled":true,"_links":{"self":[{"href":"https:\/\/blog.zeit.de\/ladurnerulrich\/wp-json\/wp\/v2\/posts\/3652","targetHints":{"allow":["GET"]}}],"collection":[{"href":"https:\/\/blog.zeit.de\/ladurnerulrich\/wp-json\/wp\/v2\/posts"}],"about":[{"href":"https:\/\/blog.zeit.de\/ladurnerulrich\/wp-json\/wp\/v2\/types\/post"}],"author":[{"embeddable":true,"href":"https:\/\/blog.zeit.de\/ladurnerulrich\/wp-json\/wp\/v2\/users\/87"}],"replies":[{"embeddable":true,"href":"https:\/\/blog.zeit.de\/ladurnerulrich\/wp-json\/wp\/v2\/comments?post=3652"}],"version-history":[{"count":12,"href":"https:\/\/blog.zeit.de\/ladurnerulrich\/wp-json\/wp\/v2\/posts\/3652\/revisions"}],"predecessor-version":[{"id":3667,"href":"https:\/\/blog.zeit.de\/ladurnerulrich\/wp-json\/wp\/v2\/posts\/3652\/revisions\/3667"}],"wp:featuredmedia":[{"embeddable":true,"href":"https:\/\/blog.zeit.de\/ladurnerulrich\/wp-json\/wp\/v2\/media\/3665"}],"wp:attachment":[{"href":"https:\/\/blog.zeit.de\/ladurnerulrich\/wp-json\/wp\/v2\/media?parent=3652"}],"wp:term":[{"taxonomy":"category","embeddable":true,"href":"https:\/\/blog.zeit.de\/ladurnerulrich\/wp-json\/wp\/v2\/categories?post=3652"},{"taxonomy":"post_tag","embeddable":true,"href":"https:\/\/blog.zeit.de\/ladurnerulrich\/wp-json\/wp\/v2\/tags?post=3652"}],"curies":[{"name":"wp","href":"https:\/\/api.w.org\/{rel}","templated":true}]}}