{"id":425,"date":"2009-10-13T15:37:42","date_gmt":"2009-10-13T15:37:42","guid":{"rendered":"http:\/\/ladurnerulrich.wordpress.com\/?p=425"},"modified":"2009-10-13T15:37:42","modified_gmt":"2009-10-13T15:37:42","slug":"kabul-reisenotizen-funf","status":"publish","type":"post","link":"https:\/\/blog.zeit.de\/ladurnerulrich\/2009\/10\/13\/kabul-reisenotizen-funf\/","title":{"rendered":"Reisenotizen Kabul, f\u00fcnf"},"content":{"rendered":"<div class=\"mceTemp mceIEcenter\" style=\"text-align:left;\">Barack Obama will sich bald f\u00fcr eine neue Afghanistanstrategie entscheiden. Wie auch immer sie aussehen wird, der Schl\u00fcsselbegriff ist &#8222;selbsttragende Sicherheit&#8220;. Mit anderen Worten: Wenn die Afghanen mit ihrer Polizei und ihrer Armee selber f\u00fcr Sicherheit im eigenen Land sorgen k\u00f6nnen, braucht es keine Nato-Soldaten mehr.<\/div>\n<div class=\"mceTemp mceIEcenter\" style=\"text-align:left;\">H\u00f6chst Zeit\u00a0 Afghanen vorzustellen, die f\u00fcr die &#8222;selbstragende Sicherheit&#8220; sorgen sollen.<\/div>\n<div class=\"mceTemp mceIEcenter\" style=\"text-align:left;\">Das ist\u00a0 Kommander Sorob von der Kabuler Antidrogenpolizei. Er sieht dicker aus als er in Wahrheit ist, denn die\u00a0 Anzugjacke beult sich von den Pistolen, die er am G\u00fcrtel tr\u00e4gt.<\/div>\n<p><figure id=\"attachment_426\" aria-describedby=\"caption-attachment-426\" style=\"width: 200px\" class=\"wp-caption aligncenter\"><img loading=\"lazy\" decoding=\"async\" class=\"size-medium wp-image-426\" title=\"Kommander Sorob\" src=\"https:\/\/blog.zeit.de\/ladurnerulrich\/files\/2009\/10\/kommander-sorob.jpg?w=200\" alt=\"Kommander Sorob\" width=\"200\" height=\"300\" srcset=\"https:\/\/blog.zeit.de\/ladurnerulrich\/files\/2009\/10\/kommander-sorob.jpg 2912w, https:\/\/blog.zeit.de\/ladurnerulrich\/files\/2009\/10\/kommander-sorob-200x300.jpg 200w, https:\/\/blog.zeit.de\/ladurnerulrich\/files\/2009\/10\/kommander-sorob-682x1024.jpg 682w\" sizes=\"auto, (max-width: 200px) 100vw, 200px\" \/><figcaption id=\"caption-attachment-426\" class=\"wp-caption-text\">Kommander Sorob@Ulrich Ladurner, Kabul Oktober 2009<\/figcaption><\/figure><\/p>\n<p style=\"text-align:center;\">D<\/p>\n","protected":false},"excerpt":{"rendered":"<p>Barack Obama will sich bald f\u00fcr eine neue Afghanistanstrategie entscheiden. Wie auch immer sie aussehen wird, der Schl\u00fcsselbegriff ist &#8222;selbsttragende Sicherheit&#8220;. Mit anderen Worten: Wenn die Afghanen mit ihrer Polizei und ihrer Armee selber f\u00fcr Sicherheit im eigenen Land sorgen k\u00f6nnen, braucht es keine Nato-Soldaten mehr. H\u00f6chst Zeit\u00a0 Afghanen vorzustellen, die f\u00fcr die &#8222;selbstragende Sicherheit&#8220; [&hellip;]<\/p>\n","protected":false},"author":87,"featured_media":0,"comment_status":"open","ping_status":"open","sticky":false,"template":"","format":"standard","meta":{"_jetpack_memberships_contains_paid_content":false,"footnotes":""},"categories":[151,1197,1204,1205,1210],"tags":[38439,1211,38452,38453,38443,38457],"class_list":["post-425","post","type-post","status-publish","format-standard","hentry","category-afghanistan","category-bundeswehr","category-kabul","category-krieg","category-terror","tag-afghanistan","tag-auslandseinsatze","tag-internationale-politik","tag-krieg","tag-menschenrechte","tag-terror"],"yoast_head":"<!-- This site is optimized with the Yoast SEO plugin v21.0 - https:\/\/yoast.com\/wordpress\/plugins\/seo\/ -->\n<title>Reisenotizen Kabul, f\u00fcnf - Unterwegs in Europa<\/title>\n<meta name=\"robots\" content=\"index, follow, max-snippet:-1, max-image-preview:large, max-video-preview:-1\" \/>\n<link rel=\"canonical\" href=\"https:\/\/blog.zeit.de\/ladurnerulrich\/2009\/10\/13\/kabul-reisenotizen-funf\/\" \/>\n<meta property=\"og:locale\" content=\"de_DE\" \/>\n<meta property=\"og:type\" content=\"article\" \/>\n<meta property=\"og:title\" content=\"Reisenotizen Kabul, f\u00fcnf - Unterwegs in Europa\" \/>\n<meta property=\"og:description\" content=\"Barack Obama will sich bald f\u00fcr eine neue Afghanistanstrategie entscheiden. Wie auch immer sie aussehen wird, der Schl\u00fcsselbegriff ist &#8222;selbsttragende Sicherheit&#8220;. Mit anderen Worten: Wenn die Afghanen mit ihrer Polizei und ihrer Armee selber f\u00fcr Sicherheit im eigenen Land sorgen k\u00f6nnen, braucht es keine Nato-Soldaten mehr. H\u00f6chst Zeit\u00a0 Afghanen vorzustellen, die f\u00fcr die &#8222;selbstragende Sicherheit&#8220; [&hellip;]\" \/>\n<meta property=\"og:url\" content=\"https:\/\/blog.zeit.de\/ladurnerulrich\/2009\/10\/13\/kabul-reisenotizen-funf\/\" \/>\n<meta property=\"og:site_name\" content=\"Unterwegs in Europa\" \/>\n<meta property=\"article:published_time\" content=\"2009-10-13T15:37:42+00:00\" \/>\n<meta property=\"og:image\" content=\"https:\/\/blog.zeit.de\/ladurnerulrich\/files\/2009\/10\/kommander-sorob.jpg?w=200\" \/>\n<meta name=\"author\" content=\"Ulrich Ladurner\" \/>\n<meta name=\"twitter:label1\" content=\"Geschrieben von\" \/>\n\t<meta name=\"twitter:data1\" content=\"Ulrich Ladurner\" \/>\n\t<meta name=\"twitter:label2\" content=\"Gesch\u00e4tzte Lesezeit\" \/>\n\t<meta name=\"twitter:data2\" content=\"1\u00a0Minute\" \/>\n<script type=\"application\/ld+json\" class=\"yoast-schema-graph\">{\"@context\":\"https:\/\/schema.org\",\"@graph\":[{\"@type\":\"WebPage\",\"@id\":\"https:\/\/blog.zeit.de\/ladurnerulrich\/2009\/10\/13\/kabul-reisenotizen-funf\/\",\"url\":\"https:\/\/blog.zeit.de\/ladurnerulrich\/2009\/10\/13\/kabul-reisenotizen-funf\/\",\"name\":\"Reisenotizen Kabul, f\u00fcnf - Unterwegs in Europa\",\"isPartOf\":{\"@id\":\"https:\/\/blog.zeit.de\/ladurnerulrich\/#website\"},\"datePublished\":\"2009-10-13T15:37:42+00:00\",\"dateModified\":\"2009-10-13T15:37:42+00:00\",\"author\":{\"@id\":\"https:\/\/blog.zeit.de\/ladurnerulrich\/#\/schema\/person\/41f9ab2ef02a3e3602daf321c07007f6\"},\"breadcrumb\":{\"@id\":\"https:\/\/blog.zeit.de\/ladurnerulrich\/2009\/10\/13\/kabul-reisenotizen-funf\/#breadcrumb\"},\"inLanguage\":\"de\",\"potentialAction\":[{\"@type\":\"ReadAction\",\"target\":[\"https:\/\/blog.zeit.de\/ladurnerulrich\/2009\/10\/13\/kabul-reisenotizen-funf\/\"]}]},{\"@type\":\"BreadcrumbList\",\"@id\":\"https:\/\/blog.zeit.de\/ladurnerulrich\/2009\/10\/13\/kabul-reisenotizen-funf\/#breadcrumb\",\"itemListElement\":[{\"@type\":\"ListItem\",\"position\":1,\"name\":\"Startseite\",\"item\":\"https:\/\/blog.zeit.de\/ladurnerulrich\/\"},{\"@type\":\"ListItem\",\"position\":2,\"name\":\"Reisenotizen Kabul, f\u00fcnf\"}]},{\"@type\":\"WebSite\",\"@id\":\"https:\/\/blog.zeit.de\/ladurnerulrich\/#website\",\"url\":\"https:\/\/blog.zeit.de\/ladurnerulrich\/\",\"name\":\"Unterwegs in Europa\",\"description\":\"Ladurners Blog f\u00fcr Einblicke in un\u00fcbersichtliche Landschaften\",\"potentialAction\":[{\"@type\":\"SearchAction\",\"target\":{\"@type\":\"EntryPoint\",\"urlTemplate\":\"https:\/\/blog.zeit.de\/ladurnerulrich\/?s={search_term_string}\"},\"query-input\":\"required name=search_term_string\"}],\"inLanguage\":\"de\"},{\"@type\":\"Person\",\"@id\":\"https:\/\/blog.zeit.de\/ladurnerulrich\/#\/schema\/person\/41f9ab2ef02a3e3602daf321c07007f6\",\"name\":\"Ulrich Ladurner\",\"image\":{\"@type\":\"ImageObject\",\"inLanguage\":\"de\",\"@id\":\"https:\/\/blog.zeit.de\/ladurnerulrich\/#\/schema\/person\/image\/\",\"url\":\"https:\/\/secure.gravatar.com\/avatar\/d01052e766579414676df807ab6fd98f6598a3bceab8af45b2984cba94333280?s=96&d=mm&r=g\",\"contentUrl\":\"https:\/\/secure.gravatar.com\/avatar\/d01052e766579414676df807ab6fd98f6598a3bceab8af45b2984cba94333280?s=96&d=mm&r=g\",\"caption\":\"Ulrich Ladurner\"},\"description\":\"lebt seit 1999 in Hamburg. Seitdem staunt er dar\u00fcber, was man in dieser Stadt erleben kann. Weil das mit dem Wundern nicht aufh\u00f6rt, gibt es diese Kolumne.\",\"sameAs\":[\"http:\/\/www.zeit.de\"],\"url\":\"https:\/\/blog.zeit.de\/ladurnerulrich\/author\/ulli-ladurner\/\"}]}<\/script>\n<!-- \/ Yoast SEO plugin. -->","yoast_head_json":{"title":"Reisenotizen Kabul, f\u00fcnf - Unterwegs in Europa","robots":{"index":"index","follow":"follow","max-snippet":"max-snippet:-1","max-image-preview":"max-image-preview:large","max-video-preview":"max-video-preview:-1"},"canonical":"https:\/\/blog.zeit.de\/ladurnerulrich\/2009\/10\/13\/kabul-reisenotizen-funf\/","og_locale":"de_DE","og_type":"article","og_title":"Reisenotizen Kabul, f\u00fcnf - Unterwegs in Europa","og_description":"Barack Obama will sich bald f\u00fcr eine neue Afghanistanstrategie entscheiden. Wie auch immer sie aussehen wird, der Schl\u00fcsselbegriff ist &#8222;selbsttragende Sicherheit&#8220;. Mit anderen Worten: Wenn die Afghanen mit ihrer Polizei und ihrer Armee selber f\u00fcr Sicherheit im eigenen Land sorgen k\u00f6nnen, braucht es keine Nato-Soldaten mehr. H\u00f6chst Zeit\u00a0 Afghanen vorzustellen, die f\u00fcr die &#8222;selbstragende Sicherheit&#8220; [&hellip;]","og_url":"https:\/\/blog.zeit.de\/ladurnerulrich\/2009\/10\/13\/kabul-reisenotizen-funf\/","og_site_name":"Unterwegs in Europa","article_published_time":"2009-10-13T15:37:42+00:00","og_image":[{"url":"https:\/\/blog.zeit.de\/ladurnerulrich\/files\/2009\/10\/kommander-sorob.jpg?w=200"}],"author":"Ulrich Ladurner","twitter_misc":{"Geschrieben von":"Ulrich Ladurner","Gesch\u00e4tzte Lesezeit":"1\u00a0Minute"},"schema":{"@context":"https:\/\/schema.org","@graph":[{"@type":"WebPage","@id":"https:\/\/blog.zeit.de\/ladurnerulrich\/2009\/10\/13\/kabul-reisenotizen-funf\/","url":"https:\/\/blog.zeit.de\/ladurnerulrich\/2009\/10\/13\/kabul-reisenotizen-funf\/","name":"Reisenotizen Kabul, f\u00fcnf - Unterwegs in Europa","isPartOf":{"@id":"https:\/\/blog.zeit.de\/ladurnerulrich\/#website"},"datePublished":"2009-10-13T15:37:42+00:00","dateModified":"2009-10-13T15:37:42+00:00","author":{"@id":"https:\/\/blog.zeit.de\/ladurnerulrich\/#\/schema\/person\/41f9ab2ef02a3e3602daf321c07007f6"},"breadcrumb":{"@id":"https:\/\/blog.zeit.de\/ladurnerulrich\/2009\/10\/13\/kabul-reisenotizen-funf\/#breadcrumb"},"inLanguage":"de","potentialAction":[{"@type":"ReadAction","target":["https:\/\/blog.zeit.de\/ladurnerulrich\/2009\/10\/13\/kabul-reisenotizen-funf\/"]}]},{"@type":"BreadcrumbList","@id":"https:\/\/blog.zeit.de\/ladurnerulrich\/2009\/10\/13\/kabul-reisenotizen-funf\/#breadcrumb","itemListElement":[{"@type":"ListItem","position":1,"name":"Startseite","item":"https:\/\/blog.zeit.de\/ladurnerulrich\/"},{"@type":"ListItem","position":2,"name":"Reisenotizen Kabul, f\u00fcnf"}]},{"@type":"WebSite","@id":"https:\/\/blog.zeit.de\/ladurnerulrich\/#website","url":"https:\/\/blog.zeit.de\/ladurnerulrich\/","name":"Unterwegs in Europa","description":"Ladurners Blog f\u00fcr Einblicke in un\u00fcbersichtliche Landschaften","potentialAction":[{"@type":"SearchAction","target":{"@type":"EntryPoint","urlTemplate":"https:\/\/blog.zeit.de\/ladurnerulrich\/?s={search_term_string}"},"query-input":"required name=search_term_string"}],"inLanguage":"de"},{"@type":"Person","@id":"https:\/\/blog.zeit.de\/ladurnerulrich\/#\/schema\/person\/41f9ab2ef02a3e3602daf321c07007f6","name":"Ulrich Ladurner","image":{"@type":"ImageObject","inLanguage":"de","@id":"https:\/\/blog.zeit.de\/ladurnerulrich\/#\/schema\/person\/image\/","url":"https:\/\/secure.gravatar.com\/avatar\/d01052e766579414676df807ab6fd98f6598a3bceab8af45b2984cba94333280?s=96&d=mm&r=g","contentUrl":"https:\/\/secure.gravatar.com\/avatar\/d01052e766579414676df807ab6fd98f6598a3bceab8af45b2984cba94333280?s=96&d=mm&r=g","caption":"Ulrich Ladurner"},"description":"lebt seit 1999 in Hamburg. Seitdem staunt er dar\u00fcber, was man in dieser Stadt erleben kann. Weil das mit dem Wundern nicht aufh\u00f6rt, gibt es diese Kolumne.","sameAs":["http:\/\/www.zeit.de"],"url":"https:\/\/blog.zeit.de\/ladurnerulrich\/author\/ulli-ladurner\/"}]}},"jetpack_featured_media_url":"","jetpack_sharing_enabled":true,"_links":{"self":[{"href":"https:\/\/blog.zeit.de\/ladurnerulrich\/wp-json\/wp\/v2\/posts\/425","targetHints":{"allow":["GET"]}}],"collection":[{"href":"https:\/\/blog.zeit.de\/ladurnerulrich\/wp-json\/wp\/v2\/posts"}],"about":[{"href":"https:\/\/blog.zeit.de\/ladurnerulrich\/wp-json\/wp\/v2\/types\/post"}],"author":[{"embeddable":true,"href":"https:\/\/blog.zeit.de\/ladurnerulrich\/wp-json\/wp\/v2\/users\/87"}],"replies":[{"embeddable":true,"href":"https:\/\/blog.zeit.de\/ladurnerulrich\/wp-json\/wp\/v2\/comments?post=425"}],"version-history":[{"count":0,"href":"https:\/\/blog.zeit.de\/ladurnerulrich\/wp-json\/wp\/v2\/posts\/425\/revisions"}],"wp:attachment":[{"href":"https:\/\/blog.zeit.de\/ladurnerulrich\/wp-json\/wp\/v2\/media?parent=425"}],"wp:term":[{"taxonomy":"category","embeddable":true,"href":"https:\/\/blog.zeit.de\/ladurnerulrich\/wp-json\/wp\/v2\/categories?post=425"},{"taxonomy":"post_tag","embeddable":true,"href":"https:\/\/blog.zeit.de\/ladurnerulrich\/wp-json\/wp\/v2\/tags?post=425"}],"curies":[{"name":"wp","href":"https:\/\/api.w.org\/{rel}","templated":true}]}}