{"id":481,"date":"2009-10-27T15:25:36","date_gmt":"2009-10-27T15:25:36","guid":{"rendered":"http:\/\/ladurnerulrich.wordpress.com\/?p=481"},"modified":"2009-10-27T15:25:36","modified_gmt":"2009-10-27T15:25:36","slug":"rucktritt-eines-kriegers","status":"publish","type":"post","link":"https:\/\/blog.zeit.de\/ladurnerulrich\/2009\/10\/27\/rucktritt-eines-kriegers\/","title":{"rendered":"R\u00fccktritt eines Kriegers"},"content":{"rendered":"<p>Matthew Hoh ist keine Friedensaktivist. Er selbst sagt von sich: &#8222;&#8220;I&#8217;m not some peacenik, pot-smoking hippie who wants everyone to be in love!&#8220; Und \u00fcber Al Kaida und die Taliban in Afghanistan sagt er: &#8222;&#8220;There are plenty of dudes who need to be killed.&#8220; Hoh diente als Captain der Marines in Irak und er war bis vor kurzem eine der wichtigsten US-Beamten in der afghanischen Provin Zabul, einer Hochburg der Taliban. Mit anderen Worten: Hoh ist ein genau der Typ auf den die Regierung Barack Obama setzt, um Afghanistan doch noch zu gewinnen. Doch Hoh ist nun <a href=\"http:\/\/www.washingtonpost.com\/wp-dyn\/content\/article\/2009\/10\/26\/AR2009102603394.html?hpid=topnews\">zur\u00fcckgetreten.<\/a><\/p>\n<p>Er hat seinen R\u00fccktritt in einem lesenswerten vierseitigen Brief begr\u00fcndet. Eines der zentralen Argumente Hohs: Mehr Soldaten bringe nichts, denn das w\u00fcrde nur die Aufstandsbewegung befeuern. Man m\u00fcsse, im Gegenteil, die Truppenpr\u00e4senz reduzieren.<\/p>\n<p>Hoh hat es sich nicht leicht gemacht, das erkennt man in jeder Zeile seines Briefes. Eines der Schl\u00fcsselerlebnisse hatte er im <a href=\"http:\/\/www.vanityfair.com\/politics\/features\/2008\/01\/afghanistan200801\">Korengaltal. <\/a>Dort war er vom US-Generalstabschef entstandt worden, um eine Antwort auf die Frage zu finden, warum Us-Soldaten seit Jahren in diesem Tal k\u00e4mpften und Verluste erlitten. Hoh fand eine f\u00fcr ihn schockierende Antwort: &#8222;&#8220;I realized how localized the insurgency was. I didn&#8217;t realize that a group in this valley here has no connection with an insurgent group two kilometers away. That&#8217;s really what kind of shook me. I thought it was more nationalistic. But it&#8217;s localism. I would call it valley-ism&#8220;<\/p>\n<p>Zur Lage im Korengaltal empfehle ich die Geschichte von <a href=\"http:\/\/www.nytimes.com\/2008\/02\/24\/magazine\/24afghanistan-t.html?_r=1\">Elizabeth Rubin<\/a><\/p>\n","protected":false},"excerpt":{"rendered":"<p>Matthew Hoh ist keine Friedensaktivist. Er selbst sagt von sich: &#8222;&#8220;I&#8217;m not some peacenik, pot-smoking hippie who wants everyone to be in love!&#8220; Und \u00fcber Al Kaida und die Taliban in Afghanistan sagt er: &#8222;&#8220;There are plenty of dudes who need to be killed.&#8220; Hoh diente als Captain der Marines in Irak und er war [&hellip;]<\/p>\n","protected":false},"author":87,"featured_media":0,"comment_status":"open","ping_status":"open","sticky":false,"template":"","format":"standard","meta":{"_jetpack_memberships_contains_paid_content":false,"footnotes":""},"categories":[151,1197,1204,1205,170,618,93,1210],"tags":[38439,1211,38449,38452,38453,38443,38457],"class_list":["post-481","post","type-post","status-publish","format-standard","hentry","category-afghanistan","category-bundeswehr","category-kabul","category-krieg","category-menschenrechte","category-nato","category-obama","category-terror","tag-afghanistan","tag-auslandseinsatze","tag-bundeswehr","tag-internationale-politik","tag-krieg","tag-menschenrechte","tag-terror"],"yoast_head":"<!-- This site is optimized with the Yoast SEO plugin v21.0 - https:\/\/yoast.com\/wordpress\/plugins\/seo\/ -->\n<title>R\u00fccktritt eines Kriegers - Unterwegs in Europa<\/title>\n<meta name=\"robots\" content=\"index, follow, max-snippet:-1, max-image-preview:large, max-video-preview:-1\" \/>\n<link rel=\"canonical\" href=\"https:\/\/blog.zeit.de\/ladurnerulrich\/2009\/10\/27\/rucktritt-eines-kriegers\/\" \/>\n<meta property=\"og:locale\" content=\"de_DE\" \/>\n<meta property=\"og:type\" content=\"article\" \/>\n<meta property=\"og:title\" content=\"R\u00fccktritt eines Kriegers - Unterwegs in Europa\" \/>\n<meta property=\"og:description\" content=\"Matthew Hoh ist keine Friedensaktivist. Er selbst sagt von sich: &#8222;&#8220;I&#8217;m not some peacenik, pot-smoking hippie who wants everyone to be in love!&#8220; Und \u00fcber Al Kaida und die Taliban in Afghanistan sagt er: &#8222;&#8220;There are plenty of dudes who need to be killed.&#8220; Hoh diente als Captain der Marines in Irak und er war [&hellip;]\" \/>\n<meta property=\"og:url\" content=\"https:\/\/blog.zeit.de\/ladurnerulrich\/2009\/10\/27\/rucktritt-eines-kriegers\/\" \/>\n<meta property=\"og:site_name\" content=\"Unterwegs in Europa\" \/>\n<meta property=\"article:published_time\" content=\"2009-10-27T15:25:36+00:00\" \/>\n<meta name=\"author\" content=\"Ulrich Ladurner\" \/>\n<meta name=\"twitter:label1\" content=\"Geschrieben von\" \/>\n\t<meta name=\"twitter:data1\" content=\"Ulrich Ladurner\" \/>\n\t<meta name=\"twitter:label2\" content=\"Gesch\u00e4tzte Lesezeit\" \/>\n\t<meta name=\"twitter:data2\" content=\"1\u00a0Minute\" \/>\n<script type=\"application\/ld+json\" class=\"yoast-schema-graph\">{\"@context\":\"https:\/\/schema.org\",\"@graph\":[{\"@type\":\"WebPage\",\"@id\":\"https:\/\/blog.zeit.de\/ladurnerulrich\/2009\/10\/27\/rucktritt-eines-kriegers\/\",\"url\":\"https:\/\/blog.zeit.de\/ladurnerulrich\/2009\/10\/27\/rucktritt-eines-kriegers\/\",\"name\":\"R\u00fccktritt eines Kriegers - Unterwegs in Europa\",\"isPartOf\":{\"@id\":\"https:\/\/blog.zeit.de\/ladurnerulrich\/#website\"},\"datePublished\":\"2009-10-27T15:25:36+00:00\",\"dateModified\":\"2009-10-27T15:25:36+00:00\",\"author\":{\"@id\":\"https:\/\/blog.zeit.de\/ladurnerulrich\/#\/schema\/person\/41f9ab2ef02a3e3602daf321c07007f6\"},\"breadcrumb\":{\"@id\":\"https:\/\/blog.zeit.de\/ladurnerulrich\/2009\/10\/27\/rucktritt-eines-kriegers\/#breadcrumb\"},\"inLanguage\":\"de\",\"potentialAction\":[{\"@type\":\"ReadAction\",\"target\":[\"https:\/\/blog.zeit.de\/ladurnerulrich\/2009\/10\/27\/rucktritt-eines-kriegers\/\"]}]},{\"@type\":\"BreadcrumbList\",\"@id\":\"https:\/\/blog.zeit.de\/ladurnerulrich\/2009\/10\/27\/rucktritt-eines-kriegers\/#breadcrumb\",\"itemListElement\":[{\"@type\":\"ListItem\",\"position\":1,\"name\":\"Startseite\",\"item\":\"https:\/\/blog.zeit.de\/ladurnerulrich\/\"},{\"@type\":\"ListItem\",\"position\":2,\"name\":\"R\u00fccktritt eines Kriegers\"}]},{\"@type\":\"WebSite\",\"@id\":\"https:\/\/blog.zeit.de\/ladurnerulrich\/#website\",\"url\":\"https:\/\/blog.zeit.de\/ladurnerulrich\/\",\"name\":\"Unterwegs in Europa\",\"description\":\"Ladurners Blog f\u00fcr Einblicke in un\u00fcbersichtliche Landschaften\",\"potentialAction\":[{\"@type\":\"SearchAction\",\"target\":{\"@type\":\"EntryPoint\",\"urlTemplate\":\"https:\/\/blog.zeit.de\/ladurnerulrich\/?s={search_term_string}\"},\"query-input\":\"required name=search_term_string\"}],\"inLanguage\":\"de\"},{\"@type\":\"Person\",\"@id\":\"https:\/\/blog.zeit.de\/ladurnerulrich\/#\/schema\/person\/41f9ab2ef02a3e3602daf321c07007f6\",\"name\":\"Ulrich Ladurner\",\"image\":{\"@type\":\"ImageObject\",\"inLanguage\":\"de\",\"@id\":\"https:\/\/blog.zeit.de\/ladurnerulrich\/#\/schema\/person\/image\/\",\"url\":\"https:\/\/secure.gravatar.com\/avatar\/d01052e766579414676df807ab6fd98f6598a3bceab8af45b2984cba94333280?s=96&d=mm&r=g\",\"contentUrl\":\"https:\/\/secure.gravatar.com\/avatar\/d01052e766579414676df807ab6fd98f6598a3bceab8af45b2984cba94333280?s=96&d=mm&r=g\",\"caption\":\"Ulrich Ladurner\"},\"description\":\"lebt seit 1999 in Hamburg. Seitdem staunt er dar\u00fcber, was man in dieser Stadt erleben kann. Weil das mit dem Wundern nicht aufh\u00f6rt, gibt es diese Kolumne.\",\"sameAs\":[\"http:\/\/www.zeit.de\"],\"url\":\"https:\/\/blog.zeit.de\/ladurnerulrich\/author\/ulli-ladurner\/\"}]}<\/script>\n<!-- \/ Yoast SEO plugin. -->","yoast_head_json":{"title":"R\u00fccktritt eines Kriegers - Unterwegs in Europa","robots":{"index":"index","follow":"follow","max-snippet":"max-snippet:-1","max-image-preview":"max-image-preview:large","max-video-preview":"max-video-preview:-1"},"canonical":"https:\/\/blog.zeit.de\/ladurnerulrich\/2009\/10\/27\/rucktritt-eines-kriegers\/","og_locale":"de_DE","og_type":"article","og_title":"R\u00fccktritt eines Kriegers - Unterwegs in Europa","og_description":"Matthew Hoh ist keine Friedensaktivist. Er selbst sagt von sich: &#8222;&#8220;I&#8217;m not some peacenik, pot-smoking hippie who wants everyone to be in love!&#8220; Und \u00fcber Al Kaida und die Taliban in Afghanistan sagt er: &#8222;&#8220;There are plenty of dudes who need to be killed.&#8220; Hoh diente als Captain der Marines in Irak und er war [&hellip;]","og_url":"https:\/\/blog.zeit.de\/ladurnerulrich\/2009\/10\/27\/rucktritt-eines-kriegers\/","og_site_name":"Unterwegs in Europa","article_published_time":"2009-10-27T15:25:36+00:00","author":"Ulrich Ladurner","twitter_misc":{"Geschrieben von":"Ulrich Ladurner","Gesch\u00e4tzte Lesezeit":"1\u00a0Minute"},"schema":{"@context":"https:\/\/schema.org","@graph":[{"@type":"WebPage","@id":"https:\/\/blog.zeit.de\/ladurnerulrich\/2009\/10\/27\/rucktritt-eines-kriegers\/","url":"https:\/\/blog.zeit.de\/ladurnerulrich\/2009\/10\/27\/rucktritt-eines-kriegers\/","name":"R\u00fccktritt eines Kriegers - Unterwegs in Europa","isPartOf":{"@id":"https:\/\/blog.zeit.de\/ladurnerulrich\/#website"},"datePublished":"2009-10-27T15:25:36+00:00","dateModified":"2009-10-27T15:25:36+00:00","author":{"@id":"https:\/\/blog.zeit.de\/ladurnerulrich\/#\/schema\/person\/41f9ab2ef02a3e3602daf321c07007f6"},"breadcrumb":{"@id":"https:\/\/blog.zeit.de\/ladurnerulrich\/2009\/10\/27\/rucktritt-eines-kriegers\/#breadcrumb"},"inLanguage":"de","potentialAction":[{"@type":"ReadAction","target":["https:\/\/blog.zeit.de\/ladurnerulrich\/2009\/10\/27\/rucktritt-eines-kriegers\/"]}]},{"@type":"BreadcrumbList","@id":"https:\/\/blog.zeit.de\/ladurnerulrich\/2009\/10\/27\/rucktritt-eines-kriegers\/#breadcrumb","itemListElement":[{"@type":"ListItem","position":1,"name":"Startseite","item":"https:\/\/blog.zeit.de\/ladurnerulrich\/"},{"@type":"ListItem","position":2,"name":"R\u00fccktritt eines Kriegers"}]},{"@type":"WebSite","@id":"https:\/\/blog.zeit.de\/ladurnerulrich\/#website","url":"https:\/\/blog.zeit.de\/ladurnerulrich\/","name":"Unterwegs in Europa","description":"Ladurners Blog f\u00fcr Einblicke in un\u00fcbersichtliche Landschaften","potentialAction":[{"@type":"SearchAction","target":{"@type":"EntryPoint","urlTemplate":"https:\/\/blog.zeit.de\/ladurnerulrich\/?s={search_term_string}"},"query-input":"required name=search_term_string"}],"inLanguage":"de"},{"@type":"Person","@id":"https:\/\/blog.zeit.de\/ladurnerulrich\/#\/schema\/person\/41f9ab2ef02a3e3602daf321c07007f6","name":"Ulrich Ladurner","image":{"@type":"ImageObject","inLanguage":"de","@id":"https:\/\/blog.zeit.de\/ladurnerulrich\/#\/schema\/person\/image\/","url":"https:\/\/secure.gravatar.com\/avatar\/d01052e766579414676df807ab6fd98f6598a3bceab8af45b2984cba94333280?s=96&d=mm&r=g","contentUrl":"https:\/\/secure.gravatar.com\/avatar\/d01052e766579414676df807ab6fd98f6598a3bceab8af45b2984cba94333280?s=96&d=mm&r=g","caption":"Ulrich Ladurner"},"description":"lebt seit 1999 in Hamburg. Seitdem staunt er dar\u00fcber, was man in dieser Stadt erleben kann. Weil das mit dem Wundern nicht aufh\u00f6rt, gibt es diese Kolumne.","sameAs":["http:\/\/www.zeit.de"],"url":"https:\/\/blog.zeit.de\/ladurnerulrich\/author\/ulli-ladurner\/"}]}},"jetpack_featured_media_url":"","jetpack_sharing_enabled":true,"_links":{"self":[{"href":"https:\/\/blog.zeit.de\/ladurnerulrich\/wp-json\/wp\/v2\/posts\/481","targetHints":{"allow":["GET"]}}],"collection":[{"href":"https:\/\/blog.zeit.de\/ladurnerulrich\/wp-json\/wp\/v2\/posts"}],"about":[{"href":"https:\/\/blog.zeit.de\/ladurnerulrich\/wp-json\/wp\/v2\/types\/post"}],"author":[{"embeddable":true,"href":"https:\/\/blog.zeit.de\/ladurnerulrich\/wp-json\/wp\/v2\/users\/87"}],"replies":[{"embeddable":true,"href":"https:\/\/blog.zeit.de\/ladurnerulrich\/wp-json\/wp\/v2\/comments?post=481"}],"version-history":[{"count":0,"href":"https:\/\/blog.zeit.de\/ladurnerulrich\/wp-json\/wp\/v2\/posts\/481\/revisions"}],"wp:attachment":[{"href":"https:\/\/blog.zeit.de\/ladurnerulrich\/wp-json\/wp\/v2\/media?parent=481"}],"wp:term":[{"taxonomy":"category","embeddable":true,"href":"https:\/\/blog.zeit.de\/ladurnerulrich\/wp-json\/wp\/v2\/categories?post=481"},{"taxonomy":"post_tag","embeddable":true,"href":"https:\/\/blog.zeit.de\/ladurnerulrich\/wp-json\/wp\/v2\/tags?post=481"}],"curies":[{"name":"wp","href":"https:\/\/api.w.org\/{rel}","templated":true}]}}