{"id":485,"date":"2009-10-28T08:42:08","date_gmt":"2009-10-28T08:42:08","guid":{"rendered":"http:\/\/ladurnerulrich.wordpress.com\/?p=485"},"modified":"2009-10-28T08:42:08","modified_gmt":"2009-10-28T08:42:08","slug":"ein-harter-schlag","status":"publish","type":"post","link":"https:\/\/blog.zeit.de\/ladurnerulrich\/2009\/10\/28\/ein-harter-schlag\/","title":{"rendered":"Ein harter Schlag"},"content":{"rendered":"<p>Heute morgen haben Attent\u00e4ter ein <a href=\"http:\/\/www.google.com\/hostednews\/ap\/article\/ALeqM5hvWEqwq3CrRvaQCmt21MfoYhjZJQD9BJSK980\">G\u00e4stehaus<\/a> in Kabul attackiert. Dabei kamen neuen Menschen ums Leben, darunter sechs Mitarbeiter der UN. Vom Standpunkt der Taliban ist es eine Erfolg. Sie haben gezeigt, dass sie mitten im Herzen der Haupstadt Kabul zuschlagen k\u00f6nnen, in dem Stadtviertel Shar-e-Now, das von afghanischen Sicherheitskr\u00e4ften schwer bewacht wird.<\/p>\n<p><figure id=\"attachment_486\" aria-describedby=\"caption-attachment-486\" style=\"width: 300px\" class=\"wp-caption aligncenter\"><img loading=\"lazy\" decoding=\"async\" class=\"size-medium wp-image-486\" title=\"Polizei22\" src=\"https:\/\/blog.zeit.de\/ladurnerulrich\/files\/2009\/10\/polizei22.jpg?w=300\" alt=\"Polizei22\" width=\"300\" height=\"200\" srcset=\"https:\/\/blog.zeit.de\/ladurnerulrich\/files\/2009\/10\/polizei22.jpg 4368w, https:\/\/blog.zeit.de\/ladurnerulrich\/files\/2009\/10\/polizei22-300x200.jpg 300w, https:\/\/blog.zeit.de\/ladurnerulrich\/files\/2009\/10\/polizei22-1024x682.jpg 1024w\" sizes=\"auto, (max-width: 300px) 100vw, 300px\" \/><figcaption id=\"caption-attachment-486\" class=\"wp-caption-text\">Milit\u00e4rpolizist im Kabuler Viertel Shar-e-Now@Ulrich Ladurner, Kabul Oktober 2009<\/figcaption><\/figure><\/p>\n<p style=\"text-align:center;\">\n<p>&nbsp;<\/p>\n<p>Die Attent\u00e4ter habe mit der UN eine &#8222;weiches&#8220;\u00a0 Ziel getroffen. Nach diesem Anschlag wird die UN sich noch weiter hinter Schutzmauern zur\u00fcckziehen. Die Distanz zu der afghanischen Zivilbev\u00f6lkerung wird weiter wachsen.<\/p>\n","protected":false},"excerpt":{"rendered":"<p>Heute morgen haben Attent\u00e4ter ein G\u00e4stehaus in Kabul attackiert. Dabei kamen neuen Menschen ums Leben, darunter sechs Mitarbeiter der UN. Vom Standpunkt der Taliban ist es eine Erfolg. Sie haben gezeigt, dass sie mitten im Herzen der Haupstadt Kabul zuschlagen k\u00f6nnen, in dem Stadtviertel Shar-e-Now, das von afghanischen Sicherheitskr\u00e4ften schwer bewacht wird. &nbsp; Die Attent\u00e4ter [&hellip;]<\/p>\n","protected":false},"author":87,"featured_media":0,"comment_status":"open","ping_status":"open","sticky":false,"template":"","format":"standard","meta":{"_jetpack_memberships_contains_paid_content":false,"footnotes":""},"categories":[151,1203,1204,1205,618,187,1210],"tags":[38439,1211,38449,38443,38457],"class_list":["post-485","post","type-post","status-publish","format-standard","hentry","category-afghanistan","category-internationale-politik","category-kabul","category-krieg","category-nato","category-politik","category-terror","tag-afghanistan","tag-auslandseinsatze","tag-bundeswehr","tag-menschenrechte","tag-terror"],"yoast_head":"<!-- This site is optimized with the Yoast SEO plugin v21.0 - https:\/\/yoast.com\/wordpress\/plugins\/seo\/ -->\n<title>Ein harter Schlag - Unterwegs in Europa<\/title>\n<meta name=\"robots\" content=\"index, follow, max-snippet:-1, max-image-preview:large, max-video-preview:-1\" \/>\n<link rel=\"canonical\" href=\"https:\/\/blog.zeit.de\/ladurnerulrich\/2009\/10\/28\/ein-harter-schlag\/\" \/>\n<meta property=\"og:locale\" content=\"de_DE\" \/>\n<meta property=\"og:type\" content=\"article\" \/>\n<meta property=\"og:title\" content=\"Ein harter Schlag - Unterwegs in Europa\" \/>\n<meta property=\"og:description\" content=\"Heute morgen haben Attent\u00e4ter ein G\u00e4stehaus in Kabul attackiert. Dabei kamen neuen Menschen ums Leben, darunter sechs Mitarbeiter der UN. Vom Standpunkt der Taliban ist es eine Erfolg. Sie haben gezeigt, dass sie mitten im Herzen der Haupstadt Kabul zuschlagen k\u00f6nnen, in dem Stadtviertel Shar-e-Now, das von afghanischen Sicherheitskr\u00e4ften schwer bewacht wird. &nbsp; Die Attent\u00e4ter [&hellip;]\" \/>\n<meta property=\"og:url\" content=\"https:\/\/blog.zeit.de\/ladurnerulrich\/2009\/10\/28\/ein-harter-schlag\/\" \/>\n<meta property=\"og:site_name\" content=\"Unterwegs in Europa\" \/>\n<meta property=\"article:published_time\" content=\"2009-10-28T08:42:08+00:00\" \/>\n<meta property=\"og:image\" content=\"https:\/\/blog.zeit.de\/ladurnerulrich\/files\/2009\/10\/polizei22.jpg?w=300\" \/>\n<meta name=\"author\" content=\"Ulrich Ladurner\" \/>\n<meta name=\"twitter:label1\" content=\"Geschrieben von\" \/>\n\t<meta name=\"twitter:data1\" content=\"Ulrich Ladurner\" \/>\n\t<meta name=\"twitter:label2\" content=\"Gesch\u00e4tzte Lesezeit\" \/>\n\t<meta name=\"twitter:data2\" content=\"1\u00a0Minute\" \/>\n<script type=\"application\/ld+json\" class=\"yoast-schema-graph\">{\"@context\":\"https:\/\/schema.org\",\"@graph\":[{\"@type\":\"WebPage\",\"@id\":\"https:\/\/blog.zeit.de\/ladurnerulrich\/2009\/10\/28\/ein-harter-schlag\/\",\"url\":\"https:\/\/blog.zeit.de\/ladurnerulrich\/2009\/10\/28\/ein-harter-schlag\/\",\"name\":\"Ein harter Schlag - Unterwegs in Europa\",\"isPartOf\":{\"@id\":\"https:\/\/blog.zeit.de\/ladurnerulrich\/#website\"},\"datePublished\":\"2009-10-28T08:42:08+00:00\",\"dateModified\":\"2009-10-28T08:42:08+00:00\",\"author\":{\"@id\":\"https:\/\/blog.zeit.de\/ladurnerulrich\/#\/schema\/person\/41f9ab2ef02a3e3602daf321c07007f6\"},\"breadcrumb\":{\"@id\":\"https:\/\/blog.zeit.de\/ladurnerulrich\/2009\/10\/28\/ein-harter-schlag\/#breadcrumb\"},\"inLanguage\":\"de\",\"potentialAction\":[{\"@type\":\"ReadAction\",\"target\":[\"https:\/\/blog.zeit.de\/ladurnerulrich\/2009\/10\/28\/ein-harter-schlag\/\"]}]},{\"@type\":\"BreadcrumbList\",\"@id\":\"https:\/\/blog.zeit.de\/ladurnerulrich\/2009\/10\/28\/ein-harter-schlag\/#breadcrumb\",\"itemListElement\":[{\"@type\":\"ListItem\",\"position\":1,\"name\":\"Startseite\",\"item\":\"https:\/\/blog.zeit.de\/ladurnerulrich\/\"},{\"@type\":\"ListItem\",\"position\":2,\"name\":\"Ein harter Schlag\"}]},{\"@type\":\"WebSite\",\"@id\":\"https:\/\/blog.zeit.de\/ladurnerulrich\/#website\",\"url\":\"https:\/\/blog.zeit.de\/ladurnerulrich\/\",\"name\":\"Unterwegs in Europa\",\"description\":\"Ladurners Blog f\u00fcr Einblicke in un\u00fcbersichtliche Landschaften\",\"potentialAction\":[{\"@type\":\"SearchAction\",\"target\":{\"@type\":\"EntryPoint\",\"urlTemplate\":\"https:\/\/blog.zeit.de\/ladurnerulrich\/?s={search_term_string}\"},\"query-input\":\"required name=search_term_string\"}],\"inLanguage\":\"de\"},{\"@type\":\"Person\",\"@id\":\"https:\/\/blog.zeit.de\/ladurnerulrich\/#\/schema\/person\/41f9ab2ef02a3e3602daf321c07007f6\",\"name\":\"Ulrich Ladurner\",\"image\":{\"@type\":\"ImageObject\",\"inLanguage\":\"de\",\"@id\":\"https:\/\/blog.zeit.de\/ladurnerulrich\/#\/schema\/person\/image\/\",\"url\":\"https:\/\/secure.gravatar.com\/avatar\/d01052e766579414676df807ab6fd98f6598a3bceab8af45b2984cba94333280?s=96&d=mm&r=g\",\"contentUrl\":\"https:\/\/secure.gravatar.com\/avatar\/d01052e766579414676df807ab6fd98f6598a3bceab8af45b2984cba94333280?s=96&d=mm&r=g\",\"caption\":\"Ulrich Ladurner\"},\"description\":\"lebt seit 1999 in Hamburg. Seitdem staunt er dar\u00fcber, was man in dieser Stadt erleben kann. Weil das mit dem Wundern nicht aufh\u00f6rt, gibt es diese Kolumne.\",\"sameAs\":[\"http:\/\/www.zeit.de\"],\"url\":\"https:\/\/blog.zeit.de\/ladurnerulrich\/author\/ulli-ladurner\/\"}]}<\/script>\n<!-- \/ Yoast SEO plugin. -->","yoast_head_json":{"title":"Ein harter Schlag - Unterwegs in Europa","robots":{"index":"index","follow":"follow","max-snippet":"max-snippet:-1","max-image-preview":"max-image-preview:large","max-video-preview":"max-video-preview:-1"},"canonical":"https:\/\/blog.zeit.de\/ladurnerulrich\/2009\/10\/28\/ein-harter-schlag\/","og_locale":"de_DE","og_type":"article","og_title":"Ein harter Schlag - Unterwegs in Europa","og_description":"Heute morgen haben Attent\u00e4ter ein G\u00e4stehaus in Kabul attackiert. Dabei kamen neuen Menschen ums Leben, darunter sechs Mitarbeiter der UN. Vom Standpunkt der Taliban ist es eine Erfolg. Sie haben gezeigt, dass sie mitten im Herzen der Haupstadt Kabul zuschlagen k\u00f6nnen, in dem Stadtviertel Shar-e-Now, das von afghanischen Sicherheitskr\u00e4ften schwer bewacht wird. &nbsp; Die Attent\u00e4ter [&hellip;]","og_url":"https:\/\/blog.zeit.de\/ladurnerulrich\/2009\/10\/28\/ein-harter-schlag\/","og_site_name":"Unterwegs in Europa","article_published_time":"2009-10-28T08:42:08+00:00","og_image":[{"url":"https:\/\/blog.zeit.de\/ladurnerulrich\/files\/2009\/10\/polizei22.jpg?w=300"}],"author":"Ulrich Ladurner","twitter_misc":{"Geschrieben von":"Ulrich Ladurner","Gesch\u00e4tzte Lesezeit":"1\u00a0Minute"},"schema":{"@context":"https:\/\/schema.org","@graph":[{"@type":"WebPage","@id":"https:\/\/blog.zeit.de\/ladurnerulrich\/2009\/10\/28\/ein-harter-schlag\/","url":"https:\/\/blog.zeit.de\/ladurnerulrich\/2009\/10\/28\/ein-harter-schlag\/","name":"Ein harter Schlag - Unterwegs in Europa","isPartOf":{"@id":"https:\/\/blog.zeit.de\/ladurnerulrich\/#website"},"datePublished":"2009-10-28T08:42:08+00:00","dateModified":"2009-10-28T08:42:08+00:00","author":{"@id":"https:\/\/blog.zeit.de\/ladurnerulrich\/#\/schema\/person\/41f9ab2ef02a3e3602daf321c07007f6"},"breadcrumb":{"@id":"https:\/\/blog.zeit.de\/ladurnerulrich\/2009\/10\/28\/ein-harter-schlag\/#breadcrumb"},"inLanguage":"de","potentialAction":[{"@type":"ReadAction","target":["https:\/\/blog.zeit.de\/ladurnerulrich\/2009\/10\/28\/ein-harter-schlag\/"]}]},{"@type":"BreadcrumbList","@id":"https:\/\/blog.zeit.de\/ladurnerulrich\/2009\/10\/28\/ein-harter-schlag\/#breadcrumb","itemListElement":[{"@type":"ListItem","position":1,"name":"Startseite","item":"https:\/\/blog.zeit.de\/ladurnerulrich\/"},{"@type":"ListItem","position":2,"name":"Ein harter Schlag"}]},{"@type":"WebSite","@id":"https:\/\/blog.zeit.de\/ladurnerulrich\/#website","url":"https:\/\/blog.zeit.de\/ladurnerulrich\/","name":"Unterwegs in Europa","description":"Ladurners Blog f\u00fcr Einblicke in un\u00fcbersichtliche Landschaften","potentialAction":[{"@type":"SearchAction","target":{"@type":"EntryPoint","urlTemplate":"https:\/\/blog.zeit.de\/ladurnerulrich\/?s={search_term_string}"},"query-input":"required name=search_term_string"}],"inLanguage":"de"},{"@type":"Person","@id":"https:\/\/blog.zeit.de\/ladurnerulrich\/#\/schema\/person\/41f9ab2ef02a3e3602daf321c07007f6","name":"Ulrich Ladurner","image":{"@type":"ImageObject","inLanguage":"de","@id":"https:\/\/blog.zeit.de\/ladurnerulrich\/#\/schema\/person\/image\/","url":"https:\/\/secure.gravatar.com\/avatar\/d01052e766579414676df807ab6fd98f6598a3bceab8af45b2984cba94333280?s=96&d=mm&r=g","contentUrl":"https:\/\/secure.gravatar.com\/avatar\/d01052e766579414676df807ab6fd98f6598a3bceab8af45b2984cba94333280?s=96&d=mm&r=g","caption":"Ulrich Ladurner"},"description":"lebt seit 1999 in Hamburg. Seitdem staunt er dar\u00fcber, was man in dieser Stadt erleben kann. Weil das mit dem Wundern nicht aufh\u00f6rt, gibt es diese Kolumne.","sameAs":["http:\/\/www.zeit.de"],"url":"https:\/\/blog.zeit.de\/ladurnerulrich\/author\/ulli-ladurner\/"}]}},"jetpack_featured_media_url":"","jetpack_sharing_enabled":true,"_links":{"self":[{"href":"https:\/\/blog.zeit.de\/ladurnerulrich\/wp-json\/wp\/v2\/posts\/485","targetHints":{"allow":["GET"]}}],"collection":[{"href":"https:\/\/blog.zeit.de\/ladurnerulrich\/wp-json\/wp\/v2\/posts"}],"about":[{"href":"https:\/\/blog.zeit.de\/ladurnerulrich\/wp-json\/wp\/v2\/types\/post"}],"author":[{"embeddable":true,"href":"https:\/\/blog.zeit.de\/ladurnerulrich\/wp-json\/wp\/v2\/users\/87"}],"replies":[{"embeddable":true,"href":"https:\/\/blog.zeit.de\/ladurnerulrich\/wp-json\/wp\/v2\/comments?post=485"}],"version-history":[{"count":0,"href":"https:\/\/blog.zeit.de\/ladurnerulrich\/wp-json\/wp\/v2\/posts\/485\/revisions"}],"wp:attachment":[{"href":"https:\/\/blog.zeit.de\/ladurnerulrich\/wp-json\/wp\/v2\/media?parent=485"}],"wp:term":[{"taxonomy":"category","embeddable":true,"href":"https:\/\/blog.zeit.de\/ladurnerulrich\/wp-json\/wp\/v2\/categories?post=485"},{"taxonomy":"post_tag","embeddable":true,"href":"https:\/\/blog.zeit.de\/ladurnerulrich\/wp-json\/wp\/v2\/tags?post=485"}],"curies":[{"name":"wp","href":"https:\/\/api.w.org\/{rel}","templated":true}]}}